{"id":9999,"date":"2015-11-14T18:01:30","date_gmt":"2015-11-14T18:01:30","guid":{"rendered":"http:\/\/www.grieta.org.mx\/?p=9999"},"modified":"2016-04-08T18:08:54","modified_gmt":"2016-04-08T18:08:54","slug":"difunden-videos-de-agresion-de-granaderos-contra-vecinos-en-avenida-de-las-torres","status":"publish","type":"post","link":"https:\/\/www.grieta.org.mx\/index.php\/2015\/11\/14\/difunden-videos-de-agresion-de-granaderos-contra-vecinos-en-avenida-de-las-torres\/","title":{"rendered":"Difunden videos de agresi\u00f3n de granaderos contra vecinos en Avenida de las Torres"},"content":{"rendered":"<header id=\"cb-standard-featured\">\n<div class=\"cb-mask\"><img loading=\"lazy\" decoding=\"async\" class=\"cb-fi-standard wp-post-image\" src=\"http:\/\/www.diariodemexico.com.mx\/wp-content\/uploads\/2015\/11\/Bloqueo_Tren_Interurbano-03-750x400.jpg\" alt=\"M\u00c9XICO, D.F., 13NOVIEMBRE2015.- Habitantes de la colonia Capul\u00edn bloquearon la avenida de Las Torres y Minas de Arena para manifestar su oposici\u00f3n a la construcci\u00f3n del Tren Interurbano, el cual correr\u00e1 de DF a Toluca, se enfretaron a granderos de la SSPDF dejando como saldo varias heridos.\nFOTO: ARMANDO MONROY \/CUARTOSCURO.COM\" width=\"750\" height=\"400\" \/><\/p>\n<div class=\"cb-image-credit\">Foto: Cuartoscuro.<\/div>\n<div class=\"cb-image-credit\"><\/div>\n<\/div>\n<\/header>\n<div class=\"cb-byline\">\n<div class=\"cb-date cb-byline-element\">Por Redacci\u00f3n<\/div>\n<\/div>\n<div class=\"addtoany_share_save_container addtoany_content_top\"><\/div>\n<p>Luego de que vecinos chocaran con granaderos en la Avenida de las Torres, a la altura de la Bajada del Capul\u00edn en la delegaci\u00f3n \u00c1lvaro Obreg\u00f3n, este s\u00e1bado se han dado a conocer tres videos en los que se logra ver la brutalidad con la que operaron los granaderos de la Secretar\u00eda de Seguridad P\u00fablica al agredir a mujeres y a un hombre mayor.<\/p>\n<p>Mediante un comunicado se dijo que un vecino identificado como Rogelio Vite incit\u00f3 a los vecinos de las colonias para protestar contra el proyecto del Tren Suburbano, raz\u00f3n por la que fue detenido y trasladado a la Coordinaci\u00f3n Territorial de Seguridad P\u00fablica y Procuraci\u00f3n de Justicia AOB-3.<\/p>\n<p>En el mismo texto se manifest\u00f3 que los inconformes lanzaron piedras contra los elementos del Grupo de Granaderos de la Secretar\u00eda de Seguridad P\u00fablica del Distrito Federal (SSPDF), sin embargo, en las im\u00e1genes difundidas por Virgilio Pasotti a trav\u00e9s de su cuenta de Twitter, todo parece indicar lo contrario.<\/p>\n<p>En los tres videos grabados por un vecino de la zona, se logra ver como los granaderos comienzan a rodear a Rogelio Vite, a quien lo empujan y golpean en m\u00faltiples ocasiones, hasta que lo tiran al suelo y le dan de patadas a la altura del abdomen.<\/p>\n<p>Aunque vecinos les gritan que es un se\u00f1or mayor, los granaderos no se detienen pese a los gritos de varias mujeres que se acercan a tratar de impedir la agresi\u00f3n. Una de ellas tambi\u00e9n fue agredida por uno de los elementos que la jal\u00f3 de los cabellos para luego tirarla al suelo.<\/p>\n<blockquote class=\"twitter-tweet\" data-width=\"550\" data-dnt=\"true\">\n<p lang=\"es\" dir=\"ltr\">Miren como la policia de <a href=\"https:\/\/twitter.com\/ManceraMiguelMX?ref_src=twsrc%5Etfw\">@ManceraMiguelMX<\/a> arremete contra vecino Rogelio Vite, opositor a tren interurbano. RT. <a href=\"https:\/\/t.co\/KeWEvPe0w5\">pic.twitter.com\/KeWEvPe0w5<\/a><\/p>\n<p>&mdash; Pasotti (@pasotti_) <a href=\"https:\/\/twitter.com\/pasotti_\/status\/665690918477914112?ref_src=twsrc%5Etfw\">November 15, 2015<\/a><\/p><\/blockquote>\n<p><script async src=\"https:\/\/platform.twitter.com\/widgets.js\" charset=\"utf-8\"><\/script><\/p>\n<p>&nbsp;<\/p>\n<blockquote class=\"twitter-tweet\" data-width=\"550\" data-dnt=\"true\">\n<p lang=\"es\" dir=\"ltr\">Aqu\u00ed otro fragmento del video donde los granaderos de <a href=\"https:\/\/twitter.com\/ManceraMiguelMX?ref_src=twsrc%5Etfw\">@ManceraMiguelMX<\/a> golpean brutalmente a vecino Rogelio Vite. <a href=\"https:\/\/t.co\/CSehtLrNYO\">pic.twitter.com\/CSehtLrNYO<\/a><\/p>\n<p>&mdash; Pasotti (@pasotti_) <a href=\"https:\/\/twitter.com\/pasotti_\/status\/665692022875906048?ref_src=twsrc%5Etfw\">November 15, 2015<\/a><\/p><\/blockquote>\n<p><script async src=\"https:\/\/platform.twitter.com\/widgets.js\" charset=\"utf-8\"><\/script><\/p>\n<p>&nbsp;<\/p>\n<blockquote class=\"twitter-tweet\" data-width=\"550\" data-dnt=\"true\">\n<p lang=\"es\" dir=\"ltr\">Miren como trata <a href=\"https:\/\/twitter.com\/ManceraMiguelMX?ref_src=twsrc%5Etfw\">@ManceraMiguelMX<\/a> a <a href=\"https:\/\/twitter.com\/vecinosunidosmx?ref_src=twsrc%5Etfw\">@vecinosunidosmx<\/a> opositores a los proyectos insostenibles de <a href=\"https:\/\/twitter.com\/EPN?ref_src=twsrc%5Etfw\">@EPN<\/a>. <a href=\"https:\/\/t.co\/JQWGnhBo7c\">pic.twitter.com\/JQWGnhBo7c<\/a><\/p>\n<p>&mdash; Pasotti (@pasotti_) <a href=\"https:\/\/twitter.com\/pasotti_\/status\/665700423492210688?ref_src=twsrc%5Etfw\">November 15, 2015<\/a><\/p><\/blockquote>\n<p><script async src=\"https:\/\/platform.twitter.com\/widgets.js\" charset=\"utf-8\"><\/script><\/p>\n<p>&nbsp;<\/p>\n<p><a href=\"http:\/\/www.diariodemexico.com.mx\/difunden-videos-de-agresion-de-granaderos-contra-vecinos-en-avenida-de-las-torres\/\" target=\"_blank\">http:\/\/www.diariodemexico.com.mx\/difunden-videos-de-agresion-de-granaderos-contra-vecinos-en-avenida-de-las-torres\/<\/a><\/p>\n<p>&nbsp;<\/p>\n","protected":false},"excerpt":{"rendered":"<p>Foto: Cuartoscuro. Por Redacci\u00f3n Luego de que vecinos chocaran con granaderos en la Avenida de las Torres, a la altura de la Bajada del Capul\u00edn en la delegaci\u00f3n \u00c1lvaro Obreg\u00f3n, &hellip; <a href=\"https:\/\/www.grieta.org.mx\/index.php\/2015\/11\/14\/difunden-videos-de-agresion-de-granaderos-contra-vecinos-en-avenida-de-las-torres\/\" class=\"more-link\">Leer m\u00e1s<\/a><\/p>\n","protected":false},"author":2,"featured_media":21928,"comment_status":"closed","ping_status":"closed","sticky":false,"template":"","format":"standard","meta":{"ngg_post_thumbnail":0,"_jetpack_newsletter_access":"","_jetpack_dont_email_post_to_subs":false,"_jetpack_newsletter_tier_id":0,"_jetpack_memberships_contains_paywalled_content":false,"_jetpack_memberships_contains_paid_content":false,"footnotes":""},"categories":[80],"tags":[597,130,588],"class_list":["post-9999","post","type-post","status-publish","format-standard","has-post-thumbnail","hentry","category-cintillo","tag-alvaro-obregon","tag-represion","tag-tren-interurbano","entry"],"jetpack_featured_media_url":"https:\/\/www.grieta.org.mx\/wp-content\/uploads\/2018\/03\/14524434_1106112876131411_958039263622046936_o.jpg","jetpack_sharing_enabled":true,"jetpack_shortlink":"https:\/\/wp.me\/p7ZJR4-2Bh","jetpack_likes_enabled":false,"jetpack-related-posts":[{"id":10023,"url":"https:\/\/www.grieta.org.mx\/index.php\/2015\/10\/05\/granaderos-de-sspdf-liberan-por-segunda-ocasion-avenida-constituyentes\/","url_meta":{"origin":9999,"position":0},"title":"Granaderos de SSPDF liberan por segunda ocasi\u00f3n avenida Constituyentes","author":"grieta","date":"5 octubre, 2015","format":false,"excerpt":"Noticias MVS Los inconformes instalaron peque\u00f1as barricadas para evitar el paso de los automovilistas y autobuses de pasajeros que se dirigen hacia la estaci\u00f3n observatorio, lo que oblig\u00f3 nuevamente a la intervenci\u00f3n policial. Juan Carlos Alarc\u00f3n L\u00f3pez Por segunda ocasi\u00f3n en el d\u00eda vecinos de diferentes colonias de la zona\u2026","rel":"","context":"En &quot;CINTILLO&quot;","block_context":{"text":"CINTILLO","link":"https:\/\/www.grieta.org.mx\/index.php\/category\/cintillo\/"},"img":{"alt_text":"","src":"https:\/\/i0.wp.com\/www.grieta.org.mx\/wp-content\/uploads\/2018\/03\/14524434_1106112876131411_958039263622046936_o.jpg?resize=350%2C200&ssl=1","width":350,"height":200,"srcset":"https:\/\/i0.wp.com\/www.grieta.org.mx\/wp-content\/uploads\/2018\/03\/14524434_1106112876131411_958039263622046936_o.jpg?resize=350%2C200&ssl=1 1x, https:\/\/i0.wp.com\/www.grieta.org.mx\/wp-content\/uploads\/2018\/03\/14524434_1106112876131411_958039263622046936_o.jpg?resize=525%2C300&ssl=1 1.5x, https:\/\/i0.wp.com\/www.grieta.org.mx\/wp-content\/uploads\/2018\/03\/14524434_1106112876131411_958039263622046936_o.jpg?resize=700%2C400&ssl=1 2x"},"classes":[]},{"id":10020,"url":"https:\/\/www.grieta.org.mx\/index.php\/2015\/10\/06\/ino-quieren-el-tren\/","url_meta":{"origin":9999,"position":1},"title":"iNO QUIEREN EL TREN!","author":"grieta","date":"6 octubre, 2015","format":false,"excerpt":"La Prensa Noel F. Al\u00adva\u00adra\u00addo, Ve\u00adci\u00adnos de la Co\u00adlo\u00adnia Mo\u00adli\u00adno de San\u00adto Do\u00admin\u00adgo en \u00c1l\u00adva\u00adro Obre\u00adg\u00f3n, des\u00adqui\u00adcia\u00adron ayer la cir\u00adcu\u00adla\u00adci\u00f3n ve\u00adhi\u00adcu\u00adlar por m\u00e1s de cin\u00adco ho\u00adras, al blo\u00adquear la cir\u00adcu\u00adla\u00adci\u00f3n de las ave\u00adni\u00addas de Las To\u00adrres y Ob\u00adser\u00adva\u00adto\u00adrio, as\u00ed co\u00admo Cons\u00adti\u00adtu\u00adyen\u00adtes. Ello en pro\u00adtes\u00adta por la cons\u00adtruc\u00adci\u00f3n del tren M\u00e9\u00adxi\u00adco-To\u00adlu\u00adca.\u2026","rel":"","context":"En &quot;CINTILLO&quot;","block_context":{"text":"CINTILLO","link":"https:\/\/www.grieta.org.mx\/index.php\/category\/cintillo\/"},"img":{"alt_text":"","src":"https:\/\/i0.wp.com\/www.grieta.org.mx\/wp-content\/uploads\/2018\/03\/14524434_1106112876131411_958039263622046936_o.jpg?resize=350%2C200&ssl=1","width":350,"height":200,"srcset":"https:\/\/i0.wp.com\/www.grieta.org.mx\/wp-content\/uploads\/2018\/03\/14524434_1106112876131411_958039263622046936_o.jpg?resize=350%2C200&ssl=1 1x, https:\/\/i0.wp.com\/www.grieta.org.mx\/wp-content\/uploads\/2018\/03\/14524434_1106112876131411_958039263622046936_o.jpg?resize=525%2C300&ssl=1 1.5x, https:\/\/i0.wp.com\/www.grieta.org.mx\/wp-content\/uploads\/2018\/03\/14524434_1106112876131411_958039263622046936_o.jpg?resize=700%2C400&ssl=1 2x"},"classes":[]},{"id":9741,"url":"https:\/\/www.grieta.org.mx\/index.php\/2016\/04\/26\/oposicion-a-ampliacion-de-linea-12-del-metro\/","url_meta":{"origin":9999,"position":2},"title":"Organizaci\u00f3n contra megaproyectos en el Poniente de la Ciudad de M\u00e9xico","author":"grieta","date":"26 abril, 2016","format":false,"excerpt":"25\/04\/16. Comuneros en Cuajimalpa son golpeados por oponerse a Tren InterurbanoSomos el medio 25\/04\/16. Golpeadores revientan protesta de comuneros por la construcci\u00f3n del tren interurbano M\u00e9xico-TolucaLa Jornada 05\/04\/16. Vecinos de poniente denuncian m\u00e1s proyectos en Poniente de CDMX que se suman al tren interurbano Apia Virtual 04\/04\/16. Se oponen vecinos\u2026","rel":"","context":"En &quot;Ciudad de M\u00e9xico&quot;","block_context":{"text":"Ciudad de M\u00e9xico","link":"https:\/\/www.grieta.org.mx\/index.php\/category\/noticias-nacionales\/ciudad-de-mexico\/"},"img":{"alt_text":"","src":"https:\/\/i0.wp.com\/www.grieta.org.mx\/wp-content\/uploads\/2018\/03\/14524434_1106112876131411_958039263622046936_o.jpg?resize=350%2C200&ssl=1","width":350,"height":200,"srcset":"https:\/\/i0.wp.com\/www.grieta.org.mx\/wp-content\/uploads\/2018\/03\/14524434_1106112876131411_958039263622046936_o.jpg?resize=350%2C200&ssl=1 1x, https:\/\/i0.wp.com\/www.grieta.org.mx\/wp-content\/uploads\/2018\/03\/14524434_1106112876131411_958039263622046936_o.jpg?resize=525%2C300&ssl=1 1.5x, https:\/\/i0.wp.com\/www.grieta.org.mx\/wp-content\/uploads\/2018\/03\/14524434_1106112876131411_958039263622046936_o.jpg?resize=700%2C400&ssl=1 2x"},"classes":[]},{"id":12311,"url":"https:\/\/www.grieta.org.mx\/index.php\/2016\/05\/15\/en-ao-vecinos-temen-supuesto-megadesarrollo-cdmx\/","url_meta":{"origin":9999,"position":3},"title":"En Alvaro Obreg\u00f3n, vecinos temen supuesto megadesarrollo (CDMX)","author":"grieta","date":"15 mayo, 2016","format":false,"excerpt":"Gerardo Su\u00e1rez Colonos de Olivar del Conde exigen a autoridades den a conocer el proyecto que presuntamente se construir\u00e1 en terrenos donde se encuentra el Club Casa Blanca. Vecinos de la delegaci\u00f3n \u00c1lvaro Obreg\u00f3n advirtieron de la llegada de un megadesarrollo inmobiliario en el terreno del Club Casa Blanca, en\u2026","rel":"","context":"En &quot;cdmx&quot;","block_context":{"text":"cdmx","link":"https:\/\/www.grieta.org.mx\/index.php\/category\/cdmx\/"},"img":{"alt_text":"","src":"https:\/\/i0.wp.com\/www.grieta.org.mx\/wp-content\/uploads\/2018\/03\/14524434_1106112876131411_958039263622046936_o.jpg?resize=350%2C200&ssl=1","width":350,"height":200,"srcset":"https:\/\/i0.wp.com\/www.grieta.org.mx\/wp-content\/uploads\/2018\/03\/14524434_1106112876131411_958039263622046936_o.jpg?resize=350%2C200&ssl=1 1x, https:\/\/i0.wp.com\/www.grieta.org.mx\/wp-content\/uploads\/2018\/03\/14524434_1106112876131411_958039263622046936_o.jpg?resize=525%2C300&ssl=1 1.5x, https:\/\/i0.wp.com\/www.grieta.org.mx\/wp-content\/uploads\/2018\/03\/14524434_1106112876131411_958039263622046936_o.jpg?resize=700%2C400&ssl=1 2x"},"classes":[]},{"id":10027,"url":"https:\/\/www.grieta.org.mx\/index.php\/2015\/11\/13\/policias-del-df-agreden-manifestacion-pacifica-contra-tren-interurbano\/","url_meta":{"origin":9999,"position":4},"title":"Polic\u00edas del DF agreden manifestaci\u00f3n pac\u00edfica contra Tren Interurbano","author":"grieta","date":"13 noviembre, 2015","format":false,"excerpt":"M\u00e1sde131 Por Fabi\u00e1n Bonilla L\u00f3pez 13 de noviembre 2015. Viernes de inicio del Buen Fin y la gente que vive en la zona del poniente, afectados por el Tren interurbano M\u00e9xico-Toluca, dijeron queremos \u201cvivir bien\u201d. Intentaron marchar rumbo a Los Pinos para entregar una carta al presidente y frenar el\u2026","rel":"","context":"En &quot;CINTILLO&quot;","block_context":{"text":"CINTILLO","link":"https:\/\/www.grieta.org.mx\/index.php\/category\/cintillo\/"},"img":{"alt_text":"","src":"https:\/\/i0.wp.com\/www.grieta.org.mx\/wp-content\/uploads\/2018\/03\/14524434_1106112876131411_958039263622046936_o.jpg?resize=350%2C200&ssl=1","width":350,"height":200,"srcset":"https:\/\/i0.wp.com\/www.grieta.org.mx\/wp-content\/uploads\/2018\/03\/14524434_1106112876131411_958039263622046936_o.jpg?resize=350%2C200&ssl=1 1x, https:\/\/i0.wp.com\/www.grieta.org.mx\/wp-content\/uploads\/2018\/03\/14524434_1106112876131411_958039263622046936_o.jpg?resize=525%2C300&ssl=1 1.5x, https:\/\/i0.wp.com\/www.grieta.org.mx\/wp-content\/uploads\/2018\/03\/14524434_1106112876131411_958039263622046936_o.jpg?resize=700%2C400&ssl=1 2x"},"classes":[]},{"id":10736,"url":"https:\/\/www.grieta.org.mx\/index.php\/2016\/04\/22\/granaderos-agreden-durante-la-madrugada-a-vecinos-de-la-delegacion-iztacalco\/","url_meta":{"origin":9999,"position":5},"title":"Granaderos agreden durante la madrugada a vecinos de la delegaci\u00f3n Iztacalco","author":"grieta","date":"22 abril, 2016","format":false,"excerpt":"Ricardo Ortiz Delegaci\u00f3n Iztacalco pretende derrumbar un mercado Habitantes de la colonia Ramos Mill\u00e1n, en la delegaci\u00f3n Iztacalco, denunciaron que desde el d\u00eda viernes 22 de abril, cerca de las 22:00 horas, comenzaron a llegar elementos del cuerpo de granaderos, ya que se pretende derrumbar el mercado \u201cLas Ch\u00e1charas\u201d, para\u2026","rel":"","context":"En &quot;CINTILLO&quot;","block_context":{"text":"CINTILLO","link":"https:\/\/www.grieta.org.mx\/index.php\/category\/cintillo\/"},"img":{"alt_text":"","src":"https:\/\/i0.wp.com\/www.grieta.org.mx\/wp-content\/uploads\/2018\/03\/14524434_1106112876131411_958039263622046936_o.jpg?resize=350%2C200&ssl=1","width":350,"height":200,"srcset":"https:\/\/i0.wp.com\/www.grieta.org.mx\/wp-content\/uploads\/2018\/03\/14524434_1106112876131411_958039263622046936_o.jpg?resize=350%2C200&ssl=1 1x, https:\/\/i0.wp.com\/www.grieta.org.mx\/wp-content\/uploads\/2018\/03\/14524434_1106112876131411_958039263622046936_o.jpg?resize=525%2C300&ssl=1 1.5x, https:\/\/i0.wp.com\/www.grieta.org.mx\/wp-content\/uploads\/2018\/03\/14524434_1106112876131411_958039263622046936_o.jpg?resize=700%2C400&ssl=1 2x"},"classes":[]}],"_links":{"self":[{"href":"https:\/\/www.grieta.org.mx\/index.php\/wp-json\/wp\/v2\/posts\/9999","targetHints":{"allow":["GET"]}}],"collection":[{"href":"https:\/\/www.grieta.org.mx\/index.php\/wp-json\/wp\/v2\/posts"}],"about":[{"href":"https:\/\/www.grieta.org.mx\/index.php\/wp-json\/wp\/v2\/types\/post"}],"author":[{"embeddable":true,"href":"https:\/\/www.grieta.org.mx\/index.php\/wp-json\/wp\/v2\/users\/2"}],"replies":[{"embeddable":true,"href":"https:\/\/www.grieta.org.mx\/index.php\/wp-json\/wp\/v2\/comments?post=9999"}],"version-history":[{"count":1,"href":"https:\/\/www.grieta.org.mx\/index.php\/wp-json\/wp\/v2\/posts\/9999\/revisions"}],"predecessor-version":[{"id":10003,"href":"https:\/\/www.grieta.org.mx\/index.php\/wp-json\/wp\/v2\/posts\/9999\/revisions\/10003"}],"wp:featuredmedia":[{"embeddable":true,"href":"https:\/\/www.grieta.org.mx\/index.php\/wp-json\/wp\/v2\/media\/21928"}],"wp:attachment":[{"href":"https:\/\/www.grieta.org.mx\/index.php\/wp-json\/wp\/v2\/media?parent=9999"}],"wp:term":[{"taxonomy":"category","embeddable":true,"href":"https:\/\/www.grieta.org.mx\/index.php\/wp-json\/wp\/v2\/categories?post=9999"},{"taxonomy":"post_tag","embeddable":true,"href":"https:\/\/www.grieta.org.mx\/index.php\/wp-json\/wp\/v2\/tags?post=9999"}],"curies":[{"name":"wp","href":"https:\/\/api.w.org\/{rel}","templated":true}]}}