{"id":9994,"date":"2015-09-05T17:51:14","date_gmt":"2015-09-05T17:51:14","guid":{"rendered":"http:\/\/www.grieta.org.mx\/?p=9994"},"modified":"2016-04-08T17:54:17","modified_gmt":"2016-04-08T17:54:17","slug":"mas-contradicciones-mas-sinsentidos-en-caso-narvarte","status":"publish","type":"post","link":"https:\/\/www.grieta.org.mx\/index.php\/2015\/09\/05\/mas-contradicciones-mas-sinsentidos-en-caso-narvarte\/","title":{"rendered":"M\u00e1s contradicciones, m\u00e1s sinsentidos en caso Narvarte"},"content":{"rendered":"<p>Proceso<\/p>\n<p>Por Sara Pantoja<\/p>\n<p>La investigaci\u00f3n de la Procuradur\u00eda General del Distrito Federal respecto de la matanza de cinco personas en la colonia Narvarte \u2013el fotorreportero Rub\u00e9n Espinosa, colaborador de Proceso, y cuatro mujeres\u2013 entr\u00f3 en un nuevo cap\u00edtulo de sinsentidos: La informaci\u00f3n sigue siendo filtrada y las declaraciones de los detenidos se contradicen en puntos torales \u2013como el modo en que entraron al edificio, la forma en que se desplazaron y, notoriamente, las motivaciones del crimen. Ahora se difunde la versi\u00f3n de que Los Zetas extrajeron coca\u00edna del inmueble. Ante esto, las familias de las v\u00edctimas exigen que no se cierre el caso porque a\u00fan no se indaga la presencia de otro hombre en el departamento y la implicaci\u00f3n de m\u00e1s autos.<\/p>\n<p>M\u00c9XICO, D.F. (Proceso).- El pasado 31 de julio \u2013alrededor de las 13:15 horas y poco antes de encontrarse con las inquilinas del departamento 401 de la calle de Luz Savi\u00f1\u00f3n, colonia Narvarte\u2013 Daniel Pacheco Guti\u00e9rrez, Jos\u00e9 Abraham Torres Tranquilino y Omar (el \u00fanico pr\u00f3fugo) se reunieron en los alrededores de la Heroica Escuela Naval Militar, en la delegaci\u00f3n Coyoac\u00e1n.<\/p>\n<p>De acuerdo con un seguimiento hecho por las c\u00e1maras de la Secretar\u00eda de Seguridad P\u00fablica del Distrito Federal (SSP-DF), desde ese punto del sur de la ciudad y a bordo de una camioneta Suburban oscura los presuntos homicidas se dirigieron hasta el inmueble que compart\u00edan Esbeidy Guadalupe L\u00f3pez Maximiano, Milena Virginia Mart\u00edn, Yesenia Quiroz Alfaro y la activista y promotora cultural Nadia Vera.<\/p>\n<p>Ah\u00ed, los implicados terminar\u00edan asesinando a las tres \u00faltimas; al fotoperiodista Rub\u00e9n Espinosa, colaborador del Proceso, y a la trabajadora dom\u00e9stica Alejandra Negrete.<\/p>\n<p>El veh\u00edculo mencionado pertenece a Daniel, acorde con la declaraci\u00f3n ministerial de Abraham Torres Tranquilino, el expolic\u00eda capitalino detenido el pasado 30 de agosto en la delegaci\u00f3n Iztapalapa. Dio otro dato a las autoridades: que en ese auto Daniel sol\u00eda guardar fusiles de asalto Ak-47, mejor conocidos como \u201ccuernos de chivo\u201d, porque, seg\u00fan su dicho, Daniel y Omar eran miembros de Los Zetas.<\/p>\n<p>A trav\u00e9s del sistema de videovigilancia, la Secretar\u00eda de Seguridad P\u00fablica (SSP) logr\u00f3 reconstruir el trayecto de la Suburban hasta su destino final: la colonia Narvarte.<\/p>\n<p>Aunque en los videos no se alcanza a distinguir con claridad, la camioneta fue seguida \u201ctodo el tiempo\u201d por otro auto, un Stratus, en el que viajaban dos \u201camigos\u201d de Omar. Este dato fue confirmado por el propio Abraham en su declaraci\u00f3n ministerial. Detall\u00f3 que el Stratus hizo una labor de \u201cmuro\u201d y m\u00e1s: estuvo tambi\u00e9n en la calle Luz Savi\u00f1\u00f3n, aunque sus ocupantes \u2013no dijo cu\u00e1ntos\u2013 nunca descendieron.<\/p>\n<p>Las im\u00e1genes, que ya se integraron al expediente FBJ\/BJ-1\/T2\/4379\/15-07 y que se encuentran en el Juzgado 25 Penal, a cargo de la juez Hermelinda Silva Mel\u00e9ndez, echan por tierra la versi\u00f3n de Daniel Pacheco Guti\u00e9rrez, el pulidor de autos.<\/p>\n<p><a href=\"http:\/\/www.proceso.com.mx\/414641\" target=\"_blank\">http:\/\/www.proceso.com.mx\/414641<\/a><\/p>\n","protected":false},"excerpt":{"rendered":"<p>Proceso Por Sara Pantoja La investigaci\u00f3n de la Procuradur\u00eda General del Distrito Federal respecto de la matanza de cinco personas en la colonia Narvarte \u2013el fotorreportero Rub\u00e9n Espinosa, colaborador de &hellip; <a href=\"https:\/\/www.grieta.org.mx\/index.php\/2015\/09\/05\/mas-contradicciones-mas-sinsentidos-en-caso-narvarte\/\" class=\"more-link\">Leer m\u00e1s<\/a><\/p>\n","protected":false},"author":2,"featured_media":21928,"comment_status":"closed","ping_status":"closed","sticky":false,"template":"","format":"standard","meta":{"ngg_post_thumbnail":0,"_jetpack_newsletter_access":"","_jetpack_dont_email_post_to_subs":false,"_jetpack_newsletter_tier_id":0,"_jetpack_memberships_contains_paywalled_content":false,"_jetpack_memberships_contains_paid_content":false,"footnotes":""},"categories":[80],"tags":[349],"class_list":["post-9994","post","type-post","status-publish","format-standard","has-post-thumbnail","hentry","category-cintillo","tag-narvarte","entry"],"jetpack_featured_media_url":"https:\/\/www.grieta.org.mx\/wp-content\/uploads\/2018\/03\/14524434_1106112876131411_958039263622046936_o.jpg","jetpack_sharing_enabled":true,"jetpack_shortlink":"https:\/\/wp.me\/p7ZJR4-2Bc","jetpack_likes_enabled":false,"jetpack-related-posts":[{"id":9938,"url":"https:\/\/www.grieta.org.mx\/index.php\/2016\/08\/01\/multihomicidio-en-la-narvarte\/","url_meta":{"origin":9994,"position":0},"title":"Multihomicidio en la Narvarte","author":"grieta","date":"1 agosto, 2016","format":false,"excerpt":"01\/08\/16. A un a\u00f1o de los asesinatos en la colonia NarvarteKe Huelga Radio 31\/07\/16. Caso Narvarte: un a\u00f1o despu\u00e9s, justicia y verdad estancadas Somos el medio 24\/07\/16. A un a\u00f1o sin justicia, a un a\u00f1o sin Rub\u00e9n Somos el medio 31\/01\/16. La PGJDF no tiene ni m\u00f3vil del crimen en\u2026","rel":"","context":"En &quot;Ciudad de M\u00e9xico&quot;","block_context":{"text":"Ciudad de M\u00e9xico","link":"https:\/\/www.grieta.org.mx\/index.php\/category\/noticias-nacionales\/ciudad-de-mexico\/"},"img":{"alt_text":"","src":"https:\/\/i0.wp.com\/www.grieta.org.mx\/wp-content\/uploads\/2018\/03\/14524434_1106112876131411_958039263622046936_o.jpg?resize=350%2C200&ssl=1","width":350,"height":200,"srcset":"https:\/\/i0.wp.com\/www.grieta.org.mx\/wp-content\/uploads\/2018\/03\/14524434_1106112876131411_958039263622046936_o.jpg?resize=350%2C200&ssl=1 1x, https:\/\/i0.wp.com\/www.grieta.org.mx\/wp-content\/uploads\/2018\/03\/14524434_1106112876131411_958039263622046936_o.jpg?resize=525%2C300&ssl=1 1.5x, https:\/\/i0.wp.com\/www.grieta.org.mx\/wp-content\/uploads\/2018\/03\/14524434_1106112876131411_958039263622046936_o.jpg?resize=700%2C400&ssl=1 2x"},"classes":[]},{"id":60891,"url":"https:\/\/www.grieta.org.mx\/index.php\/2021\/07\/31\/se-acaba-el-tiempo-para-esclarecer-el-caso-narvarte-advierten-familiares-y-activistas-ciudad-de-mexico\/","url_meta":{"origin":9994,"position":1},"title":"Se acaba el tiempo para esclarecer el caso Narvarte, advierten familiares y activistas (Ciudad de M\u00e9xico)","author":"grieta","date":"31 julio, 2021","format":false,"excerpt":"Familiares de las v\u00edctimas y activistas realizaron una ceremonia frente al edificio donde se perpetr\u00f3 el multihomicidio. Foto: Benjam\u00edn Flores Juan Omar Fierro \/ Proceso En el sexto aniversario del multihomicidio, familiares de las cinco personas asesinadas en un departamento de la colonia Narvarte, en la CDMX, alertaron que se\u2026","rel":"","context":"En &quot;CINTILLO&quot;","block_context":{"text":"CINTILLO","link":"https:\/\/www.grieta.org.mx\/index.php\/category\/cintillo\/"},"img":{"alt_text":"","src":"https:\/\/i0.wp.com\/www.grieta.org.mx\/wp-content\/uploads\/2021\/08\/Se-acaba-el-tiempo-para-esclarecer-el-caso-Narvarte-advierten-familiares-y-activistas-cdmx-ago.jpeg?resize=350%2C200&ssl=1","width":350,"height":200,"srcset":"https:\/\/i0.wp.com\/www.grieta.org.mx\/wp-content\/uploads\/2021\/08\/Se-acaba-el-tiempo-para-esclarecer-el-caso-Narvarte-advierten-familiares-y-activistas-cdmx-ago.jpeg?resize=350%2C200&ssl=1 1x, https:\/\/i0.wp.com\/www.grieta.org.mx\/wp-content\/uploads\/2021\/08\/Se-acaba-el-tiempo-para-esclarecer-el-caso-Narvarte-advierten-familiares-y-activistas-cdmx-ago.jpeg?resize=525%2C300&ssl=1 1.5x, https:\/\/i0.wp.com\/www.grieta.org.mx\/wp-content\/uploads\/2021\/08\/Se-acaba-el-tiempo-para-esclarecer-el-caso-Narvarte-advierten-familiares-y-activistas-cdmx-ago.jpeg?resize=700%2C400&ssl=1 2x"},"classes":[]},{"id":52771,"url":"https:\/\/www.grieta.org.mx\/index.php\/2020\/07\/31\/familiares-piden-a-sheinbaum-y-a-godoy-resolver-el-caso-narvarte-sin-mas-dilaciones-ni-excusas-ciudad-de-mexico\/","url_meta":{"origin":9994,"position":2},"title":"Familiares piden a Sheinbaum y a Godoy resolver el caso Narvarte \u201csin m\u00e1s dilaciones ni excusas\u201d (Ciudad de M\u00e9xico)","author":"grieta","date":"31 julio, 2020","format":false,"excerpt":"Un festival cultural fue realizado en la colonia Narvarte para conmemorar el asesinato de Rub\u00e9n Espinosa, Mile Mart\u00edn, Alejandra Negrete, Yesenia Quir\u00f3z y Nadia Vera. Foto. Sara Pantoja Sara Pantoja \/ Proceso CIUDAD DE M\u00c9XICO (apro).- Al cumplirse cinco a\u00f1os del multihomicidio en la colonia Narvarte, familiares de las cinco\u2026","rel":"","context":"En &quot;Abuso policiaco y tortura en la Ciudad de M\u00e9xico&quot;","block_context":{"text":"Abuso policiaco y tortura en la Ciudad de M\u00e9xico","link":"https:\/\/www.grieta.org.mx\/index.php\/category\/noticias-nacionales\/ciudad-de-mexico\/abuso-policiaco-y-tortura-en-la-ciudad-de-mexico\/"},"img":{"alt_text":"","src":"https:\/\/i0.wp.com\/www.grieta.org.mx\/wp-content\/uploads\/2020\/08\/Familiares-piden-a-Sheinbaum-y-a-Godoy-resolver-el-caso-Narvarte-sin-mas-dilaciones-ni-excusas-cdmx-ago.jpg?resize=350%2C200&ssl=1","width":350,"height":200,"srcset":"https:\/\/i0.wp.com\/www.grieta.org.mx\/wp-content\/uploads\/2020\/08\/Familiares-piden-a-Sheinbaum-y-a-Godoy-resolver-el-caso-Narvarte-sin-mas-dilaciones-ni-excusas-cdmx-ago.jpg?resize=350%2C200&ssl=1 1x, https:\/\/i0.wp.com\/www.grieta.org.mx\/wp-content\/uploads\/2020\/08\/Familiares-piden-a-Sheinbaum-y-a-Godoy-resolver-el-caso-Narvarte-sin-mas-dilaciones-ni-excusas-cdmx-ago.jpg?resize=525%2C300&ssl=1 1.5x, https:\/\/i0.wp.com\/www.grieta.org.mx\/wp-content\/uploads\/2020\/08\/Familiares-piden-a-Sheinbaum-y-a-Godoy-resolver-el-caso-Narvarte-sin-mas-dilaciones-ni-excusas-cdmx-ago.jpg?resize=700%2C400&ssl=1 2x, https:\/\/i0.wp.com\/www.grieta.org.mx\/wp-content\/uploads\/2020\/08\/Familiares-piden-a-Sheinbaum-y-a-Godoy-resolver-el-caso-Narvarte-sin-mas-dilaciones-ni-excusas-cdmx-ago.jpg?resize=1050%2C600&ssl=1 3x"},"classes":[]},{"id":4403,"url":"https:\/\/www.grieta.org.mx\/index.php\/2015\/08\/02\/protestan-en-nuevo-leon-por-el-multihomicidio-en-la-narvarte\/","url_meta":{"origin":9994,"position":3},"title":"Protestan en Nuevo Le\u00f3n por el multihomicidio en la Narvarte","author":"grieta","date":"2 agosto, 2015","format":false,"excerpt":"02\/08\/15. Periodistas de Nuevo Le\u00f3n se suman a exigencia de justicia por asesinato de Rub\u00e9n Proceso","rel":"","context":"En &quot;NOTICIAS NACIONALES&quot;","block_context":{"text":"NOTICIAS NACIONALES","link":"https:\/\/www.grieta.org.mx\/index.php\/category\/noticias-nacionales\/"},"img":{"alt_text":"","src":"https:\/\/i0.wp.com\/www.grieta.org.mx\/wp-content\/uploads\/2018\/03\/14524434_1106112876131411_958039263622046936_o.jpg?resize=350%2C200&ssl=1","width":350,"height":200,"srcset":"https:\/\/i0.wp.com\/www.grieta.org.mx\/wp-content\/uploads\/2018\/03\/14524434_1106112876131411_958039263622046936_o.jpg?resize=350%2C200&ssl=1 1x, https:\/\/i0.wp.com\/www.grieta.org.mx\/wp-content\/uploads\/2018\/03\/14524434_1106112876131411_958039263622046936_o.jpg?resize=525%2C300&ssl=1 1.5x, https:\/\/i0.wp.com\/www.grieta.org.mx\/wp-content\/uploads\/2018\/03\/14524434_1106112876131411_958039263622046936_o.jpg?resize=700%2C400&ssl=1 2x"},"classes":[]},{"id":25700,"url":"https:\/\/www.grieta.org.mx\/index.php\/2018\/07\/31\/no-nos-vamos-a-callar-familiares-y-amigos-de-ruben-espinosa-al-exigir-justicia-por-caso-narvarte\/","url_meta":{"origin":9994,"position":4},"title":"\u201cNo nos vamos a callar\u201d: familiares y amigos de Rub\u00e9n Espinosa al exigir justicia por caso Narvarte","author":"grieta","date":"31 julio, 2018","format":false,"excerpt":"No\u00e9 Zavaleta \/ Proceso XALAPA, Ver. (apro).- Un mural con los rostros de Rub\u00e9n Espinosa, fotoperiodista colaborador de Proceso, y de Nadia Vera, activista cultural, con las leyendas \u201cEn Defensa de la Memoria\u201d y \u201cJusticia para Todos\u201d, sirvi\u00f3 para conmemorar el tercer aniversario del multihomicidio de la colonia Narvarte, en\u2026","rel":"","context":"En &quot;CINTILLO&quot;","block_context":{"text":"CINTILLO","link":"https:\/\/www.grieta.org.mx\/index.php\/category\/cintillo\/"},"img":{"alt_text":"","src":"https:\/\/i0.wp.com\/www.grieta.org.mx\/wp-content\/uploads\/2018\/08\/jjj-1.jpg?resize=350%2C200&ssl=1","width":350,"height":200,"srcset":"https:\/\/i0.wp.com\/www.grieta.org.mx\/wp-content\/uploads\/2018\/08\/jjj-1.jpg?resize=350%2C200&ssl=1 1x, https:\/\/i0.wp.com\/www.grieta.org.mx\/wp-content\/uploads\/2018\/08\/jjj-1.jpg?resize=525%2C300&ssl=1 1.5x, https:\/\/i0.wp.com\/www.grieta.org.mx\/wp-content\/uploads\/2018\/08\/jjj-1.jpg?resize=700%2C400&ssl=1 2x"},"classes":[]},{"id":2816,"url":"https:\/\/www.grieta.org.mx\/index.php\/2015\/08\/11\/protestan-en-yucatan-y-campeche-por-el-multihomicidio-en-la-colonia-narvarte\/","url_meta":{"origin":9994,"position":5},"title":"Protestan en Yucat\u00e1n y Campeche por el multihomicidio en la colonia Narvarte","author":"grieta","date":"11 agosto, 2015","format":false,"excerpt":"11\/08\/15. Primera marcha de periodistas en Yucat\u00e1n contra los asesinatos de sus compa\u00f1eros en el pa\u00eds Kaosenlared 10\/08\/15. Claman justicia en Yucat\u00e1n y Campeche por Nadia Vera y Rub\u00e9n Espinosa Proceso","rel":"","context":"En &quot;Campeche&quot;","block_context":{"text":"Campeche","link":"https:\/\/www.grieta.org.mx\/index.php\/category\/noticias-nacionales\/campeche\/"},"img":{"alt_text":"","src":"https:\/\/i0.wp.com\/www.grieta.org.mx\/wp-content\/uploads\/2018\/03\/14524434_1106112876131411_958039263622046936_o.jpg?resize=350%2C200&ssl=1","width":350,"height":200,"srcset":"https:\/\/i0.wp.com\/www.grieta.org.mx\/wp-content\/uploads\/2018\/03\/14524434_1106112876131411_958039263622046936_o.jpg?resize=350%2C200&ssl=1 1x, https:\/\/i0.wp.com\/www.grieta.org.mx\/wp-content\/uploads\/2018\/03\/14524434_1106112876131411_958039263622046936_o.jpg?resize=525%2C300&ssl=1 1.5x, https:\/\/i0.wp.com\/www.grieta.org.mx\/wp-content\/uploads\/2018\/03\/14524434_1106112876131411_958039263622046936_o.jpg?resize=700%2C400&ssl=1 2x"},"classes":[]}],"_links":{"self":[{"href":"https:\/\/www.grieta.org.mx\/index.php\/wp-json\/wp\/v2\/posts\/9994","targetHints":{"allow":["GET"]}}],"collection":[{"href":"https:\/\/www.grieta.org.mx\/index.php\/wp-json\/wp\/v2\/posts"}],"about":[{"href":"https:\/\/www.grieta.org.mx\/index.php\/wp-json\/wp\/v2\/types\/post"}],"author":[{"embeddable":true,"href":"https:\/\/www.grieta.org.mx\/index.php\/wp-json\/wp\/v2\/users\/2"}],"replies":[{"embeddable":true,"href":"https:\/\/www.grieta.org.mx\/index.php\/wp-json\/wp\/v2\/comments?post=9994"}],"version-history":[{"count":1,"href":"https:\/\/www.grieta.org.mx\/index.php\/wp-json\/wp\/v2\/posts\/9994\/revisions"}],"predecessor-version":[{"id":9995,"href":"https:\/\/www.grieta.org.mx\/index.php\/wp-json\/wp\/v2\/posts\/9994\/revisions\/9995"}],"wp:featuredmedia":[{"embeddable":true,"href":"https:\/\/www.grieta.org.mx\/index.php\/wp-json\/wp\/v2\/media\/21928"}],"wp:attachment":[{"href":"https:\/\/www.grieta.org.mx\/index.php\/wp-json\/wp\/v2\/media?parent=9994"}],"wp:term":[{"taxonomy":"category","embeddable":true,"href":"https:\/\/www.grieta.org.mx\/index.php\/wp-json\/wp\/v2\/categories?post=9994"},{"taxonomy":"post_tag","embeddable":true,"href":"https:\/\/www.grieta.org.mx\/index.php\/wp-json\/wp\/v2\/tags?post=9994"}],"curies":[{"name":"wp","href":"https:\/\/api.w.org\/{rel}","templated":true}]}}