{"id":9988,"date":"2015-09-15T17:43:38","date_gmt":"2015-09-15T17:43:38","guid":{"rendered":"http:\/\/www.grieta.org.mx\/?p=9988"},"modified":"2016-04-08T17:46:27","modified_gmt":"2016-04-08T17:46:27","slug":"tercera-detencion-no-representa-avances-en-caso-narvarte-abogada","status":"publish","type":"post","link":"https:\/\/www.grieta.org.mx\/index.php\/2015\/09\/15\/tercera-detencion-no-representa-avances-en-caso-narvarte-abogada\/","title":{"rendered":"Tercera detenci\u00f3n no representa avances en caso Narvarte: abogada"},"content":{"rendered":"<p>Excelsior<\/p>\n<p>Karla Michel Salas, abogada de la familia de Nadia Vera, solicit\u00f3 que se recaben nuevos testimonios y que se ampl\u00eden los peritajes<\/p>\n<p>Redacci\u00f3n<\/p>\n<p>La abogada de los familliares de Nadia Vera, la activista asesinada en el multihomicidio, solicit\u00f3 que se recaben nuevos testimonios y que se ampl\u00eden los peritajes para ampliar la indagaci\u00f3n en el caso Narvarte. Foto Cuartoscuro\/Archivo<\/p>\n<p>CIUDAD DE M\u00c9XICO, 15 de septiembre.- Karla Michel Salas, abogada de la familia de Nadia Vera, la activista y v\u00edctima del multihomicidio de la colonia Narvarte, se\u00f1al\u00f3 que a 50 d\u00edas de haberse cometido el crimen, la detenci\u00f3n de un tercer implicado no representa un avance a la investigaci\u00f3n.<\/p>\n<p>En entrevista con Adela Micha, para Grupo Imagen Multimedia, Salas asegur\u00f3 que, a partir del hallazgo de los cuerpos y de la revisi\u00f3n de los videos, la Procuradur\u00eda General de Justicia del DF (PGJDF) se avoc\u00f3 a la ubicaci\u00f3n de las tres personas involucradas, pero &#8220;dej\u00f3 de lado elementos fundamentales&#8221;.<\/p>\n<p>    Se ha se\u00f1alado que uno de los probables m\u00f3viles es el narcotr\u00e1fico y se ha estigmatizado a una de las v\u00edctimas. Hay elementos que tendr\u00edan que encontrarse en el expediente, a qu\u00e9 se dedicaba Mile, si consum\u00eda drogas, si ten\u00eda relaci\u00f3n con personas que se dedicaban a la venta de drogas, algo que en t\u00e9rminos policiacos se conoce como modus vivendi\u201d.<\/p>\n<p>    No sabemos m\u00e1s all\u00e1 de la declaraci\u00f3n de los imputados. Han circulado en medios de comunicaci\u00f3n fotos donde aparece Mile y Abraham Torres, uno de los inculpados y la PGJDF no se ha molestado en identificar al resto de las personas que se encuentran en esa reuni\u00f3n\u201d.<\/p>\n<p>Detall\u00f3 que ante ello se solicit\u00f3 que se recaben nuevos testimonios y que se ampl\u00eden los peritajes \u201ccon la finalidad de que la PGJDF llegue a la verdad de los hechos y que aclare a las familias y a la sociedad, qu\u00e9 ocurri\u00f3 ese 31 de julio\u201d.<\/p>\n<p>    Tenemos tres declaraciones que se contradicen que no tienen coincidencia con lo que hay cient\u00edficamente en el expediente y hasta el momento seguimos sin saber qu\u00e9 ocurri\u00f3 y porqu\u00e9 torturaron y asesinaron violentamente a esas cinco personas, para que las familias accedan a la justicia y a la verdad\u201d, enfatiz\u00f3.<\/p>\n<p>Explic\u00f3 que la indagaci\u00f3n no tendr\u00eda que basar la declaraci\u00f3n ni la reconstrucci\u00f3n de los hechos a partir de los inculpados, \u201cporque ha estado expuesto a medios y se ha contaminado\u201d.<\/p>\n<p><a href=\"http:\/\/www.excelsior.com.mx\/comunidad\/2015\/09\/15\/1045865\" target=\"_blank\">http:\/\/www.excelsior.com.mx\/comunidad\/2015\/09\/15\/1045865<\/a><\/p>\n","protected":false},"excerpt":{"rendered":"<p>Excelsior Karla Michel Salas, abogada de la familia de Nadia Vera, solicit\u00f3 que se recaben nuevos testimonios y que se ampl\u00eden los peritajes Redacci\u00f3n La abogada de los familliares de &hellip; <a href=\"https:\/\/www.grieta.org.mx\/index.php\/2015\/09\/15\/tercera-detencion-no-representa-avances-en-caso-narvarte-abogada\/\" class=\"more-link\">Leer m\u00e1s<\/a><\/p>\n","protected":false},"author":2,"featured_media":21928,"comment_status":"closed","ping_status":"closed","sticky":false,"template":"","format":"standard","meta":{"ngg_post_thumbnail":0,"_jetpack_newsletter_access":"","_jetpack_dont_email_post_to_subs":false,"_jetpack_newsletter_tier_id":0,"_jetpack_memberships_contains_paywalled_content":false,"_jetpack_memberships_contains_paid_content":false,"footnotes":""},"categories":[80],"tags":[594,349],"class_list":["post-9988","post","type-post","status-publish","format-standard","has-post-thumbnail","hentry","category-cintillo","tag-nadia-dominicque-vera-perez","tag-narvarte","entry"],"jetpack_featured_media_url":"https:\/\/www.grieta.org.mx\/wp-content\/uploads\/2018\/03\/14524434_1106112876131411_958039263622046936_o.jpg","jetpack_sharing_enabled":true,"jetpack_shortlink":"https:\/\/wp.me\/p7ZJR4-2B6","jetpack_likes_enabled":false,"jetpack-related-posts":[{"id":9938,"url":"https:\/\/www.grieta.org.mx\/index.php\/2016\/08\/01\/multihomicidio-en-la-narvarte\/","url_meta":{"origin":9988,"position":0},"title":"Multihomicidio en la Narvarte","author":"grieta","date":"1 agosto, 2016","format":false,"excerpt":"01\/08\/16. A un a\u00f1o de los asesinatos en la colonia NarvarteKe Huelga Radio 31\/07\/16. Caso Narvarte: un a\u00f1o despu\u00e9s, justicia y verdad estancadas Somos el medio 24\/07\/16. A un a\u00f1o sin justicia, a un a\u00f1o sin Rub\u00e9n Somos el medio 31\/01\/16. La PGJDF no tiene ni m\u00f3vil del crimen en\u2026","rel":"","context":"En &quot;Ciudad de M\u00e9xico&quot;","block_context":{"text":"Ciudad de M\u00e9xico","link":"https:\/\/www.grieta.org.mx\/index.php\/category\/noticias-nacionales\/ciudad-de-mexico\/"},"img":{"alt_text":"","src":"https:\/\/i0.wp.com\/www.grieta.org.mx\/wp-content\/uploads\/2018\/03\/14524434_1106112876131411_958039263622046936_o.jpg?resize=350%2C200&ssl=1","width":350,"height":200,"srcset":"https:\/\/i0.wp.com\/www.grieta.org.mx\/wp-content\/uploads\/2018\/03\/14524434_1106112876131411_958039263622046936_o.jpg?resize=350%2C200&ssl=1 1x, https:\/\/i0.wp.com\/www.grieta.org.mx\/wp-content\/uploads\/2018\/03\/14524434_1106112876131411_958039263622046936_o.jpg?resize=525%2C300&ssl=1 1.5x, https:\/\/i0.wp.com\/www.grieta.org.mx\/wp-content\/uploads\/2018\/03\/14524434_1106112876131411_958039263622046936_o.jpg?resize=700%2C400&ssl=1 2x"},"classes":[]},{"id":2816,"url":"https:\/\/www.grieta.org.mx\/index.php\/2015\/08\/11\/protestan-en-yucatan-y-campeche-por-el-multihomicidio-en-la-colonia-narvarte\/","url_meta":{"origin":9988,"position":1},"title":"Protestan en Yucat\u00e1n y Campeche por el multihomicidio en la colonia Narvarte","author":"grieta","date":"11 agosto, 2015","format":false,"excerpt":"11\/08\/15. Primera marcha de periodistas en Yucat\u00e1n contra los asesinatos de sus compa\u00f1eros en el pa\u00eds Kaosenlared 10\/08\/15. Claman justicia en Yucat\u00e1n y Campeche por Nadia Vera y Rub\u00e9n Espinosa Proceso","rel":"","context":"En &quot;Campeche&quot;","block_context":{"text":"Campeche","link":"https:\/\/www.grieta.org.mx\/index.php\/category\/noticias-nacionales\/campeche\/"},"img":{"alt_text":"","src":"https:\/\/i0.wp.com\/www.grieta.org.mx\/wp-content\/uploads\/2018\/03\/14524434_1106112876131411_958039263622046936_o.jpg?resize=350%2C200&ssl=1","width":350,"height":200,"srcset":"https:\/\/i0.wp.com\/www.grieta.org.mx\/wp-content\/uploads\/2018\/03\/14524434_1106112876131411_958039263622046936_o.jpg?resize=350%2C200&ssl=1 1x, https:\/\/i0.wp.com\/www.grieta.org.mx\/wp-content\/uploads\/2018\/03\/14524434_1106112876131411_958039263622046936_o.jpg?resize=525%2C300&ssl=1 1.5x, https:\/\/i0.wp.com\/www.grieta.org.mx\/wp-content\/uploads\/2018\/03\/14524434_1106112876131411_958039263622046936_o.jpg?resize=700%2C400&ssl=1 2x"},"classes":[]},{"id":60891,"url":"https:\/\/www.grieta.org.mx\/index.php\/2021\/07\/31\/se-acaba-el-tiempo-para-esclarecer-el-caso-narvarte-advierten-familiares-y-activistas-ciudad-de-mexico\/","url_meta":{"origin":9988,"position":2},"title":"Se acaba el tiempo para esclarecer el caso Narvarte, advierten familiares y activistas (Ciudad de M\u00e9xico)","author":"grieta","date":"31 julio, 2021","format":false,"excerpt":"Familiares de las v\u00edctimas y activistas realizaron una ceremonia frente al edificio donde se perpetr\u00f3 el multihomicidio. Foto: Benjam\u00edn Flores Juan Omar Fierro \/ Proceso En el sexto aniversario del multihomicidio, familiares de las cinco personas asesinadas en un departamento de la colonia Narvarte, en la CDMX, alertaron que se\u2026","rel":"","context":"En &quot;CINTILLO&quot;","block_context":{"text":"CINTILLO","link":"https:\/\/www.grieta.org.mx\/index.php\/category\/cintillo\/"},"img":{"alt_text":"","src":"https:\/\/i0.wp.com\/www.grieta.org.mx\/wp-content\/uploads\/2021\/08\/Se-acaba-el-tiempo-para-esclarecer-el-caso-Narvarte-advierten-familiares-y-activistas-cdmx-ago.jpeg?resize=350%2C200&ssl=1","width":350,"height":200,"srcset":"https:\/\/i0.wp.com\/www.grieta.org.mx\/wp-content\/uploads\/2021\/08\/Se-acaba-el-tiempo-para-esclarecer-el-caso-Narvarte-advierten-familiares-y-activistas-cdmx-ago.jpeg?resize=350%2C200&ssl=1 1x, https:\/\/i0.wp.com\/www.grieta.org.mx\/wp-content\/uploads\/2021\/08\/Se-acaba-el-tiempo-para-esclarecer-el-caso-Narvarte-advierten-familiares-y-activistas-cdmx-ago.jpeg?resize=525%2C300&ssl=1 1.5x, https:\/\/i0.wp.com\/www.grieta.org.mx\/wp-content\/uploads\/2021\/08\/Se-acaba-el-tiempo-para-esclarecer-el-caso-Narvarte-advierten-familiares-y-activistas-cdmx-ago.jpeg?resize=700%2C400&ssl=1 2x"},"classes":[]},{"id":18561,"url":"https:\/\/www.grieta.org.mx\/index.php\/2016\/08\/01\/a-un-ano-de-los-asesinatos-en-la-colonia-narvarte\/","url_meta":{"origin":9988,"position":3},"title":"A un a\u00f1o de los asesinatos en la colonia Narvarte","author":"grieta","date":"1 agosto, 2016","format":false,"excerpt":"El 31 de julio de 2016 se cumpli\u00f3 un a\u00f1o del asesinato de Nadia Vera, Yesenia Quiroz, Alejandra Negrete, Mile Virginia y Rub\u00e9n Espinoza en la colonia Narvarte en Ciudad Monstruo. Tanto Nadia Vera como Rub\u00e9n Espinoza se desplazaron de Veracruz a esta ciudad debido a las amenazas y hostigamientos\u2026","rel":"","context":"En &quot;cdmx&quot;","block_context":{"text":"cdmx","link":"https:\/\/www.grieta.org.mx\/index.php\/category\/cdmx\/"},"img":{"alt_text":"","src":"https:\/\/i0.wp.com\/www.grieta.org.mx\/wp-content\/uploads\/2018\/03\/14524434_1106112876131411_958039263622046936_o.jpg?resize=350%2C200&ssl=1","width":350,"height":200,"srcset":"https:\/\/i0.wp.com\/www.grieta.org.mx\/wp-content\/uploads\/2018\/03\/14524434_1106112876131411_958039263622046936_o.jpg?resize=350%2C200&ssl=1 1x, https:\/\/i0.wp.com\/www.grieta.org.mx\/wp-content\/uploads\/2018\/03\/14524434_1106112876131411_958039263622046936_o.jpg?resize=525%2C300&ssl=1 1.5x, https:\/\/i0.wp.com\/www.grieta.org.mx\/wp-content\/uploads\/2018\/03\/14524434_1106112876131411_958039263622046936_o.jpg?resize=700%2C400&ssl=1 2x"},"classes":[]},{"id":9991,"url":"https:\/\/www.grieta.org.mx\/index.php\/2015\/09\/15\/sin-esclarecer-a-pesar-de-los-detenidos-el-multihomicidio-de-la-narvarte\/","url_meta":{"origin":9988,"position":4},"title":"Sin esclarecer a pesar de los detenidos el multihomicidio de la Narvarte","author":"grieta","date":"15 septiembre, 2015","format":false,"excerpt":"La izquierda diario Flora Ram\u00edrez Lleno de inconsistencias y sin dar peso a la l\u00ednea de investigaci\u00f3n del asesinato por motivos pol\u00edticos, se llev\u00f3 a cabo la consignaci\u00f3n del tercer detenido por el m\u00faltiple homicidio ocurrido en la colonia Narvarte. El seguimiento del caso donde fueron asesinados el fotoperiodista Rub\u00e9n\u2026","rel":"","context":"En &quot;CINTILLO&quot;","block_context":{"text":"CINTILLO","link":"https:\/\/www.grieta.org.mx\/index.php\/category\/cintillo\/"},"img":{"alt_text":"","src":"https:\/\/i0.wp.com\/www.grieta.org.mx\/wp-content\/uploads\/2018\/03\/14524434_1106112876131411_958039263622046936_o.jpg?resize=350%2C200&ssl=1","width":350,"height":200,"srcset":"https:\/\/i0.wp.com\/www.grieta.org.mx\/wp-content\/uploads\/2018\/03\/14524434_1106112876131411_958039263622046936_o.jpg?resize=350%2C200&ssl=1 1x, https:\/\/i0.wp.com\/www.grieta.org.mx\/wp-content\/uploads\/2018\/03\/14524434_1106112876131411_958039263622046936_o.jpg?resize=525%2C300&ssl=1 1.5x, https:\/\/i0.wp.com\/www.grieta.org.mx\/wp-content\/uploads\/2018\/03\/14524434_1106112876131411_958039263622046936_o.jpg?resize=700%2C400&ssl=1 2x"},"classes":[]},{"id":9953,"url":"https:\/\/www.grieta.org.mx\/index.php\/2015\/10\/01\/caso-narvarte-60-dias-tres-personas-detenidas-y-ningun-movil\/","url_meta":{"origin":9988,"position":5},"title":"Caso Narvarte: 60 d\u00edas, tres personas detenidas y ning\u00fan m\u00f3vil","author":"grieta","date":"1 octubre, 2015","format":false,"excerpt":"Art\u00edculo 19 M\u00e9xico D.F., a 1 de octubre de 2015.- A dos meses del multihomicidio de cinco personas en la colonia Narvarte persisten serias interrogantes en torno a la investigaci\u00f3n de los hechos que han consternado a la sociedad. Entre las v\u00edctimas se encuentra el fotoperiodista Rub\u00e9n Espinosa Becerril, de\u2026","rel":"","context":"En &quot;CINTILLO&quot;","block_context":{"text":"CINTILLO","link":"https:\/\/www.grieta.org.mx\/index.php\/category\/cintillo\/"},"img":{"alt_text":"","src":"https:\/\/i0.wp.com\/www.grieta.org.mx\/wp-content\/uploads\/2018\/03\/14524434_1106112876131411_958039263622046936_o.jpg?resize=350%2C200&ssl=1","width":350,"height":200,"srcset":"https:\/\/i0.wp.com\/www.grieta.org.mx\/wp-content\/uploads\/2018\/03\/14524434_1106112876131411_958039263622046936_o.jpg?resize=350%2C200&ssl=1 1x, https:\/\/i0.wp.com\/www.grieta.org.mx\/wp-content\/uploads\/2018\/03\/14524434_1106112876131411_958039263622046936_o.jpg?resize=525%2C300&ssl=1 1.5x, https:\/\/i0.wp.com\/www.grieta.org.mx\/wp-content\/uploads\/2018\/03\/14524434_1106112876131411_958039263622046936_o.jpg?resize=700%2C400&ssl=1 2x"},"classes":[]}],"_links":{"self":[{"href":"https:\/\/www.grieta.org.mx\/index.php\/wp-json\/wp\/v2\/posts\/9988","targetHints":{"allow":["GET"]}}],"collection":[{"href":"https:\/\/www.grieta.org.mx\/index.php\/wp-json\/wp\/v2\/posts"}],"about":[{"href":"https:\/\/www.grieta.org.mx\/index.php\/wp-json\/wp\/v2\/types\/post"}],"author":[{"embeddable":true,"href":"https:\/\/www.grieta.org.mx\/index.php\/wp-json\/wp\/v2\/users\/2"}],"replies":[{"embeddable":true,"href":"https:\/\/www.grieta.org.mx\/index.php\/wp-json\/wp\/v2\/comments?post=9988"}],"version-history":[{"count":1,"href":"https:\/\/www.grieta.org.mx\/index.php\/wp-json\/wp\/v2\/posts\/9988\/revisions"}],"predecessor-version":[{"id":9989,"href":"https:\/\/www.grieta.org.mx\/index.php\/wp-json\/wp\/v2\/posts\/9988\/revisions\/9989"}],"wp:featuredmedia":[{"embeddable":true,"href":"https:\/\/www.grieta.org.mx\/index.php\/wp-json\/wp\/v2\/media\/21928"}],"wp:attachment":[{"href":"https:\/\/www.grieta.org.mx\/index.php\/wp-json\/wp\/v2\/media?parent=9988"}],"wp:term":[{"taxonomy":"category","embeddable":true,"href":"https:\/\/www.grieta.org.mx\/index.php\/wp-json\/wp\/v2\/categories?post=9988"},{"taxonomy":"post_tag","embeddable":true,"href":"https:\/\/www.grieta.org.mx\/index.php\/wp-json\/wp\/v2\/tags?post=9988"}],"curies":[{"name":"wp","href":"https:\/\/api.w.org\/{rel}","templated":true}]}}