{"id":9985,"date":"2015-09-13T16:49:46","date_gmt":"2015-09-13T16:49:46","guid":{"rendered":"http:\/\/www.grieta.org.mx\/?p=9985"},"modified":"2016-04-08T17:43:09","modified_gmt":"2016-04-08T17:43:09","slug":"recuerdan-con-mural-a-los-asesinados-de-la-narvarte","status":"publish","type":"post","link":"https:\/\/www.grieta.org.mx\/index.php\/2015\/09\/13\/recuerdan-con-mural-a-los-asesinados-de-la-narvarte\/","title":{"rendered":"Recuerdan con mural a los asesinados de la Narvarte"},"content":{"rendered":"<p>Somos el medio<\/p>\n<p>&#8220;Las Paredes Hablan&#8221;, bardas para que la memoria perdure a trav\u00e9s de pinceles<br \/>\nPerseo Greco<\/p>\n<p>M\u00e9xico, DF. 13 de septiembre.- El colectivo Las Paredes Hablan, vecinos aleda\u00f1os y artistas gr\u00e1ficos se dieron a la tarea de pintar su tercer mural en protesta, por justicia y contra el olvido de los asesinatos de Yesenia Quiros Alfaro, Olivia Alejandra Negrete Avil\u00e9s, Mile Virginia Mart\u00edn -de nacionalidad colombiana-, Nadia Dominique Vera P\u00e9rez y el fotoreportero Rub\u00e9n Espinosa, quien sali\u00f3 del estado de Veracruz por agresiones y persecuci\u00f3n del gobierno de Javier  Duarte de Ochoa.<\/p>\n<p>El colectivo Las Paredes Hablan son un grupo de j\u00f3venes que decidieron pintar bardas para perdurar la memoria y la historia a trav\u00e9s del pinceles, rodillos, agua, pintura, aerosol, actitud y mucha creatividad. En esta tercer pinta a la memoria de los asesinados en la colonia Narvarte, se reunieron alrededor de 20 j\u00f3venes para manifestar su reclamo mediante los muros en la calle.<\/p>\n<p>&#8220;Hace algunos d\u00edas al pasar con mi pap\u00e1 y ver a los chavos que dibujaban una barda les pregunt\u00e9 que si pod\u00edan pintar la m\u00eda, ellos dijeron que s\u00ed y aqu\u00ed estamos pint\u00e1ndola&#8221;, coment\u00f3 para Somos el Medio Karina, una chica de no m\u00e1s de 15 a\u00f1os.<\/p>\n<p>En un ambiente de amistad y convivencia se inici\u00f3 la primera parte de esta pinta, la segunda parte arrancar\u00e1 el lunes 14 de septiembre a las 13:00 horas en Cumbres de Maltrata y diagonal Torres Adalid, colonia Narvarte, a unas calles de donde se cometi\u00f3 este crimen por el cual se reliz\u00f3 la pinta de este mural.<\/p>\n<p><a href=\"http:\/\/www.somoselmedio.org\/article\/recuerdan-con-mural-los-asesinados-de-la-narvarte\" target=\"_blank\">http:\/\/www.somoselmedio.org\/article\/recuerdan-con-mural-los-asesinados-de-la-narvarte<\/a><\/p>\n","protected":false},"excerpt":{"rendered":"<p>Somos el medio &#8220;Las Paredes Hablan&#8221;, bardas para que la memoria perdure a trav\u00e9s de pinceles Perseo Greco M\u00e9xico, DF. 13 de septiembre.- El colectivo Las Paredes Hablan, vecinos aleda\u00f1os &hellip; <a href=\"https:\/\/www.grieta.org.mx\/index.php\/2015\/09\/13\/recuerdan-con-mural-a-los-asesinados-de-la-narvarte\/\" class=\"more-link\">Leer m\u00e1s<\/a><\/p>\n","protected":false},"author":2,"featured_media":21928,"comment_status":"closed","ping_status":"closed","sticky":false,"template":"","format":"standard","meta":{"ngg_post_thumbnail":0,"_jetpack_newsletter_access":"","_jetpack_dont_email_post_to_subs":false,"_jetpack_newsletter_tier_id":0,"_jetpack_memberships_contains_paywalled_content":false,"_jetpack_memberships_contains_paid_content":false,"footnotes":""},"categories":[80],"tags":[349],"class_list":["post-9985","post","type-post","status-publish","format-standard","has-post-thumbnail","hentry","category-cintillo","tag-narvarte","entry"],"jetpack_featured_media_url":"https:\/\/www.grieta.org.mx\/wp-content\/uploads\/2018\/03\/14524434_1106112876131411_958039263622046936_o.jpg","jetpack_sharing_enabled":true,"jetpack_shortlink":"https:\/\/wp.me\/p7ZJR4-2B3","jetpack_likes_enabled":false,"jetpack-related-posts":[{"id":25700,"url":"https:\/\/www.grieta.org.mx\/index.php\/2018\/07\/31\/no-nos-vamos-a-callar-familiares-y-amigos-de-ruben-espinosa-al-exigir-justicia-por-caso-narvarte\/","url_meta":{"origin":9985,"position":0},"title":"\u201cNo nos vamos a callar\u201d: familiares y amigos de Rub\u00e9n Espinosa al exigir justicia por caso Narvarte","author":"grieta","date":"31 julio, 2018","format":false,"excerpt":"No\u00e9 Zavaleta \/ Proceso XALAPA, Ver. (apro).- Un mural con los rostros de Rub\u00e9n Espinosa, fotoperiodista colaborador de Proceso, y de Nadia Vera, activista cultural, con las leyendas \u201cEn Defensa de la Memoria\u201d y \u201cJusticia para Todos\u201d, sirvi\u00f3 para conmemorar el tercer aniversario del multihomicidio de la colonia Narvarte, en\u2026","rel":"","context":"En &quot;CINTILLO&quot;","block_context":{"text":"CINTILLO","link":"https:\/\/www.grieta.org.mx\/index.php\/category\/cintillo\/"},"img":{"alt_text":"","src":"https:\/\/i0.wp.com\/www.grieta.org.mx\/wp-content\/uploads\/2018\/08\/jjj-1.jpg?resize=350%2C200&ssl=1","width":350,"height":200,"srcset":"https:\/\/i0.wp.com\/www.grieta.org.mx\/wp-content\/uploads\/2018\/08\/jjj-1.jpg?resize=350%2C200&ssl=1 1x, https:\/\/i0.wp.com\/www.grieta.org.mx\/wp-content\/uploads\/2018\/08\/jjj-1.jpg?resize=525%2C300&ssl=1 1.5x, https:\/\/i0.wp.com\/www.grieta.org.mx\/wp-content\/uploads\/2018\/08\/jjj-1.jpg?resize=700%2C400&ssl=1 2x"},"classes":[]},{"id":18561,"url":"https:\/\/www.grieta.org.mx\/index.php\/2016\/08\/01\/a-un-ano-de-los-asesinatos-en-la-colonia-narvarte\/","url_meta":{"origin":9985,"position":1},"title":"A un a\u00f1o de los asesinatos en la colonia Narvarte","author":"grieta","date":"1 agosto, 2016","format":false,"excerpt":"El 31 de julio de 2016 se cumpli\u00f3 un a\u00f1o del asesinato de Nadia Vera, Yesenia Quiroz, Alejandra Negrete, Mile Virginia y Rub\u00e9n Espinoza en la colonia Narvarte en Ciudad Monstruo. Tanto Nadia Vera como Rub\u00e9n Espinoza se desplazaron de Veracruz a esta ciudad debido a las amenazas y hostigamientos\u2026","rel":"","context":"En &quot;cdmx&quot;","block_context":{"text":"cdmx","link":"https:\/\/www.grieta.org.mx\/index.php\/category\/cdmx\/"},"img":{"alt_text":"","src":"https:\/\/i0.wp.com\/www.grieta.org.mx\/wp-content\/uploads\/2018\/03\/14524434_1106112876131411_958039263622046936_o.jpg?resize=350%2C200&ssl=1","width":350,"height":200,"srcset":"https:\/\/i0.wp.com\/www.grieta.org.mx\/wp-content\/uploads\/2018\/03\/14524434_1106112876131411_958039263622046936_o.jpg?resize=350%2C200&ssl=1 1x, https:\/\/i0.wp.com\/www.grieta.org.mx\/wp-content\/uploads\/2018\/03\/14524434_1106112876131411_958039263622046936_o.jpg?resize=525%2C300&ssl=1 1.5x, https:\/\/i0.wp.com\/www.grieta.org.mx\/wp-content\/uploads\/2018\/03\/14524434_1106112876131411_958039263622046936_o.jpg?resize=700%2C400&ssl=1 2x"},"classes":[]},{"id":62691,"url":"https:\/\/www.grieta.org.mx\/index.php\/2021\/11\/21\/por-amor-a-ellxs-denuncia-la-destruccion-del-mural-memorial-jalisco\/","url_meta":{"origin":9985,"position":2},"title":"Por Amor A Ellxs denuncia la destrucci\u00f3n del mural-memorial (Jalisco)","author":"grieta","date":"21 noviembre, 2021","format":false,"excerpt":"Foto: Zona Docs A trav\u00e9s de sus redes sociales, el colectivo de b\u00fasqueda\u00a0Por Amor A Ellxs\u00a0denunci\u00f3 la destrucci\u00f3n de su mural-memorial #HastaEncontrarlos, el cual ahora aparece tapado con las siglas MTA; este memorial hab\u00eda sido realizado por las familias de las y los desaparecidos, el pasado 9 de mayo, como\u2026","rel":"","context":"En &quot;CINTILLO&quot;","block_context":{"text":"CINTILLO","link":"https:\/\/www.grieta.org.mx\/index.php\/category\/cintillo\/"},"img":{"alt_text":"","src":"https:\/\/i0.wp.com\/www.grieta.org.mx\/wp-content\/uploads\/2021\/11\/FEqgDhLUcAAu4Kl-1068x802-1.jpg?resize=350%2C200&ssl=1","width":350,"height":200,"srcset":"https:\/\/i0.wp.com\/www.grieta.org.mx\/wp-content\/uploads\/2021\/11\/FEqgDhLUcAAu4Kl-1068x802-1.jpg?resize=350%2C200&ssl=1 1x, https:\/\/i0.wp.com\/www.grieta.org.mx\/wp-content\/uploads\/2021\/11\/FEqgDhLUcAAu4Kl-1068x802-1.jpg?resize=525%2C300&ssl=1 1.5x, https:\/\/i0.wp.com\/www.grieta.org.mx\/wp-content\/uploads\/2021\/11\/FEqgDhLUcAAu4Kl-1068x802-1.jpg?resize=700%2C400&ssl=1 2x, https:\/\/i0.wp.com\/www.grieta.org.mx\/wp-content\/uploads\/2021\/11\/FEqgDhLUcAAu4Kl-1068x802-1.jpg?resize=1050%2C600&ssl=1 3x"},"classes":[]},{"id":9938,"url":"https:\/\/www.grieta.org.mx\/index.php\/2016\/08\/01\/multihomicidio-en-la-narvarte\/","url_meta":{"origin":9985,"position":3},"title":"Multihomicidio en la Narvarte","author":"grieta","date":"1 agosto, 2016","format":false,"excerpt":"01\/08\/16. A un a\u00f1o de los asesinatos en la colonia NarvarteKe Huelga Radio 31\/07\/16. Caso Narvarte: un a\u00f1o despu\u00e9s, justicia y verdad estancadas Somos el medio 24\/07\/16. A un a\u00f1o sin justicia, a un a\u00f1o sin Rub\u00e9n Somos el medio 31\/01\/16. La PGJDF no tiene ni m\u00f3vil del crimen en\u2026","rel":"","context":"En &quot;Ciudad de M\u00e9xico&quot;","block_context":{"text":"Ciudad de M\u00e9xico","link":"https:\/\/www.grieta.org.mx\/index.php\/category\/noticias-nacionales\/ciudad-de-mexico\/"},"img":{"alt_text":"","src":"https:\/\/i0.wp.com\/www.grieta.org.mx\/wp-content\/uploads\/2018\/03\/14524434_1106112876131411_958039263622046936_o.jpg?resize=350%2C200&ssl=1","width":350,"height":200,"srcset":"https:\/\/i0.wp.com\/www.grieta.org.mx\/wp-content\/uploads\/2018\/03\/14524434_1106112876131411_958039263622046936_o.jpg?resize=350%2C200&ssl=1 1x, https:\/\/i0.wp.com\/www.grieta.org.mx\/wp-content\/uploads\/2018\/03\/14524434_1106112876131411_958039263622046936_o.jpg?resize=525%2C300&ssl=1 1.5x, https:\/\/i0.wp.com\/www.grieta.org.mx\/wp-content\/uploads\/2018\/03\/14524434_1106112876131411_958039263622046936_o.jpg?resize=700%2C400&ssl=1 2x"},"classes":[]},{"id":59510,"url":"https:\/\/www.grieta.org.mx\/index.php\/2021\/05\/05\/con-murales-visibilizan-a-mujeres-victimas-de-feminicidios-baja-california-sur\/","url_meta":{"origin":9985,"position":4},"title":"Con murales visibilizan a mujeres v\u00edctimas de feminicidios (Baja California Sur)","author":"grieta","date":"5 mayo, 2021","format":false,"excerpt":"CPS Noticias \/ Roc\u00edo Casas. Este 8 de mayo terminan el primer mural en la ciudad de La Paz Un colectivo de mujeres se reuni\u00f3 para pintar un mural, ubicado en la colonia misioneros, con el que se recuerda a la joven Diana Lino de 18 a\u00f1os, quien fue v\u00edctima\u2026","rel":"","context":"En &quot;Baja California Sur&quot;","block_context":{"text":"Baja California Sur","link":"https:\/\/www.grieta.org.mx\/index.php\/category\/noticias-nacionales\/baja-california-sur\/"},"img":{"alt_text":"","src":"https:\/\/i0.wp.com\/www.grieta.org.mx\/wp-content\/uploads\/2021\/05\/1-1.jpg?resize=350%2C200&ssl=1","width":350,"height":200,"srcset":"https:\/\/i0.wp.com\/www.grieta.org.mx\/wp-content\/uploads\/2021\/05\/1-1.jpg?resize=350%2C200&ssl=1 1x, https:\/\/i0.wp.com\/www.grieta.org.mx\/wp-content\/uploads\/2021\/05\/1-1.jpg?resize=525%2C300&ssl=1 1.5x, https:\/\/i0.wp.com\/www.grieta.org.mx\/wp-content\/uploads\/2021\/05\/1-1.jpg?resize=700%2C400&ssl=1 2x"},"classes":[]},{"id":68905,"url":"https:\/\/www.grieta.org.mx\/index.php\/2024\/05\/10\/cancun-madres-buscadoras-bloquean-la-av-xcaret-para-reclamar-por-desaparecidos-quintana-roo\/","url_meta":{"origin":9985,"position":5},"title":"Canc\u00fan: Madres buscadoras bloquean la av. Xcaret para reclamar por desaparecidos (Quintana Roo)","author":"grieta","date":"10 mayo, 2024","format":false,"excerpt":"Eduardo del Valle \/ Novedades Quintana Roo Un bloqueo de un carril de la avenida Xcaret de Canc\u00fan se hizo ayer, por Madres Buscadoras de Quintana Roo como un reclamo m\u00e1s a las autoridades por la falta de resultados en la b\u00fasqueda de desaparecidos. El carril de la Xcaret, con\u2026","rel":"","context":"En &quot;CINTILLO&quot;","block_context":{"text":"CINTILLO","link":"https:\/\/www.grieta.org.mx\/index.php\/category\/cintillo\/"},"img":{"alt_text":"","src":"https:\/\/i0.wp.com\/www.grieta.org.mx\/wp-content\/uploads\/2024\/05\/Desaparecidos-e1715553297915.jpg?resize=350%2C200&ssl=1","width":350,"height":200,"srcset":"https:\/\/i0.wp.com\/www.grieta.org.mx\/wp-content\/uploads\/2024\/05\/Desaparecidos-e1715553297915.jpg?resize=350%2C200&ssl=1 1x, https:\/\/i0.wp.com\/www.grieta.org.mx\/wp-content\/uploads\/2024\/05\/Desaparecidos-e1715553297915.jpg?resize=525%2C300&ssl=1 1.5x, https:\/\/i0.wp.com\/www.grieta.org.mx\/wp-content\/uploads\/2024\/05\/Desaparecidos-e1715553297915.jpg?resize=700%2C400&ssl=1 2x"},"classes":[]}],"_links":{"self":[{"href":"https:\/\/www.grieta.org.mx\/index.php\/wp-json\/wp\/v2\/posts\/9985","targetHints":{"allow":["GET"]}}],"collection":[{"href":"https:\/\/www.grieta.org.mx\/index.php\/wp-json\/wp\/v2\/posts"}],"about":[{"href":"https:\/\/www.grieta.org.mx\/index.php\/wp-json\/wp\/v2\/types\/post"}],"author":[{"embeddable":true,"href":"https:\/\/www.grieta.org.mx\/index.php\/wp-json\/wp\/v2\/users\/2"}],"replies":[{"embeddable":true,"href":"https:\/\/www.grieta.org.mx\/index.php\/wp-json\/wp\/v2\/comments?post=9985"}],"version-history":[{"count":1,"href":"https:\/\/www.grieta.org.mx\/index.php\/wp-json\/wp\/v2\/posts\/9985\/revisions"}],"predecessor-version":[{"id":9986,"href":"https:\/\/www.grieta.org.mx\/index.php\/wp-json\/wp\/v2\/posts\/9985\/revisions\/9986"}],"wp:featuredmedia":[{"embeddable":true,"href":"https:\/\/www.grieta.org.mx\/index.php\/wp-json\/wp\/v2\/media\/21928"}],"wp:attachment":[{"href":"https:\/\/www.grieta.org.mx\/index.php\/wp-json\/wp\/v2\/media?parent=9985"}],"wp:term":[{"taxonomy":"category","embeddable":true,"href":"https:\/\/www.grieta.org.mx\/index.php\/wp-json\/wp\/v2\/categories?post=9985"},{"taxonomy":"post_tag","embeddable":true,"href":"https:\/\/www.grieta.org.mx\/index.php\/wp-json\/wp\/v2\/tags?post=9985"}],"curies":[{"name":"wp","href":"https:\/\/api.w.org\/{rel}","templated":true}]}}