{"id":9864,"date":"2015-11-01T17:22:57","date_gmt":"2015-11-01T17:22:57","guid":{"rendered":"http:\/\/www.grieta.org.mx\/?p=9864"},"modified":"2016-04-06T17:45:18","modified_gmt":"2016-04-06T17:45:18","slug":"grupo-mexico-elude-responsabilidad-por-muertes-y-accidentes-en-charcas-slp","status":"publish","type":"post","link":"https:\/\/www.grieta.org.mx\/index.php\/2015\/11\/01\/grupo-mexico-elude-responsabilidad-por-muertes-y-accidentes-en-charcas-slp\/","title":{"rendered":"Grupo M\u00e9xico elude responsabilidad por muertes y accidentes en Charcas, SLP"},"content":{"rendered":"<p>&nbsp;<\/p>\n<p><strong>15\/01\/15. <\/strong><a href=\"http:\/\/www.grieta.org.mx\/index.php\/2015\/01\/15\/amparo-frena-cobro-de-millonaria-multa-a-la-mina-de-charcas\/\">Amparo frena cobro de millonaria multa a la mina de Charcas<\/a><br \/>\n<em>Diario del altiplano<\/em><\/p>\n<p><strong>15\/02\/14. <\/strong><a href=\"http:\/\/www.grieta.org.mx\/index.php\/2014\/02\/15\/familiares-de-los-cinco-mineros-muertos-en-charcas-en-slp-culpan-en-video-a-grupo-mexico-de-accidente\/\">Familiares de los cinco mineros muertos en Charcas, en SLP, culpan en VIDEO a Grupo M\u00e9xico de accidente<\/a><br \/>\n<em>Sin Embargo<\/em><\/p>\n<p><strong>13\/02\/14. <\/strong><a href=\"http:\/\/www.grieta.org.mx\/index.php\/2014\/02\/13\/mueren-cinco-durante-accidente-en-mina-de-slp\/\">Mueren cinco durante accidente en mina de SLP<\/a><br \/>\n<em>El Universal<\/em><\/p>\n<p>&nbsp;<\/p>\n<p>&nbsp;<\/p>\n","protected":false},"excerpt":{"rendered":"<p>&nbsp; 15\/01\/15. Amparo frena cobro de millonaria multa a la mina de Charcas Diario del altiplano 15\/02\/14. Familiares de los cinco mineros muertos en Charcas, en SLP, culpan en VIDEO &hellip; <a href=\"https:\/\/www.grieta.org.mx\/index.php\/2015\/11\/01\/grupo-mexico-elude-responsabilidad-por-muertes-y-accidentes-en-charcas-slp\/\" class=\"more-link\">Leer m\u00e1s<\/a><\/p>\n","protected":false},"author":2,"featured_media":21928,"comment_status":"closed","ping_status":"closed","sticky":false,"template":"","format":"standard","meta":{"ngg_post_thumbnail":0,"_jetpack_newsletter_access":"","_jetpack_dont_email_post_to_subs":false,"_jetpack_newsletter_tier_id":0,"_jetpack_memberships_contains_paywalled_content":false,"_jetpack_memberships_contains_paid_content":false,"footnotes":""},"categories":[29],"tags":[],"class_list":["post-9864","post","type-post","status-publish","format-standard","has-post-thumbnail","hentry","category-san-luis-potosi","entry"],"jetpack_featured_media_url":"https:\/\/www.grieta.org.mx\/wp-content\/uploads\/2018\/03\/14524434_1106112876131411_958039263622046936_o.jpg","jetpack_sharing_enabled":true,"jetpack_shortlink":"https:\/\/wp.me\/p7ZJR4-2z6","jetpack_likes_enabled":false,"jetpack-related-posts":[{"id":9866,"url":"https:\/\/www.grieta.org.mx\/index.php\/2014\/02\/13\/mueren-cinco-durante-accidente-en-mina-de-slp\/","url_meta":{"origin":9864,"position":0},"title":"Mueren cinco durante accidente en mina de SLP","author":"grieta","date":"13 febrero, 2014","format":false,"excerpt":"Los trabajadores de mantenimiento fallecieron cuando se desplom\u00f3 un elevador que los transportaba Industrial Minera M\u00e9xico inform\u00f3 mediante un comunicado la muerte de cinco trabajadores de mantenimiento en una mina ubicada en el municipio de Charcas. El elevador donde se encontraban sufri\u00f3 la rotura de un eje y los obreros\u2026","rel":"","context":"En &quot;CINTILLO&quot;","block_context":{"text":"CINTILLO","link":"https:\/\/www.grieta.org.mx\/index.php\/category\/cintillo\/"},"img":{"alt_text":"","src":"https:\/\/i0.wp.com\/www.grieta.org.mx\/wp-content\/uploads\/2018\/03\/14524434_1106112876131411_958039263622046936_o.jpg?resize=350%2C200&ssl=1","width":350,"height":200,"srcset":"https:\/\/i0.wp.com\/www.grieta.org.mx\/wp-content\/uploads\/2018\/03\/14524434_1106112876131411_958039263622046936_o.jpg?resize=350%2C200&ssl=1 1x, https:\/\/i0.wp.com\/www.grieta.org.mx\/wp-content\/uploads\/2018\/03\/14524434_1106112876131411_958039263622046936_o.jpg?resize=525%2C300&ssl=1 1.5x, https:\/\/i0.wp.com\/www.grieta.org.mx\/wp-content\/uploads\/2018\/03\/14524434_1106112876131411_958039263622046936_o.jpg?resize=700%2C400&ssl=1 2x"},"classes":[]},{"id":9871,"url":"https:\/\/www.grieta.org.mx\/index.php\/2014\/02\/15\/familiares-de-los-cinco-mineros-muertos-en-charcas-en-slp-culpan-en-video-a-grupo-mexico-de-accidente\/","url_meta":{"origin":9864,"position":1},"title":"Familiares de los cinco mineros muertos en Charcas, en SLP, culpan en VIDEO a Grupo M\u00e9xico de accidente","author":"grieta","date":"15 febrero, 2014","format":false,"excerpt":"Ciudad de M\u00e9xico, 15 de febrero (SinEmbargo).\u2013Familiares, vecinos y ex compa\u00f1eros de los cinco mineros que murieron al desplomarse un elevador en la Mina de Charcas en San Luis Potos\u00ed, denuncian en un video que el Grupo M\u00e9xico, que administra la mina, improvis\u00f3 instalaciones para que los trabajadores accedieran al\u2026","rel":"","context":"En &quot;CINTILLO&quot;","block_context":{"text":"CINTILLO","link":"https:\/\/www.grieta.org.mx\/index.php\/category\/cintillo\/"},"img":{"alt_text":"","src":"https:\/\/i0.wp.com\/www.grieta.org.mx\/wp-content\/uploads\/2018\/03\/14524434_1106112876131411_958039263622046936_o.jpg?resize=350%2C200&ssl=1","width":350,"height":200,"srcset":"https:\/\/i0.wp.com\/www.grieta.org.mx\/wp-content\/uploads\/2018\/03\/14524434_1106112876131411_958039263622046936_o.jpg?resize=350%2C200&ssl=1 1x, https:\/\/i0.wp.com\/www.grieta.org.mx\/wp-content\/uploads\/2018\/03\/14524434_1106112876131411_958039263622046936_o.jpg?resize=525%2C300&ssl=1 1.5x, https:\/\/i0.wp.com\/www.grieta.org.mx\/wp-content\/uploads\/2018\/03\/14524434_1106112876131411_958039263622046936_o.jpg?resize=700%2C400&ssl=1 2x"},"classes":[]},{"id":9874,"url":"https:\/\/www.grieta.org.mx\/index.php\/2015\/01\/15\/amparo-frena-cobro-de-millonaria-multa-a-la-mina-de-charcas\/","url_meta":{"origin":9864,"position":2},"title":"Amparo frena cobro de millonaria multa a la mina de Charcas","author":"grieta","date":"15 enero, 2015","format":false,"excerpt":"El titular de la Secretar\u00eda del Trabajo y Previsi\u00f3n Social (STPS), Alfonso Navarrete Prida, inform\u00f3 que entre el a\u00f1o 2013 y 2014 se increment\u00f3 de 673 millones de pesos a mil 90 millones de pesos la recaudaci\u00f3n de multas por sanciones a empresas que no han cumplido con los requisitos\u2026","rel":"","context":"En &quot;CINTILLO&quot;","block_context":{"text":"CINTILLO","link":"https:\/\/www.grieta.org.mx\/index.php\/category\/cintillo\/"},"img":{"alt_text":"","src":"https:\/\/i0.wp.com\/www.grieta.org.mx\/wp-content\/uploads\/2018\/03\/14524434_1106112876131411_958039263622046936_o.jpg?resize=350%2C200&ssl=1","width":350,"height":200,"srcset":"https:\/\/i0.wp.com\/www.grieta.org.mx\/wp-content\/uploads\/2018\/03\/14524434_1106112876131411_958039263622046936_o.jpg?resize=350%2C200&ssl=1 1x, https:\/\/i0.wp.com\/www.grieta.org.mx\/wp-content\/uploads\/2018\/03\/14524434_1106112876131411_958039263622046936_o.jpg?resize=525%2C300&ssl=1 1.5x, https:\/\/i0.wp.com\/www.grieta.org.mx\/wp-content\/uploads\/2018\/03\/14524434_1106112876131411_958039263622046936_o.jpg?resize=700%2C400&ssl=1 2x"},"classes":[]},{"id":16357,"url":"https:\/\/www.grieta.org.mx\/index.php\/2016\/07\/01\/palula-ahora-enfrenta-a-wirikuta\/","url_meta":{"origin":9864,"position":3},"title":"Palula ahora enfrenta a Wirikuta","author":"grieta","date":"1 julio, 2016","format":false,"excerpt":"Mar\u00eda Moctezuma\/Plano Informativo Todas las corrientes de agua que pasan cerca del tiradero Palula van hacia Wirikuta, por eso estamos haciendo alianza con el pueblo Wixarica, para conservar nuestra tierra, porque la amamos y queremos salvarla del grave peligro en que se encuentra, dijeron Mario V\u00e1zquez Vallejo y Manuel Villanueva,\u2026","rel":"","context":"En &quot;CINTILLO&quot;","block_context":{"text":"CINTILLO","link":"https:\/\/www.grieta.org.mx\/index.php\/category\/cintillo\/"},"img":{"alt_text":"","src":"https:\/\/i0.wp.com\/www.grieta.org.mx\/wp-content\/uploads\/2018\/03\/14524434_1106112876131411_958039263622046936_o.jpg?resize=350%2C200&ssl=1","width":350,"height":200,"srcset":"https:\/\/i0.wp.com\/www.grieta.org.mx\/wp-content\/uploads\/2018\/03\/14524434_1106112876131411_958039263622046936_o.jpg?resize=350%2C200&ssl=1 1x, https:\/\/i0.wp.com\/www.grieta.org.mx\/wp-content\/uploads\/2018\/03\/14524434_1106112876131411_958039263622046936_o.jpg?resize=525%2C300&ssl=1 1.5x, https:\/\/i0.wp.com\/www.grieta.org.mx\/wp-content\/uploads\/2018\/03\/14524434_1106112876131411_958039263622046936_o.jpg?resize=700%2C400&ssl=1 2x"},"classes":[]},{"id":29536,"url":"https:\/\/www.grieta.org.mx\/index.php\/2019\/02\/24\/profesores-de-inea-denuncian-falta-de-pago-san-luis-potosi\/","url_meta":{"origin":9864,"position":4},"title":"Profesores de INEA denuncian falta de pago (San Luis Potos\u00ed)","author":"grieta","date":"24 febrero, 2019","format":false,"excerpt":"Paola De la Rosa \/ Plano Informativo Los maestros afectados son de municipios como Charcas, Venado, Matehuala, Tamazunchale, la capital entre otros, quienes est\u00e1n trabajando bajo protesta. San Luis Potos\u00ed, SLP.- La secretaria general del Sindicato de Instituto Estatal de Educaci\u00f3n para Adultos (INEA), Gabriela L\u00f3pez Andrade denunci\u00f3 que un\u2026","rel":"","context":"En &quot;CINTILLO&quot;","block_context":{"text":"CINTILLO","link":"https:\/\/www.grieta.org.mx\/index.php\/category\/cintillo\/"},"img":{"alt_text":"","src":"https:\/\/i0.wp.com\/www.grieta.org.mx\/wp-content\/uploads\/2019\/02\/Profesores-de-INEA-denuncian-falta-de-pago-slp-feb.jpg?resize=350%2C200&ssl=1","width":350,"height":200,"srcset":"https:\/\/i0.wp.com\/www.grieta.org.mx\/wp-content\/uploads\/2019\/02\/Profesores-de-INEA-denuncian-falta-de-pago-slp-feb.jpg?resize=350%2C200&ssl=1 1x, https:\/\/i0.wp.com\/www.grieta.org.mx\/wp-content\/uploads\/2019\/02\/Profesores-de-INEA-denuncian-falta-de-pago-slp-feb.jpg?resize=525%2C300&ssl=1 1.5x"},"classes":[]},{"id":690,"url":"https:\/\/www.grieta.org.mx\/index.php\/2015\/12\/17\/crece-el-repudio-a-basurero-de-desechos-toxicos-en-slp-y-zacatecas\/","url_meta":{"origin":9864,"position":5},"title":"Crece el repudio a basurero de desechos t\u00f3xicos en SLP y Zacatecas","author":"grieta","date":"17 diciembre, 2015","format":false,"excerpt":"La Jornada San Luis Alfredo Valadez Rodr\u00edguez 17\/12\/2015 Organizaciones sociales y pol\u00edticas se sumaron ayer a la lucha que hace tres meses emprendieron los habitantes de m\u00e1s de 20 comunidades rurales en los l\u00edmites entre San Luis Potos\u00ed y Zacatecas contra el basurero de desechos industriales y mineros t\u00f3xicos que\u2026","rel":"","context":"En &quot;CINTILLO&quot;","block_context":{"text":"CINTILLO","link":"https:\/\/www.grieta.org.mx\/index.php\/category\/cintillo\/"},"img":{"alt_text":"","src":"https:\/\/i0.wp.com\/www.grieta.org.mx\/wp-content\/uploads\/2015\/12\/p9.jpg?resize=350%2C200&ssl=1","width":350,"height":200},"classes":[]}],"_links":{"self":[{"href":"https:\/\/www.grieta.org.mx\/index.php\/wp-json\/wp\/v2\/posts\/9864","targetHints":{"allow":["GET"]}}],"collection":[{"href":"https:\/\/www.grieta.org.mx\/index.php\/wp-json\/wp\/v2\/posts"}],"about":[{"href":"https:\/\/www.grieta.org.mx\/index.php\/wp-json\/wp\/v2\/types\/post"}],"author":[{"embeddable":true,"href":"https:\/\/www.grieta.org.mx\/index.php\/wp-json\/wp\/v2\/users\/2"}],"replies":[{"embeddable":true,"href":"https:\/\/www.grieta.org.mx\/index.php\/wp-json\/wp\/v2\/comments?post=9864"}],"version-history":[{"count":1,"href":"https:\/\/www.grieta.org.mx\/index.php\/wp-json\/wp\/v2\/posts\/9864\/revisions"}],"predecessor-version":[{"id":9877,"href":"https:\/\/www.grieta.org.mx\/index.php\/wp-json\/wp\/v2\/posts\/9864\/revisions\/9877"}],"wp:featuredmedia":[{"embeddable":true,"href":"https:\/\/www.grieta.org.mx\/index.php\/wp-json\/wp\/v2\/media\/21928"}],"wp:attachment":[{"href":"https:\/\/www.grieta.org.mx\/index.php\/wp-json\/wp\/v2\/media?parent=9864"}],"wp:term":[{"taxonomy":"category","embeddable":true,"href":"https:\/\/www.grieta.org.mx\/index.php\/wp-json\/wp\/v2\/categories?post=9864"},{"taxonomy":"post_tag","embeddable":true,"href":"https:\/\/www.grieta.org.mx\/index.php\/wp-json\/wp\/v2\/tags?post=9864"}],"curies":[{"name":"wp","href":"https:\/\/api.w.org\/{rel}","templated":true}]}}