{"id":9859,"date":"2016-04-01T04:28:32","date_gmt":"2016-04-01T04:28:32","guid":{"rendered":"http:\/\/www.grieta.org.mx\/?p=9859"},"modified":"2018-07-03T20:15:08","modified_gmt":"2018-07-04T01:15:08","slug":"fuerza-coahuila-asesino-a-jessica-y-jose-luis-padres-exigen-justicia","status":"publish","type":"post","link":"https:\/\/www.grieta.org.mx\/index.php\/2016\/04\/01\/fuerza-coahuila-asesino-a-jessica-y-jose-luis-padres-exigen-justicia\/","title":{"rendered":"Fuerza Coahuila asesin\u00f3 a Jessica y Jos\u00e9 Luis; padres exigen justicia"},"content":{"rendered":"<p><strong>***Los sacaron de su casa; la balacera es un montaje.-<\/strong><\/p>\n<p>*** Procurador destituye a comandante \u201cDrag\u00f3n\u201d de Fuerza Coahuila.-<\/p>\n<figure id=\"attachment_9860\" aria-describedby=\"caption-attachment-9860\" style=\"width: 476px\" class=\"wp-caption aligncenter\"><img loading=\"lazy\" decoding=\"async\" data-attachment-id=\"9860\" data-permalink=\"https:\/\/www.grieta.org.mx\/index.php\/2016\/04\/01\/fuerza-coahuila-asesino-a-jessica-y-jose-luis-padres-exigen-justicia\/asesinatos-fuerza-coahuila\/\" data-orig-file=\"https:\/\/www.grieta.org.mx\/wp-content\/uploads\/2016\/04\/asesinatos-fuerza-coahuila.jpg\" data-orig-size=\"476,360\" data-comments-opened=\"0\" data-image-meta=\"{&quot;aperture&quot;:&quot;0&quot;,&quot;credit&quot;:&quot;&quot;,&quot;camera&quot;:&quot;&quot;,&quot;caption&quot;:&quot;&quot;,&quot;created_timestamp&quot;:&quot;0&quot;,&quot;copyright&quot;:&quot;&quot;,&quot;focal_length&quot;:&quot;0&quot;,&quot;iso&quot;:&quot;0&quot;,&quot;shutter_speed&quot;:&quot;0&quot;,&quot;title&quot;:&quot;&quot;,&quot;orientation&quot;:&quot;0&quot;}\" data-image-title=\"Asesinatos Fuerza Coahuila\" data-image-description=\"\" data-image-caption=\"&lt;p&gt;Este letrero es testigo silencioso del \u201cmontaje\u201d que hizo Fuerza Coahuila en torno al asesinato de dos j\u00f3venes. Aqu\u00ed se aprecian los disparos hechos al anuncio \u00bfcon qu\u00e9 motivo? (Foto de Noticias Regi\u00f3n Carbon\u00edfera)&lt;\/p&gt;\n\" data-medium-file=\"https:\/\/www.grieta.org.mx\/wp-content\/uploads\/2016\/04\/asesinatos-fuerza-coahuila-300x227.jpg\" data-large-file=\"https:\/\/www.grieta.org.mx\/wp-content\/uploads\/2016\/04\/asesinatos-fuerza-coahuila.jpg\" class=\"wp-image-9860 size-full\" src=\"http:\/\/www.grieta.org.mx\/wp-content\/uploads\/2016\/04\/asesinatos-fuerza-coahuila.jpg\" alt=\"Este letrero es testigo silencioso del \u201cmontaje\u201d que hizo Fuerza Coahuila en torno al asesinato de dos j\u00f3venes. Aqu\u00ed se aprecian los disparos hechos al anuncio \u00bfcon qu\u00e9 motivo? (Foto de Noticias Regi\u00f3n Carbon\u00edfera)\" width=\"476\" height=\"360\" srcset=\"https:\/\/www.grieta.org.mx\/wp-content\/uploads\/2016\/04\/asesinatos-fuerza-coahuila.jpg 476w, https:\/\/www.grieta.org.mx\/wp-content\/uploads\/2016\/04\/asesinatos-fuerza-coahuila-300x227.jpg 300w\" sizes=\"auto, (max-width: 476px) 100vw, 476px\" \/><figcaption id=\"caption-attachment-9860\" class=\"wp-caption-text\">Este letrero es testigo silencioso del \u201cmontaje\u201d que hizo Fuerza Coahuila en torno al asesinato de dos j\u00f3venes. Aqu\u00ed se aprecian los disparos hechos al anuncio \u00bfcon qu\u00e9 motivo? (Foto de Noticias Regi\u00f3n Carbon\u00edfera)<\/figcaption><\/figure>\n<p>Nueva Rosita, Coah.- Familiares de los j\u00f3venes supuestamente asesinados a balazos por polic\u00edas de \u201cFuerza Coahuila\u201d, cuando intentaron escapar de un ret\u00e9n, preparan una demanda contra el gobierno del estado que es la responsable de esos arteros cr\u00edmenes.<\/p>\n<p>Aseguraron a los medios informativos de la Regi\u00f3n Carbon\u00edfera que los j\u00f3venes fueron sacados de su domicilio ubicado en la calle Cedros 990 de la colonia Los Montes. Vecinos reportaron que durante la madrugada arribaron al lugar un grupo de polic\u00edas, que entraron a la fuerza a la casa, destruyeron cuanto hab\u00eda a su paso y se llevaron a la joven pareja.<\/p>\n<p>En la Funeraria Garc\u00eda de Sabinas, donde son velados los restos de las v\u00edctimas, Mario Alberto Preciado, padre de Jesica Valeria Preciado Garc\u00eda, de 19 a\u00f1os, dio a conocer que, por medio de abogados, interpondr\u00e1 una demanda para que los responsables del asesinato de su hija sean castigados con todo el rigor de la ley.<\/p>\n<p>Explic\u00f3 que su hija jam\u00e1s se dedic\u00f3 a negocios turbios y que no sab\u00eda accionar un arma. \u201cson inventos\u2026 todo fueron inventos\u2026 a mi hija la asesinaron sin motivo alguno\u201d, afirma el desconsolado padre, quien adem\u00e1s interpondr\u00e1 en las pr\u00f3ximas horas una denuncia ante la Comisi\u00f3n Estatal de los Derechos Humanos.<\/p>\n<p>Tambi\u00e9n dieron a conocer que en caso de ser necesario contratar\u00e1n a un m\u00e9dico legista para que inspeccione las lesiones tanto de Jesica como de Jos\u00e9 Luis Le\u00f3n Zamarripa, dado que dudan de la versi\u00f3n dada por los agentes de Fuerza Coahuila.<\/p>\n<p>De acuerdo con las autoridades, los j\u00f3venes viajaban en un Malibu blanco de reciente modelo y trataron de evitar un ret\u00e9n policiaco, esto en la autopista Premier. Los agentes los persiguieron y repelieron el ataque de Jos\u00e9 Luis Zamarripa, de 21 a\u00f1os, originario de Allende, Coahuila. El joven habr\u00eda utilizado un arma AR-15, adem\u00e1s de llevar consigo latas de mariguana, un chaleco antibalas y un radio de comunicaci\u00f3n.<\/p>\n<p>Fue entonces cuando los elementos de Fuerza Coahuila abatieron a los muchachos al defenderse de la agresi\u00f3n, inclusive las autoridades dieron a conocer que a los cad\u00e1veres se les practic\u00f3 la prueba de radizonato de sodio donde se comprueba que dispararon armas de fuego.<\/p>\n<p>INCONSISTENCIAS EN EL CASO<\/p>\n<p>El crimen de los dos j\u00f3venes dej\u00f3 en claro que se presentan serias irregularidades entre el parte policiaco y lo que verdaderamente ocurri\u00f3.<\/p>\n<p>Entre otras cosas, en el reporte se se\u00f1ala que los j\u00f3venes viajaban en direcci\u00f3n de Allende a Nueva Rosita. Se checaron las c\u00e1maras de vigilancia de la caseta de cobro y en ning\u00fan momento cruza el Malib\u00fa blanco en que viajaban.<\/p>\n<p>Otro punto es que los retenes son instalados en los carriles que dirigen al norte, de Nueva Rosita a Allende, por lo que ya se estudia la posibilidad de que se trat\u00f3 de un montaje policiaco luego de que los muchachos fueron asesinados en otro lugar de la regi\u00f3n.<\/p>\n<p>Todo esto, adem\u00e1s de que en el lugar donde supuestamente ocurri\u00f3 la persecuci\u00f3n y balacera no existen indicios del enfrentamiento, no hay casquillos percutidos \u00a1Y no hay rastros de sangre!<\/p>\n<p>El supuesto enfrentamiento ocurri\u00f3 a las 5:30 de la ma\u00f1ana de ayer, en el kil\u00f3metro 2 de la autopista Premier Nueva Rosita-Allende, m\u00e1s de una hora antes los agentes irrumpieron en el domicilio que habitaban los j\u00f3venes y se los llevaron consigo, adem\u00e1s de llevarse el autom\u00f3vil Chevrolet Malib\u00fa 2012 con placas FCK9716 del estado de Coahuila, misma que posteriormente aparecer\u00eda baleado por todas partes, con Jessica Valeria Preciado muerta en el asiento del copiloto y Jos\u00e9 Luis Le\u00f3n tirado en el suelo, a un costado de la puerta del conductor.<\/p>\n<p>DESTITUYE PGJE AL COMANDANTE \u201cDRAG\u00d3N\u201d<\/p>\n<p>Tras estos tr\u00e1gicos y sangrientos acontecimientos, la Procuradur\u00eda de Justicia trat\u00f3 de darle \u201cborr\u00f3n\u201d al doble asesinato y destituy\u00f3 a Pedro Raymundo V\u00e1zquez (alias Drag\u00f3n) del cargo de comandante de la Polic\u00eda Estatal Investigadora en la regi\u00f3n y en su lugar nombr\u00f3 a la comandante Cinthia Villa, que se desempe\u00f1aba como escolta de funcionarios del gobierno de Coahuila.<\/p>\n<p>La nueva comandante de la PEI en la Regi\u00f3n Carbon\u00edfera asumi\u00f3 el cargo en un intento m\u00e1s por acallar las demandas de justicia y esconder las arbitrariedades polic\u00edacas que se cometen en la regi\u00f3n.<\/p>\n<p><a href=\"http:\/\/democratacoahuila.com.mx\/index.php\/2016\/04\/01\/fuerza-coahuila-asesino-a-jessica-y-jose-luis-padres-exigen-justicia\" target=\"_blank\" rel=\"noopener\">http:\/\/democratacoahuila.com.mx\/index.php\/2016\/04\/01\/fuerza-coahuila-asesino-a-jessica-y-jose-luis-padres-exigen-justicia<\/a><\/p>\n","protected":false},"excerpt":{"rendered":"<p>***Los sacaron de su casa; la balacera es un montaje.- *** Procurador destituye a comandante \u201cDrag\u00f3n\u201d de Fuerza Coahuila.- Nueva Rosita, Coah.- Familiares de los j\u00f3venes supuestamente asesinados a balazos &hellip; <a href=\"https:\/\/www.grieta.org.mx\/index.php\/2016\/04\/01\/fuerza-coahuila-asesino-a-jessica-y-jose-luis-padres-exigen-justicia\/\" class=\"more-link\">Leer m\u00e1s<\/a><\/p>\n","protected":false},"author":2,"featured_media":21928,"comment_status":"closed","ping_status":"closed","sticky":false,"template":"","format":"standard","meta":{"ngg_post_thumbnail":0,"_jetpack_newsletter_access":"","_jetpack_dont_email_post_to_subs":false,"_jetpack_newsletter_tier_id":0,"_jetpack_memberships_contains_paywalled_content":false,"_jetpack_memberships_contains_paid_content":false,"footnotes":""},"categories":[80,419,2,1033],"tags":[199,589,265,590,1377,703],"class_list":["post-9859","post","type-post","status-publish","format-standard","has-post-thumbnail","hentry","category-cintillo","category-coahuila","category-noticias-nacionales","category-violencia-de-las-fuerzas-represivas-en-coahuila","tag-abuso-policiaco","tag-fuerza-coahuila","tag-impunidad","tag-montaje","tag-violencia-de-fuerzas-represivas","tag-violencia-policiaca","entry"],"jetpack_featured_media_url":"https:\/\/www.grieta.org.mx\/wp-content\/uploads\/2018\/03\/14524434_1106112876131411_958039263622046936_o.jpg","jetpack_sharing_enabled":true,"jetpack_shortlink":"https:\/\/wp.me\/p7ZJR4-2z1","jetpack_likes_enabled":false,"jetpack-related-posts":[{"id":22084,"url":"https:\/\/www.grieta.org.mx\/index.php\/2018\/03\/08\/golpea-fuerza-coahuila-a-familia-y-de-paso-allanan-y-roban-en-vivienda\/","url_meta":{"origin":9859,"position":0},"title":"Golpea Fuerza Coahuila a familia y de paso allanan y roban en vivienda","author":"grieta","date":"8 marzo, 2018","format":false,"excerpt":"El Dem\u00f3crata Saltillo, Coah., 08 de marzo de 2018.- Elementos de Fuerza Coahuila golpearon a una pareja, adem\u00e1s de robarle el dinero y aparatos que llevaban consigo. Una nueva denuncia p\u00fablica por abuso de autoridad, allanamiento y privaci\u00f3n de la libertad en contra ese cuerpo polic\u00edaco fue presentada en la\u2026","rel":"","context":"En &quot;CINTILLO&quot;","block_context":{"text":"CINTILLO","link":"https:\/\/www.grieta.org.mx\/index.php\/category\/cintillo\/"},"img":{"alt_text":"","src":"https:\/\/i0.wp.com\/www.grieta.org.mx\/wp-content\/uploads\/2018\/03\/Fuerza-Coahuila-Familia.jpg?resize=350%2C200&ssl=1","width":350,"height":200,"srcset":"https:\/\/i0.wp.com\/www.grieta.org.mx\/wp-content\/uploads\/2018\/03\/Fuerza-Coahuila-Familia.jpg?resize=350%2C200&ssl=1 1x, https:\/\/i0.wp.com\/www.grieta.org.mx\/wp-content\/uploads\/2018\/03\/Fuerza-Coahuila-Familia.jpg?resize=525%2C300&ssl=1 1.5x, https:\/\/i0.wp.com\/www.grieta.org.mx\/wp-content\/uploads\/2018\/03\/Fuerza-Coahuila-Familia.jpg?resize=700%2C400&ssl=1 2x"},"classes":[]},{"id":10159,"url":"https:\/\/www.grieta.org.mx\/index.php\/2016\/04\/08\/marchan-exigiendo-justicia\/","url_meta":{"origin":9859,"position":1},"title":"Marchan exigiendo justicia","author":"grieta","date":"8 abril, 2016","format":false,"excerpt":"Por Alfonso Villa Sabinas, Coah.- Familiares de Jos\u00e9 Cruz Cort\u00e9s Chavarr\u00eda, quien fue entregado muerto a sus familiares por el extinto grupo de \u00e9lite GATE, hoy Fuerza Coahuila, el pasado 5 de Septiembre de 2015, se sumaron a la marcha y velada en son de protesta que llevaron amigos de\u2026","rel":"","context":"En &quot;CINTILLO&quot;","block_context":{"text":"CINTILLO","link":"https:\/\/www.grieta.org.mx\/index.php\/category\/cintillo\/"},"img":{"alt_text":"","src":"https:\/\/i0.wp.com\/www.grieta.org.mx\/wp-content\/uploads\/2018\/03\/14524434_1106112876131411_958039263622046936_o.jpg?resize=350%2C200&ssl=1","width":350,"height":200,"srcset":"https:\/\/i0.wp.com\/www.grieta.org.mx\/wp-content\/uploads\/2018\/03\/14524434_1106112876131411_958039263622046936_o.jpg?resize=350%2C200&ssl=1 1x, https:\/\/i0.wp.com\/www.grieta.org.mx\/wp-content\/uploads\/2018\/03\/14524434_1106112876131411_958039263622046936_o.jpg?resize=525%2C300&ssl=1 1.5x, https:\/\/i0.wp.com\/www.grieta.org.mx\/wp-content\/uploads\/2018\/03\/14524434_1106112876131411_958039263622046936_o.jpg?resize=700%2C400&ssl=1 2x"},"classes":[]},{"id":39375,"url":"https:\/\/www.grieta.org.mx\/index.php\/2019\/09\/09\/van-mas-de-630-quejas-contra-policias-en-coahuila-por-violar-derechos\/","url_meta":{"origin":9859,"position":2},"title":"Van m\u00e1s de 630 quejas contra polic\u00edas en Coahuila por violar derechos","author":"grieta","date":"9 septiembre, 2019","format":false,"excerpt":"Armando R\u00edos\/ LA VANGUARDIA MX De acuerdo con las listas, 292 de las quejas fueron interpuestas contra elementos de Fuerza Coahuila, siendo la corporaci\u00f3n con mayor n\u00famero de acusaciones por violaciones a los derechos humanos, y en segundo lugar se encuentran las Polic\u00eda Municipales con 194 quejas Las corporaciones policiacas\u2026","rel":"","context":"En &quot;CINTILLO&quot;","block_context":{"text":"CINTILLO","link":"https:\/\/www.grieta.org.mx\/index.php\/category\/cintillo\/"},"img":{"alt_text":"","src":"https:\/\/i0.wp.com\/www.grieta.org.mx\/wp-content\/uploads\/2019\/09\/k2_items_src_fc2062aef352f80dc2215f346ba9ce28_0.jpg?resize=350%2C200&ssl=1","width":350,"height":200,"srcset":"https:\/\/i0.wp.com\/www.grieta.org.mx\/wp-content\/uploads\/2019\/09\/k2_items_src_fc2062aef352f80dc2215f346ba9ce28_0.jpg?resize=350%2C200&ssl=1 1x, https:\/\/i0.wp.com\/www.grieta.org.mx\/wp-content\/uploads\/2019\/09\/k2_items_src_fc2062aef352f80dc2215f346ba9ce28_0.jpg?resize=525%2C300&ssl=1 1.5x, https:\/\/i0.wp.com\/www.grieta.org.mx\/wp-content\/uploads\/2019\/09\/k2_items_src_fc2062aef352f80dc2215f346ba9ce28_0.jpg?resize=700%2C400&ssl=1 2x"},"classes":[]},{"id":22207,"url":"https:\/\/www.grieta.org.mx\/index.php\/2018\/03\/22\/fuerza-coahuila-asesina-a-golpes-dentro-de-celda-a-un-hombre-muzquiz-coahuila\/","url_meta":{"origin":9859,"position":3},"title":"Fuerza Coahuila asesina a golpes dentro de celda a un hombre (M\u00fazquiz, Coahuila)","author":"grieta","date":"22 marzo, 2018","format":false,"excerpt":"Muzquences exigen la salida de esa corporaci\u00f3n polic\u00edaca, demandan justicia. M\u00fazquiz, Coah., 22 de marzo.- El pueblo entero demando hoy la salida de Fuerza Coahuila del municipio de M\u00fazquiz tras de que un hombre de 37 a\u00f1os de edad habr\u00eda sido asesinado a golpes por elementos de esa corporaci\u00f3n con\u2026","rel":"","context":"En &quot;CINTILLO&quot;","block_context":{"text":"CINTILLO","link":"https:\/\/www.grieta.org.mx\/index.php\/category\/cintillo\/"},"img":{"alt_text":"","src":"https:\/\/i0.wp.com\/www.grieta.org.mx\/wp-content\/uploads\/2018\/03\/14524434_1106112876131411_958039263622046936_o.jpg?resize=350%2C200&ssl=1","width":350,"height":200,"srcset":"https:\/\/i0.wp.com\/www.grieta.org.mx\/wp-content\/uploads\/2018\/03\/14524434_1106112876131411_958039263622046936_o.jpg?resize=350%2C200&ssl=1 1x, https:\/\/i0.wp.com\/www.grieta.org.mx\/wp-content\/uploads\/2018\/03\/14524434_1106112876131411_958039263622046936_o.jpg?resize=525%2C300&ssl=1 1.5x, https:\/\/i0.wp.com\/www.grieta.org.mx\/wp-content\/uploads\/2018\/03\/14524434_1106112876131411_958039263622046936_o.jpg?resize=700%2C400&ssl=1 2x"},"classes":[]},{"id":9853,"url":"https:\/\/www.grieta.org.mx\/index.php\/2016\/09\/13\/fuerza-coahuila-asesina-a-dos-jovenes-y-monta-escena-de-enfrentamiento\/","url_meta":{"origin":9859,"position":4},"title":"Montajes, asesinatos y abusos por parte de Fuerza Coahuila y polic\u00eda estatal de Coahuila","author":"grieta","date":"13 septiembre, 2016","format":false,"excerpt":"13\/09\/16. Acusa a elementos de Fuerza Coahuila de matar al perro El Z\u00f3calo de Saltillo 12\/09\/16. Ocasionan accidentes escoltas y polic\u00edas de Fuerza Coahuila El Heraldo de Saltillo 10\/09\/16. Fuerza Coahuila allana casa y golpea a personas Vanguardia 09\/09\/16. Denuncian a polic\u00edas de Saltillo por abuso de autoridad y agresiones\u2026","rel":"","context":"En &quot;Coahuila&quot;","block_context":{"text":"Coahuila","link":"https:\/\/www.grieta.org.mx\/index.php\/category\/noticias-nacionales\/coahuila\/"},"img":{"alt_text":"","src":"https:\/\/i0.wp.com\/www.grieta.org.mx\/wp-content\/uploads\/2018\/03\/14524434_1106112876131411_958039263622046936_o.jpg?resize=350%2C200&ssl=1","width":350,"height":200,"srcset":"https:\/\/i0.wp.com\/www.grieta.org.mx\/wp-content\/uploads\/2018\/03\/14524434_1106112876131411_958039263622046936_o.jpg?resize=350%2C200&ssl=1 1x, https:\/\/i0.wp.com\/www.grieta.org.mx\/wp-content\/uploads\/2018\/03\/14524434_1106112876131411_958039263622046936_o.jpg?resize=525%2C300&ssl=1 1.5x, https:\/\/i0.wp.com\/www.grieta.org.mx\/wp-content\/uploads\/2018\/03\/14524434_1106112876131411_958039263622046936_o.jpg?resize=700%2C400&ssl=1 2x"},"classes":[]},{"id":12075,"url":"https:\/\/www.grieta.org.mx\/index.php\/2016\/05\/08\/quejas-dan-fama-a-fuerza-coahuila\/","url_meta":{"origin":9859,"position":5},"title":"Quejas dan fama a Fuerza Coahuila","author":"grieta","date":"8 mayo, 2016","format":false,"excerpt":"A menos de dos meses de haber arrancado operaciones el grupo elite Fuerza Coahuila, ha ganado notoriedad tras sumar quejas en la Comisi\u00f3n de Derechos Humanos del Estado de Coahuila (CDHEC), por probables ejecuciones, as\u00ed como por intimidaciones a integrantes de los medios de comunicaci\u00f3n. Fue el pasado 10 de\u2026","rel":"","context":"En &quot;CINTILLO&quot;","block_context":{"text":"CINTILLO","link":"https:\/\/www.grieta.org.mx\/index.php\/category\/cintillo\/"},"img":{"alt_text":"","src":"https:\/\/i0.wp.com\/www.grieta.org.mx\/wp-content\/uploads\/2016\/05\/Fuerza-Coahuila-viola.jpg?resize=350%2C200&ssl=1","width":350,"height":200},"classes":[]}],"_links":{"self":[{"href":"https:\/\/www.grieta.org.mx\/index.php\/wp-json\/wp\/v2\/posts\/9859","targetHints":{"allow":["GET"]}}],"collection":[{"href":"https:\/\/www.grieta.org.mx\/index.php\/wp-json\/wp\/v2\/posts"}],"about":[{"href":"https:\/\/www.grieta.org.mx\/index.php\/wp-json\/wp\/v2\/types\/post"}],"author":[{"embeddable":true,"href":"https:\/\/www.grieta.org.mx\/index.php\/wp-json\/wp\/v2\/users\/2"}],"replies":[{"embeddable":true,"href":"https:\/\/www.grieta.org.mx\/index.php\/wp-json\/wp\/v2\/comments?post=9859"}],"version-history":[{"count":1,"href":"https:\/\/www.grieta.org.mx\/index.php\/wp-json\/wp\/v2\/posts\/9859\/revisions"}],"predecessor-version":[{"id":24146,"href":"https:\/\/www.grieta.org.mx\/index.php\/wp-json\/wp\/v2\/posts\/9859\/revisions\/24146"}],"wp:featuredmedia":[{"embeddable":true,"href":"https:\/\/www.grieta.org.mx\/index.php\/wp-json\/wp\/v2\/media\/21928"}],"wp:attachment":[{"href":"https:\/\/www.grieta.org.mx\/index.php\/wp-json\/wp\/v2\/media?parent=9859"}],"wp:term":[{"taxonomy":"category","embeddable":true,"href":"https:\/\/www.grieta.org.mx\/index.php\/wp-json\/wp\/v2\/categories?post=9859"},{"taxonomy":"post_tag","embeddable":true,"href":"https:\/\/www.grieta.org.mx\/index.php\/wp-json\/wp\/v2\/tags?post=9859"}],"curies":[{"name":"wp","href":"https:\/\/api.w.org\/{rel}","templated":true}]}}