{"id":9840,"date":"2016-04-06T03:22:45","date_gmt":"2016-04-06T03:22:45","guid":{"rendered":"http:\/\/www.grieta.org.mx\/?p=9840"},"modified":"2016-04-06T03:22:45","modified_gmt":"2016-04-06T03:22:45","slug":"vecinos-de-poniente-denuncian-mas-proyectos-en-poniente-de-cdmx-que-se-suman-al-tren-interurbano","status":"publish","type":"post","link":"https:\/\/www.grieta.org.mx\/index.php\/2016\/04\/06\/vecinos-de-poniente-denuncian-mas-proyectos-en-poniente-de-cdmx-que-se-suman-al-tren-interurbano\/","title":{"rendered":"Vecinos de poniente denuncian m\u00e1s proyectos en Poniente de CDMX que se suman al tren interurbano"},"content":{"rendered":"<p>Apia virtual<\/p>\n<p>Eliana Gilet<\/p>\n<p>\u201cYa no se trata \u00fanicamente de la construcci\u00f3n del tren Interurbano M\u00e9xico \u2013 Toluca, sino que conforme ha pasado el tiempo el problema es mayor\u201d, se le han agregado los proyectos de ampliaci\u00f3n de las l\u00edneas 9 y 12, hasta el Centro de Transferencia Modal (Cetram) de Observatorio, que se convertir\u00eda en nudo y estaci\u00f3n del interurbano, as\u00ed como destino de las l\u00edneas, creando una mega estaci\u00f3n, del estilo de Pantitl\u00e1n o Cuatro Caminos.<\/p>\n<p>\u201cEl problema tiene que ver con los per\u00edmetros de actuaci\u00f3n para las constructoras, es decir, el \u00e1rea que delimita el gobierno alrededor de una construcci\u00f3n en la que permite el cambio de la denominaci\u00f3n del uso de suelos. Est\u00e1n permitiendo que las constructoras hagan sus proyectos sin requerirles los estudios necesarios de impacto urbano, de suelo, de topograf\u00eda\u201d, explic\u00f3 Monserrat, una de las vecinas de las colonias afectadas por estas obras p\u00fablicas proyectadas para el poniente de la ciudad.<\/p>\n<p>\u201cLas autoridades nos han ocultado sistem\u00e1ticamente la informaci\u00f3n. Nos muestran un mapa que nos dicen que es \u00fanicamente para divulgaci\u00f3n, que no es el plano oficial. Sabemos que est\u00e1n actuando secretamente. Si no son los planos oficiales, \u00bfpara qu\u00e9 nos los muestran? Nos han hecho perder el tiempo\u201d, agreg\u00f3.<\/p>\n<p>Movilizados desde el a\u00f1o pasado, cuando el 14 de setiembre de 2015 se dio a conocer la modificaci\u00f3n del trazado del tren que en vez de pasar por la Avenida Vasco de Quiroga, se lo corr\u00eda a pasar por la barranca del R\u00edo Tacubaya. Las comisiones de vecinos autoconvocados ya hab\u00edan denunciado en este portal que la mega-construcci\u00f3n ha sido planeada con informes faltos de calidad y rigurosidad.<br \/>\nDenunciaron entonces que la zona en que se proyecta el pasaje del tren est\u00e1 llena de t\u00faneles de arena subterr\u00e1neos \u2013 de las antiguas minas que se explotaron en la zona \u2013 as\u00ed como el entube del R\u00edo Tacubaya que pasa por debajo de las colonias ubicadas en las barrancas de \u00c1lvaro Obreg\u00f3n. Lo que vienen a decir es que la base sobre la que se proyecta la mega construcci\u00f3n es endeble para soportar un viaducto elevado y un carril de tren, que hace que sea un peligro inminente, no s\u00f3lo para los vecinos, sino para futuros pasajeros y trabajadores del tren.<\/p>\n<p>A fines del a\u00f1o pasado, los vecinos se movilizaron exigiendo una mesa de di\u00e1logo para conocer las afectaciones y el trazado del tren. En esa instancia, fueron salvajemente reprimidos por 12 mil granaderos enviados para impedir el acceso de la marcha, en su mayor\u00eda mujeres y personas mayores, hacia la casa presidencial de Los Pinos. Fueron golpeados y varios debieron ser hospitalizados, mientras uno de ellos, referente de la organizaci\u00f3n fue detenido y se le inici\u00f3 un proceso que a\u00fan contin\u00faa. Por m\u00e1s que los reprimidos denunciaron la acci\u00f3n sanguinaria de los uniformados, que entre otras cosas vandalizaron el lugar y actuaron de manera desproporcionada y violenta, no han obtenido respuesta.<\/p>\n<p>Lo que s\u00ed consiguieron fue la instalaci\u00f3n de la mesa de di\u00e1logo, el problema es que \u00e9sta no ha sido eficaz. \u201cReclamamos que a las mesas de trabajo con la Secretar\u00eda de Comunicaci\u00f3n y Transportes vayan personas con capacidad de decisi\u00f3n, ya sea Miguel \u00c1ngel Mancera, -jefe de gobierno de la ciudad de M\u00e9xico-, o Patricia Mercado, -encargada de la secretar\u00eda de la ciudad, la segunda al mando de Mancera-. Hasta ahora nos han atendido los trabajadores de la Secretar\u00eda, pero como nos dicen que no manejan bien los temas, nos han puesto como mediadores a los trabajadores de las empresas constructoras que ya est\u00e1n definidas.\u201d<\/p>\n<p>A falta de informaci\u00f3n oficial veraz y seria, los vecinos han recurrido a ingenios de confianza que han estudiado lo obtenido en las instancias con la Secretar\u00eda de Comunicaci\u00f3n y Transportes.<br \/>\nLa extensi\u00f3n de la l\u00ednea 12 del metro, que unir\u00eda Mixcoac con Observatorio, afectar\u00eda unas 34 colonias, s\u00f3lo esa obra.<\/p>\n<p>\u201cBuscando informaci\u00f3n por nuestra parte, dimos con el proyecto que una de las constructoras present\u00f3 para el Cetram Observatorio y adem\u00e1s de la terminal, le proyectan encima un centro comercial y m\u00e1s arriba, un hotel. No se trata \u00fanicamente de obras de uso p\u00fablico, sino que tambi\u00e9n hay beneficios para privados, \u00bfqui\u00e9n va a construir el hotel?\u201d<\/p>\n<p><a href=\"http:\/\/apia-virtual.com\/2016\/04\/05\/vecinos-de-poniente-denuncian-mas-proyectos-en-poniente-de-cdmx-que-se-suman-al-tren-interurbano\/\" target=\"_blank\">http:\/\/apia-virtual.com\/2016\/04\/05\/vecinos-de-poniente-denuncian-mas-proyectos-en-poniente-de-cdmx-que-se-suman-al-tren-interurbano\/<\/a><\/p>\n","protected":false},"excerpt":{"rendered":"<p>Apia virtual Eliana Gilet \u201cYa no se trata \u00fanicamente de la construcci\u00f3n del tren Interurbano M\u00e9xico \u2013 Toluca, sino que conforme ha pasado el tiempo el problema es mayor\u201d, se &hellip; <a href=\"https:\/\/www.grieta.org.mx\/index.php\/2016\/04\/06\/vecinos-de-poniente-denuncian-mas-proyectos-en-poniente-de-cdmx-que-se-suman-al-tren-interurbano\/\" class=\"more-link\">Leer m\u00e1s<\/a><\/p>\n","protected":false},"author":2,"featured_media":21928,"comment_status":"closed","ping_status":"closed","sticky":false,"template":"","format":"standard","meta":{"ngg_post_thumbnail":0,"_jetpack_newsletter_access":"","_jetpack_dont_email_post_to_subs":false,"_jetpack_newsletter_tier_id":0,"_jetpack_memberships_contains_paywalled_content":false,"_jetpack_memberships_contains_paid_content":false,"footnotes":""},"categories":[80],"tags":[],"class_list":["post-9840","post","type-post","status-publish","format-standard","has-post-thumbnail","hentry","category-cintillo","entry"],"jetpack_featured_media_url":"https:\/\/www.grieta.org.mx\/wp-content\/uploads\/2018\/03\/14524434_1106112876131411_958039263622046936_o.jpg","jetpack_sharing_enabled":true,"jetpack_shortlink":"https:\/\/wp.me\/p7ZJR4-2yI","jetpack_likes_enabled":false,"jetpack-related-posts":[{"id":9741,"url":"https:\/\/www.grieta.org.mx\/index.php\/2016\/04\/26\/oposicion-a-ampliacion-de-linea-12-del-metro\/","url_meta":{"origin":9840,"position":0},"title":"Organizaci\u00f3n contra megaproyectos en el Poniente de la Ciudad de M\u00e9xico","author":"grieta","date":"26 abril, 2016","format":false,"excerpt":"25\/04\/16. Comuneros en Cuajimalpa son golpeados por oponerse a Tren InterurbanoSomos el medio 25\/04\/16. Golpeadores revientan protesta de comuneros por la construcci\u00f3n del tren interurbano M\u00e9xico-TolucaLa Jornada 05\/04\/16. Vecinos de poniente denuncian m\u00e1s proyectos en Poniente de CDMX que se suman al tren interurbano Apia Virtual 04\/04\/16. Se oponen vecinos\u2026","rel":"","context":"En &quot;Ciudad de M\u00e9xico&quot;","block_context":{"text":"Ciudad de M\u00e9xico","link":"https:\/\/www.grieta.org.mx\/index.php\/category\/noticias-nacionales\/ciudad-de-mexico\/"},"img":{"alt_text":"","src":"https:\/\/i0.wp.com\/www.grieta.org.mx\/wp-content\/uploads\/2018\/03\/14524434_1106112876131411_958039263622046936_o.jpg?resize=350%2C200&ssl=1","width":350,"height":200,"srcset":"https:\/\/i0.wp.com\/www.grieta.org.mx\/wp-content\/uploads\/2018\/03\/14524434_1106112876131411_958039263622046936_o.jpg?resize=350%2C200&ssl=1 1x, https:\/\/i0.wp.com\/www.grieta.org.mx\/wp-content\/uploads\/2018\/03\/14524434_1106112876131411_958039263622046936_o.jpg?resize=525%2C300&ssl=1 1.5x, https:\/\/i0.wp.com\/www.grieta.org.mx\/wp-content\/uploads\/2018\/03\/14524434_1106112876131411_958039263622046936_o.jpg?resize=700%2C400&ssl=1 2x"},"classes":[]},{"id":9846,"url":"https:\/\/www.grieta.org.mx\/index.php\/2016\/02\/02\/los-megaproyectos-al-poniente-de-la-ciudad-de-mexico\/","url_meta":{"origin":9840,"position":1},"title":"Los megaproyectos al Poniente de la Ciudad de M\u00e9xico","author":"grieta","date":"2 febrero, 2016","format":false,"excerpt":"Apia Virtual Por Ricardo Mendoza Tras la creaci\u00f3n de la ciudad financiera de Santa Fe, se inaugur\u00f3 la pol\u00edtica neoliberal inmobiliaria, acompa\u00f1ada de las subsecuentes expropiaciones para limpiar las zonas en donde era necesario privatizar los territorios sin importar que estos estuvieran ya ocupados. Curiosamente es con los llamados gobiernos\u2026","rel":"","context":"En &quot;CINTILLO&quot;","block_context":{"text":"CINTILLO","link":"https:\/\/www.grieta.org.mx\/index.php\/category\/cintillo\/"},"img":{"alt_text":"","src":"https:\/\/i0.wp.com\/www.grieta.org.mx\/wp-content\/uploads\/2018\/03\/14524434_1106112876131411_958039263622046936_o.jpg?resize=350%2C200&ssl=1","width":350,"height":200,"srcset":"https:\/\/i0.wp.com\/www.grieta.org.mx\/wp-content\/uploads\/2018\/03\/14524434_1106112876131411_958039263622046936_o.jpg?resize=350%2C200&ssl=1 1x, https:\/\/i0.wp.com\/www.grieta.org.mx\/wp-content\/uploads\/2018\/03\/14524434_1106112876131411_958039263622046936_o.jpg?resize=525%2C300&ssl=1 1.5x, https:\/\/i0.wp.com\/www.grieta.org.mx\/wp-content\/uploads\/2018\/03\/14524434_1106112876131411_958039263622046936_o.jpg?resize=700%2C400&ssl=1 2x"},"classes":[]},{"id":10027,"url":"https:\/\/www.grieta.org.mx\/index.php\/2015\/11\/13\/policias-del-df-agreden-manifestacion-pacifica-contra-tren-interurbano\/","url_meta":{"origin":9840,"position":2},"title":"Polic\u00edas del DF agreden manifestaci\u00f3n pac\u00edfica contra Tren Interurbano","author":"grieta","date":"13 noviembre, 2015","format":false,"excerpt":"M\u00e1sde131 Por Fabi\u00e1n Bonilla L\u00f3pez 13 de noviembre 2015. Viernes de inicio del Buen Fin y la gente que vive en la zona del poniente, afectados por el Tren interurbano M\u00e9xico-Toluca, dijeron queremos \u201cvivir bien\u201d. Intentaron marchar rumbo a Los Pinos para entregar una carta al presidente y frenar el\u2026","rel":"","context":"En &quot;CINTILLO&quot;","block_context":{"text":"CINTILLO","link":"https:\/\/www.grieta.org.mx\/index.php\/category\/cintillo\/"},"img":{"alt_text":"","src":"https:\/\/i0.wp.com\/www.grieta.org.mx\/wp-content\/uploads\/2018\/03\/14524434_1106112876131411_958039263622046936_o.jpg?resize=350%2C200&ssl=1","width":350,"height":200,"srcset":"https:\/\/i0.wp.com\/www.grieta.org.mx\/wp-content\/uploads\/2018\/03\/14524434_1106112876131411_958039263622046936_o.jpg?resize=350%2C200&ssl=1 1x, https:\/\/i0.wp.com\/www.grieta.org.mx\/wp-content\/uploads\/2018\/03\/14524434_1106112876131411_958039263622046936_o.jpg?resize=525%2C300&ssl=1 1.5x, https:\/\/i0.wp.com\/www.grieta.org.mx\/wp-content\/uploads\/2018\/03\/14524434_1106112876131411_958039263622046936_o.jpg?resize=700%2C400&ssl=1 2x"},"classes":[]},{"id":11381,"url":"https:\/\/www.grieta.org.mx\/index.php\/2016\/04\/25\/golpeadores-revientan-protesta-de-comuneros-por-la-construccion-del-tren-interurbano-mexico-toluca\/","url_meta":{"origin":9840,"position":3},"title":"Golpeadores revientan protesta de comuneros por la construcci\u00f3n del tren interurbano M\u00e9xico-Toluca","author":"grieta","date":"25 abril, 2016","format":false,"excerpt":"Ra\u00fal Llanos Samaniego Denunciaban el da\u00f1o que causa la obra; acusan a Gabino Sandoval de los ataques Cuando protestaban por el da\u00f1o ambiental que sufrir\u00e1 Cuajimalpa por la construcci\u00f3n de la v\u00eda del tren interurbano M\u00e9xico-Toluca, habitantes del pueblo de San Lorenzo Acopilco fueron agredidos por golpeadores, y al menos\u2026","rel":"","context":"En &quot;cdmx&quot;","block_context":{"text":"cdmx","link":"https:\/\/www.grieta.org.mx\/index.php\/category\/cdmx\/"},"img":{"alt_text":"","src":"https:\/\/i0.wp.com\/www.grieta.org.mx\/wp-content\/uploads\/2018\/03\/14524434_1106112876131411_958039263622046936_o.jpg?resize=350%2C200&ssl=1","width":350,"height":200,"srcset":"https:\/\/i0.wp.com\/www.grieta.org.mx\/wp-content\/uploads\/2018\/03\/14524434_1106112876131411_958039263622046936_o.jpg?resize=350%2C200&ssl=1 1x, https:\/\/i0.wp.com\/www.grieta.org.mx\/wp-content\/uploads\/2018\/03\/14524434_1106112876131411_958039263622046936_o.jpg?resize=525%2C300&ssl=1 1.5x, https:\/\/i0.wp.com\/www.grieta.org.mx\/wp-content\/uploads\/2018\/03\/14524434_1106112876131411_958039263622046936_o.jpg?resize=700%2C400&ssl=1 2x"},"classes":[]},{"id":10004,"url":"https:\/\/www.grieta.org.mx\/index.php\/2015\/10\/22\/reabren-frente-contra-tren-interurbano-mexico-toluca\/","url_meta":{"origin":9840,"position":4},"title":"Reabren frente contra Tren Interurbano M\u00e9xico-Toluca","author":"grieta","date":"22 octubre, 2015","format":false,"excerpt":"Excelsior Los inconformes se\u00f1alaron que el nuevo trazo por la zona de barrancas afectar\u00e1 decenas de viviendas Francisco Pazos Vecinos han demostrado su descontento con el proyecto del Tren Interurbano M\u00e9xico-Toluca. El debate por la construcci\u00f3n del Tren Interurbano M\u00e9xico-Toluca fue reabierto por vecinos de la zona baja de las\u2026","rel":"","context":"En &quot;CINTILLO&quot;","block_context":{"text":"CINTILLO","link":"https:\/\/www.grieta.org.mx\/index.php\/category\/cintillo\/"},"img":{"alt_text":"","src":"https:\/\/i0.wp.com\/www.grieta.org.mx\/wp-content\/uploads\/2018\/03\/14524434_1106112876131411_958039263622046936_o.jpg?resize=350%2C200&ssl=1","width":350,"height":200,"srcset":"https:\/\/i0.wp.com\/www.grieta.org.mx\/wp-content\/uploads\/2018\/03\/14524434_1106112876131411_958039263622046936_o.jpg?resize=350%2C200&ssl=1 1x, https:\/\/i0.wp.com\/www.grieta.org.mx\/wp-content\/uploads\/2018\/03\/14524434_1106112876131411_958039263622046936_o.jpg?resize=525%2C300&ssl=1 1.5x, https:\/\/i0.wp.com\/www.grieta.org.mx\/wp-content\/uploads\/2018\/03\/14524434_1106112876131411_958039263622046936_o.jpg?resize=700%2C400&ssl=1 2x"},"classes":[]},{"id":71905,"url":"https:\/\/www.grieta.org.mx\/index.php\/2025\/07\/03\/vecinos-de-el-capulin-denuncian-un-ano-sin-soluciones-por-danos-del-tren-interurbano-mexico-toluca\/","url_meta":{"origin":9840,"position":5},"title":"Vecinos de El Capul\u00edn denuncian un a\u00f1o sin soluciones por da\u00f1os del Tren Interurbano M\u00e9xico-Toluca","author":"grieta","date":"3 julio, 2025","format":false,"excerpt":"Al menos 30 viviendas de la colonia El Capul\u00edn presentan da\u00f1os estructurales debido a las obras del Tren Interurbano\u00a0\/\u00a0Foto\/ Ignacio Huitzil Aurelio S\u00e1nchez \/ La Prensa Advirtieron que los apoyos mensuales podr\u00edan ser retirados por parte de la Comisi\u00f3n de Transporte Ferroviario, bajo el argumento de que deben justificar los\u2026","rel":"","context":"En &quot;CINTILLO&quot;","block_context":{"text":"CINTILLO","link":"https:\/\/www.grieta.org.mx\/index.php\/category\/cintillo\/"},"img":{"alt_text":"","src":"https:\/\/i0.wp.com\/www.grieta.org.mx\/wp-content\/uploads\/2025\/07\/Captura-de-pantalla-2025-07-03-224710.png?resize=350%2C200&ssl=1","width":350,"height":200,"srcset":"https:\/\/i0.wp.com\/www.grieta.org.mx\/wp-content\/uploads\/2025\/07\/Captura-de-pantalla-2025-07-03-224710.png?resize=350%2C200&ssl=1 1x, https:\/\/i0.wp.com\/www.grieta.org.mx\/wp-content\/uploads\/2025\/07\/Captura-de-pantalla-2025-07-03-224710.png?resize=525%2C300&ssl=1 1.5x, https:\/\/i0.wp.com\/www.grieta.org.mx\/wp-content\/uploads\/2025\/07\/Captura-de-pantalla-2025-07-03-224710.png?resize=700%2C400&ssl=1 2x"},"classes":[]}],"_links":{"self":[{"href":"https:\/\/www.grieta.org.mx\/index.php\/wp-json\/wp\/v2\/posts\/9840","targetHints":{"allow":["GET"]}}],"collection":[{"href":"https:\/\/www.grieta.org.mx\/index.php\/wp-json\/wp\/v2\/posts"}],"about":[{"href":"https:\/\/www.grieta.org.mx\/index.php\/wp-json\/wp\/v2\/types\/post"}],"author":[{"embeddable":true,"href":"https:\/\/www.grieta.org.mx\/index.php\/wp-json\/wp\/v2\/users\/2"}],"replies":[{"embeddable":true,"href":"https:\/\/www.grieta.org.mx\/index.php\/wp-json\/wp\/v2\/comments?post=9840"}],"version-history":[{"count":1,"href":"https:\/\/www.grieta.org.mx\/index.php\/wp-json\/wp\/v2\/posts\/9840\/revisions"}],"predecessor-version":[{"id":9842,"href":"https:\/\/www.grieta.org.mx\/index.php\/wp-json\/wp\/v2\/posts\/9840\/revisions\/9842"}],"wp:featuredmedia":[{"embeddable":true,"href":"https:\/\/www.grieta.org.mx\/index.php\/wp-json\/wp\/v2\/media\/21928"}],"wp:attachment":[{"href":"https:\/\/www.grieta.org.mx\/index.php\/wp-json\/wp\/v2\/media?parent=9840"}],"wp:term":[{"taxonomy":"category","embeddable":true,"href":"https:\/\/www.grieta.org.mx\/index.php\/wp-json\/wp\/v2\/categories?post=9840"},{"taxonomy":"post_tag","embeddable":true,"href":"https:\/\/www.grieta.org.mx\/index.php\/wp-json\/wp\/v2\/tags?post=9840"}],"curies":[{"name":"wp","href":"https:\/\/api.w.org\/{rel}","templated":true}]}}