{"id":9818,"date":"2016-01-27T02:38:14","date_gmt":"2016-01-27T02:38:14","guid":{"rendered":"http:\/\/www.grieta.org.mx\/?p=9818"},"modified":"2016-04-06T02:40:32","modified_gmt":"2016-04-06T02:40:32","slug":"viuda-de-normalista-protesta-con-feretro-vacio-frente-a-pgr","status":"publish","type":"post","link":"https:\/\/www.grieta.org.mx\/index.php\/2016\/01\/27\/viuda-de-normalista-protesta-con-feretro-vacio-frente-a-pgr\/","title":{"rendered":"Viuda de normalista protesta con f\u00e9retro vaci\u00f3 frente a PGR"},"content":{"rendered":"<p>Somos el medio<\/p>\n<p><img loading=\"lazy\" decoding=\"async\" data-attachment-id=\"9819\" data-permalink=\"https:\/\/www.grieta.org.mx\/index.php\/2016\/01\/27\/viuda-de-normalista-protesta-con-feretro-vacio-frente-a-pgr\/5-2\/\" data-orig-file=\"https:\/\/www.grieta.org.mx\/wp-content\/uploads\/2016\/04\/5-1.jpg\" data-orig-size=\"700,380\" data-comments-opened=\"0\" data-image-meta=\"{&quot;aperture&quot;:&quot;0&quot;,&quot;credit&quot;:&quot;&quot;,&quot;camera&quot;:&quot;&quot;,&quot;caption&quot;:&quot;&quot;,&quot;created_timestamp&quot;:&quot;0&quot;,&quot;copyright&quot;:&quot;&quot;,&quot;focal_length&quot;:&quot;0&quot;,&quot;iso&quot;:&quot;0&quot;,&quot;shutter_speed&quot;:&quot;0&quot;,&quot;title&quot;:&quot;&quot;,&quot;orientation&quot;:&quot;0&quot;}\" data-image-title=\"5\" data-image-description=\"\" data-image-caption=\"\" data-medium-file=\"https:\/\/www.grieta.org.mx\/wp-content\/uploads\/2016\/04\/5-1-300x163.jpg\" data-large-file=\"https:\/\/www.grieta.org.mx\/wp-content\/uploads\/2016\/04\/5-1.jpg\" src=\"http:\/\/www.grieta.org.mx\/wp-content\/uploads\/2016\/04\/5-1.jpg\" alt=\"5\" width=\"700\" height=\"380\" class=\"alignnone size-full wp-image-9819\" srcset=\"https:\/\/www.grieta.org.mx\/wp-content\/uploads\/2016\/04\/5-1.jpg 700w, https:\/\/www.grieta.org.mx\/wp-content\/uploads\/2016\/04\/5-1-300x163.jpg 300w\" sizes=\"auto, (max-width: 700px) 100vw, 700px\" \/><\/p>\n<p>Foto: Mario Marloe\/Somoselmedio.org<\/p>\n<p>Paloma Montes<br \/>\nUn f\u00e9retro espera frente a las instalaciones de la Procuradur\u00eda General de la Rep\u00fablica (PGR). Junto a \u00e9l, una joven viuda denuncia: \u201cEst\u00e1n haciendo tiempo para desgastarnos, para tensarnos, para que nos quedemos solas\u201d.<\/p>\n<p>En noviembre del a\u00f1o pasado, Marisa Mendoza y la familia Mondrag\u00f3n Fontes decidieron exhumar los restos de Julio, el normalista de Ayotzinapa ejecutado extrajudicialmente la noche del 26 de septiembre.<\/p>\n<p>Su decisi\u00f3n ten\u00eda como objetivo saber qu\u00e9 ocurri\u00f3 la noche del homicidio. Ahora, acusan, el Estado los castiga por esa osad\u00eda y los obliga a esperar tres meses para devolverles el cuerpo de Julio.<\/p>\n<p>Tras colocar el ata\u00fad frente a las instalaciones de la PGR, la familia enlist\u00f3 las omisiones de la investigaci\u00f3n: \u201cla ropa de Julio no fue analizada como elemento para esclarecer las condiciones de su muerte, tampoco existe registro de que fuera asegurada ni se nos devolvi\u00f3. Tampoco sabemos qu\u00e9 ocurri\u00f3 con el globo ocular izquierdo que le fue arrancado\u201d.<\/p>\n<p>Seg\u00fan anuncios p\u00fablicos realizados por la Comisi\u00f3n Nacional de Seguridad y la PGR, el viernes pasado se detuvo a Mauro Taboada, quien estar\u00eda vinculado con la ejecuci\u00f3n de Julio. Sin embargo, el \u00fanico lazo que implica al sospechoso en la muerte de Julio es una declaraci\u00f3n de otro detenido, El Cabo Gil. <\/p>\n<p>Para Marisa Mendoza dos l\u00edneas de declaraci\u00f3n no son suficientes para hacer justicia a su marido: \u201cJulio fue v\u00edctima de tortura y ejecuci\u00f3n extrajudicial en un ataque tumultuario. Por ning\u00fan motivo aceptamos la teor\u00eda del asesino solitario. Las m\u00faltiples facturas que sufri\u00f3 en t\u00f3rax y cr\u00e1neo, as\u00ed como las marcas de arrastre que se observan en su cuerpo no pudieron ser cometidas por un solo individuo\u201d.<\/p>\n<p>Acompa\u00f1ada por los familiares de los normalistas desaparecidos, Marisa camin\u00f3 con el ata\u00fad hasta la Suprema Corte de Justicia. Entre todas las preguntas que tiene sobre la muerte de Julio, una sobresale: \u00bfcu\u00e1ndo ser\u00e1 devuelto su cuerpo?<\/p>\n<p><a href=\"http:\/\/www.somoselmedio.org\/article\/protestan-en-pgr-con-con-f%C3%A9retro-vaci%C3%B3-de-normalista\" target=\"_blank\">http:\/\/www.somoselmedio.org\/article\/protestan-en-pgr-con-con-f%C3%A9retro-vaci%C3%B3-de-normalista<\/a><\/p>\n","protected":false},"excerpt":{"rendered":"<p>Somos el medio Foto: Mario Marloe\/Somoselmedio.org Paloma Montes Un f\u00e9retro espera frente a las instalaciones de la Procuradur\u00eda General de la Rep\u00fablica (PGR). Junto a \u00e9l, una joven viuda denuncia: &hellip; <a href=\"https:\/\/www.grieta.org.mx\/index.php\/2016\/01\/27\/viuda-de-normalista-protesta-con-feretro-vacio-frente-a-pgr\/\" class=\"more-link\">Leer m\u00e1s<\/a><\/p>\n","protected":false},"author":2,"featured_media":21928,"comment_status":"closed","ping_status":"closed","sticky":false,"template":"","format":"standard","meta":{"ngg_post_thumbnail":0,"_jetpack_newsletter_access":"","_jetpack_dont_email_post_to_subs":false,"_jetpack_newsletter_tier_id":0,"_jetpack_memberships_contains_paywalled_content":false,"_jetpack_memberships_contains_paid_content":false,"footnotes":""},"categories":[80],"tags":[229],"class_list":["post-9818","post","type-post","status-publish","format-standard","has-post-thumbnail","hentry","category-cintillo","tag-solidaridad-con-ayotzinapa","entry"],"jetpack_featured_media_url":"https:\/\/www.grieta.org.mx\/wp-content\/uploads\/2018\/03\/14524434_1106112876131411_958039263622046936_o.jpg","jetpack_sharing_enabled":true,"jetpack_shortlink":"https:\/\/wp.me\/p7ZJR4-2ym","jetpack_likes_enabled":false,"jetpack-related-posts":[{"id":9694,"url":"https:\/\/www.grieta.org.mx\/index.php\/2016\/07\/31\/movilizaciones-por-ayotzinapa-en-la-ciudad-de-mexico\/","url_meta":{"origin":9818,"position":0},"title":"Movilizaciones por Ayotzinapa en la Ciudad de M\u00e9xico","author":"grieta","date":"31 julio, 2016","format":false,"excerpt":"27\/07\/16. 22 meses de exigir justicia para Ayotzinapa (CDMX)Ke Huelga Radio 07\/07\/16. Padres y madres de los normalistas instalan plant\u00f3n frente a la SRESomos el medio 27\/06\/16. 21 Meses sin ellos y el oportunismo beligeranteRadio Zapote 26\/04\/16. \u00a1GIEI, s\u00ed! \u00a1Pe\u00f1a, no!.. La exigencia a 19 meses de AyotzinapaM\u00e1s de 131\u2026","rel":"","context":"En &quot;Ciudad de M\u00e9xico&quot;","block_context":{"text":"Ciudad de M\u00e9xico","link":"https:\/\/www.grieta.org.mx\/index.php\/category\/noticias-nacionales\/ciudad-de-mexico\/"},"img":{"alt_text":"","src":"https:\/\/i0.wp.com\/www.grieta.org.mx\/wp-content\/uploads\/2018\/03\/14524434_1106112876131411_958039263622046936_o.jpg?resize=350%2C200&ssl=1","width":350,"height":200,"srcset":"https:\/\/i0.wp.com\/www.grieta.org.mx\/wp-content\/uploads\/2018\/03\/14524434_1106112876131411_958039263622046936_o.jpg?resize=350%2C200&ssl=1 1x, https:\/\/i0.wp.com\/www.grieta.org.mx\/wp-content\/uploads\/2018\/03\/14524434_1106112876131411_958039263622046936_o.jpg?resize=525%2C300&ssl=1 1.5x, https:\/\/i0.wp.com\/www.grieta.org.mx\/wp-content\/uploads\/2018\/03\/14524434_1106112876131411_958039263622046936_o.jpg?resize=700%2C400&ssl=1 2x"},"classes":[]},{"id":9771,"url":"https:\/\/www.grieta.org.mx\/index.php\/2015\/11\/26\/padres-de-ayotzinapa-instalan-planton-indefinido-en-chivatito-exigen-nombrar-a-nuevo-fiscal\/","url_meta":{"origin":9818,"position":1},"title":"Padres de Ayotzinapa instalan plant\u00f3n indefinido en Chivatito; exigen nombrar a nuevo fiscal","author":"grieta","date":"26 noviembre, 2015","format":false,"excerpt":"Animal Pol\u00edtico El plant\u00f3n se instal\u00f3 en demanda de la designaci\u00f3n del fiscal especial y del grupo t\u00e9cnico que realizar\u00e1 la nueva investigaci\u00f3n del caso. Padres de Ayotzinapa instalan plant\u00f3n indefinido en Chivatito; exigen nombrar a nuevo fiscal Alrededor de 200 personas estar\u00e1n en el plant\u00f3n, indic\u00f3 el padre de\u2026","rel":"","context":"En &quot;CINTILLO&quot;","block_context":{"text":"CINTILLO","link":"https:\/\/www.grieta.org.mx\/index.php\/category\/cintillo\/"},"img":{"alt_text":"","src":"https:\/\/i0.wp.com\/www.grieta.org.mx\/wp-content\/uploads\/2018\/03\/14524434_1106112876131411_958039263622046936_o.jpg?resize=350%2C200&ssl=1","width":350,"height":200,"srcset":"https:\/\/i0.wp.com\/www.grieta.org.mx\/wp-content\/uploads\/2018\/03\/14524434_1106112876131411_958039263622046936_o.jpg?resize=350%2C200&ssl=1 1x, https:\/\/i0.wp.com\/www.grieta.org.mx\/wp-content\/uploads\/2018\/03\/14524434_1106112876131411_958039263622046936_o.jpg?resize=525%2C300&ssl=1 1.5x, https:\/\/i0.wp.com\/www.grieta.org.mx\/wp-content\/uploads\/2018\/03\/14524434_1106112876131411_958039263622046936_o.jpg?resize=700%2C400&ssl=1 2x"},"classes":[]},{"id":18019,"url":"https:\/\/www.grieta.org.mx\/index.php\/2015\/09\/19\/acusa-familia-de-jhosivani-de-falta-de-etica-a-la-pgr\/","url_meta":{"origin":9818,"position":2},"title":"Acusa familia de Jhosivani de falta de \u00e9tica a la PGR","author":"grieta","date":"19 septiembre, 2015","format":false,"excerpt":"Bajo Palabra Los familiares de Jhosivani Guerrero de la Cruz, uno de los 43 normalistas desaparecidos el pasado 26 de septiembre y cuyos restos fueron relacionados por expertos forenses de la Universidad de Innsbruk, con rasgos gen\u00e9ticos de esta familia, acusaron a la PGR de \u201cfalta de \u00e9tica\u201d. A trav\u00e9s\u2026","rel":"","context":"En &quot;CINTILLO&quot;","block_context":{"text":"CINTILLO","link":"https:\/\/www.grieta.org.mx\/index.php\/category\/cintillo\/"},"img":{"alt_text":"","src":"https:\/\/i0.wp.com\/www.grieta.org.mx\/wp-content\/uploads\/2018\/03\/14524434_1106112876131411_958039263622046936_o.jpg?resize=350%2C200&ssl=1","width":350,"height":200,"srcset":"https:\/\/i0.wp.com\/www.grieta.org.mx\/wp-content\/uploads\/2018\/03\/14524434_1106112876131411_958039263622046936_o.jpg?resize=350%2C200&ssl=1 1x, https:\/\/i0.wp.com\/www.grieta.org.mx\/wp-content\/uploads\/2018\/03\/14524434_1106112876131411_958039263622046936_o.jpg?resize=525%2C300&ssl=1 1.5x, https:\/\/i0.wp.com\/www.grieta.org.mx\/wp-content\/uploads\/2018\/03\/14524434_1106112876131411_958039263622046936_o.jpg?resize=700%2C400&ssl=1 2x"},"classes":[]},{"id":5705,"url":"https:\/\/www.grieta.org.mx\/index.php\/2015\/03\/24\/normalistas-y-madres-de-ayotzinapa-marcharan-en-guadalajara\/","url_meta":{"origin":9818,"position":3},"title":"Normalistas y madres de Ayotzinapa marchar\u00e1n en Guadalajara","author":"grieta","date":"24 marzo, 2015","format":false,"excerpt":"Redacci\u00f3nN\u00f3mada.- Los estudiantes de la Normal Rural Isidro Burgos subrayan la importancia de unificar las luchas y no dejar a los padres de familia solos con su dolor. Invitan a participar en la marcha del jueves 26 de marzo que conmemora seis meses del asesinato de tres estudiantes y la\u2026","rel":"","context":"En &quot;CINTILLO&quot;","block_context":{"text":"CINTILLO","link":"https:\/\/www.grieta.org.mx\/index.php\/category\/cintillo\/"},"img":{"alt_text":"","src":"https:\/\/i0.wp.com\/www.grieta.org.mx\/wp-content\/uploads\/2018\/03\/14524434_1106112876131411_958039263622046936_o.jpg?resize=350%2C200&ssl=1","width":350,"height":200,"srcset":"https:\/\/i0.wp.com\/www.grieta.org.mx\/wp-content\/uploads\/2018\/03\/14524434_1106112876131411_958039263622046936_o.jpg?resize=350%2C200&ssl=1 1x, https:\/\/i0.wp.com\/www.grieta.org.mx\/wp-content\/uploads\/2018\/03\/14524434_1106112876131411_958039263622046936_o.jpg?resize=525%2C300&ssl=1 1.5x, https:\/\/i0.wp.com\/www.grieta.org.mx\/wp-content\/uploads\/2018\/03\/14524434_1106112876131411_958039263622046936_o.jpg?resize=700%2C400&ssl=1 2x"},"classes":[]},{"id":2752,"url":"https:\/\/www.grieta.org.mx\/index.php\/2015\/09\/26\/marchan-maestros-en-manzanillo-hasta-la-pgr-en-apoyo-a-los-43\/","url_meta":{"origin":9818,"position":4},"title":"Marchan Maestros en Manzanillo Hasta la PGR en Apoyo a los 43","author":"grieta","date":"26 septiembre, 2015","format":false,"excerpt":"Krystel Noyola Encargados de las oficinas de la Procuradur\u00eda General de la Rep\u00fablica (PGR) en Manzanillo, cerraron las puertas al ver la presencia de medio centenar de maestros que exig\u00edan justicia por los 43 estudiantes normalistas desaparecidos hace un a\u00f1o en Ayotzinapa, Guerrero. El contingente de maestros y padres de\u2026","rel":"","context":"En &quot;CINTILLO&quot;","block_context":{"text":"CINTILLO","link":"https:\/\/www.grieta.org.mx\/index.php\/category\/cintillo\/"},"img":{"alt_text":"","src":"https:\/\/i0.wp.com\/www.grieta.org.mx\/wp-content\/uploads\/2018\/03\/14524434_1106112876131411_958039263622046936_o.jpg?resize=350%2C200&ssl=1","width":350,"height":200,"srcset":"https:\/\/i0.wp.com\/www.grieta.org.mx\/wp-content\/uploads\/2018\/03\/14524434_1106112876131411_958039263622046936_o.jpg?resize=350%2C200&ssl=1 1x, https:\/\/i0.wp.com\/www.grieta.org.mx\/wp-content\/uploads\/2018\/03\/14524434_1106112876131411_958039263622046936_o.jpg?resize=525%2C300&ssl=1 1.5x, https:\/\/i0.wp.com\/www.grieta.org.mx\/wp-content\/uploads\/2018\/03\/14524434_1106112876131411_958039263622046936_o.jpg?resize=700%2C400&ssl=1 2x"},"classes":[]},{"id":18340,"url":"https:\/\/www.grieta.org.mx\/index.php\/2016\/07\/27\/22-meses-de-exigir-justicia-para-ayotzinapa-cdmx\/","url_meta":{"origin":9818,"position":5},"title":"22 meses de exigir justicia para Ayotzinapa (CDMX)","author":"grieta","date":"27 julio, 2016","format":false,"excerpt":"Este 26 de julio, se cumplieron 22 meses de los hechos violentos en Iguala, Guerrero, en donde 43 estudiantes fueron desaparecidos y asesinados. La Acci\u00f3n Global por Ayotzinapa n\u00famero 22 se realiz\u00f3 en Ciudad Monstruo con una marcha que parti\u00f3 del Plant\u00f3n de la PGR al antimonumento por los 43,\u2026","rel":"","context":"En &quot;cdmx&quot;","block_context":{"text":"cdmx","link":"https:\/\/www.grieta.org.mx\/index.php\/category\/cdmx\/"},"img":{"alt_text":"","src":"https:\/\/i0.wp.com\/www.grieta.org.mx\/wp-content\/uploads\/2018\/03\/14524434_1106112876131411_958039263622046936_o.jpg?resize=350%2C200&ssl=1","width":350,"height":200,"srcset":"https:\/\/i0.wp.com\/www.grieta.org.mx\/wp-content\/uploads\/2018\/03\/14524434_1106112876131411_958039263622046936_o.jpg?resize=350%2C200&ssl=1 1x, https:\/\/i0.wp.com\/www.grieta.org.mx\/wp-content\/uploads\/2018\/03\/14524434_1106112876131411_958039263622046936_o.jpg?resize=525%2C300&ssl=1 1.5x, https:\/\/i0.wp.com\/www.grieta.org.mx\/wp-content\/uploads\/2018\/03\/14524434_1106112876131411_958039263622046936_o.jpg?resize=700%2C400&ssl=1 2x"},"classes":[]}],"_links":{"self":[{"href":"https:\/\/www.grieta.org.mx\/index.php\/wp-json\/wp\/v2\/posts\/9818","targetHints":{"allow":["GET"]}}],"collection":[{"href":"https:\/\/www.grieta.org.mx\/index.php\/wp-json\/wp\/v2\/posts"}],"about":[{"href":"https:\/\/www.grieta.org.mx\/index.php\/wp-json\/wp\/v2\/types\/post"}],"author":[{"embeddable":true,"href":"https:\/\/www.grieta.org.mx\/index.php\/wp-json\/wp\/v2\/users\/2"}],"replies":[{"embeddable":true,"href":"https:\/\/www.grieta.org.mx\/index.php\/wp-json\/wp\/v2\/comments?post=9818"}],"version-history":[{"count":1,"href":"https:\/\/www.grieta.org.mx\/index.php\/wp-json\/wp\/v2\/posts\/9818\/revisions"}],"predecessor-version":[{"id":9820,"href":"https:\/\/www.grieta.org.mx\/index.php\/wp-json\/wp\/v2\/posts\/9818\/revisions\/9820"}],"wp:featuredmedia":[{"embeddable":true,"href":"https:\/\/www.grieta.org.mx\/index.php\/wp-json\/wp\/v2\/media\/21928"}],"wp:attachment":[{"href":"https:\/\/www.grieta.org.mx\/index.php\/wp-json\/wp\/v2\/media?parent=9818"}],"wp:term":[{"taxonomy":"category","embeddable":true,"href":"https:\/\/www.grieta.org.mx\/index.php\/wp-json\/wp\/v2\/categories?post=9818"},{"taxonomy":"post_tag","embeddable":true,"href":"https:\/\/www.grieta.org.mx\/index.php\/wp-json\/wp\/v2\/tags?post=9818"}],"curies":[{"name":"wp","href":"https:\/\/api.w.org\/{rel}","templated":true}]}}