{"id":9768,"date":"2015-10-26T02:56:19","date_gmt":"2015-10-26T02:56:19","guid":{"rendered":"http:\/\/www.grieta.org.mx\/?p=9768"},"modified":"2016-04-05T03:00:05","modified_gmt":"2016-04-05T03:00:05","slug":"a-13-meses-de-desapariciones-padres-de-ayotzinapa-piden-que-militares-sean-investigados","status":"publish","type":"post","link":"https:\/\/www.grieta.org.mx\/index.php\/2015\/10\/26\/a-13-meses-de-desapariciones-padres-de-ayotzinapa-piden-que-militares-sean-investigados\/","title":{"rendered":"A 13 meses de desapariciones, padres de Ayotzinapa piden que militares sean investigados"},"content":{"rendered":"<p>24 HORAS<\/p>\n<p>Familiares de los 43 marcharon del \u00c1ngel de la Independencia al Hemiciclo a Ju\u00e1rez, donde realzaron un mitin<\/p>\n<p>Los padres y madres de los estudiantes de la Escuela Normal Rural Ra\u00fal Isidro Burgos de Ayotzinapa desaparecidos el 26 de septiembre del 2014 en Iguala, Guerrero, exigieron la presentaci\u00f3n con vida de sus hijos y pidieron que el Estado permita que los militares del 27 batall\u00f3n de infanter\u00eda sean investigados.<\/p>\n<p>\u201cLos militares sab\u00edan lo que estaba ocurriendo la noche del 26 de septiembre de 2014. Este gobierno debe permitir que sean investigados los elementos implicados: polic\u00edas federales y militares. Queremos que este caso se esclarezca\u201d, dijo Melit\u00f3n Ortega.<\/p>\n<p>Durante un mitin en el Hemiciclo a Ju\u00e1rez, dijeron que se seguir\u00e1n manifestando hasta saber la verdad de lo que sucedi\u00f3 con sus hijos.<\/p>\n<p>,Asimismo, reiteraron que no aceptar\u00e1n dinero como indemnizaci\u00f3n, \u201cporque nuestros hijos no tienen preciso\u201d.<\/p>\n<p>Una de las madres de las v\u00edctimas dijo que \u201cbuscamos a nuestros hijos con vida, no en fosas porque ellos siguen vivos\u201d.<\/p>\n<p>Este lunes, padres y madres de los 43 normalistas de Ayotzinapa desaparecidos en Iguala, Guerrero, marcharon en la Ciudad de M\u00e9xico al cumplirse 13 meses de su desaparici\u00f3n.<\/p>\n<p>La manifestaci\u00f3n sali\u00f3 del \u00c1ngel de la Independencia rumbo al Hemiciclo a Ju\u00e1rez.<\/p>\n<p>Durante su recorrido, los padres de los normalistas desaparecidos se detuvieron en el antimonumento, el cual est\u00e1 ubicado sobre el Paseo de la Reforma, donde pasaron lista con los nombres de sus hijos.<\/p>\n<p>Alrededor de las 16:00 horas, los familiares de los normalistas se reunieron en el \u00c1ngel de la Independencia y avanzaron sobre Paseo de la Reforma, lo que ocasiono recortes de circulaci\u00f3n.  <\/p>\n<p>En el contingente se sumaron pobladores de San Salvador Atenco y algunas organizaciones civiles, estudiantes de diferentes escuelas Normales del pa\u00eds y maestros de la Coordinadora Nacional de Trabajadores de la Educaci\u00f3n (CNTE).<\/p>\n<p>Padres y madres de los 43 normalistas de Ayotzinapa desaparecidos en Iguala exigieron al gobierno federal cumpla las recomendaciones y los nuevos puntos suscritos con el GIEI, para reorientar la investigaci\u00f3n en b\u00fasqueda de sus hijos al cumplirse 13 meses de su desaparici\u00f3n.<\/p>\n<p>Desde temprano, los padres ofrecieron una conferencia de prensa en el Hemiciclo a Ju\u00e1rez, para dar su posicionamiento como parte de las actividades de la Acci\u00f3n Global por Ayotzinapa donde denunciaron una campa\u00f1a de hostigamiento desde el poder p\u00fablico que pretende descalificar y desprestigiar a las v\u00edctimas, a los familiares y a sus representantes legales, e incluso a la Comisi\u00f3n Interamericana de Derechos Humanos.<\/p>\n<p>Al cumplirse un a\u00f1o y un mes de las desapariciones, padres, familiares y diversas organizaciones sociales se organizaron en cinco brigadas informativas las cuales visitaron diversos medios de comunicaci\u00f3n para compartir su posicionamiento p\u00fablico sobre la versi\u00f3n que les ha dado la Procuradur\u00eda General de la Rep\u00fablica (PGR) sobre el caso.<\/p>\n<p>En su tour por los medios demandaron al presidente Enrique Pe\u00f1a Nieto que haga suyo el peritaje sobre la desaparici\u00f3n de los 43. \u201cSeguimos firmes para seguir luchando hasta las \u00faltimas consecuencias\u201d, agregaron<\/p>\n<p>Insistieron en la presencia del Grupo Interdisciplinario de Expertos Independientes de la Comisi\u00f3n Interamericana de Derechos Humanos (CIDH) para investigar y dar con el paradero de sus hijos.<\/p>\n<p><a href=\"http:\/\/www.24-horas.mx\/a-13-meses-de-desapariciones-padres-de-ayotzinapa-piden-que-militares-sean-investigados\/\" target=\"_blank\">http:\/\/www.24-horas.mx\/a-13-meses-de-desapariciones-padres-de-ayotzinapa-piden-que-militares-sean-investigados\/<\/a><\/p>\n","protected":false},"excerpt":{"rendered":"<p>24 HORAS Familiares de los 43 marcharon del \u00c1ngel de la Independencia al Hemiciclo a Ju\u00e1rez, donde realzaron un mitin Los padres y madres de los estudiantes de la Escuela &hellip; <a href=\"https:\/\/www.grieta.org.mx\/index.php\/2015\/10\/26\/a-13-meses-de-desapariciones-padres-de-ayotzinapa-piden-que-militares-sean-investigados\/\" class=\"more-link\">Leer m\u00e1s<\/a><\/p>\n","protected":false},"author":2,"featured_media":21928,"comment_status":"closed","ping_status":"closed","sticky":false,"template":"","format":"standard","meta":{"ngg_post_thumbnail":0,"_jetpack_newsletter_access":"","_jetpack_dont_email_post_to_subs":false,"_jetpack_newsletter_tier_id":0,"_jetpack_memberships_contains_paywalled_content":false,"_jetpack_memberships_contains_paid_content":false,"footnotes":""},"categories":[80],"tags":[229],"class_list":["post-9768","post","type-post","status-publish","format-standard","has-post-thumbnail","hentry","category-cintillo","tag-solidaridad-con-ayotzinapa","entry"],"jetpack_featured_media_url":"https:\/\/www.grieta.org.mx\/wp-content\/uploads\/2018\/03\/14524434_1106112876131411_958039263622046936_o.jpg","jetpack_sharing_enabled":true,"jetpack_shortlink":"https:\/\/wp.me\/p7ZJR4-2xy","jetpack_likes_enabled":false,"jetpack-related-posts":[{"id":11370,"url":"https:\/\/www.grieta.org.mx\/index.php\/2016\/04\/26\/ayotzinapa-19-meses-sin-justicia\/","url_meta":{"origin":9768,"position":0},"title":"Ayotzinapa 19 meses sin justicia","author":"grieta","date":"26 abril, 2016","format":false,"excerpt":"Mario Marlo Arturo Lara Los padres y madres de los estudiantes denunciaron la estrategia que ha implementado el gobierno para dividirlos Ciudad de M\u00e9xico 26 de abril 2016.- M\u00e1s de tres mil personas se dieron cita en el \u00c1ngel de la Independencia para acompa\u00f1ar a los padres y madres de\u2026","rel":"","context":"En &quot;cdmx&quot;","block_context":{"text":"cdmx","link":"https:\/\/www.grieta.org.mx\/index.php\/category\/cdmx\/"},"img":{"alt_text":"","src":"https:\/\/i0.wp.com\/www.grieta.org.mx\/wp-content\/uploads\/2018\/03\/14524434_1106112876131411_958039263622046936_o.jpg?resize=350%2C200&ssl=1","width":350,"height":200,"srcset":"https:\/\/i0.wp.com\/www.grieta.org.mx\/wp-content\/uploads\/2018\/03\/14524434_1106112876131411_958039263622046936_o.jpg?resize=350%2C200&ssl=1 1x, https:\/\/i0.wp.com\/www.grieta.org.mx\/wp-content\/uploads\/2018\/03\/14524434_1106112876131411_958039263622046936_o.jpg?resize=525%2C300&ssl=1 1.5x, https:\/\/i0.wp.com\/www.grieta.org.mx\/wp-content\/uploads\/2018\/03\/14524434_1106112876131411_958039263622046936_o.jpg?resize=700%2C400&ssl=1 2x"},"classes":[]},{"id":11367,"url":"https:\/\/www.grieta.org.mx\/index.php\/2016\/04\/27\/marcha-de-padres-de-los-43-exigen-a-pena-dar-la-cara\/","url_meta":{"origin":9768,"position":1},"title":"Marcha de padres de los 43; exigen a Pe\u00f1a \u201cdar la cara\u201d","author":"grieta","date":"27 abril, 2016","format":false,"excerpt":"Por Jos\u00e9 Antonio Rom\u00e1n Ciudad de M\u00e9xico. Padres de familia de los 43 estudiantes desaparecidos de Ayotzinapa, acompa\u00f1ados de decenas de personas de diversas organizaciones de la sociedad civil, iniciaron a la 17:50 su marcha del \u00c1ngel de la Independencia al Hemiciclo a Ju\u00e1rez. Luego de m\u00e1s de hora y\u2026","rel":"","context":"En &quot;cdmx&quot;","block_context":{"text":"cdmx","link":"https:\/\/www.grieta.org.mx\/index.php\/category\/cdmx\/"},"img":{"alt_text":"","src":"https:\/\/i0.wp.com\/www.grieta.org.mx\/wp-content\/uploads\/2018\/03\/14524434_1106112876131411_958039263622046936_o.jpg?resize=350%2C200&ssl=1","width":350,"height":200,"srcset":"https:\/\/i0.wp.com\/www.grieta.org.mx\/wp-content\/uploads\/2018\/03\/14524434_1106112876131411_958039263622046936_o.jpg?resize=350%2C200&ssl=1 1x, https:\/\/i0.wp.com\/www.grieta.org.mx\/wp-content\/uploads\/2018\/03\/14524434_1106112876131411_958039263622046936_o.jpg?resize=525%2C300&ssl=1 1.5x, https:\/\/i0.wp.com\/www.grieta.org.mx\/wp-content\/uploads\/2018\/03\/14524434_1106112876131411_958039263622046936_o.jpg?resize=700%2C400&ssl=1 2x"},"classes":[]},{"id":8936,"url":"https:\/\/www.grieta.org.mx\/index.php\/2015\/04\/27\/tras-arribo-movilizacion-por-ayotzinapa-realiza-mitin-en-el-centro-historico\/","url_meta":{"origin":9768,"position":2},"title":"Tras arribo, movilizaci\u00f3n por Ayotzinapa realiza mitin en el Centro Hist\u00f3rico","author":"Admin","date":"27 abril, 2015","format":false,"excerpt":"Morelia, Michoac\u00e1n.- Arrib\u00f3 al Centro Hist\u00f3rico la movilizaci\u00f3n que padres de familia de los 43 estudiantes normalistas desaparecidos en septiembre del 2014 en Iguala, Guerrero realizan como parte de la Acci\u00f3n Global por Ayotzinapa. Con alrededor de 500 manifestantes, la manifestaci\u00f3n parti\u00f3 de Casa de Gobierno con direcci\u00f3n hacia el\u2026","rel":"","context":"En &quot;CINTILLO&quot;","block_context":{"text":"CINTILLO","link":"https:\/\/www.grieta.org.mx\/index.php\/category\/cintillo\/"},"img":{"alt_text":"","src":"https:\/\/i0.wp.com\/www.grieta.org.mx\/wp-content\/uploads\/2018\/03\/14524434_1106112876131411_958039263622046936_o.jpg?resize=350%2C200&ssl=1","width":350,"height":200,"srcset":"https:\/\/i0.wp.com\/www.grieta.org.mx\/wp-content\/uploads\/2018\/03\/14524434_1106112876131411_958039263622046936_o.jpg?resize=350%2C200&ssl=1 1x, https:\/\/i0.wp.com\/www.grieta.org.mx\/wp-content\/uploads\/2018\/03\/14524434_1106112876131411_958039263622046936_o.jpg?resize=525%2C300&ssl=1 1.5x, https:\/\/i0.wp.com\/www.grieta.org.mx\/wp-content\/uploads\/2018\/03\/14524434_1106112876131411_958039263622046936_o.jpg?resize=700%2C400&ssl=1 2x"},"classes":[]},{"id":9694,"url":"https:\/\/www.grieta.org.mx\/index.php\/2016\/07\/31\/movilizaciones-por-ayotzinapa-en-la-ciudad-de-mexico\/","url_meta":{"origin":9768,"position":3},"title":"Movilizaciones por Ayotzinapa en la Ciudad de M\u00e9xico","author":"grieta","date":"31 julio, 2016","format":false,"excerpt":"27\/07\/16. 22 meses de exigir justicia para Ayotzinapa (CDMX)Ke Huelga Radio 07\/07\/16. Padres y madres de los normalistas instalan plant\u00f3n frente a la SRESomos el medio 27\/06\/16. 21 Meses sin ellos y el oportunismo beligeranteRadio Zapote 26\/04\/16. \u00a1GIEI, s\u00ed! \u00a1Pe\u00f1a, no!.. La exigencia a 19 meses de AyotzinapaM\u00e1s de 131\u2026","rel":"","context":"En &quot;Ciudad de M\u00e9xico&quot;","block_context":{"text":"Ciudad de M\u00e9xico","link":"https:\/\/www.grieta.org.mx\/index.php\/category\/noticias-nacionales\/ciudad-de-mexico\/"},"img":{"alt_text":"","src":"https:\/\/i0.wp.com\/www.grieta.org.mx\/wp-content\/uploads\/2018\/03\/14524434_1106112876131411_958039263622046936_o.jpg?resize=350%2C200&ssl=1","width":350,"height":200,"srcset":"https:\/\/i0.wp.com\/www.grieta.org.mx\/wp-content\/uploads\/2018\/03\/14524434_1106112876131411_958039263622046936_o.jpg?resize=350%2C200&ssl=1 1x, https:\/\/i0.wp.com\/www.grieta.org.mx\/wp-content\/uploads\/2018\/03\/14524434_1106112876131411_958039263622046936_o.jpg?resize=525%2C300&ssl=1 1.5x, https:\/\/i0.wp.com\/www.grieta.org.mx\/wp-content\/uploads\/2018\/03\/14524434_1106112876131411_958039263622046936_o.jpg?resize=700%2C400&ssl=1 2x"},"classes":[]},{"id":18184,"url":"https:\/\/www.grieta.org.mx\/index.php\/2015\/07\/15\/padres-de-ayotzinapa-intentan-ingresar-al-cuartel-militar-de-iguala-y-los-repelen-con-gases\/","url_meta":{"origin":9768,"position":4},"title":"Padres de Ayotzinapa intentan ingresar al cuartel militar de Iguala y los repelen con gases","author":"grieta","date":"15 julio, 2015","format":false,"excerpt":"El Sur Alejandro Guerrero Padres de los 43 normalistas de Ayotzinapa detenidos-desaparecidos intentaron ingresar a las instalaciones del 27 Batall\u00f3n de Infanter\u00eda, en Iguala, pero fueron repelidos por soldados del Ej\u00e9rcito con equipo antimotines que utilizaron gas lacrim\u00f3geno para dispersarlos. En las instalaciones del cuartel militar, los padres de familia\u2026","rel":"","context":"En &quot;CINTILLO&quot;","block_context":{"text":"CINTILLO","link":"https:\/\/www.grieta.org.mx\/index.php\/category\/cintillo\/"},"img":{"alt_text":"","src":"https:\/\/i0.wp.com\/www.grieta.org.mx\/wp-content\/uploads\/2018\/03\/14524434_1106112876131411_958039263622046936_o.jpg?resize=350%2C200&ssl=1","width":350,"height":200,"srcset":"https:\/\/i0.wp.com\/www.grieta.org.mx\/wp-content\/uploads\/2018\/03\/14524434_1106112876131411_958039263622046936_o.jpg?resize=350%2C200&ssl=1 1x, https:\/\/i0.wp.com\/www.grieta.org.mx\/wp-content\/uploads\/2018\/03\/14524434_1106112876131411_958039263622046936_o.jpg?resize=525%2C300&ssl=1 1.5x, https:\/\/i0.wp.com\/www.grieta.org.mx\/wp-content\/uploads\/2018\/03\/14524434_1106112876131411_958039263622046936_o.jpg?resize=700%2C400&ssl=1 2x"},"classes":[]},{"id":72250,"url":"https:\/\/www.grieta.org.mx\/index.php\/2025\/08\/27\/madres-y-padres-de-los-43-normalistas-exigen-a-claudia-sheinbaum-verdad-y-justicia-a-11-anos-de-ayotzinapa\/","url_meta":{"origin":9768,"position":5},"title":"Madres y padres de los 43 normalistas exigen a Claudia Sheinbaum verdad y justicia a 11 a\u00f1os de Ayotzinapa","author":"grieta","date":"27 agosto, 2025","format":false,"excerpt":"Por\u00a0Redacci\u00f3n\u00a0\/\u00a0@Somoselmedio Madres, padres y estudiantes exigen justicia y castigo a los responsables de la desaparici\u00f3n forzada de los 43 de Ayotzinapa, a 11 a\u00f1os de la tragedia. Denuncian la falta de avances en las investigaciones y la protecci\u00f3n del Ej\u00e9rcito por tres gobiernos. Ciudad de M\u00e9xico, 26 de agosto de\u2026","rel":"","context":"En &quot;CINTILLO&quot;","block_context":{"text":"CINTILLO","link":"https:\/\/www.grieta.org.mx\/index.php\/category\/cintillo\/"},"img":{"alt_text":"","src":"https:\/\/i0.wp.com\/www.grieta.org.mx\/wp-content\/uploads\/2025\/08\/Captura-de-pantalla-2025-08-28-215352.png?resize=350%2C200&ssl=1","width":350,"height":200},"classes":[]}],"_links":{"self":[{"href":"https:\/\/www.grieta.org.mx\/index.php\/wp-json\/wp\/v2\/posts\/9768","targetHints":{"allow":["GET"]}}],"collection":[{"href":"https:\/\/www.grieta.org.mx\/index.php\/wp-json\/wp\/v2\/posts"}],"about":[{"href":"https:\/\/www.grieta.org.mx\/index.php\/wp-json\/wp\/v2\/types\/post"}],"author":[{"embeddable":true,"href":"https:\/\/www.grieta.org.mx\/index.php\/wp-json\/wp\/v2\/users\/2"}],"replies":[{"embeddable":true,"href":"https:\/\/www.grieta.org.mx\/index.php\/wp-json\/wp\/v2\/comments?post=9768"}],"version-history":[{"count":1,"href":"https:\/\/www.grieta.org.mx\/index.php\/wp-json\/wp\/v2\/posts\/9768\/revisions"}],"predecessor-version":[{"id":9769,"href":"https:\/\/www.grieta.org.mx\/index.php\/wp-json\/wp\/v2\/posts\/9768\/revisions\/9769"}],"wp:featuredmedia":[{"embeddable":true,"href":"https:\/\/www.grieta.org.mx\/index.php\/wp-json\/wp\/v2\/media\/21928"}],"wp:attachment":[{"href":"https:\/\/www.grieta.org.mx\/index.php\/wp-json\/wp\/v2\/media?parent=9768"}],"wp:term":[{"taxonomy":"category","embeddable":true,"href":"https:\/\/www.grieta.org.mx\/index.php\/wp-json\/wp\/v2\/categories?post=9768"},{"taxonomy":"post_tag","embeddable":true,"href":"https:\/\/www.grieta.org.mx\/index.php\/wp-json\/wp\/v2\/tags?post=9768"}],"curies":[{"name":"wp","href":"https:\/\/api.w.org\/{rel}","templated":true}]}}