{"id":9761,"date":"2015-09-27T02:00:54","date_gmt":"2015-09-27T02:00:54","guid":{"rendered":"http:\/\/www.grieta.org.mx\/?p=9761"},"modified":"2016-04-05T02:36:07","modified_gmt":"2016-04-05T02:36:07","slug":"no-habra-olvido-claman-miles-a-un-ano-de-la-tragedia-en-iguala","status":"publish","type":"post","link":"https:\/\/www.grieta.org.mx\/index.php\/2015\/09\/27\/no-habra-olvido-claman-miles-a-un-ano-de-la-tragedia-en-iguala\/","title":{"rendered":"&#8220;No habr\u00e1 olvido&#8221;, claman miles a un a\u00f1o de la tragedia en Iguala"},"content":{"rendered":"<p>La Jornada<\/p>\n<p>Ayotzinapa, la herida abierta<\/p>\n<p>&#8220;Si el gobierno le apost\u00f3 al cansancio, est\u00e1 perdiendo&#8221;, aseguran padres de los 43<\/p>\n<p>Durante la marcha advierten que no descansar\u00e1n hasta que los estudiantes sean presentados con vida<\/p>\n<p>Laura Poy y Arturo S\u00e1nchez<\/p>\n<p>Al cumplirse ayer un a\u00f1o de la desaparici\u00f3n de 43 normalistas de Ayotzinapa, la exigencia fue clara: &#8220;Justicia, presentaci\u00f3n con vida y rechazo al olvido&#8221;. Los padres de los estudiantes y miles de ciudadanos que exigen su regreso a casa marcharon en la capital del pa\u00eds para rechazar la verdad hist\u00f3rica y reiterar que &#8220;no habr\u00e1 olvido y no nos callaremos&#8221;.<\/p>\n<p>En su mensaje, a 365 d\u00edas de la desaparici\u00f3n forzada de los j\u00f3venes, quienes fueron atacados por fuerzas policiacas y civiles armados la noche del 26 y la madrugada del 27 de septiembre del a\u00f1o pasado, los padres de las v\u00edctimas se\u00f1alaron que &#8220;ya est\u00e1 bien de tantas mentiras de este gobierno; nos han hecho sufrir mucho&#8221;.<\/p>\n<p>Advirtieron que si el gobierno federal &#8220;le apost\u00f3 al cansancio, est\u00e1 perdiendo, y si le apost\u00f3 al olvido, ya se jodi\u00f3&#8221;.<\/p>\n<p>Uno de los reclamos m\u00e1s insistentes fue para el presidente Enrique Pe\u00f1a Nieto: &#8220;Queremos que se vaya con todo su gabinete, pero antes que nos entregue a nuestros hijos&#8221;.<\/p>\n<p>Carmelita Cruz, madre del normalista Jorge An\u00edbal Cruz, afirm\u00f3 que &#8220;ellos saben d\u00f3nde est\u00e1n&#8221;.<\/p>\n<p>Mario C\u00e9sar G\u00f3nzalez, padre de C\u00e9sar Manuel, record\u00f3: &#8220;Hace un a\u00f1o, a las 17:35 horas, escuche por \u00faltima vez la voz de mi hijo en una llamada telef\u00f3nica&#8221;. Afirm\u00f3 que ha sido un a\u00f1o muy dif\u00edcil, pero &#8220;de mucho aprendizaje, pues me ha ense\u00f1ado al verdadero M\u00e9xico y c\u00f3mo lo est\u00e1 destrozando el Estado&#8221;.<\/p>\n<p>Junto a \u00e9l, Emiliano Navarrete, padre de Jos\u00e9 \u00c1ngel, se\u00f1al\u00f3 que &#8220;pareciera que la naturaleza nos dice que las cosas se repiten: hace un a\u00f1o, en un d\u00eda como hoy, tambi\u00e9n estaba lloviendo&#8221;.<\/p>\n<p>Ante miles de manifestantes, que pese a la persistente lluvia permanecieron en el Z\u00f3calo de la ciudad de M\u00e9xico, Felipe de la Cruz, vocero de los padres, se\u00f1al\u00f3 que la mentira hist\u00f3rica del gobierno &#8220;se ha hecho pedazos por la verdad cient\u00edfica&#8221; del Grupo Interdisciplinario de Expertos Independientes (GIEI), de la Comisi\u00f3n Interamericana de Derechos Humanos.<\/p>\n<p>Melit\u00f3n Ortega apunt\u00f3 que los padres \u201cno vamos a permitir que este caso se cierre, como lo ha intentado este gobierno a trav\u00e9s de mil maneras, queriendo imponer su verdad hist\u00f3rica\u201d.<\/p>\n<p>Fue el d\u00eda de la indignaci\u00f3n. Desde las primeras horas de ayer cientos de manifestantes, entre ellos estudiantes, trabajadores, maestros, jubilados, integrantes de organizaciones civiles y defensores de derechos humanos, se concentraron en diferentes puntos de Paseo de la Reforma para sumarse a la &#8220;marcha por la dignidad&#8221;.<\/p>\n<p>El contingente, encabezado por los padres de familia, inici\u00f3 la movilizaci\u00f3n a las 12:30 horas en las inmediaciones de la glorieta de Chivatito, con una declaraci\u00f3n formal: &#8220;Aqu\u00ed estamos con el dolor de que hace un a\u00f1o no sabemos nada de nuestros hijos. Vean nuestros rostros. No nos estamos dando por vencidos. Seguiremos luchando para encontarlos&#8221;.<\/p>\n<p>Un mosaico multicolor de carteles y mantas, personas y edades se mantuvo cerca de los padres de familia que, resguardados por un cord\u00f3n de seguridad, avanzaron por Paseo de la Reforma acompa\u00f1ados de miles de voces que corearon consignas como: &#8220;\u00a1No est\u00e1n solos, no est\u00e1n solos!&#8221;, &#8220;\u00a1Ayotzinapa somos todos!&#8221;, &#8220;\u00a1Fuera Pe\u00f1a!&#8221; y &#8220;\u00a126 de septiembre no se olvida!&#8221;, y tambi\u00e9n por el resonar de los caracoles prehisp\u00e1nicos y distintos ritmos mexicanos.<\/p>\n<p>Los j\u00f3venes fueron mayor\u00eda. Ah\u00ed estaban los estudiantes de la Universidad Nacional Aut\u00f3noma de M\u00e9xico, del Instituto Polit\u00e9cnico Nacional y de la Universidad Aut\u00f3noma Metropolitana, marchando junto a los de la Universidad Iberoamericana, el Instituto Tecnol\u00f3gico Aut\u00f3nomo de M\u00e9xico o la Escuela Nacional de Antropolog\u00eda e Historia, as\u00ed como los que iban a t\u00edtulo personal o como integrantes de organizaciones civiles y defensoras de derechos humanos.<\/p>\n<p>Al contingente tambi\u00e9n se sumaron creadores y escritores, entre ellos Elena Poniatowska y Jesusa Rodr\u00edguez.<\/p>\n<p>Poniatowska, galardonada con el premio Pr\u00edncipe de Asturias, portaba un cartel con la leyenda &#8220;Hoy el cielo llora. Ma\u00f1ana la luna sangra en la tierra. 43 semillas crecen, ser\u00e1n el sol de la justicia&#8221;.<\/p>\n<p>En su recorrido por las principales calles de la ciudad de M\u00e9xico cientos de personas se congregaron en la banqueta y el camell\u00f3n de Paseo de la Reforma para esperar al contingente. As\u00ed, en puntos centrales como el Museo Nacional de Antropolog\u00eda, la Estela de Luz y el \u00c1ngel de la Independencia se sumaron a la marcha.<\/p>\n<p>Diversas expresiones art\u00edsticas dejaron huella de la indignaci\u00f3n por la desaparici\u00f3n de los normalistas. Carteles, mantas, pendones, cajas de cart\u00f3n o banderas fueron los medios para comunicar el repudio al olvido y la exigencia de justicia.<\/p>\n<p>Miles de manos portaron carteles con leyendas como: &#8220;\u00a1Un M\u00e9xico cansado, pero no paralizado!&#8221;, &#8220;\u00bfCu\u00e1ntos desaparecidos necesita este pa\u00eds para despertar?&#8221;, &#8220;No lo decimos despacito, lo decimos con fuerza. Investigaci\u00f3n al Ej\u00e9rcito, ya&#8221;, y &#8220;Fue el Estado&#8221;.<\/p>\n<p>A pesar que durante gran parte de la movilizaci\u00f3n se hicieron llamados a mantener una protesta pac\u00edfica, un grupo de j\u00f3venes encapuchados cometi\u00f3 destrozos en mobiliario urbano de Paseo de la Reforma, a la altura del Museo Nacional de Antropolog\u00eda, y a partir de las inmediaciones del Senado realiz\u00f3 pintas y lanz\u00f3 decenas de petardos. Tambi\u00e9n arroj\u00f3 piedras y botellas a las fachadas de los comercios aleda\u00f1os. Una de ellas, ubicada a un costado del hotel Hilton, qued\u00f3 destrozada.<\/p>\n<p>Este grupo, de no m\u00e1s de 100 personas, se enfrent\u00f3 con elementos de la Secretar\u00eda de Seguridad P\u00fablica del Distrito Federal, en el Eje Central y avenida Ju\u00e1rez, lo que interrumpi\u00f3 el paso de los numerosos contingentes que se dirig\u00edan al Z\u00f3calo. &#8220;No violencia, no violencia&#8221;, gritaban los manifestantes.<\/p>\n<p>En tanto, los padres de los normalistas iniciaron el mitin central con un llamado a mantener la unidad y la esperanza. &#8220;\u00a1Ni la lluvia ni el viento detendr\u00e1n este movimiento!&#8221;, afirm\u00f3 Vidulfo Rosales, abogado de los padres de los estudiantes.<\/p>\n<p>Exhort\u00f3 a hacer de la indignaci\u00f3n una fuerza para la organizaci\u00f3n: &#8220;Estamos aqu\u00ed no s\u00f3lo para exigir la aparici\u00f3n con vida de nuestros 43 normalistas, sino tambi\u00e9n para demandar justicia por los m\u00e1s de 25 mil desaparecidos del pa\u00eds. Pero tambi\u00e9n debemos luchar por quienes han sido despojados de su tierra. Que no haya ni una lucha aislada m\u00e1s&#8221;.<\/p>\n<p>Melit\u00f3n Ortega record\u00f3 que a lo largo de este a\u00f1o no s\u00f3lo han recorrido el pa\u00eds buscando justicia, sino tambi\u00e9n han visitado diversas naciones de Am\u00e9rica y Europa. &#8220;Aqu\u00ed est\u00e1 la muestra de la indignaci\u00f3n, del coraz\u00f3n del pueblo mexicano. Ayotzinapa no es un caso aislado; las desapariciones se dan en todo el pa\u00eds&#8221;.<\/p>\n<p>Bajo una llovizna que no abandon\u00f3 a los manifestantes, minutos despu\u00e9s de las 18 horas, y luego de que dirigentes sindicales del magisterio y de los telefonistas, as\u00ed como estudiantes y organizaciones civiles reiteraron su apoyo en la b\u00fasqueda de justicia y presentaci\u00f3n con vida de los normalistas, concluy\u00f3 el mitin, que fue trending topic en las redes sociales con el hashtag #DiaDeLaIndignaci\u00f3n.<\/p>\n<p>Al concluir la marcha, la Secretar\u00eda de Seguridad P\u00fablica del Distrito Federal inform\u00f3 que pese a las pintas y disturbios protagonizados por j\u00f3venes encapuchados en diferentes puntos de las avenidas Reforma, Ju\u00e1rez y Eje Central, hubo saldo blanco.<\/p>\n<p>Sin embargo, personal de la Comisi\u00f3n de Derechos Humanos del Distrito Federal, que acompa\u00f1o la movilizaci\u00f3n, report\u00f3 la detenci\u00f3n de una persona, en el cruce de la calle Rosales y la avenida Hidalgo, la cual en un principio se dijo ser\u00eda remitida a la agencia 50 del Ministerio P\u00fablico, pero calles adelante fue liberada.<\/p>\n<p>El jefe de Gobierno del Distrito Federal, Miguel \u00c1ngel Mancera, se\u00f1al\u00f3 en d\u00edas pasados que los granaderos no estar\u00edan presentes en la marcha; sin embargo, se concentraron en cuatro puntos aleda\u00f1os a la movilizaci\u00f3n.<\/p>\n<p>(Con informaci\u00f3n de Josefina Quintero)<\/p>\n<p><a href=\"http:\/\/www.jornada.unam.mx\/2015\/09\/27\/politica\/003n1pol\" target=\"_blank\">http:\/\/www.jornada.unam.mx\/2015\/09\/27\/politica\/003n1pol<\/a><\/p>\n","protected":false},"excerpt":{"rendered":"<p>La Jornada Ayotzinapa, la herida abierta &#8220;Si el gobierno le apost\u00f3 al cansancio, est\u00e1 perdiendo&#8221;, aseguran padres de los 43 Durante la marcha advierten que no descansar\u00e1n hasta que los &hellip; <a href=\"https:\/\/www.grieta.org.mx\/index.php\/2015\/09\/27\/no-habra-olvido-claman-miles-a-un-ano-de-la-tragedia-en-iguala\/\" class=\"more-link\">Leer m\u00e1s<\/a><\/p>\n","protected":false},"author":2,"featured_media":21928,"comment_status":"closed","ping_status":"closed","sticky":false,"template":"","format":"standard","meta":{"ngg_post_thumbnail":0,"_jetpack_newsletter_access":"","_jetpack_dont_email_post_to_subs":false,"_jetpack_newsletter_tier_id":0,"_jetpack_memberships_contains_paywalled_content":false,"_jetpack_memberships_contains_paid_content":false,"footnotes":""},"categories":[80],"tags":[229],"class_list":["post-9761","post","type-post","status-publish","format-standard","has-post-thumbnail","hentry","category-cintillo","tag-solidaridad-con-ayotzinapa","entry"],"jetpack_featured_media_url":"https:\/\/www.grieta.org.mx\/wp-content\/uploads\/2018\/03\/14524434_1106112876131411_958039263622046936_o.jpg","jetpack_sharing_enabled":true,"jetpack_shortlink":"https:\/\/wp.me\/p7ZJR4-2xr","jetpack_likes_enabled":false,"jetpack-related-posts":[{"id":2002,"url":"https:\/\/www.grieta.org.mx\/index.php\/2016\/01\/26\/movilizaciones-por-ayotzinapa-en-colima\/","url_meta":{"origin":9761,"position":0},"title":"Movilizaciones por Ayotzinapa en Colima","author":"grieta","date":"26 enero, 2016","format":false,"excerpt":"26\/01\/16. \u201cNo deseamos a nadie estar en nuestros zapatos\u201d: Familiares de AyotzinapaDiario Avanzada 26\/09\/15. En Colima marchan por Ayotzinapa a un a\u00f1o de la desaparici\u00f3n y asesinato de estudiantesAF Medios 26\/09\/15. Marchan Maestros en Manzanillo Hasta la PGR en Apoyo a los 43Noticias Manzanillo 11\/08\/15. \u201cNo los olviden\u201d piden padres\u2026","rel":"","context":"En &quot;Colima&quot;","block_context":{"text":"Colima","link":"https:\/\/www.grieta.org.mx\/index.php\/category\/noticias-nacionales\/colima\/"},"img":{"alt_text":"","src":"https:\/\/i0.wp.com\/www.grieta.org.mx\/wp-content\/uploads\/2018\/03\/14524434_1106112876131411_958039263622046936_o.jpg?resize=350%2C200&ssl=1","width":350,"height":200,"srcset":"https:\/\/i0.wp.com\/www.grieta.org.mx\/wp-content\/uploads\/2018\/03\/14524434_1106112876131411_958039263622046936_o.jpg?resize=350%2C200&ssl=1 1x, https:\/\/i0.wp.com\/www.grieta.org.mx\/wp-content\/uploads\/2018\/03\/14524434_1106112876131411_958039263622046936_o.jpg?resize=525%2C300&ssl=1 1.5x, https:\/\/i0.wp.com\/www.grieta.org.mx\/wp-content\/uploads\/2018\/03\/14524434_1106112876131411_958039263622046936_o.jpg?resize=700%2C400&ssl=1 2x"},"classes":[]},{"id":9694,"url":"https:\/\/www.grieta.org.mx\/index.php\/2016\/07\/31\/movilizaciones-por-ayotzinapa-en-la-ciudad-de-mexico\/","url_meta":{"origin":9761,"position":1},"title":"Movilizaciones por Ayotzinapa en la Ciudad de M\u00e9xico","author":"grieta","date":"31 julio, 2016","format":false,"excerpt":"27\/07\/16. 22 meses de exigir justicia para Ayotzinapa (CDMX)Ke Huelga Radio 07\/07\/16. Padres y madres de los normalistas instalan plant\u00f3n frente a la SRESomos el medio 27\/06\/16. 21 Meses sin ellos y el oportunismo beligeranteRadio Zapote 26\/04\/16. \u00a1GIEI, s\u00ed! \u00a1Pe\u00f1a, no!.. La exigencia a 19 meses de AyotzinapaM\u00e1s de 131\u2026","rel":"","context":"En &quot;Ciudad de M\u00e9xico&quot;","block_context":{"text":"Ciudad de M\u00e9xico","link":"https:\/\/www.grieta.org.mx\/index.php\/category\/noticias-nacionales\/ciudad-de-mexico\/"},"img":{"alt_text":"","src":"https:\/\/i0.wp.com\/www.grieta.org.mx\/wp-content\/uploads\/2018\/03\/14524434_1106112876131411_958039263622046936_o.jpg?resize=350%2C200&ssl=1","width":350,"height":200,"srcset":"https:\/\/i0.wp.com\/www.grieta.org.mx\/wp-content\/uploads\/2018\/03\/14524434_1106112876131411_958039263622046936_o.jpg?resize=350%2C200&ssl=1 1x, https:\/\/i0.wp.com\/www.grieta.org.mx\/wp-content\/uploads\/2018\/03\/14524434_1106112876131411_958039263622046936_o.jpg?resize=525%2C300&ssl=1 1.5x, https:\/\/i0.wp.com\/www.grieta.org.mx\/wp-content\/uploads\/2018\/03\/14524434_1106112876131411_958039263622046936_o.jpg?resize=700%2C400&ssl=1 2x"},"classes":[]},{"id":2691,"url":"https:\/\/www.grieta.org.mx\/index.php\/2015\/02\/23\/contra-la-indiferencia-y-el-olvido-la-marcha-de-colimenses-por-ayotzinapa-el-jueves-26\/","url_meta":{"origin":9761,"position":2},"title":"\u201cContra la indiferencia y el olvido\u201d, la marcha de colimenses por Ayotzinapa, el jueves 26","author":"grieta","date":"23 febrero, 2015","format":false,"excerpt":"Por: Dilva Ch\u00e1vez \/ 23 febrero, 2015 Colima 3.0 A cinco meses de la desaparici\u00f3n de 43 estudiantes en Ayotzinapa, Guerrero, el Frente Colimense del Movimiento Nacional en Defensa de la Tierra, el Agua y la Vida invit\u00f3 a una marcha el d\u00eda 26 de febrero con la intenci\u00f3n de\u2026","rel":"","context":"En &quot;CINTILLO&quot;","block_context":{"text":"CINTILLO","link":"https:\/\/www.grieta.org.mx\/index.php\/category\/cintillo\/"},"img":{"alt_text":"","src":"https:\/\/i0.wp.com\/www.grieta.org.mx\/wp-content\/uploads\/2018\/03\/14524434_1106112876131411_958039263622046936_o.jpg?resize=350%2C200&ssl=1","width":350,"height":200,"srcset":"https:\/\/i0.wp.com\/www.grieta.org.mx\/wp-content\/uploads\/2018\/03\/14524434_1106112876131411_958039263622046936_o.jpg?resize=350%2C200&ssl=1 1x, https:\/\/i0.wp.com\/www.grieta.org.mx\/wp-content\/uploads\/2018\/03\/14524434_1106112876131411_958039263622046936_o.jpg?resize=525%2C300&ssl=1 1.5x, https:\/\/i0.wp.com\/www.grieta.org.mx\/wp-content\/uploads\/2018\/03\/14524434_1106112876131411_958039263622046936_o.jpg?resize=700%2C400&ssl=1 2x"},"classes":[]},{"id":6006,"url":"https:\/\/www.grieta.org.mx\/index.php\/2015\/10\/12\/advierten-padres-y-estudiantes-de-ayotzinapa-no-pararemos-hasta-encontrarlos\/","url_meta":{"origin":9761,"position":3},"title":"Advierten padres y estudiantes de Ayotzinapa: \u2018no pararemos hasta encontrarlos\u2019","author":"grieta","date":"12 octubre, 2015","format":false,"excerpt":"Denisse Hern\u00e1ndez, Le\u00f3n, Gto. El 26 y 27 de septiembre de 2014, en Iguala, Guerrero, m\u00e1s de 180 personas fueron v\u00edctimas de diferentes violaciones de derechos humanos***. Seis de ellas fueron ejecutadas de manera extrajudicial y 43 estudiantes desaparecidos. Entre las quienes perdieron la vida se encuentra Julio C\u00e9sar Ram\u00edrez\u2026","rel":"","context":"En &quot;CINTILLO&quot;","block_context":{"text":"CINTILLO","link":"https:\/\/www.grieta.org.mx\/index.php\/category\/cintillo\/"},"img":{"alt_text":"","src":"https:\/\/i0.wp.com\/www.grieta.org.mx\/wp-content\/uploads\/2018\/03\/14524434_1106112876131411_958039263622046936_o.jpg?resize=350%2C200&ssl=1","width":350,"height":200,"srcset":"https:\/\/i0.wp.com\/www.grieta.org.mx\/wp-content\/uploads\/2018\/03\/14524434_1106112876131411_958039263622046936_o.jpg?resize=350%2C200&ssl=1 1x, https:\/\/i0.wp.com\/www.grieta.org.mx\/wp-content\/uploads\/2018\/03\/14524434_1106112876131411_958039263622046936_o.jpg?resize=525%2C300&ssl=1 1.5x, https:\/\/i0.wp.com\/www.grieta.org.mx\/wp-content\/uploads\/2018\/03\/14524434_1106112876131411_958039263622046936_o.jpg?resize=700%2C400&ssl=1 2x"},"classes":[]},{"id":5995,"url":"https:\/\/www.grieta.org.mx\/index.php\/2016\/05\/01\/movilizaciones-por-ayotzinapa-en-guanajuato\/","url_meta":{"origin":9761,"position":4},"title":"Movilizaciones por Ayotzinapa en Guanajuato","author":"grieta","date":"1 mayo, 2016","format":false,"excerpt":"01\/05\/2016. Se manifiestan por los 43 normalistas de Ayotzinapa durante Marcha por el D\u00eda del Trabajo en Le\u00f3nZona Franca 26\/11\/2015. Se manifiestan colectivos en Le\u00f3n para recordar a los 43 estudiantes de AyotzinapaZona Franca 26\/10\/2015. Estudiantes y padres de familia de Ayotzinapa se manifiestan en el Cervantino en GuanajuatoAM 12\/10\/2015.\u2026","rel":"","context":"En &quot;Guanajuato&quot;","block_context":{"text":"Guanajuato","link":"https:\/\/www.grieta.org.mx\/index.php\/category\/noticias-nacionales\/guanajuato\/"},"img":{"alt_text":"","src":"https:\/\/i0.wp.com\/www.grieta.org.mx\/wp-content\/uploads\/2018\/03\/14524434_1106112876131411_958039263622046936_o.jpg?resize=350%2C200&ssl=1","width":350,"height":200,"srcset":"https:\/\/i0.wp.com\/www.grieta.org.mx\/wp-content\/uploads\/2018\/03\/14524434_1106112876131411_958039263622046936_o.jpg?resize=350%2C200&ssl=1 1x, https:\/\/i0.wp.com\/www.grieta.org.mx\/wp-content\/uploads\/2018\/03\/14524434_1106112876131411_958039263622046936_o.jpg?resize=525%2C300&ssl=1 1.5x, https:\/\/i0.wp.com\/www.grieta.org.mx\/wp-content\/uploads\/2018\/03\/14524434_1106112876131411_958039263622046936_o.jpg?resize=700%2C400&ssl=1 2x"},"classes":[]},{"id":69941,"url":"https:\/\/www.grieta.org.mx\/index.php\/2024\/09\/27\/ayotzinapa-vive-la-lucha-sigue-marchan-en-guadalajara-a-10-anos-de-la-desaparicion-de-los-43-normalistas-jalisco\/","url_meta":{"origin":9761,"position":5},"title":"\u00a1Ayotzinapa vive, la lucha sigue! Marchan en Guadalajara a 10 a\u00f1os de la desaparici\u00f3n de los 43 normalistas (Jalisco)","author":"grieta","date":"27 septiembre, 2024","format":false,"excerpt":"Imagen: Zona Docs En el marco del d\u00e9cimo aniversario de la desaparici\u00f3n forzada de los 43 normalistas de Ayotzinapa, estudiantes de la Escuela Normal Rural Miguel Hidalgo en Jalisco, se manifestaron en el centro de la ciudad de Guadalajara para mantener vigente y activo el reclamo de justicia y no\u2026","rel":"","context":"En &quot;CINTILLO&quot;","block_context":{"text":"CINTILLO","link":"https:\/\/www.grieta.org.mx\/index.php\/category\/cintillo\/"},"img":{"alt_text":"","src":"https:\/\/i0.wp.com\/www.grieta.org.mx\/wp-content\/uploads\/2024\/10\/IMG_F992B672CF6C-6.jpeg?resize=350%2C200&ssl=1","width":350,"height":200,"srcset":"https:\/\/i0.wp.com\/www.grieta.org.mx\/wp-content\/uploads\/2024\/10\/IMG_F992B672CF6C-6.jpeg?resize=350%2C200&ssl=1 1x, https:\/\/i0.wp.com\/www.grieta.org.mx\/wp-content\/uploads\/2024\/10\/IMG_F992B672CF6C-6.jpeg?resize=525%2C300&ssl=1 1.5x, https:\/\/i0.wp.com\/www.grieta.org.mx\/wp-content\/uploads\/2024\/10\/IMG_F992B672CF6C-6.jpeg?resize=700%2C400&ssl=1 2x, https:\/\/i0.wp.com\/www.grieta.org.mx\/wp-content\/uploads\/2024\/10\/IMG_F992B672CF6C-6.jpeg?resize=1050%2C600&ssl=1 3x"},"classes":[]}],"_links":{"self":[{"href":"https:\/\/www.grieta.org.mx\/index.php\/wp-json\/wp\/v2\/posts\/9761","targetHints":{"allow":["GET"]}}],"collection":[{"href":"https:\/\/www.grieta.org.mx\/index.php\/wp-json\/wp\/v2\/posts"}],"about":[{"href":"https:\/\/www.grieta.org.mx\/index.php\/wp-json\/wp\/v2\/types\/post"}],"author":[{"embeddable":true,"href":"https:\/\/www.grieta.org.mx\/index.php\/wp-json\/wp\/v2\/users\/2"}],"replies":[{"embeddable":true,"href":"https:\/\/www.grieta.org.mx\/index.php\/wp-json\/wp\/v2\/comments?post=9761"}],"version-history":[{"count":1,"href":"https:\/\/www.grieta.org.mx\/index.php\/wp-json\/wp\/v2\/posts\/9761\/revisions"}],"predecessor-version":[{"id":9762,"href":"https:\/\/www.grieta.org.mx\/index.php\/wp-json\/wp\/v2\/posts\/9761\/revisions\/9762"}],"wp:featuredmedia":[{"embeddable":true,"href":"https:\/\/www.grieta.org.mx\/index.php\/wp-json\/wp\/v2\/media\/21928"}],"wp:attachment":[{"href":"https:\/\/www.grieta.org.mx\/index.php\/wp-json\/wp\/v2\/media?parent=9761"}],"wp:term":[{"taxonomy":"category","embeddable":true,"href":"https:\/\/www.grieta.org.mx\/index.php\/wp-json\/wp\/v2\/categories?post=9761"},{"taxonomy":"post_tag","embeddable":true,"href":"https:\/\/www.grieta.org.mx\/index.php\/wp-json\/wp\/v2\/tags?post=9761"}],"curies":[{"name":"wp","href":"https:\/\/api.w.org\/{rel}","templated":true}]}}