{"id":9757,"date":"2015-09-24T01:55:37","date_gmt":"2015-09-24T01:55:37","guid":{"rendered":"http:\/\/www.grieta.org.mx\/?p=9757"},"modified":"2016-04-05T02:00:22","modified_gmt":"2016-04-05T02:00:22","slug":"padres-de-ayotzinapa-inician-ayuno-de-43-horas","status":"publish","type":"post","link":"https:\/\/www.grieta.org.mx\/index.php\/2015\/09\/24\/padres-de-ayotzinapa-inician-ayuno-de-43-horas\/","title":{"rendered":"Padres de Ayotzinapa inician ayuno de 43 horas"},"content":{"rendered":"<p>Somos el medio<\/p>\n<p><img loading=\"lazy\" decoding=\"async\" data-attachment-id=\"9758\" data-permalink=\"https:\/\/www.grieta.org.mx\/index.php\/2015\/09\/24\/padres-de-ayotzinapa-inician-ayuno-de-43-horas\/dsc00093\/\" data-orig-file=\"https:\/\/www.grieta.org.mx\/wp-content\/uploads\/2016\/04\/DSC00093.jpg\" data-orig-size=\"700,380\" data-comments-opened=\"0\" data-image-meta=\"{&quot;aperture&quot;:&quot;0&quot;,&quot;credit&quot;:&quot;&quot;,&quot;camera&quot;:&quot;&quot;,&quot;caption&quot;:&quot;&quot;,&quot;created_timestamp&quot;:&quot;0&quot;,&quot;copyright&quot;:&quot;&quot;,&quot;focal_length&quot;:&quot;0&quot;,&quot;iso&quot;:&quot;0&quot;,&quot;shutter_speed&quot;:&quot;0&quot;,&quot;title&quot;:&quot;&quot;,&quot;orientation&quot;:&quot;0&quot;}\" data-image-title=\"DSC00093\" data-image-description=\"\" data-image-caption=\"\" data-medium-file=\"https:\/\/www.grieta.org.mx\/wp-content\/uploads\/2016\/04\/DSC00093-300x163.jpg\" data-large-file=\"https:\/\/www.grieta.org.mx\/wp-content\/uploads\/2016\/04\/DSC00093.jpg\" src=\"http:\/\/www.grieta.org.mx\/wp-content\/uploads\/2016\/04\/DSC00093.jpg\" alt=\"DSC00093\" width=\"700\" height=\"380\" class=\"alignnone size-full wp-image-9758\" srcset=\"https:\/\/www.grieta.org.mx\/wp-content\/uploads\/2016\/04\/DSC00093.jpg 700w, https:\/\/www.grieta.org.mx\/wp-content\/uploads\/2016\/04\/DSC00093-300x163.jpg 300w\" sizes=\"auto, (max-width: 700px) 100vw, 700px\" \/><br \/>\nFoto: Josue Trejo\/Somoselmedio.org<\/p>\n<p>El ayuno comenz\u00f3 a las 19:00 horas, este mi\u00e9rcoles 22 de septiembre; se espera finalice el<br \/>\nAnel Rangel<\/p>\n<p>CDMX, Septiembre 23 de 2015.- A unos d\u00edas de cumplirse el primer a\u00f1o de la desaparici\u00f3n de 43 normalistas de Ayotzinapa, los padres de estos iniciaron un ayuno de 43 horas con una exigencia: la aparici\u00f3n de sus hijos con vida.<\/p>\n<p>El  ayuno comenz\u00f3 en punto de las 19:00 horas, este mi\u00e9rcoles 23 de septiembre, el cual se espera finalice el viernes 25 a las 14:00 horas. El campamento donde se lleva a cabo el ayuno se encuentra ubicado a un costado de la Plaza de la Constituci\u00f3n, frente a la Catedral Metropolitana.<\/p>\n<p>Hasta las 22:00 horas, la acampada se compon\u00eda de por lo menos 15 carpas, una de ellas de los padres en cumplimiento de sus horas de ayuno donde estar\u00e1n las pr\u00f3ximas horas; una de la Sexta por Ayotzinapa; otra m\u00e1s dedicada a la transmisi\u00f3n radiof\u00f3nica de los hechos y pr\u00f3ximos eventos antes de cumplirse el aniversario: del SME, de m\u00e9dicos para los primeros auxilios; entre otras carpas de distintas organizaciones sociales  y de derechos humanos en apoyo al ayuno.<\/p>\n<p>El jueves 24, sin suspender el ayuno a las 13:00 horas, los padres se reunir\u00e1n con el presidente Enrique Pe\u00f1a Nieto en el Museo Tecnol\u00f3gico de la Comisi\u00f3n Federal de Electricidad para exigir la aparici\u00f3n de los 43 normalistas con vida, y esclarecer respuestas entre los resultados de las investigaciones del Grupo Interdisciplinar de Expertos Independientes (GIEI) y &#8220;La verdad hist\u00f3rica&#8221; de la Procuradur\u00eda General de la Rep\u00fablica (PGR), recientemente confirmada por la Universidad de Innsburck. Se prev\u00e9 que despu\u00e9s de la reuni\u00f3n, los padres de Ayotzinapa den una conferencia de prensa de la cual a\u00fan no se confirma lugar y hora.<\/p>\n<p><a href=\"http:\/\/www.somoselmedio.org\/article\/padres-de-ayotzinapa-inician-ayuno-de-43-horas\" target=\"_blank\">http:\/\/www.somoselmedio.org\/article\/padres-de-ayotzinapa-inician-ayuno-de-43-horas<\/a><\/p>\n","protected":false},"excerpt":{"rendered":"<p>Somos el medio Foto: Josue Trejo\/Somoselmedio.org El ayuno comenz\u00f3 a las 19:00 horas, este mi\u00e9rcoles 22 de septiembre; se espera finalice el Anel Rangel CDMX, Septiembre 23 de 2015.- A &hellip; <a href=\"https:\/\/www.grieta.org.mx\/index.php\/2015\/09\/24\/padres-de-ayotzinapa-inician-ayuno-de-43-horas\/\" class=\"more-link\">Leer m\u00e1s<\/a><\/p>\n","protected":false},"author":2,"featured_media":21928,"comment_status":"closed","ping_status":"closed","sticky":false,"template":"","format":"standard","meta":{"ngg_post_thumbnail":0,"_jetpack_newsletter_access":"","_jetpack_dont_email_post_to_subs":false,"_jetpack_newsletter_tier_id":0,"_jetpack_memberships_contains_paywalled_content":false,"_jetpack_memberships_contains_paid_content":false,"footnotes":""},"categories":[80],"tags":[229],"class_list":["post-9757","post","type-post","status-publish","format-standard","has-post-thumbnail","hentry","category-cintillo","tag-solidaridad-con-ayotzinapa","entry"],"jetpack_featured_media_url":"https:\/\/www.grieta.org.mx\/wp-content\/uploads\/2018\/03\/14524434_1106112876131411_958039263622046936_o.jpg","jetpack_sharing_enabled":true,"jetpack_shortlink":"https:\/\/wp.me\/p7ZJR4-2xn","jetpack_likes_enabled":false,"jetpack-related-posts":[{"id":18016,"url":"https:\/\/www.grieta.org.mx\/index.php\/2015\/09\/22\/padres-y-estudiantes-de-ayotzinapa-se-enfrentan-con-policias-cuando-intentaban-llegar-a-la-ciudad-de-mexico\/","url_meta":{"origin":9757,"position":0},"title":"Padres y estudiantes de Ayotzinapa se enfrentan con polic\u00edas cuando intentaban llegar a la Ciudad de M\u00e9xico","author":"grieta","date":"22 septiembre, 2015","format":false,"excerpt":"Somo el Medio En el libramiento Tixtla \u2013 Chilpancingo, padres y estudiantes de la normal rural Ra\u00fal Isidro Burgos, fueron encapsulados por Polic\u00edas Federales alrededor de las ocho de la ma\u00f1ana, cuando intentaban llegar a la Ciudad de M\u00e9xico para hacer actividades planeadas por motivo del primer a\u00f1o de las\u2026","rel":"","context":"En &quot;CINTILLO&quot;","block_context":{"text":"CINTILLO","link":"https:\/\/www.grieta.org.mx\/index.php\/category\/cintillo\/"},"img":{"alt_text":"","src":"https:\/\/i0.wp.com\/www.grieta.org.mx\/wp-content\/uploads\/2018\/03\/14524434_1106112876131411_958039263622046936_o.jpg?resize=350%2C200&ssl=1","width":350,"height":200,"srcset":"https:\/\/i0.wp.com\/www.grieta.org.mx\/wp-content\/uploads\/2018\/03\/14524434_1106112876131411_958039263622046936_o.jpg?resize=350%2C200&ssl=1 1x, https:\/\/i0.wp.com\/www.grieta.org.mx\/wp-content\/uploads\/2018\/03\/14524434_1106112876131411_958039263622046936_o.jpg?resize=525%2C300&ssl=1 1.5x, https:\/\/i0.wp.com\/www.grieta.org.mx\/wp-content\/uploads\/2018\/03\/14524434_1106112876131411_958039263622046936_o.jpg?resize=700%2C400&ssl=1 2x"},"classes":[]},{"id":9694,"url":"https:\/\/www.grieta.org.mx\/index.php\/2016\/07\/31\/movilizaciones-por-ayotzinapa-en-la-ciudad-de-mexico\/","url_meta":{"origin":9757,"position":1},"title":"Movilizaciones por Ayotzinapa en la Ciudad de M\u00e9xico","author":"grieta","date":"31 julio, 2016","format":false,"excerpt":"27\/07\/16. 22 meses de exigir justicia para Ayotzinapa (CDMX)Ke Huelga Radio 07\/07\/16. Padres y madres de los normalistas instalan plant\u00f3n frente a la SRESomos el medio 27\/06\/16. 21 Meses sin ellos y el oportunismo beligeranteRadio Zapote 26\/04\/16. \u00a1GIEI, s\u00ed! \u00a1Pe\u00f1a, no!.. La exigencia a 19 meses de AyotzinapaM\u00e1s de 131\u2026","rel":"","context":"En &quot;Ciudad de M\u00e9xico&quot;","block_context":{"text":"Ciudad de M\u00e9xico","link":"https:\/\/www.grieta.org.mx\/index.php\/category\/noticias-nacionales\/ciudad-de-mexico\/"},"img":{"alt_text":"","src":"https:\/\/i0.wp.com\/www.grieta.org.mx\/wp-content\/uploads\/2018\/03\/14524434_1106112876131411_958039263622046936_o.jpg?resize=350%2C200&ssl=1","width":350,"height":200,"srcset":"https:\/\/i0.wp.com\/www.grieta.org.mx\/wp-content\/uploads\/2018\/03\/14524434_1106112876131411_958039263622046936_o.jpg?resize=350%2C200&ssl=1 1x, https:\/\/i0.wp.com\/www.grieta.org.mx\/wp-content\/uploads\/2018\/03\/14524434_1106112876131411_958039263622046936_o.jpg?resize=525%2C300&ssl=1 1.5x, https:\/\/i0.wp.com\/www.grieta.org.mx\/wp-content\/uploads\/2018\/03\/14524434_1106112876131411_958039263622046936_o.jpg?resize=700%2C400&ssl=1 2x"},"classes":[]},{"id":9765,"url":"https:\/\/www.grieta.org.mx\/index.php\/2015\/09\/25\/finaliza-el-ayuno-43x43\/","url_meta":{"origin":9757,"position":2},"title":"Finaliza el ayuno 43X43","author":"grieta","date":"25 septiembre, 2015","format":false,"excerpt":"Somos el medio Madres y padres informan que est\u00e1n listos para la marcha de la indignaci\u00f3n y esperan a todas y todos los mexicanos a su lado Imelda Carranza M\u00e9xico DF. 25 de Septiembre. Hoy a las 2:53 finaliz\u00f3 oficialmente el ayuno solidario 43X43 que los padres y las madres\u2026","rel":"","context":"En &quot;CINTILLO&quot;","block_context":{"text":"CINTILLO","link":"https:\/\/www.grieta.org.mx\/index.php\/category\/cintillo\/"},"img":{"alt_text":"","src":"https:\/\/i0.wp.com\/www.grieta.org.mx\/wp-content\/uploads\/2018\/03\/14524434_1106112876131411_958039263622046936_o.jpg?resize=350%2C200&ssl=1","width":350,"height":200,"srcset":"https:\/\/i0.wp.com\/www.grieta.org.mx\/wp-content\/uploads\/2018\/03\/14524434_1106112876131411_958039263622046936_o.jpg?resize=350%2C200&ssl=1 1x, https:\/\/i0.wp.com\/www.grieta.org.mx\/wp-content\/uploads\/2018\/03\/14524434_1106112876131411_958039263622046936_o.jpg?resize=525%2C300&ssl=1 1.5x, https:\/\/i0.wp.com\/www.grieta.org.mx\/wp-content\/uploads\/2018\/03\/14524434_1106112876131411_958039263622046936_o.jpg?resize=700%2C400&ssl=1 2x"},"classes":[]},{"id":9750,"url":"https:\/\/www.grieta.org.mx\/index.php\/2015\/09\/22\/uam-iztapalapa-realiza-jornada-por-ayotzinapa\/","url_meta":{"origin":9757,"position":3},"title":"UAM-Iztapalapa realiza jornada por Ayotzinapa","author":"grieta","date":"22 septiembre, 2015","format":false,"excerpt":"Somos el medio Rechazan informe de la PGR y se pronuncian contra actos violentos en CCH-Vallejo M\u00e9xico D.F. 22 de septiembre, 2015.- Dentro del marco del primer aniversario de la desaparici\u00f3n forzada de 43 normalistas en Iguala, Guerrero, estudiantes de la Universidad Aut\u00f3noma Metropolitana, unidad Iztapalapa, realizaron este lunes una\u2026","rel":"","context":"En &quot;CINTILLO&quot;","block_context":{"text":"CINTILLO","link":"https:\/\/www.grieta.org.mx\/index.php\/category\/cintillo\/"},"img":{"alt_text":"","src":"https:\/\/i0.wp.com\/www.grieta.org.mx\/wp-content\/uploads\/2018\/03\/14524434_1106112876131411_958039263622046936_o.jpg?resize=350%2C200&ssl=1","width":350,"height":200,"srcset":"https:\/\/i0.wp.com\/www.grieta.org.mx\/wp-content\/uploads\/2018\/03\/14524434_1106112876131411_958039263622046936_o.jpg?resize=350%2C200&ssl=1 1x, https:\/\/i0.wp.com\/www.grieta.org.mx\/wp-content\/uploads\/2018\/03\/14524434_1106112876131411_958039263622046936_o.jpg?resize=525%2C300&ssl=1 1.5x, https:\/\/i0.wp.com\/www.grieta.org.mx\/wp-content\/uploads\/2018\/03\/14524434_1106112876131411_958039263622046936_o.jpg?resize=700%2C400&ssl=1 2x"},"classes":[]},{"id":7582,"url":"https:\/\/www.grieta.org.mx\/index.php\/2015\/08\/04\/hoy-marchan-padres-de-43-desaparecidos-de-ayotzinapa-en-tlaxcala\/","url_meta":{"origin":9757,"position":4},"title":"Hoy marchan padres de 43 desaparecidos de Ayotzinapa en Tlaxcala","author":"grieta","date":"4 agosto, 2015","format":false,"excerpt":"Xico Corona\/e-consulta A poco m\u00e1s de diez meses de la desaparici\u00f3n de 43 estudiantes de la escuela normal \u201cRa\u00fal Isidro Burgos\u201d de Ayotzinapa Guerrero, nuevamente llegar\u00e1 a Tlaxcala la caravana de padres de familia de los \u201c43 que faltan\u201d para marchar y exigir al gobierno federal el paradero de los\u2026","rel":"","context":"En &quot;CINTILLO&quot;","block_context":{"text":"CINTILLO","link":"https:\/\/www.grieta.org.mx\/index.php\/category\/cintillo\/"},"img":{"alt_text":"","src":"https:\/\/i0.wp.com\/www.grieta.org.mx\/wp-content\/uploads\/2018\/03\/14524434_1106112876131411_958039263622046936_o.jpg?resize=350%2C200&ssl=1","width":350,"height":200,"srcset":"https:\/\/i0.wp.com\/www.grieta.org.mx\/wp-content\/uploads\/2018\/03\/14524434_1106112876131411_958039263622046936_o.jpg?resize=350%2C200&ssl=1 1x, https:\/\/i0.wp.com\/www.grieta.org.mx\/wp-content\/uploads\/2018\/03\/14524434_1106112876131411_958039263622046936_o.jpg?resize=525%2C300&ssl=1 1.5x, https:\/\/i0.wp.com\/www.grieta.org.mx\/wp-content\/uploads\/2018\/03\/14524434_1106112876131411_958039263622046936_o.jpg?resize=700%2C400&ssl=1 2x"},"classes":[]},{"id":24354,"url":"https:\/\/www.grieta.org.mx\/index.php\/2015\/08\/04\/hoy-marchan-padres-de-43-desaparecidos-de-ayotzinapa-en-tlaxcala-2\/","url_meta":{"origin":9757,"position":5},"title":"Hoy marchan padres de 43 desaparecidos de Ayotzinapa en Tlaxcala","author":"grieta","date":"4 agosto, 2015","format":false,"excerpt":"Xico Corona poco m\u00e1s de diez meses de la desaparici\u00f3n de 43 estudiantes de la escuela normal \u201cRa\u00fal Isidro Burgos\u201d de Ayotzinapa Guerrero, nuevamente llegar\u00e1 a Tlaxcala la caravana de padres de familia de los \u201c43 que faltan\u201d para marchar y exigir al gobierno federal el paradero de los j\u00f3venes,\u2026","rel":"","context":"En &quot;CINTILLO&quot;","block_context":{"text":"CINTILLO","link":"https:\/\/www.grieta.org.mx\/index.php\/category\/cintillo\/"},"img":{"alt_text":"","src":"https:\/\/i0.wp.com\/www.grieta.org.mx\/wp-content\/uploads\/2018\/07\/nota_ayotzinapa.jpg?resize=350%2C200&ssl=1","width":350,"height":200,"srcset":"https:\/\/i0.wp.com\/www.grieta.org.mx\/wp-content\/uploads\/2018\/07\/nota_ayotzinapa.jpg?resize=350%2C200&ssl=1 1x, https:\/\/i0.wp.com\/www.grieta.org.mx\/wp-content\/uploads\/2018\/07\/nota_ayotzinapa.jpg?resize=525%2C300&ssl=1 1.5x"},"classes":[]}],"_links":{"self":[{"href":"https:\/\/www.grieta.org.mx\/index.php\/wp-json\/wp\/v2\/posts\/9757","targetHints":{"allow":["GET"]}}],"collection":[{"href":"https:\/\/www.grieta.org.mx\/index.php\/wp-json\/wp\/v2\/posts"}],"about":[{"href":"https:\/\/www.grieta.org.mx\/index.php\/wp-json\/wp\/v2\/types\/post"}],"author":[{"embeddable":true,"href":"https:\/\/www.grieta.org.mx\/index.php\/wp-json\/wp\/v2\/users\/2"}],"replies":[{"embeddable":true,"href":"https:\/\/www.grieta.org.mx\/index.php\/wp-json\/wp\/v2\/comments?post=9757"}],"version-history":[{"count":1,"href":"https:\/\/www.grieta.org.mx\/index.php\/wp-json\/wp\/v2\/posts\/9757\/revisions"}],"predecessor-version":[{"id":9759,"href":"https:\/\/www.grieta.org.mx\/index.php\/wp-json\/wp\/v2\/posts\/9757\/revisions\/9759"}],"wp:featuredmedia":[{"embeddable":true,"href":"https:\/\/www.grieta.org.mx\/index.php\/wp-json\/wp\/v2\/media\/21928"}],"wp:attachment":[{"href":"https:\/\/www.grieta.org.mx\/index.php\/wp-json\/wp\/v2\/media?parent=9757"}],"wp:term":[{"taxonomy":"category","embeddable":true,"href":"https:\/\/www.grieta.org.mx\/index.php\/wp-json\/wp\/v2\/categories?post=9757"},{"taxonomy":"post_tag","embeddable":true,"href":"https:\/\/www.grieta.org.mx\/index.php\/wp-json\/wp\/v2\/tags?post=9757"}],"curies":[{"name":"wp","href":"https:\/\/api.w.org\/{rel}","templated":true}]}}