{"id":9754,"date":"2015-09-24T01:52:29","date_gmt":"2015-09-24T01:52:29","guid":{"rendered":"http:\/\/www.grieta.org.mx\/?p=9754"},"modified":"2016-04-05T01:54:56","modified_gmt":"2016-04-05T01:54:56","slug":"familias-de-ayotzinapa-presentan-8-exigencias-a-pena-nieto","status":"publish","type":"post","link":"https:\/\/www.grieta.org.mx\/index.php\/2015\/09\/24\/familias-de-ayotzinapa-presentan-8-exigencias-a-pena-nieto\/","title":{"rendered":"Familias de Ayotzinapa presentan 8 exigencias a Pe\u00f1a Nieto"},"content":{"rendered":"<p>Somos el medio<\/p>\n<p>Demandan la creaci\u00f3n de una Comisi\u00f3n Internacional contra la Impunidad y la Corrupci\u00f3n<br \/>\nJudith Flores<\/p>\n<p>CDMX, Septiembre 24 de 2015.- La tarde de este jueves, a unas horas de cumplirse el primer aniversario de la desaparici\u00f3n de los 43 normalistas v\u00edctimas de desaparici\u00f3n forzada el 26 de septiembre pasado, y a tres d\u00edas de recibir en M\u00e9xico la visita de la Comisi\u00f3n Interamericana de Derechos Humanos (CIDH), familiares de los j\u00f3venes desaparecidos, y en ayuno desde el d\u00eda de ayer, se reunieron a puerta cerrada durante tres horas con el presidente Enrique Pe\u00f1a Nieto en el Museo Tecnol\u00f3gico de la Comisi\u00f3n Federal de Electricidad para exigir ocho puntos esenciales relacionados a la investigaci\u00f3n, b\u00fasqueda y presentaci\u00f3n de sus hijos.<\/p>\n<p>Piden replantear la investigaci\u00f3n con la creaci\u00f3n de una unidad especializada con supervisi\u00f3n internacional, compuesta por dos instancias: una que indague a profundidad d\u00f3nde est\u00e1n los estudiantes y otra que investigue el montaje con el que se pretendi\u00f3 enga\u00f1ar a las familias.<\/p>\n<p>Por otro lado, la unidad especial de investigaci\u00f3n que demandaron  deber\u00eda investigar a quienes por acciones u omisiones pueden tener responsabilidad en la obstrucci\u00f3n de la justicia fabricando versiones carentes de prueba. En particular, exigieron  que se investigue la responsabilidad del ExGobernador de Guerrero, \u00c1ngel Aguirre Rivero; del ExProcurador de Guerrero, I\u00f1aky Blanco; del ExProcurador, Jes\u00fas Murillo Karam; del Titular de la Agencia de Investigaci\u00f3n Criminal, Tom\u00e1s Zer\u00f3n de Lucio; y de la responsable de los servicios periciales de la Procuradur\u00eda, Sara M\u00f3nica Medina Alegr\u00eda.<\/p>\n<p>Exigen que el Grupo Interdisciplinar de Expertos Independientes (GIEI) contin\u00fae su labor hasta que haya verdad y justicia y que sean cumplidas las principales recomendaciones de este Grupo de Expertos Independientes. Como m\u00e1ximo jefe del Estado mexicano debe comprometerse a estar de lado de la verdad y no de la mentira, plantearon los padres mediante un comunicado.<\/p>\n<p>Reprocharon al mandatario, su indiferencia durante las primeras semanas de la tragedia. \u201cIgnoramos si lo asesoran mal o si su gobierno fue omiso por razones partidistas, pero lo real es que esa negligencia marca de manera indeleble la investigaci\u00f3n y compromete la responsabilidad de su Gobierno\u201d. As\u00ed como tambi\u00e9n la falta de cumplimiento en los diez compromisos que firm\u00f3 Pe\u00f1a Nieto al mes de haber ocurrido los lamentables hechos.<\/p>\n<p>Los puntos son los siguientes:<\/p>\n<p>1. Reconocimiento de la legitimidad de nuestra b\u00fasqueda de justicia y de que el caso se encuentra abierto.<\/p>\n<p>2. Permanencia del GIEI, aceptaci\u00f3n plena del informe del GIEI y sus recomendaciones.<\/p>\n<p>3. Replanteamiento de la investigaci\u00f3n en una unidad especializada en este caso, con supervisi\u00f3n internacional, compuesta por dos instancias: una que indague a profundidad d\u00f3nde est\u00e1n nuestros hijos y otra que investigue el montaje con que se nos pretendi\u00f3 enga\u00f1ar.<\/p>\n<p>4. Relanzamiento y concentraci\u00f3n de la b\u00fasqueda a partir del uso inmediato de tecnolog\u00eda.<\/p>\n<p>5. Atenci\u00f3n digna e inmediata a los heridos y familiares de nuestros compa\u00f1eros ejecutados extrajudicialmente. Trato digno a las v\u00edctimas.<\/p>\n<p>6.  Respeto a la Normal Rural Ra\u00fal Isidro Burgos y cese a los intentos de criminalizaci\u00f3n de los normalistas.<\/p>\n<p>7.  Mecanismos de comunicaci\u00f3n permanente, digna y con respeto a nuestros derechos.<\/p>\n<p>8.  Reconocimiento y acciones de fondo frente a la crisis de impunidad, corrupci\u00f3n y violaciones a derechos humanos que vive M\u00e9xico.<\/p>\n<p>Finalmente sentenciaron: \u201cdecenas de miles de familias buscan a sus seres queridos mientras nuestro pa\u00eds se convierte en una inmensa fosa clandestina. Usted debe hacer algo por los desaparecidos o, de lo contrario, el clamor de las familias que buscamos a quienes nos faltan lo seguir\u00e1 a donde vaya y en donde est\u00e9, incluso despu\u00e9s de que termine su mandato\u201d.<\/p>\n<p><a href=\"http:\/\/www.somoselmedio.org\/article\/familias-de-ayotzinapa-presentan-8-exigencias-pe%C3%B1a-nieto\" target=\"_blank\">http:\/\/www.somoselmedio.org\/article\/familias-de-ayotzinapa-presentan-8-exigencias-pe%C3%B1a-nieto<\/a><\/p>\n","protected":false},"excerpt":{"rendered":"<p>Somos el medio Demandan la creaci\u00f3n de una Comisi\u00f3n Internacional contra la Impunidad y la Corrupci\u00f3n Judith Flores CDMX, Septiembre 24 de 2015.- La tarde de este jueves, a unas &hellip; <a href=\"https:\/\/www.grieta.org.mx\/index.php\/2015\/09\/24\/familias-de-ayotzinapa-presentan-8-exigencias-a-pena-nieto\/\" class=\"more-link\">Leer m\u00e1s<\/a><\/p>\n","protected":false},"author":2,"featured_media":21928,"comment_status":"closed","ping_status":"closed","sticky":false,"template":"","format":"standard","meta":{"ngg_post_thumbnail":0,"_jetpack_newsletter_access":"","_jetpack_dont_email_post_to_subs":false,"_jetpack_newsletter_tier_id":0,"_jetpack_memberships_contains_paywalled_content":false,"_jetpack_memberships_contains_paid_content":false,"footnotes":""},"categories":[80],"tags":[229],"class_list":["post-9754","post","type-post","status-publish","format-standard","has-post-thumbnail","hentry","category-cintillo","tag-solidaridad-con-ayotzinapa","entry"],"jetpack_featured_media_url":"https:\/\/www.grieta.org.mx\/wp-content\/uploads\/2018\/03\/14524434_1106112876131411_958039263622046936_o.jpg","jetpack_sharing_enabled":true,"jetpack_shortlink":"https:\/\/wp.me\/p7ZJR4-2xk","jetpack_likes_enabled":false,"jetpack-related-posts":[{"id":25099,"url":"https:\/\/www.grieta.org.mx\/index.php\/2018\/07\/18\/pretende-el-gobierno-federal-ocultar-la-verdad-sobre-ayotzinapa-denuncia-ai\/","url_meta":{"origin":9754,"position":0},"title":"Pretende el gobierno federal ocultar la verdad sobre Ayotzinapa, denuncia AI","author":"grieta","date":"18 julio, 2018","format":false,"excerpt":"La directora para las Am\u00e9ricas de Amnist\u00eda Internacional dijo que el gobierno mexicano debe enfocarse en cumplir con la creaci\u00f3n de una comisi\u00f3n especial. El gobierno federal ha hecho todo lo posible por obstaculizar la creaci\u00f3n de una comisi\u00f3n especial para investigar el caso Ayotzinapa (\u2026) hay una decisi\u00f3n pol\u00edtica\u2026","rel":"","context":"En &quot;Caso Ayotzinapa&quot;","block_context":{"text":"Caso Ayotzinapa","link":"https:\/\/www.grieta.org.mx\/index.php\/category\/noticias-nacionales\/guerrero\/caso-ayotzinapa\/"},"img":{"alt_text":"","src":"https:\/\/i0.wp.com\/www.grieta.org.mx\/wp-content\/uploads\/2018\/07\/Conferencia_Amnisti769a-2.jpg?resize=350%2C200&ssl=1","width":350,"height":200,"srcset":"https:\/\/i0.wp.com\/www.grieta.org.mx\/wp-content\/uploads\/2018\/07\/Conferencia_Amnisti769a-2.jpg?resize=350%2C200&ssl=1 1x, https:\/\/i0.wp.com\/www.grieta.org.mx\/wp-content\/uploads\/2018\/07\/Conferencia_Amnisti769a-2.jpg?resize=525%2C300&ssl=1 1.5x, https:\/\/i0.wp.com\/www.grieta.org.mx\/wp-content\/uploads\/2018\/07\/Conferencia_Amnisti769a-2.jpg?resize=700%2C400&ssl=1 2x"},"classes":[]},{"id":24070,"url":"https:\/\/www.grieta.org.mx\/index.php\/2018\/06\/07\/padres-de-los-43-de-ayotzinapa-exigen-a-pena-se-pronuncie-ante-creacion-de-una-comision-especial-investigadora\/","url_meta":{"origin":9754,"position":1},"title":"Padres de los 43 de Ayotzinapa exigen a Pe\u00f1a se pronuncie ante creaci\u00f3n de una comisi\u00f3n especial investigadora","author":"grieta","date":"7 junio, 2018","format":false,"excerpt":"CIUDAD DE M\u00c9XICO (apro).- Padres y madres de los 43 normalistas de Ayotzinapa desaparecidos, exigieron al presidente Enrique Pe\u00f1a Nieto un posicionamiento claro y p\u00fablico frente a la sentencia del Poder Judicial de la Federaci\u00f3n que ordena la creaci\u00f3n de una comisi\u00f3n especial investigadora, en la que tengan participaci\u00f3n preponderante\u2026","rel":"","context":"En &quot;Caso Ayotzinapa&quot;","block_context":{"text":"Caso Ayotzinapa","link":"https:\/\/www.grieta.org.mx\/index.php\/category\/noticias-nacionales\/guerrero\/caso-ayotzinapa\/"},"img":{"alt_text":"","src":"https:\/\/i0.wp.com\/www.grieta.org.mx\/wp-content\/uploads\/2018\/06\/padddd-1078x800.jpg?resize=350%2C200&ssl=1","width":350,"height":200,"srcset":"https:\/\/i0.wp.com\/www.grieta.org.mx\/wp-content\/uploads\/2018\/06\/padddd-1078x800.jpg?resize=350%2C200&ssl=1 1x, https:\/\/i0.wp.com\/www.grieta.org.mx\/wp-content\/uploads\/2018\/06\/padddd-1078x800.jpg?resize=525%2C300&ssl=1 1.5x, https:\/\/i0.wp.com\/www.grieta.org.mx\/wp-content\/uploads\/2018\/06\/padddd-1078x800.jpg?resize=700%2C400&ssl=1 2x, https:\/\/i0.wp.com\/www.grieta.org.mx\/wp-content\/uploads\/2018\/06\/padddd-1078x800.jpg?resize=1050%2C600&ssl=1 3x"},"classes":[]},{"id":7938,"url":"https:\/\/www.grieta.org.mx\/index.php\/2015\/09\/26\/a-un-ano-marchan-en-chihuahua-por-ayotzinapa\/","url_meta":{"origin":9754,"position":2},"title":"A un a\u00f1o, marchan en Chihuahua por Ayotzinapa","author":"grieta","date":"26 septiembre, 2015","format":false,"excerpt":"Noticias de Chihuahua.- A un a\u00f1o de la desaparici\u00f3n de los 43 j\u00f3venes estudiantes de la Normal Rural de Ayotzinapa, chihuahuenses emprendieron una marcha para exigir justicia ante un caso en el que contin\u00faan las interrogantes sobre lo ocurrido esa noche en Iguala, Guerrero. Los protestantes estar\u00e1n marchando desde la\u2026","rel":"","context":"En &quot;chihuahua&quot;","block_context":{"text":"chihuahua","link":"https:\/\/www.grieta.org.mx\/index.php\/category\/chihuahua\/"},"img":{"alt_text":"","src":"https:\/\/i0.wp.com\/www.grieta.org.mx\/wp-content\/uploads\/2018\/03\/14524434_1106112876131411_958039263622046936_o.jpg?resize=350%2C200&ssl=1","width":350,"height":200,"srcset":"https:\/\/i0.wp.com\/www.grieta.org.mx\/wp-content\/uploads\/2018\/03\/14524434_1106112876131411_958039263622046936_o.jpg?resize=350%2C200&ssl=1 1x, https:\/\/i0.wp.com\/www.grieta.org.mx\/wp-content\/uploads\/2018\/03\/14524434_1106112876131411_958039263622046936_o.jpg?resize=525%2C300&ssl=1 1.5x, https:\/\/i0.wp.com\/www.grieta.org.mx\/wp-content\/uploads\/2018\/03\/14524434_1106112876131411_958039263622046936_o.jpg?resize=700%2C400&ssl=1 2x"},"classes":[]},{"id":24045,"url":"https:\/\/www.grieta.org.mx\/index.php\/2018\/06\/20\/tribunal-notifica-a-la-pgr-para-que-acate-sentencias-por-caso-ayotzinapa\/","url_meta":{"origin":9754,"position":3},"title":"Tribunal notifica a la PGR para que acate sentencias por caso Ayotzinapa","author":"grieta","date":"20 junio, 2018","format":false,"excerpt":"CIUDAD DE M\u00c9XICO (apro).- El magistrado Sabino P\u00e9rez Garc\u00eda, titular del Tercer Tribunal Unitario en Reynosa, Tamaulipas, envi\u00f3 el primer requerimiento a la Procuradur\u00eda General de la Rep\u00fablica (PGR) para que cumpla las sentencias de amparo que se concedieron a cuatro de los implicados en la desaparici\u00f3n de los 43\u2026","rel":"","context":"En &quot;Caso Ayotzinapa&quot;","block_context":{"text":"Caso Ayotzinapa","link":"https:\/\/www.grieta.org.mx\/index.php\/category\/noticias-nacionales\/guerrero\/caso-ayotzinapa\/"},"img":{"alt_text":"","src":"https:\/\/i0.wp.com\/www.grieta.org.mx\/wp-content\/uploads\/2018\/06\/9cf6ebfbb0156cf604-170526-accion_global_por_ayotzinapa-rp_5-c.jpg?resize=350%2C200&ssl=1","width":350,"height":200,"srcset":"https:\/\/i0.wp.com\/www.grieta.org.mx\/wp-content\/uploads\/2018\/06\/9cf6ebfbb0156cf604-170526-accion_global_por_ayotzinapa-rp_5-c.jpg?resize=350%2C200&ssl=1 1x, https:\/\/i0.wp.com\/www.grieta.org.mx\/wp-content\/uploads\/2018\/06\/9cf6ebfbb0156cf604-170526-accion_global_por_ayotzinapa-rp_5-c.jpg?resize=525%2C300&ssl=1 1.5x, https:\/\/i0.wp.com\/www.grieta.org.mx\/wp-content\/uploads\/2018\/06\/9cf6ebfbb0156cf604-170526-accion_global_por_ayotzinapa-rp_5-c.jpg?resize=700%2C400&ssl=1 2x, https:\/\/i0.wp.com\/www.grieta.org.mx\/wp-content\/uploads\/2018\/06\/9cf6ebfbb0156cf604-170526-accion_global_por_ayotzinapa-rp_5-c.jpg?resize=1050%2C600&ssl=1 3x"},"classes":[]},{"id":8156,"url":"https:\/\/www.grieta.org.mx\/index.php\/2015\/09\/26\/manifestacion-en-tijuana-por-impunidad-en-el-caso-ayotzinapa\/","url_meta":{"origin":9754,"position":4},"title":"Manifestaci\u00f3n en Tijuana por impunidad en el caso Ayotzinapa","author":"grieta","date":"26 septiembre, 2015","format":false,"excerpt":"H\u00e9ctor Ortiz Ram\u00edrez, Tijuana, B.C. Fotos. Agust\u00edn Reyes Al igual que en distintos puntos de pa\u00eds, Tijuana se manifest\u00f3 en contra de la desaparici\u00f3n de los 43 normalistas de la Normal de Ayotzinapa, ocurrida el 26 de septiembre de 2014 en Iguala, Guerrero. El Frente \u00danico de Lucha de Baja\u2026","rel":"","context":"En &quot;CINTILLO&quot;","block_context":{"text":"CINTILLO","link":"https:\/\/www.grieta.org.mx\/index.php\/category\/cintillo\/"},"img":{"alt_text":"","src":"https:\/\/i0.wp.com\/www.grieta.org.mx\/wp-content\/uploads\/2018\/03\/14524434_1106112876131411_958039263622046936_o.jpg?resize=350%2C200&ssl=1","width":350,"height":200,"srcset":"https:\/\/i0.wp.com\/www.grieta.org.mx\/wp-content\/uploads\/2018\/03\/14524434_1106112876131411_958039263622046936_o.jpg?resize=350%2C200&ssl=1 1x, https:\/\/i0.wp.com\/www.grieta.org.mx\/wp-content\/uploads\/2018\/03\/14524434_1106112876131411_958039263622046936_o.jpg?resize=525%2C300&ssl=1 1.5x, https:\/\/i0.wp.com\/www.grieta.org.mx\/wp-content\/uploads\/2018\/03\/14524434_1106112876131411_958039263622046936_o.jpg?resize=700%2C400&ssl=1 2x"},"classes":[]},{"id":9757,"url":"https:\/\/www.grieta.org.mx\/index.php\/2015\/09\/24\/padres-de-ayotzinapa-inician-ayuno-de-43-horas\/","url_meta":{"origin":9754,"position":5},"title":"Padres de Ayotzinapa inician ayuno de 43 horas","author":"grieta","date":"24 septiembre, 2015","format":false,"excerpt":"Somos el medio Foto: Josue Trejo\/Somoselmedio.org El ayuno comenz\u00f3 a las 19:00 horas, este mi\u00e9rcoles 22 de septiembre; se espera finalice el Anel Rangel CDMX, Septiembre 23 de 2015.- A unos d\u00edas de cumplirse el primer a\u00f1o de la desaparici\u00f3n de 43 normalistas de Ayotzinapa, los padres de estos iniciaron\u2026","rel":"","context":"En &quot;CINTILLO&quot;","block_context":{"text":"CINTILLO","link":"https:\/\/www.grieta.org.mx\/index.php\/category\/cintillo\/"},"img":{"alt_text":"","src":"https:\/\/i0.wp.com\/www.grieta.org.mx\/wp-content\/uploads\/2018\/03\/14524434_1106112876131411_958039263622046936_o.jpg?resize=350%2C200&ssl=1","width":350,"height":200,"srcset":"https:\/\/i0.wp.com\/www.grieta.org.mx\/wp-content\/uploads\/2018\/03\/14524434_1106112876131411_958039263622046936_o.jpg?resize=350%2C200&ssl=1 1x, https:\/\/i0.wp.com\/www.grieta.org.mx\/wp-content\/uploads\/2018\/03\/14524434_1106112876131411_958039263622046936_o.jpg?resize=525%2C300&ssl=1 1.5x, https:\/\/i0.wp.com\/www.grieta.org.mx\/wp-content\/uploads\/2018\/03\/14524434_1106112876131411_958039263622046936_o.jpg?resize=700%2C400&ssl=1 2x"},"classes":[]}],"_links":{"self":[{"href":"https:\/\/www.grieta.org.mx\/index.php\/wp-json\/wp\/v2\/posts\/9754","targetHints":{"allow":["GET"]}}],"collection":[{"href":"https:\/\/www.grieta.org.mx\/index.php\/wp-json\/wp\/v2\/posts"}],"about":[{"href":"https:\/\/www.grieta.org.mx\/index.php\/wp-json\/wp\/v2\/types\/post"}],"author":[{"embeddable":true,"href":"https:\/\/www.grieta.org.mx\/index.php\/wp-json\/wp\/v2\/users\/2"}],"replies":[{"embeddable":true,"href":"https:\/\/www.grieta.org.mx\/index.php\/wp-json\/wp\/v2\/comments?post=9754"}],"version-history":[{"count":1,"href":"https:\/\/www.grieta.org.mx\/index.php\/wp-json\/wp\/v2\/posts\/9754\/revisions"}],"predecessor-version":[{"id":9755,"href":"https:\/\/www.grieta.org.mx\/index.php\/wp-json\/wp\/v2\/posts\/9754\/revisions\/9755"}],"wp:featuredmedia":[{"embeddable":true,"href":"https:\/\/www.grieta.org.mx\/index.php\/wp-json\/wp\/v2\/media\/21928"}],"wp:attachment":[{"href":"https:\/\/www.grieta.org.mx\/index.php\/wp-json\/wp\/v2\/media?parent=9754"}],"wp:term":[{"taxonomy":"category","embeddable":true,"href":"https:\/\/www.grieta.org.mx\/index.php\/wp-json\/wp\/v2\/categories?post=9754"},{"taxonomy":"post_tag","embeddable":true,"href":"https:\/\/www.grieta.org.mx\/index.php\/wp-json\/wp\/v2\/tags?post=9754"}],"curies":[{"name":"wp","href":"https:\/\/api.w.org\/{rel}","templated":true}]}}