{"id":9750,"date":"2015-09-22T23:10:31","date_gmt":"2015-09-22T23:10:31","guid":{"rendered":"http:\/\/www.grieta.org.mx\/?p=9750"},"modified":"2016-04-04T23:13:58","modified_gmt":"2016-04-04T23:13:58","slug":"uam-iztapalapa-realiza-jornada-por-ayotzinapa","status":"publish","type":"post","link":"https:\/\/www.grieta.org.mx\/index.php\/2015\/09\/22\/uam-iztapalapa-realiza-jornada-por-ayotzinapa\/","title":{"rendered":"UAM-Iztapalapa realiza jornada por Ayotzinapa"},"content":{"rendered":"<p>Somos el medio<\/p>\n<p>Rechazan informe de la PGR y se pronuncian contra actos violentos en CCH-Vallejo<br \/>\nM\u00e9xico D.F. 22 de septiembre, 2015.- Dentro del marco del primer aniversario de la desaparici\u00f3n forzada de 43 normalistas en Iguala, Guerrero, estudiantes de la Universidad Aut\u00f3noma Metropolitana, unidad Iztapalapa, realizaron este lunes una jornada global por Ayotzinapa, en la que se abord\u00f3 temas relacionados a desaparici\u00f3n forzada, la historia de las normales rurales, la presentaci\u00f3n del libro &#8220;La noche de Iguala&#8221; y proyecciones relacionadas con temas afines. <\/p>\n<p>Durante las actividades, se presentaron estudiantes de la Federaci\u00f3n de Estudiantes Campesinos de M\u00e9xico (FECSM) y la Normal Rural &#8220;Ra\u00fal Isidro Burgos&#8221;, donde informaron su rechazo al veredicto emitido por la Procuradur\u00eda General de la Rep\u00fablica (PGR), presentado a pocos d\u00edas del aniversario de la desaparici\u00f3n forzada de los 43 normalistas. Invitaron a los estudiantes a mantenerse en constante lucha y organizaci\u00f3n en sus escuelas y a sumarse a las actividades programadas para el d\u00eda 26 de septiembre, las cuales constan de una movilizaci\u00f3n de Los Pinos al Z\u00f3calo de la ciudad de M\u00e9xico, a las 12:00 hrs. y apoyar en el ayuno que realizar\u00e1n el 23 de septiembre a las 19.00 hrs. igualmente en el Z\u00f3calo capitalino, tendr\u00e1 una duraci\u00f3n de 43 hrs.<\/p>\n<p>As\u00ed mismo, se realiz\u00f3 un pronunciamiento por parte de los estudiantes de la UAM-I, en contra de los ataques perpetrados este lunes, por grupos porriles contra los estudiantes del CCH Vallejo, donde resultaron heridos varios estudiantes por arma blanca y la destrucci\u00f3n de la cabina de &#8220;Regeneraci\u00f3n Radio&#8221; que transmit\u00eda desde hace 16 a\u00f1os.<\/p>\n<p><a href=\"http:\/\/www.somoselmedio.org\/article\/uam-iztapalapa-realiza-jornada-por-ayotzinapa\" target=\"_blank\">http:\/\/www.somoselmedio.org\/article\/uam-iztapalapa-realiza-jornada-por-ayotzinapa<\/a><\/p>\n","protected":false},"excerpt":{"rendered":"<p>Somos el medio Rechazan informe de la PGR y se pronuncian contra actos violentos en CCH-Vallejo M\u00e9xico D.F. 22 de septiembre, 2015.- Dentro del marco del primer aniversario de la &hellip; <a href=\"https:\/\/www.grieta.org.mx\/index.php\/2015\/09\/22\/uam-iztapalapa-realiza-jornada-por-ayotzinapa\/\" class=\"more-link\">Leer m\u00e1s<\/a><\/p>\n","protected":false},"author":2,"featured_media":21928,"comment_status":"closed","ping_status":"closed","sticky":false,"template":"","format":"standard","meta":{"ngg_post_thumbnail":0,"_jetpack_newsletter_access":"","_jetpack_dont_email_post_to_subs":false,"_jetpack_newsletter_tier_id":0,"_jetpack_memberships_contains_paywalled_content":false,"_jetpack_memberships_contains_paid_content":false,"footnotes":""},"categories":[80],"tags":[229],"class_list":["post-9750","post","type-post","status-publish","format-standard","has-post-thumbnail","hentry","category-cintillo","tag-solidaridad-con-ayotzinapa","entry"],"jetpack_featured_media_url":"https:\/\/www.grieta.org.mx\/wp-content\/uploads\/2018\/03\/14524434_1106112876131411_958039263622046936_o.jpg","jetpack_sharing_enabled":true,"jetpack_shortlink":"https:\/\/wp.me\/p7ZJR4-2xg","jetpack_likes_enabled":false,"jetpack-related-posts":[{"id":8144,"url":"https:\/\/www.grieta.org.mx\/index.php\/2015\/09\/26\/movilizaciones-por-ayotzinapa-en-bc\/","url_meta":{"origin":9750,"position":0},"title":"Movilizaciones por Ayotzinapa en BC","author":"grieta","date":"26 septiembre, 2015","format":false,"excerpt":"26\/09\/15. Marchan por Ayotzinapa en Mexicali Zeta 26\/09\/15. 1er Aniversario de la desaparici\u00f3n de estudiantes de Ayotzinapa Ensenada Online 26\/09\/15. Manifestaci\u00f3n en Tijuana por impunidad en el caso Ayotzinapa Zeta 26\/03\/15. Protestan en Tijuana por la desaparici\u00f3n de los normalistas de Ayotzinapa La Jornada BC 26\/03\/15. Se manifiestan en Mexicali\u2026","rel":"","context":"En &quot;Baja California&quot;","block_context":{"text":"Baja California","link":"https:\/\/www.grieta.org.mx\/index.php\/category\/noticias-nacionales\/baja-california\/"},"img":{"alt_text":"","src":"https:\/\/i0.wp.com\/www.grieta.org.mx\/wp-content\/uploads\/2018\/03\/14524434_1106112876131411_958039263622046936_o.jpg?resize=350%2C200&ssl=1","width":350,"height":200,"srcset":"https:\/\/i0.wp.com\/www.grieta.org.mx\/wp-content\/uploads\/2018\/03\/14524434_1106112876131411_958039263622046936_o.jpg?resize=350%2C200&ssl=1 1x, https:\/\/i0.wp.com\/www.grieta.org.mx\/wp-content\/uploads\/2018\/03\/14524434_1106112876131411_958039263622046936_o.jpg?resize=525%2C300&ssl=1 1.5x, https:\/\/i0.wp.com\/www.grieta.org.mx\/wp-content\/uploads\/2018\/03\/14524434_1106112876131411_958039263622046936_o.jpg?resize=700%2C400&ssl=1 2x"},"classes":[]},{"id":72250,"url":"https:\/\/www.grieta.org.mx\/index.php\/2025\/08\/27\/madres-y-padres-de-los-43-normalistas-exigen-a-claudia-sheinbaum-verdad-y-justicia-a-11-anos-de-ayotzinapa\/","url_meta":{"origin":9750,"position":1},"title":"Madres y padres de los 43 normalistas exigen a Claudia Sheinbaum verdad y justicia a 11 a\u00f1os de Ayotzinapa","author":"grieta","date":"27 agosto, 2025","format":false,"excerpt":"Por\u00a0Redacci\u00f3n\u00a0\/\u00a0@Somoselmedio Madres, padres y estudiantes exigen justicia y castigo a los responsables de la desaparici\u00f3n forzada de los 43 de Ayotzinapa, a 11 a\u00f1os de la tragedia. Denuncian la falta de avances en las investigaciones y la protecci\u00f3n del Ej\u00e9rcito por tres gobiernos. Ciudad de M\u00e9xico, 26 de agosto de\u2026","rel":"","context":"En &quot;CINTILLO&quot;","block_context":{"text":"CINTILLO","link":"https:\/\/www.grieta.org.mx\/index.php\/category\/cintillo\/"},"img":{"alt_text":"","src":"https:\/\/i0.wp.com\/www.grieta.org.mx\/wp-content\/uploads\/2025\/08\/Captura-de-pantalla-2025-08-28-215352.png?resize=350%2C200&ssl=1","width":350,"height":200},"classes":[]},{"id":6031,"url":"https:\/\/www.grieta.org.mx\/index.php\/2015\/09\/27\/movilizaciones-por-ayotzinapa-en-aguascalientes\/","url_meta":{"origin":9750,"position":2},"title":"Movilizaciones por Ayotzinapa en Aguascalientes","author":"grieta","date":"27 septiembre, 2015","format":false,"excerpt":"27\/09\/15. Exigen Justicia a un a\u00f1o de la Desaparici\u00f3n de los 43 Estudiantes Normalistas de AyotzinapaP\u00e1gina 24 27\/03\/15. Exigen Justicia a Seis Meses de la Desaparici\u00f3n Forzada de los Normalistas de Ayotzinapa P\u00e1gina 24 27\/02\/15. Despu\u00e9s de Ayotzinapa \u201cSigue Reinando la Corrupci\u00f3n y la Impunidad\u201d en M\u00e9xico P\u00e1gina 24","rel":"","context":"En &quot;Aguascalientes&quot;","block_context":{"text":"Aguascalientes","link":"https:\/\/www.grieta.org.mx\/index.php\/category\/noticias-nacionales\/aguascalientes\/"},"img":{"alt_text":"","src":"https:\/\/i0.wp.com\/www.grieta.org.mx\/wp-content\/uploads\/2018\/03\/14524434_1106112876131411_958039263622046936_o.jpg?resize=350%2C200&ssl=1","width":350,"height":200,"srcset":"https:\/\/i0.wp.com\/www.grieta.org.mx\/wp-content\/uploads\/2018\/03\/14524434_1106112876131411_958039263622046936_o.jpg?resize=350%2C200&ssl=1 1x, https:\/\/i0.wp.com\/www.grieta.org.mx\/wp-content\/uploads\/2018\/03\/14524434_1106112876131411_958039263622046936_o.jpg?resize=525%2C300&ssl=1 1.5x, https:\/\/i0.wp.com\/www.grieta.org.mx\/wp-content\/uploads\/2018\/03\/14524434_1106112876131411_958039263622046936_o.jpg?resize=700%2C400&ssl=1 2x"},"classes":[]},{"id":18002,"url":"https:\/\/www.grieta.org.mx\/index.php\/2016\/08\/08\/caso-ayotzinapa\/","url_meta":{"origin":9750,"position":3},"title":"Caso Ayotzinapa","author":"grieta","date":"8 agosto, 2016","format":false,"excerpt":"08\/09\/16. Descubren en el Cisen y en el Campo Militar 1 rastros del normalista desolladoEl Sur Acapulco 21\/10\/15. Presentan los expertos su informe sobre Ayotzinapa; la PGR tiene nueva versi\u00f3n de los hechos, advierte El Sur 30\/09\/2015. El caso Ayotzinapa llev\u00f3 al hallazgo de 104 cuerpos de desaparecidos en cerros\u2026","rel":"","context":"En &quot;Guerrero&quot;","block_context":{"text":"Guerrero","link":"https:\/\/www.grieta.org.mx\/index.php\/category\/noticias-nacionales\/guerrero\/"},"img":{"alt_text":"","src":"https:\/\/i0.wp.com\/www.grieta.org.mx\/wp-content\/uploads\/2018\/03\/14524434_1106112876131411_958039263622046936_o.jpg?resize=350%2C200&ssl=1","width":350,"height":200,"srcset":"https:\/\/i0.wp.com\/www.grieta.org.mx\/wp-content\/uploads\/2018\/03\/14524434_1106112876131411_958039263622046936_o.jpg?resize=350%2C200&ssl=1 1x, https:\/\/i0.wp.com\/www.grieta.org.mx\/wp-content\/uploads\/2018\/03\/14524434_1106112876131411_958039263622046936_o.jpg?resize=525%2C300&ssl=1 1.5x, https:\/\/i0.wp.com\/www.grieta.org.mx\/wp-content\/uploads\/2018\/03\/14524434_1106112876131411_958039263622046936_o.jpg?resize=700%2C400&ssl=1 2x"},"classes":[]},{"id":69814,"url":"https:\/\/www.grieta.org.mx\/index.php\/2024\/09\/18\/a-10-anos-de-la-desaparicion-madres-y-padres-de-normalistas-de-ayotzinapa-inician-jornada-de-lucha\/","url_meta":{"origin":9750,"position":4},"title":"A 10 a\u00f1os de la desaparici\u00f3n, madres y padres de normalistas de Ayotzinapa inician jornada de lucha","author":"Admin","date":"18 septiembre, 2024","format":false,"excerpt":"Por: Luis Daniel Nava \/ Proceso CHILPANCINGO, Gro. (apro).- A ocho d\u00edas de cumplirse 10 a\u00f1os de la desaparici\u00f3n de sus hijos, las madres y padres de los 43 estudiantes de Ayotzinapa encabezaron una marcha con la iniciaron la jornada de lucha \u201cSin tregua, ni cuartel\u201d por la presentaci\u00f3n, justicia\u2026","rel":"","context":"En &quot;Caso Ayotzinapa&quot;","block_context":{"text":"Caso Ayotzinapa","link":"https:\/\/www.grieta.org.mx\/index.php\/category\/noticias-nacionales\/guerrero\/caso-ayotzinapa\/"},"img":{"alt_text":"","src":"https:\/\/i0.wp.com\/www.grieta.org.mx\/wp-content\/uploads\/2024\/09\/Captura-de-Pantalla-2024-09-24-a-las-10.06.57.jpg?resize=350%2C200&ssl=1","width":350,"height":200,"srcset":"https:\/\/i0.wp.com\/www.grieta.org.mx\/wp-content\/uploads\/2024\/09\/Captura-de-Pantalla-2024-09-24-a-las-10.06.57.jpg?resize=350%2C200&ssl=1 1x, https:\/\/i0.wp.com\/www.grieta.org.mx\/wp-content\/uploads\/2024\/09\/Captura-de-Pantalla-2024-09-24-a-las-10.06.57.jpg?resize=525%2C300&ssl=1 1.5x, https:\/\/i0.wp.com\/www.grieta.org.mx\/wp-content\/uploads\/2024\/09\/Captura-de-Pantalla-2024-09-24-a-las-10.06.57.jpg?resize=700%2C400&ssl=1 2x, https:\/\/i0.wp.com\/www.grieta.org.mx\/wp-content\/uploads\/2024\/09\/Captura-de-Pantalla-2024-09-24-a-las-10.06.57.jpg?resize=1050%2C600&ssl=1 3x, https:\/\/i0.wp.com\/www.grieta.org.mx\/wp-content\/uploads\/2024\/09\/Captura-de-Pantalla-2024-09-24-a-las-10.06.57.jpg?resize=1400%2C800&ssl=1 4x"},"classes":[]},{"id":6039,"url":"https:\/\/www.grieta.org.mx\/index.php\/2015\/03\/27\/exigen-justicia-a-seis-meses-de-la-desaparicion-forzada-de-los-normalistas-de-ayotzinapa-2\/","url_meta":{"origin":9750,"position":5},"title":"Exigen Justicia a Seis Meses de la Desaparici\u00f3n Forzada de los Normalistas de Ayotzinapa","author":"grieta","date":"27 marzo, 2015","format":false,"excerpt":"Cristina Zareth Hern\u00e1ndez Guti\u00e9rrez, Aguascalientes. A seis meses de la desaparici\u00f3n forzada de los 43 normalistas de Ayotzinapa, reclaman la presentaci\u00f3n con vida de los estudiantes de la Escuela Normal Ra\u00fal Isidro Burgos y reprochan la impunidad ante los terribles sucesos que evidenciaron la vinculaci\u00f3n del crimen organizado con autoridades\u2026","rel":"","context":"En &quot;aguascalientes&quot;","block_context":{"text":"aguascalientes","link":"https:\/\/www.grieta.org.mx\/index.php\/category\/aguascalientes\/"},"img":{"alt_text":"","src":"https:\/\/i0.wp.com\/www.grieta.org.mx\/wp-content\/uploads\/2018\/03\/14524434_1106112876131411_958039263622046936_o.jpg?resize=350%2C200&ssl=1","width":350,"height":200,"srcset":"https:\/\/i0.wp.com\/www.grieta.org.mx\/wp-content\/uploads\/2018\/03\/14524434_1106112876131411_958039263622046936_o.jpg?resize=350%2C200&ssl=1 1x, https:\/\/i0.wp.com\/www.grieta.org.mx\/wp-content\/uploads\/2018\/03\/14524434_1106112876131411_958039263622046936_o.jpg?resize=525%2C300&ssl=1 1.5x, https:\/\/i0.wp.com\/www.grieta.org.mx\/wp-content\/uploads\/2018\/03\/14524434_1106112876131411_958039263622046936_o.jpg?resize=700%2C400&ssl=1 2x"},"classes":[]}],"_links":{"self":[{"href":"https:\/\/www.grieta.org.mx\/index.php\/wp-json\/wp\/v2\/posts\/9750","targetHints":{"allow":["GET"]}}],"collection":[{"href":"https:\/\/www.grieta.org.mx\/index.php\/wp-json\/wp\/v2\/posts"}],"about":[{"href":"https:\/\/www.grieta.org.mx\/index.php\/wp-json\/wp\/v2\/types\/post"}],"author":[{"embeddable":true,"href":"https:\/\/www.grieta.org.mx\/index.php\/wp-json\/wp\/v2\/users\/2"}],"replies":[{"embeddable":true,"href":"https:\/\/www.grieta.org.mx\/index.php\/wp-json\/wp\/v2\/comments?post=9750"}],"version-history":[{"count":1,"href":"https:\/\/www.grieta.org.mx\/index.php\/wp-json\/wp\/v2\/posts\/9750\/revisions"}],"predecessor-version":[{"id":9751,"href":"https:\/\/www.grieta.org.mx\/index.php\/wp-json\/wp\/v2\/posts\/9750\/revisions\/9751"}],"wp:featuredmedia":[{"embeddable":true,"href":"https:\/\/www.grieta.org.mx\/index.php\/wp-json\/wp\/v2\/media\/21928"}],"wp:attachment":[{"href":"https:\/\/www.grieta.org.mx\/index.php\/wp-json\/wp\/v2\/media?parent=9750"}],"wp:term":[{"taxonomy":"category","embeddable":true,"href":"https:\/\/www.grieta.org.mx\/index.php\/wp-json\/wp\/v2\/categories?post=9750"},{"taxonomy":"post_tag","embeddable":true,"href":"https:\/\/www.grieta.org.mx\/index.php\/wp-json\/wp\/v2\/tags?post=9750"}],"curies":[{"name":"wp","href":"https:\/\/api.w.org\/{rel}","templated":true}]}}