{"id":975,"date":"2015-11-01T01:54:09","date_gmt":"2015-11-01T01:54:09","guid":{"rendered":"http:\/\/50.22.11.12\/~grietaor\/?p=975"},"modified":"2016-03-03T01:56:44","modified_gmt":"2016-03-03T01:56:44","slug":"instalan-altar-para-victimas-de-feminicidio-en-sinaloa","status":"publish","type":"post","link":"https:\/\/www.grieta.org.mx\/index.php\/2015\/11\/01\/instalan-altar-para-victimas-de-feminicidio-en-sinaloa\/","title":{"rendered":"Instalan altar para v\u00edctimas de feminicidio en Sinaloa"},"content":{"rendered":"<p>Javier Valdez C\u00e1rdenas, Sinaloa<\/p>\n<p>Culiac\u00e1n, Sin. El Colectivo de Mujeres Activas instal\u00f3 en Catedral un altar de muertos en protesta por los feminicidios, que en la entidad suman alrededor de 50 en lo que va del a\u00f1o.<\/p>\n<p>En una de las pancartas fue escrita la leyenda Altar en memoria de las mujeres asesinadas en Sinaloa. Entre los nombres escritos en cartulinas aparecen los de Sandra Luz Hern\u00e1ndez, una activista que fue asesinada cuando buscaba a su hijo.<\/p>\n<p>Datos de la Procuradur\u00eda General de Justicia del Estado indican que son alrededor de 35 mujeres asesinadas de enero a la fecha.<\/p>\n<p><a href=\"http:\/\/www.jornada.unam.mx\/ultimas\/2015\/11\/01\/instalan-altar-para-victimas-de-feminicidio-en-sinaloa-784.html\" target=\"_blank\">http:\/\/www.jornada.unam.mx\/ultimas\/2015\/11\/01\/instalan-altar-para-victimas-de-feminicidio-en-sinaloa-784.html<\/a><\/p>\n","protected":false},"excerpt":{"rendered":"<p>Javier Valdez C\u00e1rdenas, Sinaloa Culiac\u00e1n, Sin. El Colectivo de Mujeres Activas instal\u00f3 en Catedral un altar de muertos en protesta por los feminicidios, que en la entidad suman alrededor de &hellip; <a href=\"https:\/\/www.grieta.org.mx\/index.php\/2015\/11\/01\/instalan-altar-para-victimas-de-feminicidio-en-sinaloa\/\" class=\"more-link\">Leer m\u00e1s<\/a><\/p>\n","protected":false},"author":2,"featured_media":21928,"comment_status":"closed","ping_status":"open","sticky":false,"template":"","format":"standard","meta":{"ngg_post_thumbnail":0,"_jetpack_newsletter_access":"","_jetpack_dont_email_post_to_subs":false,"_jetpack_newsletter_tier_id":0,"_jetpack_memberships_contains_paywalled_content":false,"_jetpack_memberships_contains_paid_content":false,"footnotes":""},"categories":[80,164],"tags":[81,94],"class_list":["post-975","post","type-post","status-publish","format-standard","has-post-thumbnail","hentry","category-cintillo","category-sinaloa","tag-feminicidios","tag-violencia-contra-mujeres","entry"],"jetpack_featured_media_url":"https:\/\/www.grieta.org.mx\/wp-content\/uploads\/2018\/03\/14524434_1106112876131411_958039263622046936_o.jpg","jetpack_sharing_enabled":true,"jetpack_shortlink":"https:\/\/wp.me\/p7ZJR4-fJ","jetpack_likes_enabled":false,"jetpack-related-posts":[{"id":974,"url":"https:\/\/www.grieta.org.mx\/index.php\/2016\/08\/28\/974\/","url_meta":{"origin":975,"position":0},"title":"Feminicidios en Sinaloa","author":"grieta","date":"28 agosto, 2016","format":false,"excerpt":"28\/08\/16. Registra Sinaloa alta \u2018violencia feminicida\u2019 Noroeste 18\/08\/16. \u201cEl feminicidio va ligado a la desaparici\u00f3n\u201d El Debate 10\/08\/16. Aumentan feminicidios y violencia intrafamiliar (Sinaloa) Noroeste 25\/07\/16. Triple invisibilidad de mujeres en Sinaloa La Jornada 11\/07\/16. Impune, 70% de asesinatos de mujeres Noroeste 10\/07\/16. \"Golpea\" a mujeres la cultura machista Noroeste\u2026","rel":"","context":"En &quot;Feminicidios&quot;","block_context":{"text":"Feminicidios","link":"https:\/\/www.grieta.org.mx\/index.php\/category\/temas-nacionales\/feminicidios\/"},"img":{"alt_text":"","src":"https:\/\/i0.wp.com\/www.grieta.org.mx\/wp-content\/uploads\/2018\/03\/14524434_1106112876131411_958039263622046936_o.jpg?resize=350%2C200&ssl=1","width":350,"height":200,"srcset":"https:\/\/i0.wp.com\/www.grieta.org.mx\/wp-content\/uploads\/2018\/03\/14524434_1106112876131411_958039263622046936_o.jpg?resize=350%2C200&ssl=1 1x, https:\/\/i0.wp.com\/www.grieta.org.mx\/wp-content\/uploads\/2018\/03\/14524434_1106112876131411_958039263622046936_o.jpg?resize=525%2C300&ssl=1 1.5x, https:\/\/i0.wp.com\/www.grieta.org.mx\/wp-content\/uploads\/2018\/03\/14524434_1106112876131411_958039263622046936_o.jpg?resize=700%2C400&ssl=1 2x"},"classes":[]},{"id":58065,"url":"https:\/\/www.grieta.org.mx\/index.php\/2021\/03\/10\/manifestacion-8m-por-mujeres-victimas-de-feminicidios-en-sinaloa\/","url_meta":{"origin":975,"position":1},"title":"Manifestaci\u00f3n 8M por mujeres v\u00edctimas de feminicidios en Sinaloa","author":"grieta","date":"10 marzo, 2021","format":false,"excerpt":"DEBATE\/ Mar\u00eda Arredondo Sinaloa.- Este 8 de marzo se manifiestan frente a la Catedral de la ciudad de Culiac\u00e1n, Sinaloa, familiares de mujeres v\u00edctimas de feminicidios acompa\u00f1adas de otras ciudadanas pertenecientes al movimiento feminista. Cada que el sem\u00e1foro de la avenida Obreg\u00f3n pinta su color rojo para los automovilistas, las\u2026","rel":"","context":"En &quot;Feminicidios en Sinaloa&quot;","block_context":{"text":"Feminicidios en Sinaloa","link":"https:\/\/www.grieta.org.mx\/index.php\/category\/noticias-nacionales\/sinaloa\/feminicidios-en-sinaloa\/"},"img":{"alt_text":"","src":"https:\/\/i0.wp.com\/www.grieta.org.mx\/wp-content\/uploads\/2021\/04\/Sinaloa.jpg?resize=350%2C200&ssl=1","width":350,"height":200,"srcset":"https:\/\/i0.wp.com\/www.grieta.org.mx\/wp-content\/uploads\/2021\/04\/Sinaloa.jpg?resize=350%2C200&ssl=1 1x, https:\/\/i0.wp.com\/www.grieta.org.mx\/wp-content\/uploads\/2021\/04\/Sinaloa.jpg?resize=525%2C300&ssl=1 1.5x, https:\/\/i0.wp.com\/www.grieta.org.mx\/wp-content\/uploads\/2021\/04\/Sinaloa.jpg?resize=700%2C400&ssl=1 2x, https:\/\/i0.wp.com\/www.grieta.org.mx\/wp-content\/uploads\/2021\/04\/Sinaloa.jpg?resize=1050%2C600&ssl=1 3x"},"classes":[]},{"id":54684,"url":"https:\/\/www.grieta.org.mx\/index.php\/2020\/11\/01\/colocan-altar-para-las-victimas-de-feminicidio-en-yucatan\/","url_meta":{"origin":975,"position":2},"title":"Colocan altar para las v\u00edctimas de feminicidio en Yucat\u00e1n","author":"grieta","date":"1 noviembre, 2020","format":false,"excerpt":"Por Esto! Familiares de las v\u00edctimas de feminicidio en Yucat\u00e1n colocaron un altar para recordar a las mujeres asesinadas por razones de g\u00e9nero en Yucat\u00e1n en las instalaciones del Centro Cultural Olimpo en M\u00e9rida. A esta actividad tambi\u00e9n se sumaron colectivos feministas de la ciudad, quienes apoyaron a los familiares\u2026","rel":"","context":"En &quot;CINTILLO&quot;","block_context":{"text":"CINTILLO","link":"https:\/\/www.grieta.org.mx\/index.php\/category\/cintillo\/"},"img":{"alt_text":"","src":"https:\/\/i0.wp.com\/www.grieta.org.mx\/wp-content\/uploads\/2020\/11\/AltarFeminicidio.png?resize=350%2C200&ssl=1","width":350,"height":200,"srcset":"https:\/\/i0.wp.com\/www.grieta.org.mx\/wp-content\/uploads\/2020\/11\/AltarFeminicidio.png?resize=350%2C200&ssl=1 1x, https:\/\/i0.wp.com\/www.grieta.org.mx\/wp-content\/uploads\/2020\/11\/AltarFeminicidio.png?resize=525%2C300&ssl=1 1.5x"},"classes":[]},{"id":57174,"url":"https:\/\/www.grieta.org.mx\/index.php\/2021\/02\/22\/cerca-de-800-mujeres-han-sido-asesinadas-en-el-estado-de-sinaloa-en-la-ultima-decada\/","url_meta":{"origin":975,"position":3},"title":"Cerca de 800 mujeres han sido asesinadas en el estado de Sinaloa en la \u00faltima d\u00e9cada","author":"grieta","date":"22 febrero, 2021","format":false,"excerpt":"Una protesta contra los feminicidios en M\u00e9xico . Foto: J. Ra\u00fal P\u00e9rez Proceso\/EuropaPress La Coordinaci\u00f3n General del Consejo Estatal de Seguridad P\u00fablica de Sinaloa, que preside Ricardo Jenny del Rinc\u00f3n, inform\u00f3 que en la \u00faltima d\u00e9cada han sido asesinadas cerca de 800 mujeres en la entidad, de las cuales al\u2026","rel":"","context":"En &quot;CINTILLO&quot;","block_context":{"text":"CINTILLO","link":"https:\/\/www.grieta.org.mx\/index.php\/category\/cintillo\/"},"img":{"alt_text":"","src":"https:\/\/i0.wp.com\/www.grieta.org.mx\/wp-content\/uploads\/2021\/02\/f800x450-130593_182039_5050.jpg?resize=350%2C200&ssl=1","width":350,"height":200,"srcset":"https:\/\/i0.wp.com\/www.grieta.org.mx\/wp-content\/uploads\/2021\/02\/f800x450-130593_182039_5050.jpg?resize=350%2C200&ssl=1 1x, https:\/\/i0.wp.com\/www.grieta.org.mx\/wp-content\/uploads\/2021\/02\/f800x450-130593_182039_5050.jpg?resize=525%2C300&ssl=1 1.5x, https:\/\/i0.wp.com\/www.grieta.org.mx\/wp-content\/uploads\/2021\/02\/f800x450-130593_182039_5050.jpg?resize=700%2C400&ssl=1 2x"},"classes":[]},{"id":33579,"url":"https:\/\/www.grieta.org.mx\/index.php\/2019\/05\/05\/torturadas-violadas-a-balazos-asi-son-asesinadas-las-mujeres-en-sinaloa\/","url_meta":{"origin":975,"position":4},"title":"Torturadas, violadas, a balazos, as\u00ed son asesinadas las mujeres en Sinaloa","author":"grieta","date":"5 mayo, 2019","format":false,"excerpt":"En los primeros meses del 2019, en Sinaloa han sido asesinadas al menos 13 mujeres. Redacci\u00f3n \/ El Sol de Sinaloa Culiac\u00e1n, Sin.\u00a0En los primeros cuatro meses de este 2019, en\u00a0Sinaloa\u00a0han sido\u00a0asesinadas\u00a0por lo menos\u00a013 mujeres, de acuerdo a datos\u00a0period\u00edsticos. La cifra podr\u00eda aumentar, ya que algunas\u00a0f\u00e9minas localizadas sin vida, la\u00a0Fiscal\u00eda\u2026","rel":"","context":"En &quot;CINTILLO&quot;","block_context":{"text":"CINTILLO","link":"https:\/\/www.grieta.org.mx\/index.php\/category\/cintillo\/"},"img":{"alt_text":"","src":"https:\/\/i0.wp.com\/www.grieta.org.mx\/wp-content\/uploads\/2019\/05\/f9816f1e-537c-4f85-b51c-69455f9abe53.jpg?resize=350%2C200&ssl=1","width":350,"height":200,"srcset":"https:\/\/i0.wp.com\/www.grieta.org.mx\/wp-content\/uploads\/2019\/05\/f9816f1e-537c-4f85-b51c-69455f9abe53.jpg?resize=350%2C200&ssl=1 1x, https:\/\/i0.wp.com\/www.grieta.org.mx\/wp-content\/uploads\/2019\/05\/f9816f1e-537c-4f85-b51c-69455f9abe53.jpg?resize=525%2C300&ssl=1 1.5x, https:\/\/i0.wp.com\/www.grieta.org.mx\/wp-content\/uploads\/2019\/05\/f9816f1e-537c-4f85-b51c-69455f9abe53.jpg?resize=700%2C400&ssl=1 2x"},"classes":[]},{"id":40834,"url":"https:\/\/www.grieta.org.mx\/index.php\/2019\/11\/03\/con-altar-de-muertos-marea-verde-exige-frenar-feminicidio-tamaulipas\/","url_meta":{"origin":975,"position":5},"title":"Con altar de Muertos, Marea Verde exige frenar feminicidio (Tamaulipas)","author":"grieta","date":"3 noviembre, 2019","format":false,"excerpt":"Activistas piden a las autoridades tomar medidas para acabar con este delito que se presenta en Tamaulipas. Pablo Reyes\/Milenio 3 noviembre 2019 Instalan en el centro de Tampico un altar en honor a las muertas por feminicidio para exigir justicia a las autoridades y se tomen las medidas que crean\u2026","rel":"","context":"En &quot;CINTILLO&quot;","block_context":{"text":"CINTILLO","link":"https:\/\/www.grieta.org.mx\/index.php\/category\/cintillo\/"},"img":{"alt_text":"","src":"https:\/\/i0.wp.com\/www.grieta.org.mx\/wp-content\/uploads\/2019\/11\/marea-verde-instala-altar-muertos_0_41_958_596.jpeg?resize=350%2C200&ssl=1","width":350,"height":200,"srcset":"https:\/\/i0.wp.com\/www.grieta.org.mx\/wp-content\/uploads\/2019\/11\/marea-verde-instala-altar-muertos_0_41_958_596.jpeg?resize=350%2C200&ssl=1 1x, https:\/\/i0.wp.com\/www.grieta.org.mx\/wp-content\/uploads\/2019\/11\/marea-verde-instala-altar-muertos_0_41_958_596.jpeg?resize=525%2C300&ssl=1 1.5x, https:\/\/i0.wp.com\/www.grieta.org.mx\/wp-content\/uploads\/2019\/11\/marea-verde-instala-altar-muertos_0_41_958_596.jpeg?resize=700%2C400&ssl=1 2x"},"classes":[]}],"_links":{"self":[{"href":"https:\/\/www.grieta.org.mx\/index.php\/wp-json\/wp\/v2\/posts\/975","targetHints":{"allow":["GET"]}}],"collection":[{"href":"https:\/\/www.grieta.org.mx\/index.php\/wp-json\/wp\/v2\/posts"}],"about":[{"href":"https:\/\/www.grieta.org.mx\/index.php\/wp-json\/wp\/v2\/types\/post"}],"author":[{"embeddable":true,"href":"https:\/\/www.grieta.org.mx\/index.php\/wp-json\/wp\/v2\/users\/2"}],"replies":[{"embeddable":true,"href":"https:\/\/www.grieta.org.mx\/index.php\/wp-json\/wp\/v2\/comments?post=975"}],"version-history":[{"count":1,"href":"https:\/\/www.grieta.org.mx\/index.php\/wp-json\/wp\/v2\/posts\/975\/revisions"}],"predecessor-version":[{"id":976,"href":"https:\/\/www.grieta.org.mx\/index.php\/wp-json\/wp\/v2\/posts\/975\/revisions\/976"}],"wp:featuredmedia":[{"embeddable":true,"href":"https:\/\/www.grieta.org.mx\/index.php\/wp-json\/wp\/v2\/media\/21928"}],"wp:attachment":[{"href":"https:\/\/www.grieta.org.mx\/index.php\/wp-json\/wp\/v2\/media?parent=975"}],"wp:term":[{"taxonomy":"category","embeddable":true,"href":"https:\/\/www.grieta.org.mx\/index.php\/wp-json\/wp\/v2\/categories?post=975"},{"taxonomy":"post_tag","embeddable":true,"href":"https:\/\/www.grieta.org.mx\/index.php\/wp-json\/wp\/v2\/tags?post=975"}],"curies":[{"name":"wp","href":"https:\/\/api.w.org\/{rel}","templated":true}]}}