{"id":9733,"date":"2016-04-01T13:45:02","date_gmt":"2016-04-01T13:45:02","guid":{"rendered":"http:\/\/www.grieta.org.mx\/?p=9733"},"modified":"2016-04-23T18:05:42","modified_gmt":"2016-04-23T18:05:42","slug":"protestan-en-zacualpan-contra-nuevo-presidente-de-junta-municipal","status":"publish","type":"post","link":"https:\/\/www.grieta.org.mx\/index.php\/2016\/04\/01\/protestan-en-zacualpan-contra-nuevo-presidente-de-junta-municipal\/","title":{"rendered":"Protestan en Zacualpan contra nuevo presidente de Junta Municipal"},"content":{"rendered":"<p>Redacci\u00f3n Perriodismo<br \/>\nAlrededor de 30 mujeres del Consejo Ind\u00edgena por la Defensa del Territorio de Zacualpan (CIDTZ) protestaron esta ma\u00f1ana contra Daniel Aranda V\u00e1zquez, nuevo presidente de la Junta Municipal.<\/p>\n<p>En el lugar estuvieron presentes aproximadamente una veintena de elementos de la Polic\u00eda Estatal. Daniel Aranda sustituye a Enrique Carpio Rinc\u00f3n y ocupar\u00e1 el cargo por tres a\u00f1os.<\/p>\n<p>Seg\u00fan el CIDTZ, Aranda V\u00e1zquez fue uno de los participantes en las pedradas del viernes pasado. De acuerdo al reglamento de las autoridades auxiliares de Comala, la Junta Municipal tiene la obligaci\u00f3n de vigilar el orden y las buenas costumbres, adem\u00e1s de procurar la seguridad de las personas y de sus bienes.<\/p>\n<p><a href=\"http:\/\/www.perriodismo.com.mx\/2016\/04\/01\/protestan-en-zacualpan-contra-nuevo-presidente-de-junta-municipal\/\" target=\"_blank\">http:\/\/www.perriodismo.com.mx\/2016\/04\/01\/protestan-en-zacualpan-contra-nuevo-presidente-de-junta-municipal\/<\/a><\/p>\n","protected":false},"excerpt":{"rendered":"<p>Redacci\u00f3n Perriodismo Alrededor de 30 mujeres del Consejo Ind\u00edgena por la Defensa del Territorio de Zacualpan (CIDTZ) protestaron esta ma\u00f1ana contra Daniel Aranda V\u00e1zquez, nuevo presidente de la Junta Municipal. &hellip; <a href=\"https:\/\/www.grieta.org.mx\/index.php\/2016\/04\/01\/protestan-en-zacualpan-contra-nuevo-presidente-de-junta-municipal\/\" class=\"more-link\">Leer m\u00e1s<\/a><\/p>\n","protected":false},"author":2,"featured_media":21928,"comment_status":"closed","ping_status":"closed","sticky":false,"template":"","format":"standard","meta":{"ngg_post_thumbnail":0,"_jetpack_newsletter_access":"","_jetpack_dont_email_post_to_subs":false,"_jetpack_newsletter_tier_id":0,"_jetpack_memberships_contains_paywalled_content":false,"_jetpack_memberships_contains_paid_content":false,"footnotes":""},"categories":[80,108],"tags":[226],"class_list":["post-9733","post","type-post","status-publish","format-standard","has-post-thumbnail","hentry","category-cintillo","category-colima","tag-mineria-en-zacualpan","entry"],"jetpack_featured_media_url":"https:\/\/www.grieta.org.mx\/wp-content\/uploads\/2018\/03\/14524434_1106112876131411_958039263622046936_o.jpg","jetpack_sharing_enabled":true,"jetpack_shortlink":"https:\/\/wp.me\/p7ZJR4-2wZ","jetpack_likes_enabled":false,"jetpack-related-posts":[{"id":9737,"url":"https:\/\/www.grieta.org.mx\/index.php\/2016\/04\/03\/que-nacho-no-se-meta-con-zacualpan\/","url_meta":{"origin":9733,"position":0},"title":"Que Nacho no se meta con Zacualpan","author":"grieta","date":"3 abril, 2016","format":false,"excerpt":"Monserrat Ram\u00edrez \u201cLe digo a Nacho que no se meta con nuestra comunidad porque se las va a ver con nosotros, sea como sea nos vamos a enfrentar\u201d, advirti\u00f3 Micaela Vicente Romero, integrante del Consejo Ind\u00edgena por la Defensa del Territorio de Zacualpan (CIDTZ). Durante un mitin realizado ayer frente\u2026","rel":"","context":"En &quot;CINTILLO&quot;","block_context":{"text":"CINTILLO","link":"https:\/\/www.grieta.org.mx\/index.php\/category\/cintillo\/"},"img":{"alt_text":"","src":"https:\/\/i0.wp.com\/www.grieta.org.mx\/wp-content\/uploads\/2018\/03\/14524434_1106112876131411_958039263622046936_o.jpg?resize=350%2C200&ssl=1","width":350,"height":200,"srcset":"https:\/\/i0.wp.com\/www.grieta.org.mx\/wp-content\/uploads\/2018\/03\/14524434_1106112876131411_958039263622046936_o.jpg?resize=350%2C200&ssl=1 1x, https:\/\/i0.wp.com\/www.grieta.org.mx\/wp-content\/uploads\/2018\/03\/14524434_1106112876131411_958039263622046936_o.jpg?resize=525%2C300&ssl=1 1.5x, https:\/\/i0.wp.com\/www.grieta.org.mx\/wp-content\/uploads\/2018\/03\/14524434_1106112876131411_958039263622046936_o.jpg?resize=700%2C400&ssl=1 2x"},"classes":[]},{"id":2644,"url":"https:\/\/www.grieta.org.mx\/index.php\/2015\/06\/17\/desalojo-de-junta-municipal-deja-ocho-lesionados-en-colima\/","url_meta":{"origin":9733,"position":1},"title":"Desalojo de Junta Municipal deja ocho lesionados en Colima","author":"grieta","date":"17 junio, 2015","format":false,"excerpt":"Pedro Zamora Brise\u00f1o COLIMA, Col. (apro).- Al menos ocho personas resultaron lesionadas luego de que miembros del Consejo Ind\u00edgena por la Defensa del Territorio de Zacualpan (CIDTZ), que hab\u00edan tomado la sede de la Junta Municipal de esa comunidad, fueron desalojados violentamente por seguidores de Carlos Guzm\u00e1n Teodoro, expresidente del\u2026","rel":"","context":"En &quot;CINTILLO&quot;","block_context":{"text":"CINTILLO","link":"https:\/\/www.grieta.org.mx\/index.php\/category\/cintillo\/"},"img":{"alt_text":"","src":"https:\/\/i0.wp.com\/www.grieta.org.mx\/wp-content\/uploads\/2018\/03\/14524434_1106112876131411_958039263622046936_o.jpg?resize=350%2C200&ssl=1","width":350,"height":200,"srcset":"https:\/\/i0.wp.com\/www.grieta.org.mx\/wp-content\/uploads\/2018\/03\/14524434_1106112876131411_958039263622046936_o.jpg?resize=350%2C200&ssl=1 1x, https:\/\/i0.wp.com\/www.grieta.org.mx\/wp-content\/uploads\/2018\/03\/14524434_1106112876131411_958039263622046936_o.jpg?resize=525%2C300&ssl=1 1.5x, https:\/\/i0.wp.com\/www.grieta.org.mx\/wp-content\/uploads\/2018\/03\/14524434_1106112876131411_958039263622046936_o.jpg?resize=700%2C400&ssl=1 2x"},"classes":[]},{"id":1931,"url":"https:\/\/www.grieta.org.mx\/index.php\/2016\/08\/08\/lucha-y-resistencia-de-la-comunidad-nahua-de-zacualpan\/","url_meta":{"origin":9733,"position":2},"title":"Resistencia de la comunidad nahua de Zacualpan contra la miner\u00eda.","author":"grieta","date":"8 agosto, 2016","format":false,"excerpt":"08\/08\/16. Tomar\u00e1 posesi\u00f3n Taurino Rinc\u00f3n del manantial Ojo de Agua en ZacualpanColima Noticias 03\/04\/16. Que Nacho no se meta con ZacualpanPerriodismo 01\/04\/16. Protestan en Zacualpan contra nuevo presidente de Junta MunicipalPerriodismo 29\/03\/16. Autoridad comunal de Zacualpan rompe el di\u00e1logo con el gobierno; pide intervenci\u00f3n del CongresoDiario Avanzada 27\/03\/16. Y ahora,\u2026","rel":"","context":"En &quot;14. Zacualpan&quot;","block_context":{"text":"14. Zacualpan","link":"https:\/\/www.grieta.org.mx\/index.php\/category\/espejos-de-la-resistencia\/14-zacualpan\/"},"img":{"alt_text":"","src":"https:\/\/i0.wp.com\/www.grieta.org.mx\/wp-content\/uploads\/2018\/03\/14524434_1106112876131411_958039263622046936_o.jpg?resize=350%2C200&ssl=1","width":350,"height":200,"srcset":"https:\/\/i0.wp.com\/www.grieta.org.mx\/wp-content\/uploads\/2018\/03\/14524434_1106112876131411_958039263622046936_o.jpg?resize=350%2C200&ssl=1 1x, https:\/\/i0.wp.com\/www.grieta.org.mx\/wp-content\/uploads\/2018\/03\/14524434_1106112876131411_958039263622046936_o.jpg?resize=525%2C300&ssl=1 1.5x, https:\/\/i0.wp.com\/www.grieta.org.mx\/wp-content\/uploads\/2018\/03\/14524434_1106112876131411_958039263622046936_o.jpg?resize=700%2C400&ssl=1 2x"},"classes":[]},{"id":6095,"url":"https:\/\/www.grieta.org.mx\/index.php\/2016\/03\/26\/vuelve-la-violencia-a-zacualpan-rema-pide-intervencion-de-organismos-de-derechos-humanos\/","url_meta":{"origin":9733,"position":3},"title":"Vuelve la violencia a Zacualpan; Rema pide intervenci\u00f3n de organismos de derechos humanos","author":"grieta","date":"26 marzo, 2016","format":false,"excerpt":"Colima, M\u00e9xico, Avanzada (26\/03\/2016).- Siete integrantes del Consejo Ind\u00edgena por la Defensa del Territorio de Zacualpan (CIDTZ) resultaron heridos tras un ataque con piedras perpetrado por seguidores del priista Carlos Guzm\u00e1n Teodoro, expresidente de Bienes Comunales de esa poblaci\u00f3n, denunci\u00f3 la Red Mexicana de Afectados por la Miner\u00eda (Rema). De\u2026","rel":"","context":"En &quot;CINTILLO&quot;","block_context":{"text":"CINTILLO","link":"https:\/\/www.grieta.org.mx\/index.php\/category\/cintillo\/"},"img":{"alt_text":"","src":"https:\/\/i0.wp.com\/www.grieta.org.mx\/wp-content\/uploads\/2018\/03\/14524434_1106112876131411_958039263622046936_o.jpg?resize=350%2C200&ssl=1","width":350,"height":200,"srcset":"https:\/\/i0.wp.com\/www.grieta.org.mx\/wp-content\/uploads\/2018\/03\/14524434_1106112876131411_958039263622046936_o.jpg?resize=350%2C200&ssl=1 1x, https:\/\/i0.wp.com\/www.grieta.org.mx\/wp-content\/uploads\/2018\/03\/14524434_1106112876131411_958039263622046936_o.jpg?resize=525%2C300&ssl=1 1.5x, https:\/\/i0.wp.com\/www.grieta.org.mx\/wp-content\/uploads\/2018\/03\/14524434_1106112876131411_958039263622046936_o.jpg?resize=700%2C400&ssl=1 2x"},"classes":[]},{"id":9497,"url":"https:\/\/www.grieta.org.mx\/index.php\/2016\/03\/29\/autoridad-comunal-de-zacualpan-rompe-el-dialogo-con-el-gobierno-pide-intervencion-del-congreso\/","url_meta":{"origin":9733,"position":4},"title":"Autoridad comunal de Zacualpan rompe el di\u00e1logo con el gobierno; pide intervenci\u00f3n del Congreso","author":"grieta","date":"29 marzo, 2016","format":false,"excerpt":"Diario Avanzada Colima, M\u00e9xico, Avanzada (29\/03\/2016).- La mesa directiva del Comisariado de Bienes Comunales de Zacualpan rompi\u00f3 el dialogo con el gobierno estatal, tras considerar que las autoridades \u201cest\u00e1n jugando con nosotros\u201d y se han inclinado a favor del grupo priista que bloque\u00f3 el paso al balneario Ojo de Agua\u2026","rel":"","context":"En &quot;CINTILLO&quot;","block_context":{"text":"CINTILLO","link":"https:\/\/www.grieta.org.mx\/index.php\/category\/cintillo\/"},"img":{"alt_text":"","src":"https:\/\/i0.wp.com\/www.grieta.org.mx\/wp-content\/uploads\/2018\/03\/14524434_1106112876131411_958039263622046936_o.jpg?resize=350%2C200&ssl=1","width":350,"height":200,"srcset":"https:\/\/i0.wp.com\/www.grieta.org.mx\/wp-content\/uploads\/2018\/03\/14524434_1106112876131411_958039263622046936_o.jpg?resize=350%2C200&ssl=1 1x, https:\/\/i0.wp.com\/www.grieta.org.mx\/wp-content\/uploads\/2018\/03\/14524434_1106112876131411_958039263622046936_o.jpg?resize=525%2C300&ssl=1 1.5x, https:\/\/i0.wp.com\/www.grieta.org.mx\/wp-content\/uploads\/2018\/03\/14524434_1106112876131411_958039263622046936_o.jpg?resize=700%2C400&ssl=1 2x"},"classes":[]},{"id":2664,"url":"https:\/\/www.grieta.org.mx\/index.php\/2014\/12\/30\/grupo-ligado-al-pri-mantiene-encerrados-a-comuneros-de-zacualpan-en-manantial-ojo-de-agua\/","url_meta":{"origin":9733,"position":5},"title":"Grupo ligado al PRI mantiene \u2018encerrados\u2019 a comuneros de Zacualpan en manantial Ojo de Agua","author":"grieta","date":"30 diciembre, 2014","format":false,"excerpt":"Por: Redacci\u00f3n Colima 3.0 \/ 30 diciembre, 2014 Entre forcejeos y gritos, el comisariado de Bienes Comunales de la comunidad ind\u00edgena de Zacualpan, encabezado por Taurino Rinc\u00f3n Lorenzo, junto con habitantes miembros del Consejo Ind\u00edgena por la Defensa del Territorio de Zacualpan (CIDTZ), recuperaron las instalaciones del parque ecotur\u00edstico Ojo\u2026","rel":"","context":"En &quot;CINTILLO&quot;","block_context":{"text":"CINTILLO","link":"https:\/\/www.grieta.org.mx\/index.php\/category\/cintillo\/"},"img":{"alt_text":"","src":"https:\/\/i0.wp.com\/www.grieta.org.mx\/wp-content\/uploads\/2018\/03\/14524434_1106112876131411_958039263622046936_o.jpg?resize=350%2C200&ssl=1","width":350,"height":200,"srcset":"https:\/\/i0.wp.com\/www.grieta.org.mx\/wp-content\/uploads\/2018\/03\/14524434_1106112876131411_958039263622046936_o.jpg?resize=350%2C200&ssl=1 1x, https:\/\/i0.wp.com\/www.grieta.org.mx\/wp-content\/uploads\/2018\/03\/14524434_1106112876131411_958039263622046936_o.jpg?resize=525%2C300&ssl=1 1.5x, https:\/\/i0.wp.com\/www.grieta.org.mx\/wp-content\/uploads\/2018\/03\/14524434_1106112876131411_958039263622046936_o.jpg?resize=700%2C400&ssl=1 2x"},"classes":[]}],"_links":{"self":[{"href":"https:\/\/www.grieta.org.mx\/index.php\/wp-json\/wp\/v2\/posts\/9733","targetHints":{"allow":["GET"]}}],"collection":[{"href":"https:\/\/www.grieta.org.mx\/index.php\/wp-json\/wp\/v2\/posts"}],"about":[{"href":"https:\/\/www.grieta.org.mx\/index.php\/wp-json\/wp\/v2\/types\/post"}],"author":[{"embeddable":true,"href":"https:\/\/www.grieta.org.mx\/index.php\/wp-json\/wp\/v2\/users\/2"}],"replies":[{"embeddable":true,"href":"https:\/\/www.grieta.org.mx\/index.php\/wp-json\/wp\/v2\/comments?post=9733"}],"version-history":[{"count":1,"href":"https:\/\/www.grieta.org.mx\/index.php\/wp-json\/wp\/v2\/posts\/9733\/revisions"}],"predecessor-version":[{"id":10706,"href":"https:\/\/www.grieta.org.mx\/index.php\/wp-json\/wp\/v2\/posts\/9733\/revisions\/10706"}],"wp:featuredmedia":[{"embeddable":true,"href":"https:\/\/www.grieta.org.mx\/index.php\/wp-json\/wp\/v2\/media\/21928"}],"wp:attachment":[{"href":"https:\/\/www.grieta.org.mx\/index.php\/wp-json\/wp\/v2\/media?parent=9733"}],"wp:term":[{"taxonomy":"category","embeddable":true,"href":"https:\/\/www.grieta.org.mx\/index.php\/wp-json\/wp\/v2\/categories?post=9733"},{"taxonomy":"post_tag","embeddable":true,"href":"https:\/\/www.grieta.org.mx\/index.php\/wp-json\/wp\/v2\/tags?post=9733"}],"curies":[{"name":"wp","href":"https:\/\/api.w.org\/{rel}","templated":true}]}}