{"id":9723,"date":"2015-04-28T03:15:13","date_gmt":"2015-04-28T03:15:13","guid":{"rendered":"http:\/\/www.grieta.org.mx\/?p=9723"},"modified":"2016-04-04T03:16:36","modified_gmt":"2016-04-04T03:16:36","slug":"ayotzinapa-la-lucha-que-no-tiene-pausa-siete-meses-de-esperanza","status":"publish","type":"post","link":"https:\/\/www.grieta.org.mx\/index.php\/2015\/04\/28\/ayotzinapa-la-lucha-que-no-tiene-pausa-siete-meses-de-esperanza\/","title":{"rendered":"AYOTZINAPA: LA LUCHA QUE NO TIENE PAUSA\u2026 SIETE MESES DE ESPERANZA"},"content":{"rendered":"<p>M\u00e1s de 131<\/p>\n<p>D\u00c9BORA POO SOTO \/  28 ABR 2015<\/p>\n<p>Si consideramos que probablemente las madres, padres, hijxs y dem\u00e1s familiares de los Normalistas de Ayotzinapa se enteraron el d\u00eda 27 de lo que hab\u00eda ocurrido la noche del 26 y madrugada del mismo 27 de septiembre del 2014 en Iguala, Guerrero; hoy 27 de abril todos esos seres humanos han sufrido 212 d\u00edas de ausencia. Algunas son ausencias que esperemos  sean temporales: las de los 43 normalistas victimas de desaparici\u00f3n forzada.<\/p>\n<p>Existen adem\u00e1s otras seis familias cuyas vidas han cambiado por las ausencias f\u00edsicas permanentes, han quedado, pues, incompletas, las familias de los normalistas: Daniel Sol\u00eds, Julio C\u00e9sar Mondrag\u00f3n y Julio C\u00e9sar Ram\u00edrez Nava, tambi\u00e9n les faltan a sus familias: David Evangelista, jugador de los Avispones Verdes (AV) de Chilpancingo, V\u00edctor Manuel Lugo conductor del cami\u00f3n de los AV y Blanca Montiel, pasajera de un taxi alcanzado por las balas del comando que atac\u00f3 el cami\u00f3n de los AV.<\/p>\n<p>El recuento de la tragedia no acaba ah\u00ed, otras vidas se han transformado desde esa fecha: las familias y los normalistas Edgar Andr\u00e9s Vargas y Aldo Guti\u00e9rrez Solano, quienes luchan por su vida. Edgar, herido de bala en el rostro, vive un largo proceso de recuperaci\u00f3n, ha sido intervenido quir\u00fargicamente en varias ocasiones y a\u00fan le realizaran m\u00e1s operaciones. Por otra parte, Aldo lleva esos 212 d\u00edas en estado vegetativo.<\/p>\n<p>212 d\u00edas de ausencias, de dolor, de lucha, de rabia y de memoria. Porque hay que tenerlo claro: sus familias completas y sus compa\u00f1eros, tambi\u00e9n son v\u00edctimas de la desaparici\u00f3n forzada y se han aferrado a la memoria, no han olvidado, ni su dolor, ni su rabia, lo que lxs impulsa, para continuar imparables esta lucha que han llevado a cabo por 212 d\u00edas.<\/p>\n<p>Inumerables han de ser sus sacrificios, pero lxs incansables no se detienen, ni se rinden, y aunque algunos d\u00edas no sepamos d\u00f3nde est\u00e1n o qu\u00e9 hacen, seguramente en esos d\u00edas ellxs siguen en la lucha. Lucha por la verdad y la justicia integral, por el castigo a los responsables de los ca\u00eddos y por la presentaci\u00f3n con vida de los 43, de nuestros 43, por Abel, Alexander, Ad\u00e1n, Abelardo, C\u00e9sar Manuel, Antonio, Benjam\u00edn, Bernardo, Carlos Iv\u00e1n, Carlos Lorenzo, Christian Alfonso, Cutberto, Dorian, Christian Tomas, Giovanni, Everardo, Felipe, Emiliano Alen, Jorge Luis, Jorge Antonio, Jon\u00e1s, Israel, Jorge An\u00edbal, Jes\u00fas Jovany, Jorge, Israel, Jos\u00e9 \u00c1ngel, Jos\u00e9 Luis,  Jos\u00e9 Eduardo, Jos\u00e9 \u00c1ngel, Leonel, Luis \u00c1ngel, Magdaleno Rub\u00e9n, Jhosivani, Julio C\u00e9sar, Luis \u00c1ngel, Mauricio, Miguel \u00c1ngel, Miguel Getsemany, Marcial Pablo, Marco Antonio, Miguel \u00c1ngel y Sa\u00fal.<\/p>\n<p>La lucha que no tiene pausa<\/p>\n<p>En estos siete meses varias acciones globales se han llevado a cabo, en abril la XI Acci\u00f3n global por Ayotzinapa se desarrolla desde el 24 de abril y concluira el 1 de mayo. Comenz\u00f3 con un masivo pos me salto, que se coordin\u00f3 desde el Plant\u00f3n x 43 ubicado afuera de la PGR. Dicha acci\u00f3n se llev\u00f3 a cabo el viernes 24 de abril en al menos 43 estaciones del metro, cont\u00f3 con la presencia de algunos padres y se recolect\u00f3 dinero que les fue entregado el s\u00e1bado 25. Durante dicha acci\u00f3n se difundi\u00f3 informaci\u00f3n sobre el caso y se invit\u00f3 a una marcha el domingo.<\/p>\n<p>Simult\u00e1neamente el viernes y jueves comisiones de madres y padres acudieron a distintos barrios de la Ciudad de M\u00e9xico en donde fueron inaugurados murales y en donde se comparti\u00f3 informaci\u00f3n sobre la situaci\u00f3n actual del caso.<\/p>\n<p>Y como lxs incansables no paran, el domingo acudieron a un evento en el que distintas voces y artistas compartieron con ellxs, la cita fue en Paseo de la Reforma y Ju\u00e1rez, ah\u00ed tambi\u00e9n se inaugur\u00f3 el antimonumento +43. M\u00e1s tarde al mismo lugar arrib\u00f3 un amplio contingente que march\u00f3 desde el \u00c1ngel de la Independencia, y que se detuvo en el antimonumento donde las voces de las madres y padres retumbaron en los corazones de lxs presentes.<\/p>\n<p> M\u00e1s tarde la marcha continu\u00f3 hasta el Z\u00f3calo donde los contingentes no pararon de gritar consignas, en el mismo lugar diversos grupos religiosos llevaron a cabo un evento ecum\u00e9nico; una cruz con velas ilumin\u00f3 la plaza, las madres y padres compartieron palabras y rezos con aquellxs que de esa forma se solidarizaron con ellxs.<\/p>\n<p>M\u00e1s all\u00e1 de la Ciudad de M\u00e9xico<\/p>\n<p>Varias son las comisiones de madres y padres que encabezaron acciones en distintos puntos del pa\u00eds, otras siguen en Estados Unidos, ya fueron a Canad\u00e1, y una m\u00e1s en Europa. De hecho el domingo 26 en Chilpancingo, Guerrero, otra protesta se llev\u00f3 a cabo, misma que concluy\u00f3 con la llegada de granaderos y gases lacrim\u00f3genos que fueron lanzados a los manifestantes.<\/p>\n<p>Como la lucha no acaba, porque el olvido siempre amenaza con ganarle alguna batalla a la memoria, lxs incansables siguen. Porque el pa\u00eds duele porque nos faltan miles+43+3+3\u2026 las madres, padres y organizaciones marchar\u00e1n en Chilpancingo, Guerrero el 30 de abril y se espera una gran protesta el 1 de mayo en la Ciudad de M\u00e9xico, ser\u00e1n acompa\u00f1adxs por las organizaciones solidarias, sindicatos, colectivos y estudiantes, y quiz\u00e1 por ti.<\/p>\n<p>\u00a1Vivos se los llevaron, y as\u00ed los queremos vivos!<\/p>\n<p>212 d\u00edas de sus ausencias\u2026 sembramos memoria y no les olvidamos.<\/p>\n<p><a href=\"http:\/\/www.masde131.com\/2015\/04\/la-lucha-que-no-tiene-pausa-siete-meses-de-esperanza\/\" target=\"_blank\">http:\/\/www.masde131.com\/2015\/04\/la-lucha-que-no-tiene-pausa-siete-meses-de-esperanza\/<\/a><\/p>\n","protected":false},"excerpt":{"rendered":"<p>M\u00e1s de 131 D\u00c9BORA POO SOTO \/ 28 ABR 2015 Si consideramos que probablemente las madres, padres, hijxs y dem\u00e1s familiares de los Normalistas de Ayotzinapa se enteraron el d\u00eda &hellip; <a href=\"https:\/\/www.grieta.org.mx\/index.php\/2015\/04\/28\/ayotzinapa-la-lucha-que-no-tiene-pausa-siete-meses-de-esperanza\/\" class=\"more-link\">Leer m\u00e1s<\/a><\/p>\n","protected":false},"author":2,"featured_media":21928,"comment_status":"closed","ping_status":"closed","sticky":false,"template":"","format":"standard","meta":{"ngg_post_thumbnail":0,"_jetpack_newsletter_access":"","_jetpack_dont_email_post_to_subs":false,"_jetpack_newsletter_tier_id":0,"_jetpack_memberships_contains_paywalled_content":false,"_jetpack_memberships_contains_paid_content":false,"footnotes":""},"categories":[80],"tags":[229],"class_list":["post-9723","post","type-post","status-publish","format-standard","has-post-thumbnail","hentry","category-cintillo","tag-solidaridad-con-ayotzinapa","entry"],"jetpack_featured_media_url":"https:\/\/www.grieta.org.mx\/wp-content\/uploads\/2018\/03\/14524434_1106112876131411_958039263622046936_o.jpg","jetpack_sharing_enabled":true,"jetpack_shortlink":"https:\/\/wp.me\/p7ZJR4-2wP","jetpack_likes_enabled":false,"jetpack-related-posts":[{"id":38553,"url":"https:\/\/www.grieta.org.mx\/index.php\/2019\/08\/27\/padres-de-los-43-marchan-en-iguala-a-59-meses-del-caso-ayotzinapa\/","url_meta":{"origin":9723,"position":0},"title":"Padres de los 43 marchan en Iguala a 59 meses del caso Ayotzinapa","author":"Admin","date":"27 agosto, 2019","format":false,"excerpt":"Eduardo Albarr\u00e1n Orozco\/ Quadrat\u00edn IGUALA, Gro., 27 de agosto de 2019.- Padres de los 43 normalistas desaparecidos de Ayotzinapa marcharon en este municipio al cumplirse 59 meses del caso, y colocaron ofrendas florales en las estelas colocadas en los lugares donde fueron acribillados los estudiantes Julio Cesar Mondrag\u00f3n Fontes, Daniel\u2026","rel":"","context":"En &quot;Caso Ayotzinapa&quot;","block_context":{"text":"Caso Ayotzinapa","link":"https:\/\/www.grieta.org.mx\/index.php\/category\/noticias-nacionales\/guerrero\/caso-ayotzinapa\/"},"img":{"alt_text":"","src":"https:\/\/i0.wp.com\/www.grieta.org.mx\/wp-content\/uploads\/2019\/08\/Ayotzinapa-270819-5-1160x700.jpg?resize=350%2C200&ssl=1","width":350,"height":200,"srcset":"https:\/\/i0.wp.com\/www.grieta.org.mx\/wp-content\/uploads\/2019\/08\/Ayotzinapa-270819-5-1160x700.jpg?resize=350%2C200&ssl=1 1x, https:\/\/i0.wp.com\/www.grieta.org.mx\/wp-content\/uploads\/2019\/08\/Ayotzinapa-270819-5-1160x700.jpg?resize=525%2C300&ssl=1 1.5x, https:\/\/i0.wp.com\/www.grieta.org.mx\/wp-content\/uploads\/2019\/08\/Ayotzinapa-270819-5-1160x700.jpg?resize=700%2C400&ssl=1 2x, https:\/\/i0.wp.com\/www.grieta.org.mx\/wp-content\/uploads\/2019\/08\/Ayotzinapa-270819-5-1160x700.jpg?resize=1050%2C600&ssl=1 3x"},"classes":[]},{"id":72250,"url":"https:\/\/www.grieta.org.mx\/index.php\/2025\/08\/27\/madres-y-padres-de-los-43-normalistas-exigen-a-claudia-sheinbaum-verdad-y-justicia-a-11-anos-de-ayotzinapa\/","url_meta":{"origin":9723,"position":1},"title":"Madres y padres de los 43 normalistas exigen a Claudia Sheinbaum verdad y justicia a 11 a\u00f1os de Ayotzinapa","author":"grieta","date":"27 agosto, 2025","format":false,"excerpt":"Por\u00a0Redacci\u00f3n\u00a0\/\u00a0@Somoselmedio Madres, padres y estudiantes exigen justicia y castigo a los responsables de la desaparici\u00f3n forzada de los 43 de Ayotzinapa, a 11 a\u00f1os de la tragedia. Denuncian la falta de avances en las investigaciones y la protecci\u00f3n del Ej\u00e9rcito por tres gobiernos. Ciudad de M\u00e9xico, 26 de agosto de\u2026","rel":"","context":"En &quot;CINTILLO&quot;","block_context":{"text":"CINTILLO","link":"https:\/\/www.grieta.org.mx\/index.php\/category\/cintillo\/"},"img":{"alt_text":"","src":"https:\/\/i0.wp.com\/www.grieta.org.mx\/wp-content\/uploads\/2025\/08\/Captura-de-pantalla-2025-08-28-215352.png?resize=350%2C200&ssl=1","width":350,"height":200},"classes":[]},{"id":69879,"url":"https:\/\/www.grieta.org.mx\/index.php\/2024\/09\/26\/realizan-en-cancun-mitin-en-memoria-de-los-43-normalistas-desaparecidos-de-ayotzinapa\/","url_meta":{"origin":9723,"position":2},"title":"Realizan en Canc\u00fan mitin en memoria de los 43 normalistas desaparecidos de Ayotzinapa","author":"grieta","date":"26 septiembre, 2024","format":false,"excerpt":"Mar\u00eda Hern\u00e1ndez \/ El Heraldo de M\u00e9xico LOS RECUERDAN En Canc\u00fan se recordaron los 43 normalistas de Ayotzinapa desaparecidos hace 10 a\u00f1os en Iguala Los estudiantes son recordados a 10 a\u00f1os de su desaparici\u00f3n en Iguala Los estudiantes son recordados a 10 a\u00f1os de su desaparici\u00f3n en Iguala Cr\u00e9ditos: El\u2026","rel":"","context":"En &quot;acciones por desaparecidos&quot;","block_context":{"text":"acciones por desaparecidos","link":"https:\/\/www.grieta.org.mx\/index.php\/category\/noticias-nacionales\/quintana-roo\/acciones-por-desaparecidos\/"},"img":{"alt_text":"","src":"https:\/\/i0.wp.com\/www.grieta.org.mx\/wp-content\/uploads\/2024\/09\/AyotziCancun-e1727562300649.jpg?resize=350%2C200&ssl=1","width":350,"height":200,"srcset":"https:\/\/i0.wp.com\/www.grieta.org.mx\/wp-content\/uploads\/2024\/09\/AyotziCancun-e1727562300649.jpg?resize=350%2C200&ssl=1 1x, https:\/\/i0.wp.com\/www.grieta.org.mx\/wp-content\/uploads\/2024\/09\/AyotziCancun-e1727562300649.jpg?resize=525%2C300&ssl=1 1.5x, https:\/\/i0.wp.com\/www.grieta.org.mx\/wp-content\/uploads\/2024\/09\/AyotziCancun-e1727562300649.jpg?resize=700%2C400&ssl=1 2x"},"classes":[]},{"id":8951,"url":"https:\/\/www.grieta.org.mx\/index.php\/2015\/02\/01\/normalistas-de-michoacan-alertas-a-caso-ayotzinapa\/","url_meta":{"origin":9723,"position":3},"title":"Normalistas de Michoac\u00e1n, alertas a caso Ayotzinapa","author":"Admin","date":"1 febrero, 2015","format":false,"excerpt":"MORELIA, Mich., 1 de febrero de 2015.- Luego de continuas movilizaciones y acciones donde se exig\u00eda la aparici\u00f3n con vida de los 43 normalistas de Ayotzinapa Guerrero, y tras las declaraciones hechas por Jes\u00fas Murillo Karam, procurador General de la Rep\u00fablica, en torno al caso, estudiantes normalistas de la entidad\u2026","rel":"","context":"En &quot;CINTILLO&quot;","block_context":{"text":"CINTILLO","link":"https:\/\/www.grieta.org.mx\/index.php\/category\/cintillo\/"},"img":{"alt_text":"","src":"https:\/\/i0.wp.com\/www.grieta.org.mx\/wp-content\/uploads\/2018\/03\/14524434_1106112876131411_958039263622046936_o.jpg?resize=350%2C200&ssl=1","width":350,"height":200,"srcset":"https:\/\/i0.wp.com\/www.grieta.org.mx\/wp-content\/uploads\/2018\/03\/14524434_1106112876131411_958039263622046936_o.jpg?resize=350%2C200&ssl=1 1x, https:\/\/i0.wp.com\/www.grieta.org.mx\/wp-content\/uploads\/2018\/03\/14524434_1106112876131411_958039263622046936_o.jpg?resize=525%2C300&ssl=1 1.5x, https:\/\/i0.wp.com\/www.grieta.org.mx\/wp-content\/uploads\/2018\/03\/14524434_1106112876131411_958039263622046936_o.jpg?resize=700%2C400&ssl=1 2x"},"classes":[]},{"id":35630,"url":"https:\/\/www.grieta.org.mx\/index.php\/2019\/06\/27\/con-un-mitin-reprochan-normalistas-la-falta-de-resultados-en-investigacion-del-caso-ayotzinapa\/","url_meta":{"origin":9723,"position":4},"title":"Con un mitin reprochan normalistas la falta de resultados en investigaci\u00f3n del Caso Ayotzinapa","author":"Admin","date":"27 junio, 2019","format":false,"excerpt":"Chilpancingo Gro; a 26 de junio del 2019.- A 57 meses de la desaparici\u00f3n de 43 normalistas de Ayotzinapa y casi 7 meses del gobierno de Andr\u00e9s Manuel L\u00f3pez Obrador, estudiantes de esta instituci\u00f3n reclamaron la falta de avances para resolver este caso. Los estudiantes arribaron al anti-monumento ubicado en\u2026","rel":"","context":"En &quot;Caso Ayotzinapa&quot;","block_context":{"text":"Caso Ayotzinapa","link":"https:\/\/www.grieta.org.mx\/index.php\/category\/noticias-nacionales\/guerrero\/caso-ayotzinapa\/"},"img":{"alt_text":"","src":"https:\/\/i0.wp.com\/www.grieta.org.mx\/wp-content\/uploads\/2019\/06\/NORMALISTAS-IRZA-1.jpg?resize=350%2C200&ssl=1","width":350,"height":200,"srcset":"https:\/\/i0.wp.com\/www.grieta.org.mx\/wp-content\/uploads\/2019\/06\/NORMALISTAS-IRZA-1.jpg?resize=350%2C200&ssl=1 1x, https:\/\/i0.wp.com\/www.grieta.org.mx\/wp-content\/uploads\/2019\/06\/NORMALISTAS-IRZA-1.jpg?resize=525%2C300&ssl=1 1.5x, https:\/\/i0.wp.com\/www.grieta.org.mx\/wp-content\/uploads\/2019\/06\/NORMALISTAS-IRZA-1.jpg?resize=700%2C400&ssl=1 2x"},"classes":[]},{"id":62118,"url":"https:\/\/www.grieta.org.mx\/index.php\/2021\/09\/27\/con-resistencia-de-la-autoridad-normalistas-de-jalisco-marchan-por-los-43-de-ayotzinapa-jalisco\/","url_meta":{"origin":9723,"position":5},"title":"Con resistencia de la autoridad, normalistas de Jalisco marchan por los 43 de Ayotzinapa (Jalisco)","author":"grieta","date":"27 septiembre, 2021","format":false,"excerpt":"Doto: Darwin Franco Sin protecci\u00f3n de vialidad y con resistencia de la polic\u00eda, m\u00e1s de 200 estudiantes de la Escuela Normal Rural \u201cMiguel Hidalgo\u201d de Atequiza, Jalisco, y el colectivo\u00a0Ayotzinapa Somos Todos y la Asamblea Popular y Solidaria de Jalisco\u00a0marcharon por las calles de Guadalajara para recordar que hace 7\u2026","rel":"","context":"En &quot;CINTILLO&quot;","block_context":{"text":"CINTILLO","link":"https:\/\/www.grieta.org.mx\/index.php\/category\/cintillo\/"},"img":{"alt_text":"","src":"https:\/\/i0.wp.com\/www.grieta.org.mx\/wp-content\/uploads\/2021\/10\/ayot10.jpg?resize=350%2C200&ssl=1","width":350,"height":200,"srcset":"https:\/\/i0.wp.com\/www.grieta.org.mx\/wp-content\/uploads\/2021\/10\/ayot10.jpg?resize=350%2C200&ssl=1 1x, https:\/\/i0.wp.com\/www.grieta.org.mx\/wp-content\/uploads\/2021\/10\/ayot10.jpg?resize=525%2C300&ssl=1 1.5x, https:\/\/i0.wp.com\/www.grieta.org.mx\/wp-content\/uploads\/2021\/10\/ayot10.jpg?resize=700%2C400&ssl=1 2x, https:\/\/i0.wp.com\/www.grieta.org.mx\/wp-content\/uploads\/2021\/10\/ayot10.jpg?resize=1050%2C600&ssl=1 3x"},"classes":[]}],"_links":{"self":[{"href":"https:\/\/www.grieta.org.mx\/index.php\/wp-json\/wp\/v2\/posts\/9723","targetHints":{"allow":["GET"]}}],"collection":[{"href":"https:\/\/www.grieta.org.mx\/index.php\/wp-json\/wp\/v2\/posts"}],"about":[{"href":"https:\/\/www.grieta.org.mx\/index.php\/wp-json\/wp\/v2\/types\/post"}],"author":[{"embeddable":true,"href":"https:\/\/www.grieta.org.mx\/index.php\/wp-json\/wp\/v2\/users\/2"}],"replies":[{"embeddable":true,"href":"https:\/\/www.grieta.org.mx\/index.php\/wp-json\/wp\/v2\/comments?post=9723"}],"version-history":[{"count":1,"href":"https:\/\/www.grieta.org.mx\/index.php\/wp-json\/wp\/v2\/posts\/9723\/revisions"}],"predecessor-version":[{"id":9724,"href":"https:\/\/www.grieta.org.mx\/index.php\/wp-json\/wp\/v2\/posts\/9723\/revisions\/9724"}],"wp:featuredmedia":[{"embeddable":true,"href":"https:\/\/www.grieta.org.mx\/index.php\/wp-json\/wp\/v2\/media\/21928"}],"wp:attachment":[{"href":"https:\/\/www.grieta.org.mx\/index.php\/wp-json\/wp\/v2\/media?parent=9723"}],"wp:term":[{"taxonomy":"category","embeddable":true,"href":"https:\/\/www.grieta.org.mx\/index.php\/wp-json\/wp\/v2\/categories?post=9723"},{"taxonomy":"post_tag","embeddable":true,"href":"https:\/\/www.grieta.org.mx\/index.php\/wp-json\/wp\/v2\/tags?post=9723"}],"curies":[{"name":"wp","href":"https:\/\/api.w.org\/{rel}","templated":true}]}}