{"id":9720,"date":"2015-02-20T03:11:24","date_gmt":"2015-02-20T03:11:24","guid":{"rendered":"http:\/\/www.grieta.org.mx\/?p=9720"},"modified":"2016-04-04T03:13:03","modified_gmt":"2016-04-04T03:13:03","slug":"padres-de-los-43-normalistas-desparecidos-visitan-ciudad-universitaria","status":"publish","type":"post","link":"https:\/\/www.grieta.org.mx\/index.php\/2015\/02\/20\/padres-de-los-43-normalistas-desparecidos-visitan-ciudad-universitaria\/","title":{"rendered":"Padres de los 43 normalistas desparecidos visitan Ciudad Universitaria"},"content":{"rendered":"<p>Somos el medio<\/p>\n<p>&#8220;venimos aqu\u00ed para pedir que no nos dejen solos&#8221;<\/p>\n<p>por Perseo Greco<\/p>\n<p>El jueves 19 de febrero los padres de lo 43 normalistas se dieron cita en Ciudad Universitaria (CU), para informar que seguir\u00e1n adelante y no descansar\u00e1n hasta encontrar a sus hijos desaparecidos el 26 de septiembre de 2014 en Iguala, Guerrero.<\/p>\n<p>Convocados por la Asamblea Interuniversitaria y el Sindicato de Trabajadores de la Universidad Nacional Aut\u00f3noma de M\u00e9xico, universitarios y trabajadores acompa\u00f1aron a los padres y familiares de los normalistas que recorrieron el campus; visitaron la Facultad de Filosof\u00eda y Letras, pasando por la Torre de Rector\u00eda y la Biblioteca Central, donde ya los esperaba un templete para realizar el mitin.<\/p>\n<p>Exigieron la presentaci\u00f3n con vida de los estudiantes desaparecidos, castigo a los culpables, alto a la persecuci\u00f3n de luchadores sociales y denunciaron p\u00fablicamente que algunos de ellos est\u00e1n siendo acosados por seguir en la b\u00fasqueda de sus hijos. Pidieron no olvidar a los normalistas, pues este suceso se puede repetir: &#8220;venimos aqu\u00ed para pedir que no nos dejen solos&#8221;, dijo la madre de uno de los 43 desaparecidos quien coment\u00f3 que el caso no puede ser cerrado.<\/p>\n<p>\u201cVamos a seguir adelante hasta que encontremos a nuestros hijos, se dice que los entregaron a los Guerreros Unidos, pero sabemos que fueron los mismos polic\u00edas y militares los que detuvieron a nuestros muchachos. No descansaremos hasta encontrarlos y llegaremos hasta las \u00faltimas consecuencias\u201d, coment\u00f3 Pablo Hern\u00e1ndez Morales, padre de un normalista desaparecido.<\/p>\n<p>Por su parte, el cient\u00edfico e investigador Jorge Antonio Montemayor Alderete mencion\u00f3 que: \u201caportamos nuestra verdad e investigaci\u00f3n cient\u00edfica ante los hechos y podemos decir que la incineraci\u00f3n de los cuerpos de normalistas es una falsedad. Una muelita no demuestra nada, sin ella podemos seguir vivos\u201d<\/p>\n<p>La mayor\u00eda de los asistentes eran acad\u00e9micos, estudiantes y organizaciones sociales como la Coordinadora de Trabajadores de la Educaci\u00f3n, el Frente de Pueblos en Defensa de la Tierra, la Asamblea General Polit\u00e9cnica y el Sindicato Nacional de Trabajadores de la Caja de Ahorros de Telefonistas.<\/p>\n<p>Representantes de la Biblioteca Central y trabajadores entregaron un cheque a los padres de los 43 normalistas desaparecidos. Al finalizar el mitin se dio paso al evento cultural donde particip\u00f3 Salario M\u00ednimo, El Mastuerzo y FUMAR. Al grito de \u201cGoya, goya&#8230;\u201d y \u201cAyotzi aguanta, la UNAM se levanta\u201d, los universitarios despidieron a los padres que siguen en la b\u00fasqueda de sus hijos.<\/p>\n<p><a href=\"http:\/\/www.somoselmedio.org\/article\/padres-de-los-43-normalistas-desparecidos-visitan-ciudad-universitaria\" target=\"_blank\">http:\/\/www.somoselmedio.org\/article\/padres-de-los-43-normalistas-desparecidos-visitan-ciudad-universitaria<\/a><\/p>\n","protected":false},"excerpt":{"rendered":"<p>Somos el medio &#8220;venimos aqu\u00ed para pedir que no nos dejen solos&#8221; por Perseo Greco El jueves 19 de febrero los padres de lo 43 normalistas se dieron cita en &hellip; <a href=\"https:\/\/www.grieta.org.mx\/index.php\/2015\/02\/20\/padres-de-los-43-normalistas-desparecidos-visitan-ciudad-universitaria\/\" class=\"more-link\">Leer m\u00e1s<\/a><\/p>\n","protected":false},"author":2,"featured_media":21928,"comment_status":"closed","ping_status":"closed","sticky":false,"template":"","format":"standard","meta":{"ngg_post_thumbnail":0,"_jetpack_newsletter_access":"","_jetpack_dont_email_post_to_subs":false,"_jetpack_newsletter_tier_id":0,"_jetpack_memberships_contains_paywalled_content":false,"_jetpack_memberships_contains_paid_content":false,"footnotes":""},"categories":[80],"tags":[584,229],"class_list":["post-9720","post","type-post","status-publish","format-standard","has-post-thumbnail","hentry","category-cintillo","tag-ciudad-universitaria","tag-solidaridad-con-ayotzinapa","entry"],"jetpack_featured_media_url":"https:\/\/www.grieta.org.mx\/wp-content\/uploads\/2018\/03\/14524434_1106112876131411_958039263622046936_o.jpg","jetpack_sharing_enabled":true,"jetpack_shortlink":"https:\/\/wp.me\/p7ZJR4-2wM","jetpack_likes_enabled":false,"jetpack-related-posts":[{"id":9694,"url":"https:\/\/www.grieta.org.mx\/index.php\/2016\/07\/31\/movilizaciones-por-ayotzinapa-en-la-ciudad-de-mexico\/","url_meta":{"origin":9720,"position":0},"title":"Movilizaciones por Ayotzinapa en la Ciudad de M\u00e9xico","author":"grieta","date":"31 julio, 2016","format":false,"excerpt":"27\/07\/16. 22 meses de exigir justicia para Ayotzinapa (CDMX)Ke Huelga Radio 07\/07\/16. Padres y madres de los normalistas instalan plant\u00f3n frente a la SRESomos el medio 27\/06\/16. 21 Meses sin ellos y el oportunismo beligeranteRadio Zapote 26\/04\/16. \u00a1GIEI, s\u00ed! \u00a1Pe\u00f1a, no!.. La exigencia a 19 meses de AyotzinapaM\u00e1s de 131\u2026","rel":"","context":"En &quot;Ciudad de M\u00e9xico&quot;","block_context":{"text":"Ciudad de M\u00e9xico","link":"https:\/\/www.grieta.org.mx\/index.php\/category\/noticias-nacionales\/ciudad-de-mexico\/"},"img":{"alt_text":"","src":"https:\/\/i0.wp.com\/www.grieta.org.mx\/wp-content\/uploads\/2018\/03\/14524434_1106112876131411_958039263622046936_o.jpg?resize=350%2C200&ssl=1","width":350,"height":200,"srcset":"https:\/\/i0.wp.com\/www.grieta.org.mx\/wp-content\/uploads\/2018\/03\/14524434_1106112876131411_958039263622046936_o.jpg?resize=350%2C200&ssl=1 1x, https:\/\/i0.wp.com\/www.grieta.org.mx\/wp-content\/uploads\/2018\/03\/14524434_1106112876131411_958039263622046936_o.jpg?resize=525%2C300&ssl=1 1.5x, https:\/\/i0.wp.com\/www.grieta.org.mx\/wp-content\/uploads\/2018\/03\/14524434_1106112876131411_958039263622046936_o.jpg?resize=700%2C400&ssl=1 2x"},"classes":[]},{"id":72250,"url":"https:\/\/www.grieta.org.mx\/index.php\/2025\/08\/27\/madres-y-padres-de-los-43-normalistas-exigen-a-claudia-sheinbaum-verdad-y-justicia-a-11-anos-de-ayotzinapa\/","url_meta":{"origin":9720,"position":1},"title":"Madres y padres de los 43 normalistas exigen a Claudia Sheinbaum verdad y justicia a 11 a\u00f1os de Ayotzinapa","author":"grieta","date":"27 agosto, 2025","format":false,"excerpt":"Por\u00a0Redacci\u00f3n\u00a0\/\u00a0@Somoselmedio Madres, padres y estudiantes exigen justicia y castigo a los responsables de la desaparici\u00f3n forzada de los 43 de Ayotzinapa, a 11 a\u00f1os de la tragedia. Denuncian la falta de avances en las investigaciones y la protecci\u00f3n del Ej\u00e9rcito por tres gobiernos. Ciudad de M\u00e9xico, 26 de agosto de\u2026","rel":"","context":"En &quot;CINTILLO&quot;","block_context":{"text":"CINTILLO","link":"https:\/\/www.grieta.org.mx\/index.php\/category\/cintillo\/"},"img":{"alt_text":"","src":"https:\/\/i0.wp.com\/www.grieta.org.mx\/wp-content\/uploads\/2025\/08\/Captura-de-pantalla-2025-08-28-215352.png?resize=350%2C200&ssl=1","width":350,"height":200},"classes":[]},{"id":22603,"url":"https:\/\/www.grieta.org.mx\/index.php\/2018\/04\/23\/por-las-elecciones-olvidan-a-normalistas-desaparecidos-padres-de-los-43\/","url_meta":{"origin":9720,"position":2},"title":"Por las elecciones, olvidan a normalistas desaparecidos: padres de los 43","author":"grieta","date":"23 abril, 2018","format":false,"excerpt":"Gloria Leticia D\u00edaz CIUDAD DE M\u00c9XICO (apro).- Padres de los 43 normalistas de Ayotzinapa que desaparecieron en los hechos violentos de septiembre de 2014 en Guerrero, denunciaron que las autoridades han olvidado su caso por el actual proceso electoral. Durante una manifestaci\u00f3n esta tarde en la Ciudad de M\u00e9xico, los\u2026","rel":"","context":"En &quot;CINTILLO&quot;","block_context":{"text":"CINTILLO","link":"https:\/\/www.grieta.org.mx\/index.php\/category\/cintillo\/"},"img":{"alt_text":"","src":"https:\/\/i0.wp.com\/www.grieta.org.mx\/wp-content\/uploads\/2018\/04\/22071da09d0479bd1c-ogp180316-ayotzinapa-c-1078x800.jpg?resize=350%2C200&ssl=1","width":350,"height":200,"srcset":"https:\/\/i0.wp.com\/www.grieta.org.mx\/wp-content\/uploads\/2018\/04\/22071da09d0479bd1c-ogp180316-ayotzinapa-c-1078x800.jpg?resize=350%2C200&ssl=1 1x, https:\/\/i0.wp.com\/www.grieta.org.mx\/wp-content\/uploads\/2018\/04\/22071da09d0479bd1c-ogp180316-ayotzinapa-c-1078x800.jpg?resize=525%2C300&ssl=1 1.5x, https:\/\/i0.wp.com\/www.grieta.org.mx\/wp-content\/uploads\/2018\/04\/22071da09d0479bd1c-ogp180316-ayotzinapa-c-1078x800.jpg?resize=700%2C400&ssl=1 2x, https:\/\/i0.wp.com\/www.grieta.org.mx\/wp-content\/uploads\/2018\/04\/22071da09d0479bd1c-ogp180316-ayotzinapa-c-1078x800.jpg?resize=1050%2C600&ssl=1 3x"},"classes":[]},{"id":2147,"url":"https:\/\/www.grieta.org.mx\/index.php\/2016\/01\/20\/llegaron-a-durango-padres-de-estudiantes-normalistas-desaparecidos\/","url_meta":{"origin":9720,"position":3},"title":"Llegaron a Durango padres de estudiantes normalistas desaparecidos","author":"grieta","date":"20 enero, 2016","format":false,"excerpt":"La Voz de Durango CINTHYA ROSALES Este mi\u00e9rcoles lleg\u00f3 a Durango una caravana de padres de los 43 estudiantes de la Escuela Normal Rural de Ayotzinapa y que se encuentran desaparecidos desde hace ya 15 meses, por lo tanto, aseguraron que este movimiento que ha surgido en todo el pa\u00eds\u2026","rel":"","context":"En &quot;CINTILLO&quot;","block_context":{"text":"CINTILLO","link":"https:\/\/www.grieta.org.mx\/index.php\/category\/cintillo\/"},"img":{"alt_text":"","src":"https:\/\/i0.wp.com\/www.grieta.org.mx\/wp-content\/uploads\/2018\/03\/14524434_1106112876131411_958039263622046936_o.jpg?resize=350%2C200&ssl=1","width":350,"height":200,"srcset":"https:\/\/i0.wp.com\/www.grieta.org.mx\/wp-content\/uploads\/2018\/03\/14524434_1106112876131411_958039263622046936_o.jpg?resize=350%2C200&ssl=1 1x, https:\/\/i0.wp.com\/www.grieta.org.mx\/wp-content\/uploads\/2018\/03\/14524434_1106112876131411_958039263622046936_o.jpg?resize=525%2C300&ssl=1 1.5x, https:\/\/i0.wp.com\/www.grieta.org.mx\/wp-content\/uploads\/2018\/03\/14524434_1106112876131411_958039263622046936_o.jpg?resize=700%2C400&ssl=1 2x"},"classes":[]},{"id":18016,"url":"https:\/\/www.grieta.org.mx\/index.php\/2015\/09\/22\/padres-y-estudiantes-de-ayotzinapa-se-enfrentan-con-policias-cuando-intentaban-llegar-a-la-ciudad-de-mexico\/","url_meta":{"origin":9720,"position":4},"title":"Padres y estudiantes de Ayotzinapa se enfrentan con polic\u00edas cuando intentaban llegar a la Ciudad de M\u00e9xico","author":"grieta","date":"22 septiembre, 2015","format":false,"excerpt":"Somo el Medio En el libramiento Tixtla \u2013 Chilpancingo, padres y estudiantes de la normal rural Ra\u00fal Isidro Burgos, fueron encapsulados por Polic\u00edas Federales alrededor de las ocho de la ma\u00f1ana, cuando intentaban llegar a la Ciudad de M\u00e9xico para hacer actividades planeadas por motivo del primer a\u00f1o de las\u2026","rel":"","context":"En &quot;CINTILLO&quot;","block_context":{"text":"CINTILLO","link":"https:\/\/www.grieta.org.mx\/index.php\/category\/cintillo\/"},"img":{"alt_text":"","src":"https:\/\/i0.wp.com\/www.grieta.org.mx\/wp-content\/uploads\/2018\/03\/14524434_1106112876131411_958039263622046936_o.jpg?resize=350%2C200&ssl=1","width":350,"height":200,"srcset":"https:\/\/i0.wp.com\/www.grieta.org.mx\/wp-content\/uploads\/2018\/03\/14524434_1106112876131411_958039263622046936_o.jpg?resize=350%2C200&ssl=1 1x, https:\/\/i0.wp.com\/www.grieta.org.mx\/wp-content\/uploads\/2018\/03\/14524434_1106112876131411_958039263622046936_o.jpg?resize=525%2C300&ssl=1 1.5x, https:\/\/i0.wp.com\/www.grieta.org.mx\/wp-content\/uploads\/2018\/03\/14524434_1106112876131411_958039263622046936_o.jpg?resize=700%2C400&ssl=1 2x"},"classes":[]},{"id":4110,"url":"https:\/\/www.grieta.org.mx\/index.php\/2015\/02\/23\/padres-de-normalistas-dejan-istmo-con-marcha-exigen-presentacion-con-vida-de-sus-hijos\/","url_meta":{"origin":9720,"position":5},"title":"Padres de normalistas dejan Istmo; con marcha exigen presentaci\u00f3n con vida de sus hijos","author":"grieta","date":"23 febrero, 2015","format":false,"excerpt":"Diana Manzo, Oaxaca JUCHIT\u00c1N, OAX., (pagina3.mx).- Familiares de los normalistas desaparecidos de Ayotzinapa se despidieron de la ciudad zapoteca de Juchit\u00e1n con una marcha por las principales calles acompa\u00f1ados del Comit\u00e9 de Solidaridad por Ayotzinapa y exigieron al gobierno mexicano la presentaci\u00f3n con vida de los 43 normalistas que desaparecieron\u2026","rel":"","context":"En &quot;CINTILLO&quot;","block_context":{"text":"CINTILLO","link":"https:\/\/www.grieta.org.mx\/index.php\/category\/cintillo\/"},"img":{"alt_text":"","src":"https:\/\/i0.wp.com\/www.grieta.org.mx\/wp-content\/uploads\/2018\/03\/14524434_1106112876131411_958039263622046936_o.jpg?resize=350%2C200&ssl=1","width":350,"height":200,"srcset":"https:\/\/i0.wp.com\/www.grieta.org.mx\/wp-content\/uploads\/2018\/03\/14524434_1106112876131411_958039263622046936_o.jpg?resize=350%2C200&ssl=1 1x, https:\/\/i0.wp.com\/www.grieta.org.mx\/wp-content\/uploads\/2018\/03\/14524434_1106112876131411_958039263622046936_o.jpg?resize=525%2C300&ssl=1 1.5x, https:\/\/i0.wp.com\/www.grieta.org.mx\/wp-content\/uploads\/2018\/03\/14524434_1106112876131411_958039263622046936_o.jpg?resize=700%2C400&ssl=1 2x"},"classes":[]}],"_links":{"self":[{"href":"https:\/\/www.grieta.org.mx\/index.php\/wp-json\/wp\/v2\/posts\/9720","targetHints":{"allow":["GET"]}}],"collection":[{"href":"https:\/\/www.grieta.org.mx\/index.php\/wp-json\/wp\/v2\/posts"}],"about":[{"href":"https:\/\/www.grieta.org.mx\/index.php\/wp-json\/wp\/v2\/types\/post"}],"author":[{"embeddable":true,"href":"https:\/\/www.grieta.org.mx\/index.php\/wp-json\/wp\/v2\/users\/2"}],"replies":[{"embeddable":true,"href":"https:\/\/www.grieta.org.mx\/index.php\/wp-json\/wp\/v2\/comments?post=9720"}],"version-history":[{"count":1,"href":"https:\/\/www.grieta.org.mx\/index.php\/wp-json\/wp\/v2\/posts\/9720\/revisions"}],"predecessor-version":[{"id":9721,"href":"https:\/\/www.grieta.org.mx\/index.php\/wp-json\/wp\/v2\/posts\/9720\/revisions\/9721"}],"wp:featuredmedia":[{"embeddable":true,"href":"https:\/\/www.grieta.org.mx\/index.php\/wp-json\/wp\/v2\/media\/21928"}],"wp:attachment":[{"href":"https:\/\/www.grieta.org.mx\/index.php\/wp-json\/wp\/v2\/media?parent=9720"}],"wp:term":[{"taxonomy":"category","embeddable":true,"href":"https:\/\/www.grieta.org.mx\/index.php\/wp-json\/wp\/v2\/categories?post=9720"},{"taxonomy":"post_tag","embeddable":true,"href":"https:\/\/www.grieta.org.mx\/index.php\/wp-json\/wp\/v2\/tags?post=9720"}],"curies":[{"name":"wp","href":"https:\/\/api.w.org\/{rel}","templated":true}]}}