{"id":9707,"date":"2015-03-08T02:36:26","date_gmt":"2015-03-08T02:36:26","guid":{"rendered":"http:\/\/www.grieta.org.mx\/?p=9707"},"modified":"2016-04-04T02:38:06","modified_gmt":"2016-04-04T02:38:06","slug":"mamas-de-43-normalistas-marchan-al-monumento-a-la-madre","status":"publish","type":"post","link":"https:\/\/www.grieta.org.mx\/index.php\/2015\/03\/08\/mamas-de-43-normalistas-marchan-al-monumento-a-la-madre\/","title":{"rendered":"Mam\u00e1s de 43 normalistas marchan al Monumento a la Madre"},"content":{"rendered":"<p>Excelsior<\/p>\n<p>La manifestaci\u00f3n que arranc\u00f3 en el \u00c1ngel de la Independencia se realiz\u00f3 en el marco del D\u00eda Internacional de la Mujer<\/p>\n<p>En el marco del D\u00eda Internacional de la Mujer se llev\u00f3 a cabo una manifestaci\u00f3n por la desaparici\u00f3n de los estudiantes de la Escuela Normal Rural \u201cRa\u00fal Isidro Burgos\u201d, de Iguala, Guerrero, donde se llam\u00f3 a no votar en los comicios del 7 de junio.<\/p>\n<p>Las madres de los j\u00f3venes llegaron al \u00c1ngel de la Independencia alrededor de las 16:30 horas donde ya eran esperadas por alrededor de 200 personas que las acompa\u00f1aron en su recorrido sobre Paseo de la Reforma.<\/p>\n<p>Al llegar la Monumento a la Madre, las mujeres comenzaron a tomar la palabra en un templete instalado en el lugar.<\/p>\n<p>Unas mamas est\u00e1n contentas en el D\u00eda de la Mujer porque tienen a su hijo a su lado, pero a m\u00ed me falta un hijo&#8221;, dijo una de las mam\u00e1s de los 43 normalistas de Ayotzinapa.<\/p>\n<p>Organizaciones sociales, estudiantes de diversas universidades y civiles, participaron en la manifestaci\u00f3n.<\/p>\n<p><a href=\"http:\/\/www.excelsior.com.mx\/comunidad\/2015\/03\/08\/1012294\" target=\"_blank\">http:\/\/www.excelsior.com.mx\/comunidad\/2015\/03\/08\/1012294<\/a><\/p>\n","protected":false},"excerpt":{"rendered":"<p>Excelsior La manifestaci\u00f3n que arranc\u00f3 en el \u00c1ngel de la Independencia se realiz\u00f3 en el marco del D\u00eda Internacional de la Mujer En el marco del D\u00eda Internacional de la &hellip; <a href=\"https:\/\/www.grieta.org.mx\/index.php\/2015\/03\/08\/mamas-de-43-normalistas-marchan-al-monumento-a-la-madre\/\" class=\"more-link\">Leer m\u00e1s<\/a><\/p>\n","protected":false},"author":2,"featured_media":21928,"comment_status":"closed","ping_status":"closed","sticky":false,"template":"","format":"standard","meta":{"ngg_post_thumbnail":0,"_jetpack_newsletter_access":"","_jetpack_dont_email_post_to_subs":false,"_jetpack_newsletter_tier_id":0,"_jetpack_memberships_contains_paywalled_content":false,"_jetpack_memberships_contains_paid_content":false,"footnotes":""},"categories":[80],"tags":[229],"class_list":["post-9707","post","type-post","status-publish","format-standard","has-post-thumbnail","hentry","category-cintillo","tag-solidaridad-con-ayotzinapa","entry"],"jetpack_featured_media_url":"https:\/\/www.grieta.org.mx\/wp-content\/uploads\/2018\/03\/14524434_1106112876131411_958039263622046936_o.jpg","jetpack_sharing_enabled":true,"jetpack_shortlink":"https:\/\/wp.me\/p7ZJR4-2wz","jetpack_likes_enabled":false,"jetpack-related-posts":[{"id":68621,"url":"https:\/\/www.grieta.org.mx\/index.php\/2024\/03\/08\/protestan-yucatecas-en-el-8m-y-la-policia-amuralla-la-ciudad-blanca\/","url_meta":{"origin":9707,"position":0},"title":"Protestan yucatecas en el #8M y la polic\u00eda amuralla la \u2018ciudad blanca\u2019","author":"grieta","date":"8 marzo, 2024","format":false,"excerpt":"Itzel Chan \/ Haz Ruido Las manifestantes realizaron diversas intervenciones durante la marcha. En el Palacio de Gobierno intentaron derribar las vallas y la polic\u00eda las dispers\u00f3 con agua a presi\u00f3n. M\u00e9rida, Yucat\u00e1n, 08 de marzo de 2024.-La manifestaci\u00f3n feminista en el marco del D\u00eda Internacional de la Mujer 2024\u2026","rel":"","context":"En &quot;CINTILLO&quot;","block_context":{"text":"CINTILLO","link":"https:\/\/www.grieta.org.mx\/index.php\/category\/cintillo\/"},"img":{"alt_text":"","src":"https:\/\/i0.wp.com\/www.grieta.org.mx\/wp-content\/uploads\/2024\/03\/8M-e1710727308266.jpg?resize=350%2C200&ssl=1","width":350,"height":200,"srcset":"https:\/\/i0.wp.com\/www.grieta.org.mx\/wp-content\/uploads\/2024\/03\/8M-e1710727308266.jpg?resize=350%2C200&ssl=1 1x, https:\/\/i0.wp.com\/www.grieta.org.mx\/wp-content\/uploads\/2024\/03\/8M-e1710727308266.jpg?resize=525%2C300&ssl=1 1.5x, https:\/\/i0.wp.com\/www.grieta.org.mx\/wp-content\/uploads\/2024\/03\/8M-e1710727308266.jpg?resize=700%2C400&ssl=1 2x"},"classes":[]},{"id":57399,"url":"https:\/\/www.grieta.org.mx\/index.php\/2021\/03\/09\/con-rabia-y-dolor-se-manifestaron-las-mujeres-veracruz\/","url_meta":{"origin":9707,"position":1},"title":"Con rabia y dolor se manifestaron las mujeres (Veracruz)","author":"grieta","date":"9 marzo, 2021","format":false,"excerpt":"Las diversas movilizaciones fueron convocadas por colectivas y sociedad civil en conmemoraci\u00f3n al D\u00eda Internacional de la Mujer Foto: Guadalupe Catillo | El Sol de C\u00f3rdoba Guadalupe Catillo \/ El Sol de C\u00f3rdoba C\u00f3rdoba, Ver.- Conferencias y marchas forman parte de las actividades que conmemoraron el D\u00eda Internacional de la\u2026","rel":"","context":"En &quot;CINTILLO&quot;","block_context":{"text":"CINTILLO","link":"https:\/\/www.grieta.org.mx\/index.php\/category\/cintillo\/"},"img":{"alt_text":"","src":"https:\/\/i0.wp.com\/www.grieta.org.mx\/wp-content\/uploads\/2021\/03\/Feministas-1.jpg?resize=350%2C200&ssl=1","width":350,"height":200},"classes":[]},{"id":57549,"url":"https:\/\/www.grieta.org.mx\/index.php\/2021\/03\/09\/dia-de-la-mujer-en-tamaulipas\/","url_meta":{"origin":9707,"position":2},"title":"D\u00eda de la Mujer en Tamaulipas","author":"grieta","date":"9 marzo, 2021","format":false,"excerpt":"Marcha de mujeres en Tampico. (Leticia Guti\u00e9rrez) Sandra Sosa, Leticia Guti\u00e9rrez, Antonio Hern\u00e1ndez, Ricardo Hern\u00e1ndez\/Milenio 8 mafrzo 2021 En el marco del D\u00eda Internacional de la Mujer, se realizan movilizaciones en diversas ciudades de Tamaulipas para exigir se respeten los derechos, se elimine la violencia y el acoso, se busque\u2026","rel":"","context":"En &quot;CINTILLO&quot;","block_context":{"text":"CINTILLO","link":"https:\/\/www.grieta.org.mx\/index.php\/category\/cintillo\/"},"img":{"alt_text":"","src":"https:\/\/i0.wp.com\/www.grieta.org.mx\/wp-content\/uploads\/2021\/03\/8m.jpg?resize=350%2C200&ssl=1","width":350,"height":200,"srcset":"https:\/\/i0.wp.com\/www.grieta.org.mx\/wp-content\/uploads\/2021\/03\/8m.jpg?resize=350%2C200&ssl=1 1x, https:\/\/i0.wp.com\/www.grieta.org.mx\/wp-content\/uploads\/2021\/03\/8m.jpg?resize=525%2C300&ssl=1 1.5x, https:\/\/i0.wp.com\/www.grieta.org.mx\/wp-content\/uploads\/2021\/03\/8m.jpg?resize=700%2C400&ssl=1 2x"},"classes":[]},{"id":30363,"url":"https:\/\/www.grieta.org.mx\/index.php\/2019\/03\/08\/realizan-marcha-por-el-dia-de-la-mujer-en-tijuana-baja-california\/","url_meta":{"origin":9707,"position":3},"title":"Realizan marcha por el D\u00eda de la Mujer en Tijuana (Baja California)","author":"grieta","date":"8 marzo, 2019","format":false,"excerpt":"Zeta Tijuana. Lourdes Loza Romero, Este viernes 8 de marzo en conmemoraci\u00f3n por el D\u00eda de la Mujer, el Colectivo Lavanda de Tijuana llev\u00f3 a cabo una concentraci\u00f3n y marcha, a la que asistieron cerca de 200 mujeres. La cita fue en el Monumento a M\u00e9xico, mejor conocido como Las\u2026","rel":"","context":"En &quot;Baja California&quot;","block_context":{"text":"Baja California","link":"https:\/\/www.grieta.org.mx\/index.php\/category\/noticias-nacionales\/baja-california\/"},"img":{"alt_text":"","src":"https:\/\/i0.wp.com\/www.grieta.org.mx\/wp-content\/uploads\/2019\/03\/IMG-20190308-WA0074-750x500.jpg?resize=350%2C200&ssl=1","width":350,"height":200,"srcset":"https:\/\/i0.wp.com\/www.grieta.org.mx\/wp-content\/uploads\/2019\/03\/IMG-20190308-WA0074-750x500.jpg?resize=350%2C200&ssl=1 1x, https:\/\/i0.wp.com\/www.grieta.org.mx\/wp-content\/uploads\/2019\/03\/IMG-20190308-WA0074-750x500.jpg?resize=525%2C300&ssl=1 1.5x, https:\/\/i0.wp.com\/www.grieta.org.mx\/wp-content\/uploads\/2019\/03\/IMG-20190308-WA0074-750x500.jpg?resize=700%2C400&ssl=1 2x"},"classes":[]},{"id":57666,"url":"https:\/\/www.grieta.org.mx\/index.php\/2021\/03\/08\/se-manifiestan-feministas-en-tepic-en-el-dia-internacional-de-la-mujer-nayarit\/","url_meta":{"origin":9707,"position":4},"title":"Se manifiestan feministas en Tepic en el D\u00eda Internacional de la Mujer (Nayarit)","author":"grieta","date":"8 marzo, 2021","format":false,"excerpt":"Foto: El Sol de Nayarit Redacci\u00f3n \/ El Sol de Nayarit En el Marco del D\u00eda Internacional de la Mujer, mujeres de diferentes colectivas se manifestaron este lunes 08 de Marzo en la Ciudad de Tepic. El grupo feminista sali\u00f3 a las calles para reclamar a las autoridades estatales, el\u2026","rel":"","context":"En &quot;CINTILLO&quot;","block_context":{"text":"CINTILLO","link":"https:\/\/www.grieta.org.mx\/index.php\/category\/cintillo\/"},"img":{"alt_text":"","src":"https:\/\/i0.wp.com\/www.grieta.org.mx\/wp-content\/uploads\/2021\/03\/76011__20210308233353_317fina.jpg?resize=350%2C200&ssl=1","width":350,"height":200,"srcset":"https:\/\/i0.wp.com\/www.grieta.org.mx\/wp-content\/uploads\/2021\/03\/76011__20210308233353_317fina.jpg?resize=350%2C200&ssl=1 1x, https:\/\/i0.wp.com\/www.grieta.org.mx\/wp-content\/uploads\/2021\/03\/76011__20210308233353_317fina.jpg?resize=525%2C300&ssl=1 1.5x"},"classes":[]},{"id":57499,"url":"https:\/\/www.grieta.org.mx\/index.php\/2021\/03\/09\/marchan-mujeres-de-quintana-roo-en-demanda-de-justicia-e-igualdad\/","url_meta":{"origin":9707,"position":5},"title":"Marchan mujeres de Quintana Roo en demanda de justicia e igualdad","author":"grieta","date":"9 marzo, 2021","format":false,"excerpt":"Gustavo Guardian \/ Yucat\u00e1n a la Mano En los 11 municipios las mujeres demandaron acciones para poner fin a la violencia de g\u00e9nero. Justicia, igualdad y equidad: mujeres de todos los municipios de Quintana Roo se manifestaron y marcharon para conmemorar el D\u00eda Internacional de la Mujer. Colectivos de mujeres\u2026","rel":"","context":"En &quot;CINTILLO&quot;","block_context":{"text":"CINTILLO","link":"https:\/\/www.grieta.org.mx\/index.php\/category\/cintillo\/"},"img":{"alt_text":"","src":"https:\/\/i0.wp.com\/www.grieta.org.mx\/wp-content\/uploads\/2021\/03\/Marcha8MQroo2-e1615317135899.png?resize=350%2C200&ssl=1","width":350,"height":200,"srcset":"https:\/\/i0.wp.com\/www.grieta.org.mx\/wp-content\/uploads\/2021\/03\/Marcha8MQroo2-e1615317135899.png?resize=350%2C200&ssl=1 1x, https:\/\/i0.wp.com\/www.grieta.org.mx\/wp-content\/uploads\/2021\/03\/Marcha8MQroo2-e1615317135899.png?resize=525%2C300&ssl=1 1.5x, https:\/\/i0.wp.com\/www.grieta.org.mx\/wp-content\/uploads\/2021\/03\/Marcha8MQroo2-e1615317135899.png?resize=700%2C400&ssl=1 2x"},"classes":[]}],"_links":{"self":[{"href":"https:\/\/www.grieta.org.mx\/index.php\/wp-json\/wp\/v2\/posts\/9707","targetHints":{"allow":["GET"]}}],"collection":[{"href":"https:\/\/www.grieta.org.mx\/index.php\/wp-json\/wp\/v2\/posts"}],"about":[{"href":"https:\/\/www.grieta.org.mx\/index.php\/wp-json\/wp\/v2\/types\/post"}],"author":[{"embeddable":true,"href":"https:\/\/www.grieta.org.mx\/index.php\/wp-json\/wp\/v2\/users\/2"}],"replies":[{"embeddable":true,"href":"https:\/\/www.grieta.org.mx\/index.php\/wp-json\/wp\/v2\/comments?post=9707"}],"version-history":[{"count":1,"href":"https:\/\/www.grieta.org.mx\/index.php\/wp-json\/wp\/v2\/posts\/9707\/revisions"}],"predecessor-version":[{"id":9708,"href":"https:\/\/www.grieta.org.mx\/index.php\/wp-json\/wp\/v2\/posts\/9707\/revisions\/9708"}],"wp:featuredmedia":[{"embeddable":true,"href":"https:\/\/www.grieta.org.mx\/index.php\/wp-json\/wp\/v2\/media\/21928"}],"wp:attachment":[{"href":"https:\/\/www.grieta.org.mx\/index.php\/wp-json\/wp\/v2\/media?parent=9707"}],"wp:term":[{"taxonomy":"category","embeddable":true,"href":"https:\/\/www.grieta.org.mx\/index.php\/wp-json\/wp\/v2\/categories?post=9707"},{"taxonomy":"post_tag","embeddable":true,"href":"https:\/\/www.grieta.org.mx\/index.php\/wp-json\/wp\/v2\/tags?post=9707"}],"curies":[{"name":"wp","href":"https:\/\/api.w.org\/{rel}","templated":true}]}}