{"id":9630,"date":"2016-08-11T12:00:39","date_gmt":"2016-08-11T17:00:39","guid":{"rendered":"http:\/\/www.grieta.org.mx\/?p=9630"},"modified":"2016-09-03T23:10:52","modified_gmt":"2016-09-04T04:10:52","slug":"oposicion-a-la-construccion-de-centros-comerciales-en-la-ciudad-de-mexico","status":"publish","type":"post","link":"https:\/\/www.grieta.org.mx\/index.php\/2016\/08\/11\/oposicion-a-la-construccion-de-centros-comerciales-en-la-ciudad-de-mexico\/","title":{"rendered":"Oposici\u00f3n a la construcci\u00f3n de Centros Comerciales en la Ciudad de M\u00e9xico"},"content":{"rendered":"<p><strong>11\/08\/16. <\/strong><a href=\"http:\/\/www.grieta.org.mx\/index.php\/2016\/08\/11\/dudan-vecinos-que-la-demolicion-del-estadio-azul-sea-benefica-cdmx\/\" target=\"_blank\">Dudan vecinos que la demolici\u00f3n del Estadio Azul sea ben\u00e9fica (CDMX)<\/a><br \/>\n<em>El big data<\/em><\/p>\n<p><strong>03\/08\/16. <\/strong><a href=\"http:\/\/www.grieta.org.mx\/index.php\/2016\/08\/03\/proyecto-comercial-cetram-chapultepec-traera-afectaciones-sociales-y-ambientales\/\" target=\"_blank\">Proyecto comercial Cetram Chapultepec traer\u00e1 afectaciones sociales y ambientales<\/a><br \/>\n<em>Desinform\u00e9monos<\/em><\/p>\n<p><strong>30\/06\/16. <\/strong><a href=\"http:\/\/www.grieta.org.mx\/index.php\/2016\/06\/30\/rechazan-apertura-de-chedraui-cdmx\/\" target=\"_blank\">Rechazan apertura de Chedraui (CDMX)<\/a><br \/>\n<em>El Universal<\/em><\/p>\n<p><strong>21\/04\/16. <\/strong><a href=\"http:\/\/www.grieta.org.mx\/index.php\/2016\/04\/21\/locatarios-bloquean-la-circulacion-de-rojo-gomez\/\" target=\"_blank\">Locatarios bloquean la circulaci\u00f3n de Rojo G\u00f3mez<\/a><br \/>\n<em>El Universal<\/em><\/p>\n<p><strong>28\/03\/16. <\/strong><a href=\"http:\/\/www.grieta.org.mx\/index.php\/2016\/03\/28\/la-amenaza-en-coapa\/\" target=\"_blank\">La amenaza en Coapa<\/a><br \/>\n<em>Reporte Indigo<\/em><\/p>\n<p><strong>21\/02\/16. <\/strong><a href=\"http:\/\/www.grieta.org.mx\/index.php\/2016\/02\/21\/vecinos-denuncian-amenaza-contra-el-bosque-de-chapultepec\/\">Vecinos denuncian amenaza contra el Bosque de Chapultepec<\/a><br \/>\n<em>Somos el medio<\/em><\/p>\n<p><strong>01\/12\/15. <\/strong><a href=\"http:\/\/www.grieta.org.mx\/index.php\/2015\/12\/01\/oasis-coyoacan-la-captura-de-lo-publico-por-lo-privado\/\" target=\"_blank\">Oasis Coyoac\u00e1n, la captura de lo p\u00fablico por lo privado<\/a><br \/><em>Nexos<\/em><br  \/><\/p>\n<p><strong>19\/11\/15. <\/strong><a href=\"http:\/\/www.grieta.org.mx\/index.php\/2015\/11\/19\/vecinos-de-santa-ursula-xitla-demandan-al-gdf-detener-obras-de-centro-comercial\/\">Vecinos de Santa \u00darsula Xitla demandan al GDF detener obras de centro comercial<\/a><br \/>\n<em>SDP noticias<\/em><\/p>\n<p><strong>19\/11\/15. <\/strong><a href=\"http:\/\/www.grieta.org.mx\/index.php\/2015\/11\/19\/construccion-de-patio-tlalpan-no-tiene-permisos-denuncian-vecinos-de-santa-ursula\/\">Construcci\u00f3n de Patio Tlalpan no tiene permisos, denuncian vecinos de Santa \u00darsula<\/a><br \/>\n<em>Diario de M\u00e9xico<\/em><\/p>\n<p><strong>12\/05\/15. <\/strong><a href=\"http:\/\/www.grieta.org.mx\/index.php\/2015\/05\/12\/envian-a-gdf-carta-para-cancelar-construccion-ded-plaza-patio-tlalpan\/\">Env\u00edan a GDF carta para cancelar construcci\u00f3n ded plaza Patio Tlalpan<\/a><br \/>\n<em>La Jornada<\/em><\/p>\n<p><strong>20\/03\/15. <\/strong><a href=\"http:\/\/www.grieta.org.mx\/index.php\/2015\/03\/20\/sin-licencia-correspondiente-inicio-construccion-de-plaza-patio-tlalpan\/\">Sin licencia correspondiente, inici\u00f3 construcci\u00f3n de plaza Patio Tlalpan<\/a><br \/>\n<em>La Jornada<\/em><\/p>\n<p><strong>18\/04\/13. <\/strong><a href=\"http:\/\/www.grieta.org.mx\/index.php\/2013\/04\/18\/un-centro-comercial-de-locura-en-lo-que-fue-la-clinica-san-rafael\/\">Un centro comercial de locura en lo que fue la cl\u00ednica San Rafael<\/a><br \/>\n<em>Patio Tlalpan<\/em><\/p>\n","protected":false},"excerpt":{"rendered":"<p>11\/08\/16. Dudan vecinos que la demolici\u00f3n del Estadio Azul sea ben\u00e9fica (CDMX) El big data 03\/08\/16. Proyecto comercial Cetram Chapultepec traer\u00e1 afectaciones sociales y ambientales Desinform\u00e9monos 30\/06\/16. Rechazan apertura de &hellip; <a href=\"https:\/\/www.grieta.org.mx\/index.php\/2016\/08\/11\/oposicion-a-la-construccion-de-centros-comerciales-en-la-ciudad-de-mexico\/\" class=\"more-link\">Leer m\u00e1s<\/a><\/p>\n","protected":false},"author":2,"featured_media":21928,"comment_status":"closed","ping_status":"closed","sticky":false,"template":"","format":"standard","meta":{"ngg_post_thumbnail":0,"_jetpack_newsletter_access":"","_jetpack_dont_email_post_to_subs":false,"_jetpack_newsletter_tier_id":0,"_jetpack_memberships_contains_paywalled_content":false,"_jetpack_memberships_contains_paid_content":false,"footnotes":""},"categories":[14,2],"tags":[],"class_list":["post-9630","post","type-post","status-publish","format-standard","has-post-thumbnail","hentry","category-ciudad-de-mexico","category-noticias-nacionales","entry"],"jetpack_featured_media_url":"https:\/\/www.grieta.org.mx\/wp-content\/uploads\/2018\/03\/14524434_1106112876131411_958039263622046936_o.jpg","jetpack_sharing_enabled":true,"jetpack_shortlink":"https:\/\/wp.me\/p7ZJR4-2vk","jetpack_likes_enabled":false,"jetpack-related-posts":[{"id":15574,"url":"https:\/\/www.grieta.org.mx\/index.php\/2016\/08\/17\/manifestaciones-en-solidaridad-con-el-magisterio-en-la-ciudad-de-mexico\/","url_meta":{"origin":9630,"position":0},"title":"Manifestaciones en solidaridad con el magisterio en la Ciudad de M\u00e9xico","author":"grieta","date":"17 agosto, 2016","format":false,"excerpt":"16\/08\/16. Escuela Secundaria Diurna No. 36 entra en paro indefinido; \u201chasta que caiga la reforma educativa\u201d (CDMX)Ruptura Colectiva 14\/07\/16. Brigada informativa en el pedregal de Santo DomingoKe Huelga Radio 07\/07\/16. Con 4 marchas y m\u00e1s de 30 bloqueos la CdMx dice no a la Reforma EducativaApia Virtual 07\/07\/16. Por tercer\u2026","rel":"","context":"En &quot;Ciudad de M\u00e9xico&quot;","block_context":{"text":"Ciudad de M\u00e9xico","link":"https:\/\/www.grieta.org.mx\/index.php\/category\/noticias-nacionales\/ciudad-de-mexico\/"},"img":{"alt_text":"","src":"https:\/\/i0.wp.com\/www.grieta.org.mx\/wp-content\/uploads\/2018\/03\/14524434_1106112876131411_958039263622046936_o.jpg?resize=350%2C200&ssl=1","width":350,"height":200,"srcset":"https:\/\/i0.wp.com\/www.grieta.org.mx\/wp-content\/uploads\/2018\/03\/14524434_1106112876131411_958039263622046936_o.jpg?resize=350%2C200&ssl=1 1x, https:\/\/i0.wp.com\/www.grieta.org.mx\/wp-content\/uploads\/2018\/03\/14524434_1106112876131411_958039263622046936_o.jpg?resize=525%2C300&ssl=1 1.5x, https:\/\/i0.wp.com\/www.grieta.org.mx\/wp-content\/uploads\/2018\/03\/14524434_1106112876131411_958039263622046936_o.jpg?resize=700%2C400&ssl=1 2x"},"classes":[]},{"id":20157,"url":"https:\/\/www.grieta.org.mx\/index.php\/2016\/09\/06\/desalojos-violentos-de-viviendas-en-el-centro-historico-de-la-cdmx\/","url_meta":{"origin":9630,"position":1},"title":"Desalojos violentos de viviendas en el centro hist\u00f3rico de la CDMX","author":"grieta","date":"6 septiembre, 2016","format":false,"excerpt":"04\/09\/16. Granadas #130: o c\u00f3mo Banorte ejecuta desalojos en TepitoSomos el medio 27\/08\/16. Detienen a manifestante contra los desalojos en el centro hist\u00f3rico (CDMX)Somos el medio 25\/08\/16. Nuevo desalojo en el centro hist\u00f3rico: vecinos afectados se movilizan (CDMX)Somos el medio 24\/08\/16. \u00bfPor qu\u00e9 est\u00e1n los granaderos desalojando gente en el\u2026","rel":"","context":"En &quot;Ciudad de M\u00e9xico&quot;","block_context":{"text":"Ciudad de M\u00e9xico","link":"https:\/\/www.grieta.org.mx\/index.php\/category\/noticias-nacionales\/ciudad-de-mexico\/"},"img":{"alt_text":"","src":"https:\/\/i0.wp.com\/www.grieta.org.mx\/wp-content\/uploads\/2018\/03\/14524434_1106112876131411_958039263622046936_o.jpg?resize=350%2C200&ssl=1","width":350,"height":200,"srcset":"https:\/\/i0.wp.com\/www.grieta.org.mx\/wp-content\/uploads\/2018\/03\/14524434_1106112876131411_958039263622046936_o.jpg?resize=350%2C200&ssl=1 1x, https:\/\/i0.wp.com\/www.grieta.org.mx\/wp-content\/uploads\/2018\/03\/14524434_1106112876131411_958039263622046936_o.jpg?resize=525%2C300&ssl=1 1.5x, https:\/\/i0.wp.com\/www.grieta.org.mx\/wp-content\/uploads\/2018\/03\/14524434_1106112876131411_958039263622046936_o.jpg?resize=700%2C400&ssl=1 2x"},"classes":[]},{"id":10739,"url":"https:\/\/www.grieta.org.mx\/index.php\/2016\/05\/31\/desalojo-de-puestos-de-trabajo-de-comerciantes-en-la-ciudad-de-mexico\/","url_meta":{"origin":9630,"position":2},"title":"Desalojos de comerciantes en la Ciudad de M\u00e9xico","author":"grieta","date":"31 mayo, 2016","format":false,"excerpt":"31\/05\/16. Denuncian comerciantes cacer\u00eda para quitarlos del paradero de CULa Jornada 11\/05\/16. Crean frente contra obras en paradero ChapultepecEl Universal 04\/05\/16. Se enfrentan granaderos y comerciantes frente al Z\u00f3calo (CDMX)Cr\u00f3nica del Poder 03\/05\/16. Retiran ambulantes del paradero Metro Chapultepec; SSP-CDMX vigila la zona24 Horas 28\/04\/16. Represi\u00f3n contra locatarios del mercado\u2026","rel":"","context":"En &quot;Ciudad de M\u00e9xico&quot;","block_context":{"text":"Ciudad de M\u00e9xico","link":"https:\/\/www.grieta.org.mx\/index.php\/category\/noticias-nacionales\/ciudad-de-mexico\/"},"img":{"alt_text":"","src":"https:\/\/i0.wp.com\/www.grieta.org.mx\/wp-content\/uploads\/2018\/03\/14524434_1106112876131411_958039263622046936_o.jpg?resize=350%2C200&ssl=1","width":350,"height":200,"srcset":"https:\/\/i0.wp.com\/www.grieta.org.mx\/wp-content\/uploads\/2018\/03\/14524434_1106112876131411_958039263622046936_o.jpg?resize=350%2C200&ssl=1 1x, https:\/\/i0.wp.com\/www.grieta.org.mx\/wp-content\/uploads\/2018\/03\/14524434_1106112876131411_958039263622046936_o.jpg?resize=525%2C300&ssl=1 1.5x, https:\/\/i0.wp.com\/www.grieta.org.mx\/wp-content\/uploads\/2018\/03\/14524434_1106112876131411_958039263622046936_o.jpg?resize=700%2C400&ssl=1 2x"},"classes":[]},{"id":11577,"url":"https:\/\/www.grieta.org.mx\/index.php\/2016\/09\/02\/movilizaciones-contra-proyectos-inmobiliarios-en-la-ciudad-de-mexico\/","url_meta":{"origin":9630,"position":3},"title":"Protestas y organizaci\u00f3n contra proyectos inmobiliarios en la Ciudad de M\u00e9xico","author":"grieta","date":"2 septiembre, 2016","format":false,"excerpt":"01\/09\/16. Agua de predio de Aztecas 215 s\u00ed es potable: UNAM (CDMX)El Big data 01\/08\/16. Pobladores denuncian invasi\u00f3n descontrolada de construcciones en Xochimilco Desinform\u00e9monos 28\/07\/16. Vecinos de Xochimilco padecen \u201cefectos colaterales\u201d del boom inmobiliario El big data 24\/07\/16. Constructora rompi\u00f3 manantial en la CdMx y mil 500 millones de litros\u2026","rel":"","context":"En &quot;Ciudad de M\u00e9xico&quot;","block_context":{"text":"Ciudad de M\u00e9xico","link":"https:\/\/www.grieta.org.mx\/index.php\/category\/noticias-nacionales\/ciudad-de-mexico\/"},"img":{"alt_text":"","src":"https:\/\/i0.wp.com\/www.grieta.org.mx\/wp-content\/uploads\/2018\/03\/14524434_1106112876131411_958039263622046936_o.jpg?resize=350%2C200&ssl=1","width":350,"height":200,"srcset":"https:\/\/i0.wp.com\/www.grieta.org.mx\/wp-content\/uploads\/2018\/03\/14524434_1106112876131411_958039263622046936_o.jpg?resize=350%2C200&ssl=1 1x, https:\/\/i0.wp.com\/www.grieta.org.mx\/wp-content\/uploads\/2018\/03\/14524434_1106112876131411_958039263622046936_o.jpg?resize=525%2C300&ssl=1 1.5x, https:\/\/i0.wp.com\/www.grieta.org.mx\/wp-content\/uploads\/2018\/03\/14524434_1106112876131411_958039263622046936_o.jpg?resize=700%2C400&ssl=1 2x"},"classes":[]},{"id":27542,"url":"https:\/\/www.grieta.org.mx\/index.php\/2018\/11\/03\/en-la-cdmx-catrinas-marchan-contra-feminicidios\/","url_meta":{"origin":9630,"position":4},"title":"En la CDMX Catrinas marchan contra feminicidios","author":"grieta","date":"3 noviembre, 2018","format":false,"excerpt":"","rel":"","context":"En &quot;CINTILLO&quot;","block_context":{"text":"CINTILLO","link":"https:\/\/www.grieta.org.mx\/index.php\/category\/cintillo\/"},"img":{"alt_text":"","src":"https:\/\/i0.wp.com\/www.grieta.org.mx\/wp-content\/uploads\/2018\/11\/WhatsApp-Image-2018-11-03-at-10.51.40-2.jpeg?resize=350%2C200&ssl=1","width":350,"height":200,"srcset":"https:\/\/i0.wp.com\/www.grieta.org.mx\/wp-content\/uploads\/2018\/11\/WhatsApp-Image-2018-11-03-at-10.51.40-2.jpeg?resize=350%2C200&ssl=1 1x, https:\/\/i0.wp.com\/www.grieta.org.mx\/wp-content\/uploads\/2018\/11\/WhatsApp-Image-2018-11-03-at-10.51.40-2.jpeg?resize=525%2C300&ssl=1 1.5x, https:\/\/i0.wp.com\/www.grieta.org.mx\/wp-content\/uploads\/2018\/11\/WhatsApp-Image-2018-11-03-at-10.51.40-2.jpeg?resize=700%2C400&ssl=1 2x, https:\/\/i0.wp.com\/www.grieta.org.mx\/wp-content\/uploads\/2018\/11\/WhatsApp-Image-2018-11-03-at-10.51.40-2.jpeg?resize=1050%2C600&ssl=1 3x"},"classes":[]},{"id":15542,"url":"https:\/\/www.grieta.org.mx\/index.php\/2016\/08\/05\/movilizaciones-del-sector-salud-en-ciudad-de-mexico\/","url_meta":{"origin":9630,"position":5},"title":"Movilizaciones del sector salud en Ciudad de M\u00e9xico","author":"grieta","date":"5 agosto, 2016","format":false,"excerpt":"02\/08\/16. Nueva protesta contra la privatizaci\u00f3n de la Salud p\u00fablica (CDMX)Desinform\u00e9monos 26\/06\/16. M\u00e9dicxs y enfemerxs por la vida (CDMX) Subversiones 22\/06\/16. Sector salud se une a la protesta popular (CDMX) Somos el medio","rel":"","context":"En &quot;Ciudad de M\u00e9xico&quot;","block_context":{"text":"Ciudad de M\u00e9xico","link":"https:\/\/www.grieta.org.mx\/index.php\/category\/noticias-nacionales\/ciudad-de-mexico\/"},"img":{"alt_text":"","src":"https:\/\/i0.wp.com\/www.grieta.org.mx\/wp-content\/uploads\/2018\/03\/14524434_1106112876131411_958039263622046936_o.jpg?resize=350%2C200&ssl=1","width":350,"height":200,"srcset":"https:\/\/i0.wp.com\/www.grieta.org.mx\/wp-content\/uploads\/2018\/03\/14524434_1106112876131411_958039263622046936_o.jpg?resize=350%2C200&ssl=1 1x, https:\/\/i0.wp.com\/www.grieta.org.mx\/wp-content\/uploads\/2018\/03\/14524434_1106112876131411_958039263622046936_o.jpg?resize=525%2C300&ssl=1 1.5x, https:\/\/i0.wp.com\/www.grieta.org.mx\/wp-content\/uploads\/2018\/03\/14524434_1106112876131411_958039263622046936_o.jpg?resize=700%2C400&ssl=1 2x"},"classes":[]}],"_links":{"self":[{"href":"https:\/\/www.grieta.org.mx\/index.php\/wp-json\/wp\/v2\/posts\/9630","targetHints":{"allow":["GET"]}}],"collection":[{"href":"https:\/\/www.grieta.org.mx\/index.php\/wp-json\/wp\/v2\/posts"}],"about":[{"href":"https:\/\/www.grieta.org.mx\/index.php\/wp-json\/wp\/v2\/types\/post"}],"author":[{"embeddable":true,"href":"https:\/\/www.grieta.org.mx\/index.php\/wp-json\/wp\/v2\/users\/2"}],"replies":[{"embeddable":true,"href":"https:\/\/www.grieta.org.mx\/index.php\/wp-json\/wp\/v2\/comments?post=9630"}],"version-history":[{"count":1,"href":"https:\/\/www.grieta.org.mx\/index.php\/wp-json\/wp\/v2\/posts\/9630\/revisions"}],"predecessor-version":[{"id":20826,"href":"https:\/\/www.grieta.org.mx\/index.php\/wp-json\/wp\/v2\/posts\/9630\/revisions\/20826"}],"wp:featuredmedia":[{"embeddable":true,"href":"https:\/\/www.grieta.org.mx\/index.php\/wp-json\/wp\/v2\/media\/21928"}],"wp:attachment":[{"href":"https:\/\/www.grieta.org.mx\/index.php\/wp-json\/wp\/v2\/media?parent=9630"}],"wp:term":[{"taxonomy":"category","embeddable":true,"href":"https:\/\/www.grieta.org.mx\/index.php\/wp-json\/wp\/v2\/categories?post=9630"},{"taxonomy":"post_tag","embeddable":true,"href":"https:\/\/www.grieta.org.mx\/index.php\/wp-json\/wp\/v2\/tags?post=9630"}],"curies":[{"name":"wp","href":"https:\/\/api.w.org\/{rel}","templated":true}]}}