{"id":9520,"date":"2016-03-30T23:35:19","date_gmt":"2016-03-30T23:35:19","guid":{"rendered":"http:\/\/www.grieta.org.mx\/?p=9520"},"modified":"2016-04-24T23:51:24","modified_gmt":"2016-04-24T23:51:24","slug":"la-onu-quiere-llenar-el-zapotillo","status":"publish","type":"post","link":"https:\/\/www.grieta.org.mx\/index.php\/2016\/03\/30\/la-onu-quiere-llenar-el-zapotillo\/","title":{"rendered":"La ONU quiere llenar el Zapotillo"},"content":{"rendered":"<p>Alejandra Guill\u00e9n.- <\/p>\n<p>Entre los objetivos que tiene la agencia de las Naciones Unidas para Proyectos y Servicios (UNOPS, por sus siglas en ingl\u00e9s) en el trabajo que desarrolla en el R\u00edo Verde est\u00e1 que la presa El Zapotillo se llene durante el temporal de lluvias y se eche a andar tal como est\u00e1, con la cortina a 80 metros.<\/p>\n<p>El organismo pide a pobladores de Temacapul\u00edn y de los Altos de Jalisco que le tengan confianza a su labor en torno a este conflicto. Sin embargo, en el adendum \u201cAsistencia t\u00e9cnica para la sostenibilidad del proceso de planeaci\u00f3n de obras de infraestructura en la cuenca del r\u00edo Verde\u201d, suscrito el 27 de noviembre de 2014, su respaldo al embalse es muy claro: \u201cConsiderando que el Estudio de Balance H\u00eddrico tendr\u00e1 una duraci\u00f3n superior a los 12 meses y que el proyecto de construcci\u00f3n de la presa se encuentra actualmente en estado avanzado de construcci\u00f3n (con el r\u00edo en situaci\u00f3n de desv\u00edo) en cota de 80 metros, se ejecutar\u00e1 como producto temprano un estudio de viabilidad de regulaci\u00f3n de la presa comprendiendo aspectos socio ambientales a fin de permitir la posible terminaci\u00f3n, adecuaci\u00f3n y llenado de la presa hasta la cota de 80 metros. El prop\u00f3sito de este producto temprano consiste en permitir el aprovechamiento de la pr\u00f3xima estaci\u00f3n lluviosa para el llenado parcial de la presa y generaci\u00f3n de beneficios asociados a la ejecuci\u00f3n de la obra, conforme a su cronograma original, sin que ello implique adelantar pronunciamiento alguno en torno a la conveniencia de elevar la altura de la cortina hasta los 105 metros\u201d.<\/p>\n<p>Lo anterior es totalmente contrario a la posici\u00f3n del Comit\u00e9 Salvemos Temacapul\u00edn, Acasico y Palmarejo, al Colectivo de Abogados\/as y al Observatorio Ciudadano del Agua, que luchan contra la presa y el despojo que \u00e9sta conlleva. Por ello es que la UNOPS no puede construir la credibilidad que quisiera, en torno a su trabajo sobre la viabilidad del embalse.<\/p>\n<p>Lo que en Temacapul\u00edn sospechan desde un principio es que la UNOPS, en alianza con el Programa de las Naciones Unidas para el Medio Ambiente (PNUMA), terminar\u00e1n legitimando incluso la construcci\u00f3n de la cortina a 105 metros y con ello el gobernador Arist\u00f3teles Sandoval evita el costo pol\u00edtico de echar a andar la presa El Zapotillo, argumentando que son recomendaciones de una organizaci\u00f3n internacional.<br \/>\nEl Movimiento Mexicano de Afectados por las Presas en Defensa de los R\u00edos (MAPDER) ha considerado que la contrataci\u00f3n de estas agencias internacionales es \u201cconfusa, limitada y riesgosa\u201d, principalmente porque no contempla a las comunidades que se ver\u00edan afectadas con la presa.<\/p>\n<p>La \u201casistencia t\u00e9cnica\u201d de estas agencias de las Naciones Unidas le cost\u00f3 al gobierno de Jalisco 4 millones 645 mil d\u00f3lares, que son m\u00e1s de 83 millones de pesos (si el c\u00e1lculo se hace a 18 pesos por d\u00f3lar). Este proyecto surgi\u00f3 luego de que el Observatorio Ciudadano para la Gesti\u00f3n Integral del Agua emitiera recomendaciones que cuestionan la construcci\u00f3n de la presa El Zapotillo y el trasvase del agua del r\u00edo Verde en una regi\u00f3n con d\u00e9ficit de agua. El Ejecutivo decidi\u00f3 ignorarlas y mejor llam\u00f3 a la UNOPS a que diera otra opini\u00f3n t\u00e9cnica.<\/p>\n<p>El MAPDER cuestion\u00f3 el gasto millonario de fondos p\u00fablicos \u201cen un estudio cuyos resultados no son vinculantes, no se sabe para qu\u00e9 y c\u00f3mo se usar\u00e1n\u201d.<\/p>\n<p>En el adendum, la agencia de las Naciones Unidas dibuja una matriz l\u00f3gica en la que aparece la percepci\u00f3n de la \u201cfalta de atenci\u00f3n de los derechos y necesidades de los pobladores de Temacapul\u00edn, Acasico y Palmarejo\u201d. Para ellos, la implicaci\u00f3n es que hay insuficiencia en las compensaciones. Su propuesta de intervenci\u00f3n es una mesa de di\u00e1logo y comunicaci\u00f3n con la gente.<\/p>\n<p>El an\u00e1lisis de la agencia de la ONU niega la lucha de Temacapul\u00edn al plantear que el problema es el monto de indemnizaci\u00f3n por sus casas y que se pueda resolver en una mesa de di\u00e1logo sobre la presa, y fija una postura pro Zapotillo desde antes de haber realizado los estudios t\u00e9cnicos del r\u00edo Verde. En general el discurso, presentado hace unos d\u00edas por el organismo, gira en torno a c\u00f3mo utilizar y distribuir mejor los recursos naturales, atender los distintos usos del agua y \u201cgarantizar el derecho al agua de todos los habitantes\u201d.<\/p>\n<p>Reporte de avances<\/p>\n<p>El martes 15 de marzo, la UNOPS dio una rueda de prensa sobre los avances del proyecto \u201cJalisco sostenible Cuenca R\u00edo Verde\u201d, a la que acudieron Alejandro Rossi, asesor regional Medio Ambiente para Am\u00e9rica Latina y el Caribe de UNOPS; Eliana Ames, encargada del proceso en Jalisco, Carlos Angelaccio y Alejandro Pujol, quienes tambi\u00e9n son parte del equipo.<\/p>\n<p>Los tres componentes del proyecto son los estudios t\u00e9cnicos, la gobernanza del agua y la comunicaci\u00f3n.<br \/>\nEl primer punto incluye la puesta en marcha de an\u00e1lisis de escenarios de regulaci\u00f3n de la presa, un balance h\u00eddrico que requiere trabajo de campo a lo largo del cauce del r\u00edo Verde y la integraci\u00f3n del Grupo T\u00e9cnico de Balance H\u00eddrico.<\/p>\n<p>El componente del balance h\u00eddrico eval\u00faa el equilibrio din\u00e1mico entre todos los recursos h\u00eddricos que ingresan al sistema en estudio y los que salen o se almacenan en el mismo, lo que permite interpretar cu\u00e1nta agua produce la cuenca, cu\u00e1nta ingresa por distintos puentes, cu\u00e1nta no puede aprovecharse, cu\u00e1nta se almacena, cu\u00e1nta se consume por actividad humana y c\u00f3mo responde la cuenca con infraestructuras hidr\u00e1ulicas.<\/p>\n<p>A partir de lo anterior se realizar\u00e1n recomendaciones de macro planeaci\u00f3n, \u201cpara satisfacer de manera sustentable diferentes demandas, y formular\u00e1 una hoja de ruta para la mejor planeaci\u00f3n de obras de infraestructura h\u00eddrica para su aprovechamiento, considerando aspectos sociales, ambientales, institucionales y econ\u00f3micos\u201d.<\/p>\n<p>En el componente de gobernanza se prev\u00e9 sistematizar y generar repositorios de informaci\u00f3n y dise\u00f1ar espacios de interacci\u00f3n entre los interesados. La tercera parte tiene que ver con la comunicaci\u00f3n en l\u00ednea, impresa, con medios.<\/p>\n<p>El proyecto durar\u00e1 18 meses, contados a partir del 1 de diciembre de 2015. El grupo de especialistas estar\u00e1 liderado por Eliana Amex y 34 profesionales nacionales e internacionales.<\/p>\n<p>Integral<\/p>\n<p>El diagn\u00f3stico buscar\u00e1 que se prioricen los objetivos del plan del uso de la cuenca del r\u00edo Verde, partiendo de las necesidades b\u00e1sicas de la poblaci\u00f3n (abastecimiento, salud, alimentaci\u00f3n), de los ecosistemas ligados al agua (Fluviales, acu\u00edferos, humedales), y de otras necesidades (agricultura, industria y energ\u00eda).<\/p>\n<p>En otros pa\u00edses<\/p>\n<p>La UNOPS y el PNUMA desarrollan actividades conjuntas desde 2011. En el \u00e1mbito de los estudios de balance h\u00eddrico han participado en \u201cel abordaje de conflictos socio ambientales vinculados a la distribuci\u00f3n de los recursos h\u00eddricos disponibles\u201d. Algunos de los estudios han sido en Per\u00fa, en la cuenca del r\u00edo Apur\u00edmac, el Proyecto Desarrollo de estudios de Ingenier\u00eda para la optimizaci\u00f3n de las pr\u00e1cticas de riego en los valles del r\u00edo Pisco y la quebrada del r\u00edo Seco, en ICA (Proyecto Pro ICA), y el Proyecto de infraestructura hidr\u00e1ulica para la sostenibilidad agr\u00edcola en pampa de Lanchas (Proyecto Lanchas), as\u00ed como Revisi\u00f3n del estudio hidrogeol\u00f3gico del tajo de mina del proyecto minero Quellaveco. La directora del proyecto en el R\u00edo Verde, Eliana Ames, ha declarado en medios de Per\u00fa que en su experiencia los expertos de la UNOPS \u201cpueden dar respuesta a escenarios de tensiones\u201d, en zonas donde hay proyectos mineros o h\u00eddricos.<\/p>\n<p>Los costos para Jalisco<\/p>\n<p>1 mill\u00f3n 528 mil 185 d\u00f3lares<\/p>\n<p>Realizaci\u00f3n de estudio de balance h\u00eddrico y elaborar informe de recomendaciones para la planeaci\u00f3n de infraestructura hidr\u00e1ulica en la cuenca del r\u00edo verde.<\/p>\n<p>665 mil 405 d\u00f3lares<\/p>\n<p>Dise\u00f1o y puesta en marcha de mesa de dialogo piloto, propuestas de normas y actividades de fortalecimiento de capacidades, con m\u00f3dulo de seguimiento para el caso de la presa el Zapotillo.<\/p>\n<p>387 mil 410 d\u00f3lares<\/p>\n<p>Actividades de comunicaci\u00f3n y promoci\u00f3n para fortalecer la gobernanza sobre recursos h\u00eddricos.<\/p>\n<p>810 mil 901 d\u00f3lares<\/p>\n<p>Costos indirectos asociados a la gesti\u00f3n del proyecto por parte de UNOPS.<\/p>\n<p><a href=\"http:\/\/www.maspormas.com\/2016\/03\/30\/la-onu-quiere-llenar-el-zapotillo\/\" target=\"_blank\">http:\/\/www.maspormas.com\/2016\/03\/30\/la-onu-quiere-llenar-el-zapotillo\/<\/a><\/p>\n","protected":false},"excerpt":{"rendered":"<p>Alejandra Guill\u00e9n.- Entre los objetivos que tiene la agencia de las Naciones Unidas para Proyectos y Servicios (UNOPS, por sus siglas en ingl\u00e9s) en el trabajo que desarrolla en el &hellip; <a href=\"https:\/\/www.grieta.org.mx\/index.php\/2016\/03\/30\/la-onu-quiere-llenar-el-zapotillo\/\" class=\"more-link\">Leer m\u00e1s<\/a><\/p>\n","protected":false},"author":2,"featured_media":21928,"comment_status":"closed","ping_status":"closed","sticky":false,"template":"","format":"standard","meta":{"ngg_post_thumbnail":0,"_jetpack_newsletter_access":"","_jetpack_dont_email_post_to_subs":false,"_jetpack_newsletter_tier_id":0,"_jetpack_memberships_contains_paywalled_content":false,"_jetpack_memberships_contains_paid_content":false,"footnotes":""},"categories":[80,230],"tags":[224,313],"class_list":["post-9520","post","type-post","status-publish","format-standard","has-post-thumbnail","hentry","category-cintillo","category-jalisco","tag-agua","tag-presa-y-acueducto-del-zapotillo","entry"],"jetpack_featured_media_url":"https:\/\/www.grieta.org.mx\/wp-content\/uploads\/2018\/03\/14524434_1106112876131411_958039263622046936_o.jpg","jetpack_sharing_enabled":true,"jetpack_shortlink":"https:\/\/wp.me\/p7ZJR4-2ty","jetpack_likes_enabled":false,"jetpack-related-posts":[{"id":35937,"url":"https:\/\/www.grieta.org.mx\/index.php\/2019\/06\/29\/un-buen-gobernante-no-le-da-la-espalda-al-pueblo-no-incumple-sus-compromisos-temacapulin-jalisco\/","url_meta":{"origin":9520,"position":0},"title":"Un buen gobernante no le da la espalda al pueblo, no incumple sus compromisos: Temacapul\u00edn (Jalisco)","author":"grieta","date":"29 junio, 2019","format":false,"excerpt":"Redacci\u00f3n \/ Somos el Medio A trav\u00e9s de una carta dirigida a Enrique Alfaro Ram\u00edrez, a su Gabinete de Gobierno y a los diputados(as) del Congreso del Estado de Jalisco, el Comit\u00e9 Salvemos Temacapul\u00edn Acasico y Palmarejo, el Colectivo de Abogadxs, el Movimiento Mexicano de Afectados por las Presas y\u2026","rel":"","context":"En &quot;CINTILLO&quot;","block_context":{"text":"CINTILLO","link":"https:\/\/www.grieta.org.mx\/index.php\/category\/cintillo\/"},"img":{"alt_text":"","src":"https:\/\/i0.wp.com\/www.grieta.org.mx\/wp-content\/uploads\/2019\/07\/D-MawzfUYAA3J_I.jpg?resize=350%2C200&ssl=1","width":350,"height":200,"srcset":"https:\/\/i0.wp.com\/www.grieta.org.mx\/wp-content\/uploads\/2019\/07\/D-MawzfUYAA3J_I.jpg?resize=350%2C200&ssl=1 1x, https:\/\/i0.wp.com\/www.grieta.org.mx\/wp-content\/uploads\/2019\/07\/D-MawzfUYAA3J_I.jpg?resize=525%2C300&ssl=1 1.5x"},"classes":[]},{"id":3573,"url":"https:\/\/www.grieta.org.mx\/index.php\/2016\/09\/12\/presa-y-acueducto-el-zapotillo\/","url_meta":{"origin":9520,"position":1},"title":"Resistencia contra la presa y el acueducto El Zapotillo","author":"grieta","date":"12 septiembre, 2016","format":false,"excerpt":"12\/09\/16. Dan facilidades financieras a AbengoaNtr Guadalajara 22\/08\/16. \u201cJam\u00e1s nos iremos de\u00a0Temacapul\u00edn\u201dP\u00e1gina 24 13\/08\/16. Unops \u201cchantajea\u201d a los habitantes de Los\u00a0Altos Sitio Agustin del Castillo 12\/08\/16. Detienen proyecto del Zapotillo am Le\u00f3n 27\/07\/16. Piden que Comisi\u00f3n sobre Presa Zapotillo sea abierta Canal 44 02\/05\/16. Jalisco, el desag\u00fce de El Zapotillo\u2026","rel":"","context":"En &quot;Jalisco&quot;","block_context":{"text":"Jalisco","link":"https:\/\/www.grieta.org.mx\/index.php\/category\/noticias-nacionales\/jalisco\/"},"img":{"alt_text":"","src":"https:\/\/i0.wp.com\/www.grieta.org.mx\/wp-content\/uploads\/2018\/03\/14524434_1106112876131411_958039263622046936_o.jpg?resize=350%2C200&ssl=1","width":350,"height":200,"srcset":"https:\/\/i0.wp.com\/www.grieta.org.mx\/wp-content\/uploads\/2018\/03\/14524434_1106112876131411_958039263622046936_o.jpg?resize=350%2C200&ssl=1 1x, https:\/\/i0.wp.com\/www.grieta.org.mx\/wp-content\/uploads\/2018\/03\/14524434_1106112876131411_958039263622046936_o.jpg?resize=525%2C300&ssl=1 1.5x, https:\/\/i0.wp.com\/www.grieta.org.mx\/wp-content\/uploads\/2018\/03\/14524434_1106112876131411_958039263622046936_o.jpg?resize=700%2C400&ssl=1 2x"},"classes":[]},{"id":65738,"url":"https:\/\/www.grieta.org.mx\/index.php\/2022\/11\/10\/los-pueblos-afectados-por-la-presa-el-zapotillo-piden-se-cumpla-lo-pactado-y-reparacion-del-dano-jalisco\/","url_meta":{"origin":9520,"position":2},"title":"Los pueblos afectados por la presa El Zapotillo: piden se cumpla lo pactado y reparaci\u00f3n del da\u00f1o (Jalisco)","author":"grieta","date":"10 noviembre, 2022","format":false,"excerpt":"Imagen: Zona Docs La presa El Zapotillo, es el proyecto h\u00eddrico que dotar\u00e1 de agua a la Zona Metropolitana de Guadalajara y que estuvo suspendido m\u00e1s de 16 a\u00f1os debido a recursos judiciales, ya que la construcci\u00f3n de la presa hubiera provocado\u00a0la inundaci\u00f3n de los tres poblados: Temacapul\u00edn, Acasico y\u2026","rel":"","context":"En &quot;CINTILLO&quot;","block_context":{"text":"CINTILLO","link":"https:\/\/www.grieta.org.mx\/index.php\/category\/cintillo\/"},"img":{"alt_text":"","src":"https:\/\/i0.wp.com\/www.grieta.org.mx\/wp-content\/uploads\/2022\/11\/Captura-de-Pantalla-2022-11-11-a-las-7.37.53-1068x734-1.png?resize=350%2C200&ssl=1","width":350,"height":200,"srcset":"https:\/\/i0.wp.com\/www.grieta.org.mx\/wp-content\/uploads\/2022\/11\/Captura-de-Pantalla-2022-11-11-a-las-7.37.53-1068x734-1.png?resize=350%2C200&ssl=1 1x, https:\/\/i0.wp.com\/www.grieta.org.mx\/wp-content\/uploads\/2022\/11\/Captura-de-Pantalla-2022-11-11-a-las-7.37.53-1068x734-1.png?resize=525%2C300&ssl=1 1.5x, https:\/\/i0.wp.com\/www.grieta.org.mx\/wp-content\/uploads\/2022\/11\/Captura-de-Pantalla-2022-11-11-a-las-7.37.53-1068x734-1.png?resize=700%2C400&ssl=1 2x, https:\/\/i0.wp.com\/www.grieta.org.mx\/wp-content\/uploads\/2022\/11\/Captura-de-Pantalla-2022-11-11-a-las-7.37.53-1068x734-1.png?resize=1050%2C600&ssl=1 3x"},"classes":[]},{"id":3574,"url":"https:\/\/www.grieta.org.mx\/index.php\/2016\/03\/14\/del-porque-luchar-contra-la-presa-el-zapotillo-en-jalisco\/","url_meta":{"origin":9520,"position":3},"title":"Del porqu\u00e9 luchar contra la presa El Zapotillo en Jalisco","author":"grieta","date":"14 marzo, 2016","format":false,"excerpt":"Por: Juan Yves Palomar M\u00e1s de 131 Desde hace 10 a\u00f1os, cuando se anunci\u00f3 la construcci\u00f3n de la presa El Zapotillo en los altos de Jalisco, surgi\u00f3 una gran problem\u00e1tica que implica no s\u00f3lo a los habitantes de la regi\u00f3n, sino a los de todo M\u00e9xico. Represar el caudal del\u2026","rel":"","context":"En &quot;CINTILLO&quot;","block_context":{"text":"CINTILLO","link":"https:\/\/www.grieta.org.mx\/index.php\/category\/cintillo\/"},"img":{"alt_text":"","src":"https:\/\/i0.wp.com\/www.grieta.org.mx\/wp-content\/uploads\/2018\/03\/14524434_1106112876131411_958039263622046936_o.jpg?resize=350%2C200&ssl=1","width":350,"height":200,"srcset":"https:\/\/i0.wp.com\/www.grieta.org.mx\/wp-content\/uploads\/2018\/03\/14524434_1106112876131411_958039263622046936_o.jpg?resize=350%2C200&ssl=1 1x, https:\/\/i0.wp.com\/www.grieta.org.mx\/wp-content\/uploads\/2018\/03\/14524434_1106112876131411_958039263622046936_o.jpg?resize=525%2C300&ssl=1 1.5x, https:\/\/i0.wp.com\/www.grieta.org.mx\/wp-content\/uploads\/2018\/03\/14524434_1106112876131411_958039263622046936_o.jpg?resize=700%2C400&ssl=1 2x"},"classes":[]},{"id":5402,"url":"https:\/\/www.grieta.org.mx\/index.php\/2015\/03\/03\/oficializa-conagua-entrega-de-agua-de-el-zapotillo-a-leon\/","url_meta":{"origin":9520,"position":4},"title":"Oficializa Conagua entrega de agua de El Zapotillo a Le\u00f3n \u2013","author":"grieta","date":"3 marzo, 2015","format":false,"excerpt":"Alejandra Guill\u00e9n El t\u00edtulo de asignaci\u00f3n le permitir\u00e1 llevarse casi 120 millones de metros c\u00fabicos al a\u00f1o; Los Altos de Jalisco ser\u00e1 la zona m\u00e1s perjudicada, seg\u00fan abogado 3 de Marzo 2015 La Comisi\u00f3n Nacional del Agua (Conagua) otorg\u00f3 a Le\u00f3n un t\u00edtulo de asignaci\u00f3n para usar un volumen total\u2026","rel":"","context":"En &quot;CINTILLO&quot;","block_context":{"text":"CINTILLO","link":"https:\/\/www.grieta.org.mx\/index.php\/category\/cintillo\/"},"img":{"alt_text":"","src":"https:\/\/i0.wp.com\/www.grieta.org.mx\/wp-content\/uploads\/2018\/03\/14524434_1106112876131411_958039263622046936_o.jpg?resize=350%2C200&ssl=1","width":350,"height":200,"srcset":"https:\/\/i0.wp.com\/www.grieta.org.mx\/wp-content\/uploads\/2018\/03\/14524434_1106112876131411_958039263622046936_o.jpg?resize=350%2C200&ssl=1 1x, https:\/\/i0.wp.com\/www.grieta.org.mx\/wp-content\/uploads\/2018\/03\/14524434_1106112876131411_958039263622046936_o.jpg?resize=525%2C300&ssl=1 1.5x, https:\/\/i0.wp.com\/www.grieta.org.mx\/wp-content\/uploads\/2018\/03\/14524434_1106112876131411_958039263622046936_o.jpg?resize=700%2C400&ssl=1 2x"},"classes":[]},{"id":37727,"url":"https:\/\/www.grieta.org.mx\/index.php\/2019\/07\/30\/no-hay-elementos-que-sostengan-factibilidad-de-el-zapotillo-udeg-jalisco\/","url_meta":{"origin":9520,"position":5},"title":"No hay elementos que sostengan factibilidad de El Zapotillo: UdeG (Jalisco)","author":"grieta","date":"30 julio, 2019","format":false,"excerpt":"Foto: Alfonso Hern\u00e1ndez Redacci\u00f3n \/ El Diario NTR Por medio de un desplegado publicado ayer en varios medios de comunicaci\u00f3n, la Universidad de Guadalajara (UdeG) inform\u00f3 que no hay elementos objetivos que sostengan la factibilidad de la Presa El Zapotillo, la cual se pretende reactivar tras un acuerdo de entendimiento\u2026","rel":"","context":"En &quot;CINTILLO&quot;","block_context":{"text":"CINTILLO","link":"https:\/\/www.grieta.org.mx\/index.php\/category\/cintillo\/"},"img":{"alt_text":"","src":"https:\/\/i0.wp.com\/www.grieta.org.mx\/wp-content\/uploads\/2019\/08\/2019-07-29_11-07-36___6929.jpg?resize=350%2C200&ssl=1","width":350,"height":200,"srcset":"https:\/\/i0.wp.com\/www.grieta.org.mx\/wp-content\/uploads\/2019\/08\/2019-07-29_11-07-36___6929.jpg?resize=350%2C200&ssl=1 1x, https:\/\/i0.wp.com\/www.grieta.org.mx\/wp-content\/uploads\/2019\/08\/2019-07-29_11-07-36___6929.jpg?resize=525%2C300&ssl=1 1.5x, https:\/\/i0.wp.com\/www.grieta.org.mx\/wp-content\/uploads\/2019\/08\/2019-07-29_11-07-36___6929.jpg?resize=700%2C400&ssl=1 2x"},"classes":[]}],"_links":{"self":[{"href":"https:\/\/www.grieta.org.mx\/index.php\/wp-json\/wp\/v2\/posts\/9520","targetHints":{"allow":["GET"]}}],"collection":[{"href":"https:\/\/www.grieta.org.mx\/index.php\/wp-json\/wp\/v2\/posts"}],"about":[{"href":"https:\/\/www.grieta.org.mx\/index.php\/wp-json\/wp\/v2\/types\/post"}],"author":[{"embeddable":true,"href":"https:\/\/www.grieta.org.mx\/index.php\/wp-json\/wp\/v2\/users\/2"}],"replies":[{"embeddable":true,"href":"https:\/\/www.grieta.org.mx\/index.php\/wp-json\/wp\/v2\/comments?post=9520"}],"version-history":[{"count":1,"href":"https:\/\/www.grieta.org.mx\/index.php\/wp-json\/wp\/v2\/posts\/9520\/revisions"}],"predecessor-version":[{"id":10769,"href":"https:\/\/www.grieta.org.mx\/index.php\/wp-json\/wp\/v2\/posts\/9520\/revisions\/10769"}],"wp:featuredmedia":[{"embeddable":true,"href":"https:\/\/www.grieta.org.mx\/index.php\/wp-json\/wp\/v2\/media\/21928"}],"wp:attachment":[{"href":"https:\/\/www.grieta.org.mx\/index.php\/wp-json\/wp\/v2\/media?parent=9520"}],"wp:term":[{"taxonomy":"category","embeddable":true,"href":"https:\/\/www.grieta.org.mx\/index.php\/wp-json\/wp\/v2\/categories?post=9520"},{"taxonomy":"post_tag","embeddable":true,"href":"https:\/\/www.grieta.org.mx\/index.php\/wp-json\/wp\/v2\/tags?post=9520"}],"curies":[{"name":"wp","href":"https:\/\/api.w.org\/{rel}","templated":true}]}}