{"id":948,"date":"2016-04-21T22:20:45","date_gmt":"2016-04-21T22:20:45","guid":{"rendered":"http:\/\/50.22.11.12\/~grietaor\/?p=948"},"modified":"2016-05-16T04:16:25","modified_gmt":"2016-05-16T04:16:25","slug":"tecamac-defiende-el-control-de-sus-aguas-municipales","status":"publish","type":"post","link":"https:\/\/www.grieta.org.mx\/index.php\/2016\/04\/21\/tecamac-defiende-el-control-de-sus-aguas-municipales\/","title":{"rendered":"Tec\u00e1mac defiende el control de sus aguas municipales"},"content":{"rendered":"<p><strong>21\/04\/16. <\/strong><a href=\"http:\/\/www.grieta.org.mx\/index.php\/2016\/04\/21\/nueva-avanzada-contra-los-sistema-de-agua-autonomos-del-estado-de-mexico\/\">Nueva avanzada contra los sistema de agua aut\u00f3nomos del estado de M\u00e9xico<\/a><br  \/><em>Desinform\u00e9monos<\/em><br  \/><br \/>\n<strong>03\/03\/16. <\/strong><a href=\"http:\/\/grieta.org.mx\/index.php\/2016\/03\/04\/centro-ddhh-zeferino-ladrillero-alerta-sobre-criminalizacion-de-defensores-del-agua-comunitaria-en-tecamac\/\">Centro ddhh Zeferino Ladrillero alerta sobre criminalizaci\u00f3n de defensores del agua comunitaria en Tec\u00e1mac<\/a><br  \/><em>Desinform\u00e9monos<\/em><br  \/><br \/>\n<strong>05\/02\/16. <\/strong><a href=\"http:\/\/grieta.org.mx\/?p=944&#038;preview=true\">Con violencia, priistas intentan arrebatar a pobladores el control de las aguas municipales<\/a><br  \/><em>Activista MX<\/em><br  \/><br \/>\n<strong>01\/12\/15. <\/strong><a href=\"http:\/\/grieta.org.mx\/?p=945&#038;preview=true\">Foro regional en defensa de la gesti\u00f3n comunitaria del agua y contra su privatizaci\u00f3n<\/a><br  \/><em>Subversiones<\/em><br  \/><\/p>\n","protected":false},"excerpt":{"rendered":"<p>21\/04\/16. Nueva avanzada contra los sistema de agua aut\u00f3nomos del estado de M\u00e9xicoDesinform\u00e9monos 03\/03\/16. Centro ddhh Zeferino Ladrillero alerta sobre criminalizaci\u00f3n de defensores del agua comunitaria en Tec\u00e1macDesinform\u00e9monos 05\/02\/16. Con &hellip; <a href=\"https:\/\/www.grieta.org.mx\/index.php\/2016\/04\/21\/tecamac-defiende-el-control-de-sus-aguas-municipales\/\" class=\"more-link\">Leer m\u00e1s<\/a><\/p>\n","protected":false},"author":2,"featured_media":21928,"comment_status":"closed","ping_status":"open","sticky":false,"template":"","format":"standard","meta":{"ngg_post_thumbnail":0,"_jetpack_newsletter_access":"","_jetpack_dont_email_post_to_subs":false,"_jetpack_newsletter_tier_id":0,"_jetpack_memberships_contains_paywalled_content":false,"_jetpack_memberships_contains_paid_content":false,"footnotes":""},"categories":[16,2],"tags":[],"class_list":["post-948","post","type-post","status-publish","format-standard","has-post-thumbnail","hentry","category-estado-de-mexico","category-noticias-nacionales","entry"],"jetpack_featured_media_url":"https:\/\/www.grieta.org.mx\/wp-content\/uploads\/2018\/03\/14524434_1106112876131411_958039263622046936_o.jpg","jetpack_sharing_enabled":true,"jetpack_shortlink":"https:\/\/wp.me\/p7ZJR4-fi","jetpack_likes_enabled":false,"jetpack-related-posts":[{"id":1451,"url":"https:\/\/www.grieta.org.mx\/index.php\/2016\/03\/04\/centro-ddhh-zeferino-ladrillero-alerta-sobre-criminalizacion-de-defensores-del-agua-comunitaria-en-tecamac\/","url_meta":{"origin":948,"position":0},"title":"Centro ddhh Zeferino Ladrillero alerta sobre criminalizaci\u00f3n de defensores del agua comunitaria en Tec\u00e1mac","author":"grieta","date":"4 marzo, 2016","format":false,"excerpt":"Tec\u00e1mac, es una de las 80 comunidades del estado de M\u00e9xico que gestiona su sistema local de aguas. En su caso, desde 1951, cuando inici\u00f3 la construcci\u00f3n del primer pozo, con trabajo voluntario y cooperaciones econ\u00f3micas de los vecinos. Pozo puntapi\u00e9 para el acceso comunitario a toda la infraestructura necesaria\u2026","rel":"","context":"En &quot;CINTILLO&quot;","block_context":{"text":"CINTILLO","link":"https:\/\/www.grieta.org.mx\/index.php\/category\/cintillo\/"},"img":{"alt_text":"","src":"https:\/\/i0.wp.com\/www.grieta.org.mx\/wp-content\/uploads\/2018\/03\/14524434_1106112876131411_958039263622046936_o.jpg?resize=350%2C200&ssl=1","width":350,"height":200,"srcset":"https:\/\/i0.wp.com\/www.grieta.org.mx\/wp-content\/uploads\/2018\/03\/14524434_1106112876131411_958039263622046936_o.jpg?resize=350%2C200&ssl=1 1x, https:\/\/i0.wp.com\/www.grieta.org.mx\/wp-content\/uploads\/2018\/03\/14524434_1106112876131411_958039263622046936_o.jpg?resize=525%2C300&ssl=1 1.5x, https:\/\/i0.wp.com\/www.grieta.org.mx\/wp-content\/uploads\/2018\/03\/14524434_1106112876131411_958039263622046936_o.jpg?resize=700%2C400&ssl=1 2x"},"classes":[]},{"id":909,"url":"https:\/\/www.grieta.org.mx\/index.php\/2016\/08\/13\/despojo-de-agua-en-coyotepec\/","url_meta":{"origin":948,"position":1},"title":"Despojo de agua en Coyotepec","author":"grieta","date":"13 agosto, 2016","format":false,"excerpt":"13\/08\/16. \u201cSalte del movimiento del agua o se los va a cargar la chingada\u201d, agreden a defensores; Organizaci\u00f3n Mundial Contra la Tortura se pronunciaRevoluci\u00f3n 3.0 23\/06\/16. Defend\u00edan su agua, fueron a prisi\u00f3n y salieron. Pero su libertad est\u00e1 en riesgo.Sin Embargo 11\/06\/16. Contin\u00faa la defensa del agua en Coyotepec contra\u2026","rel":"","context":"En &quot;Estado de M\u00e9xico&quot;","block_context":{"text":"Estado de M\u00e9xico","link":"https:\/\/www.grieta.org.mx\/index.php\/category\/noticias-nacionales\/estado-de-mexico\/"},"img":{"alt_text":"","src":"https:\/\/i0.wp.com\/www.grieta.org.mx\/wp-content\/uploads\/2018\/03\/14524434_1106112876131411_958039263622046936_o.jpg?resize=350%2C200&ssl=1","width":350,"height":200,"srcset":"https:\/\/i0.wp.com\/www.grieta.org.mx\/wp-content\/uploads\/2018\/03\/14524434_1106112876131411_958039263622046936_o.jpg?resize=350%2C200&ssl=1 1x, https:\/\/i0.wp.com\/www.grieta.org.mx\/wp-content\/uploads\/2018\/03\/14524434_1106112876131411_958039263622046936_o.jpg?resize=525%2C300&ssl=1 1.5x, https:\/\/i0.wp.com\/www.grieta.org.mx\/wp-content\/uploads\/2018\/03\/14524434_1106112876131411_958039263622046936_o.jpg?resize=700%2C400&ssl=1 2x"},"classes":[]},{"id":763,"url":"https:\/\/www.grieta.org.mx\/index.php\/2015\/11\/06\/barrio-por-barrio-coyotepec-defiende-la-administracion-comunitaria-del-agua\/","url_meta":{"origin":948,"position":2},"title":"Barrio por barrio, Coyotepec defiende la administraci\u00f3n comunitaria del agua","author":"grieta","date":"6 noviembre, 2015","format":false,"excerpt":"En M\u00e9xico, defender la dignidad, la autonom\u00eda y la soberan\u00eda, para los pueblos se vuelve cada vez m\u00e1s dif\u00edcil. El proyecto de los ricos, del capital, del poder, es, al final de cuentas, la historia del despojo, del sometimiento, de la esclavitud, de la expropiaci\u00f3n, de la humillaci\u00f3n, de la\u2026","rel":"","context":"En &quot;CINTILLO&quot;","block_context":{"text":"CINTILLO","link":"https:\/\/www.grieta.org.mx\/index.php\/category\/cintillo\/"},"img":{"alt_text":"","src":"https:\/\/i0.wp.com\/www.grieta.org.mx\/wp-content\/uploads\/2018\/03\/14524434_1106112876131411_958039263622046936_o.jpg?resize=350%2C200&ssl=1","width":350,"height":200,"srcset":"https:\/\/i0.wp.com\/www.grieta.org.mx\/wp-content\/uploads\/2018\/03\/14524434_1106112876131411_958039263622046936_o.jpg?resize=350%2C200&ssl=1 1x, https:\/\/i0.wp.com\/www.grieta.org.mx\/wp-content\/uploads\/2018\/03\/14524434_1106112876131411_958039263622046936_o.jpg?resize=525%2C300&ssl=1 1.5x, https:\/\/i0.wp.com\/www.grieta.org.mx\/wp-content\/uploads\/2018\/03\/14524434_1106112876131411_958039263622046936_o.jpg?resize=700%2C400&ssl=1 2x"},"classes":[]},{"id":945,"url":"https:\/\/www.grieta.org.mx\/index.php\/2015\/12\/01\/foro-regional-en-defensa-de-la-gestion-comunitaria-del-agua-y-contra-su-privatizacion\/","url_meta":{"origin":948,"position":3},"title":"Foro regional en defensa de la gesti\u00f3n comunitaria del agua y contra su privatizaci\u00f3n","author":"grieta","date":"1 diciembre, 2015","format":false,"excerpt":"Lizette Santana El 14 de noviembre de 2015, en Tecamac, se reunieron pueblos y comunidades del Estado de M\u00e9xico para conocer el papel de los sistemas comunitarios de agua potable en la Iniciativa Ciudadana creada por la Coordinadora Nacional Agua para Tod@s, Agua para la Vida. Asistieron especialmente los representantes\u2026","rel":"","context":"En &quot;CINTILLO&quot;","block_context":{"text":"CINTILLO","link":"https:\/\/www.grieta.org.mx\/index.php\/category\/cintillo\/"},"img":{"alt_text":"","src":"https:\/\/i0.wp.com\/www.grieta.org.mx\/wp-content\/uploads\/2018\/03\/14524434_1106112876131411_958039263622046936_o.jpg?resize=350%2C200&ssl=1","width":350,"height":200,"srcset":"https:\/\/i0.wp.com\/www.grieta.org.mx\/wp-content\/uploads\/2018\/03\/14524434_1106112876131411_958039263622046936_o.jpg?resize=350%2C200&ssl=1 1x, https:\/\/i0.wp.com\/www.grieta.org.mx\/wp-content\/uploads\/2018\/03\/14524434_1106112876131411_958039263622046936_o.jpg?resize=525%2C300&ssl=1 1.5x, https:\/\/i0.wp.com\/www.grieta.org.mx\/wp-content\/uploads\/2018\/03\/14524434_1106112876131411_958039263622046936_o.jpg?resize=700%2C400&ssl=1 2x"},"classes":[]},{"id":765,"url":"https:\/\/www.grieta.org.mx\/index.php\/2015\/11\/05\/coyotepec-gana-otra-batalla-comunitaria-pero-la-presion-y-la-lucha-siguen\/","url_meta":{"origin":948,"position":4},"title":"Coyotepec gana otra batalla comunitaria pero la presi\u00f3n y la lucha siguen","author":"grieta","date":"5 noviembre, 2015","format":false,"excerpt":"Informamos que el d\u00eda de hoy mi\u00e9rcoles 4 de noviembre la comunidad y particularmente el Frente 9 de junio impidi\u00f3 que se realizara la fraudulenta reconexi\u00f3n de energ\u00eda electrica a uno de los pozos principales, el del barrio de Chautongo, pues la CFE lo har\u00eda para beneficio del intervencionismo ilegal\u2026","rel":"","context":"En &quot;CINTILLO&quot;","block_context":{"text":"CINTILLO","link":"https:\/\/www.grieta.org.mx\/index.php\/category\/cintillo\/"},"img":{"alt_text":"","src":"https:\/\/i0.wp.com\/www.grieta.org.mx\/wp-content\/uploads\/2018\/03\/14524434_1106112876131411_958039263622046936_o.jpg?resize=350%2C200&ssl=1","width":350,"height":200,"srcset":"https:\/\/i0.wp.com\/www.grieta.org.mx\/wp-content\/uploads\/2018\/03\/14524434_1106112876131411_958039263622046936_o.jpg?resize=350%2C200&ssl=1 1x, https:\/\/i0.wp.com\/www.grieta.org.mx\/wp-content\/uploads\/2018\/03\/14524434_1106112876131411_958039263622046936_o.jpg?resize=525%2C300&ssl=1 1.5x, https:\/\/i0.wp.com\/www.grieta.org.mx\/wp-content\/uploads\/2018\/03\/14524434_1106112876131411_958039263622046936_o.jpg?resize=700%2C400&ssl=1 2x"},"classes":[]},{"id":8359,"url":"https:\/\/www.grieta.org.mx\/index.php\/2015\/03\/15\/protestan-contra-la-privatizacion-del-agua-en-veracruz-y-mexico\/","url_meta":{"origin":948,"position":5},"title":"Protestan contra la privatizaci\u00f3n del agua en Veracruz y M\u00e9xico","author":"Admin","date":"15 marzo, 2015","format":false,"excerpt":"Xalapa, Ver.- En el marco del D\u00eda Internacional contra las Presas, sociedad civil y activistas de Teocelo se manifestaron en la Plaza Lerdo de Xalapa para pronunciarse contra los proyectos hidroel\u00e9ctricos contemplados en el estado de Veracruz, as\u00ed como la ley de aguas propuesta por el gobierno federal. Y es\u2026","rel":"","context":"En &quot;CINTILLO&quot;","block_context":{"text":"CINTILLO","link":"https:\/\/www.grieta.org.mx\/index.php\/category\/cintillo\/"},"img":{"alt_text":"","src":"https:\/\/i0.wp.com\/www.grieta.org.mx\/wp-content\/uploads\/2018\/03\/14524434_1106112876131411_958039263622046936_o.jpg?resize=350%2C200&ssl=1","width":350,"height":200,"srcset":"https:\/\/i0.wp.com\/www.grieta.org.mx\/wp-content\/uploads\/2018\/03\/14524434_1106112876131411_958039263622046936_o.jpg?resize=350%2C200&ssl=1 1x, https:\/\/i0.wp.com\/www.grieta.org.mx\/wp-content\/uploads\/2018\/03\/14524434_1106112876131411_958039263622046936_o.jpg?resize=525%2C300&ssl=1 1.5x, https:\/\/i0.wp.com\/www.grieta.org.mx\/wp-content\/uploads\/2018\/03\/14524434_1106112876131411_958039263622046936_o.jpg?resize=700%2C400&ssl=1 2x"},"classes":[]}],"_links":{"self":[{"href":"https:\/\/www.grieta.org.mx\/index.php\/wp-json\/wp\/v2\/posts\/948","targetHints":{"allow":["GET"]}}],"collection":[{"href":"https:\/\/www.grieta.org.mx\/index.php\/wp-json\/wp\/v2\/posts"}],"about":[{"href":"https:\/\/www.grieta.org.mx\/index.php\/wp-json\/wp\/v2\/types\/post"}],"author":[{"embeddable":true,"href":"https:\/\/www.grieta.org.mx\/index.php\/wp-json\/wp\/v2\/users\/2"}],"replies":[{"embeddable":true,"href":"https:\/\/www.grieta.org.mx\/index.php\/wp-json\/wp\/v2\/comments?post=948"}],"version-history":[{"count":1,"href":"https:\/\/www.grieta.org.mx\/index.php\/wp-json\/wp\/v2\/posts\/948\/revisions"}],"predecessor-version":[{"id":1453,"href":"https:\/\/www.grieta.org.mx\/index.php\/wp-json\/wp\/v2\/posts\/948\/revisions\/1453"}],"wp:featuredmedia":[{"embeddable":true,"href":"https:\/\/www.grieta.org.mx\/index.php\/wp-json\/wp\/v2\/media\/21928"}],"wp:attachment":[{"href":"https:\/\/www.grieta.org.mx\/index.php\/wp-json\/wp\/v2\/media?parent=948"}],"wp:term":[{"taxonomy":"category","embeddable":true,"href":"https:\/\/www.grieta.org.mx\/index.php\/wp-json\/wp\/v2\/categories?post=948"},{"taxonomy":"post_tag","embeddable":true,"href":"https:\/\/www.grieta.org.mx\/index.php\/wp-json\/wp\/v2\/tags?post=948"}],"curies":[{"name":"wp","href":"https:\/\/api.w.org\/{rel}","templated":true}]}}