{"id":9452,"date":"2015-05-12T19:11:56","date_gmt":"2015-05-12T19:11:56","guid":{"rendered":"http:\/\/www.grieta.org.mx\/?p=9452"},"modified":"2016-04-01T19:27:02","modified_gmt":"2016-04-01T19:27:02","slug":"lo-ultimo-que-importa-ahora-es-votar-afirman-los-desplazados-por-la-violencia-en-guerrero","status":"publish","type":"post","link":"https:\/\/www.grieta.org.mx\/index.php\/2015\/05\/12\/lo-ultimo-que-importa-ahora-es-votar-afirman-los-desplazados-por-la-violencia-en-guerrero\/","title":{"rendered":"\u201cLo \u00faltimo que importa ahora es votar\u201d, afirman los desplazados por la violencia en Guerrero"},"content":{"rendered":"<section class=\"entry-content clearfix\">SinEmbargo<br \/>\nMelissa del Pozo<\/p>\n<p>Georgina Villa pertenece a una familia de campesinos que abandon\u00f3 su pueblo despu\u00e9s de que un grupo de hombres armados secuestrara a uno de sus hijos en las inaccesibles monta\u00f1as del estado de Guerrero.<\/p>\n<p>Fue amenazada por \u201cunos hombres con voz rara que me ped\u00edan dinero para no matar a mi hijo\u201d, declar\u00f3 Villa a VICE News.<\/p>\n<p>Eso fue en 2012. Villa, de 52 a\u00f1os y madre de dos hijos, dej\u00f3 entonces su hogar en Tlacotepec y no ha regresado nunca m\u00e1s.<\/p>\n<p>Ahora vive con sus padres y vende cosm\u00e9ticos en Chilpancingo, la capital del estado, un espacio relativamente urbano comparado con las remotas sierras de Guerrero. Es una de las muchas personas que pertenecen a un colectivo social mexicano que pasa largamente desapercibido y que es muy dif\u00edcil de cuantificar: el de los desplazados internos de la guerra contra las drogas.<\/p>\n<p>Guerrero tiene el \u00edndice m\u00e1s alto de desplazados internos de M\u00e9xico, una situaci\u00f3n generada a causa de la violencia que provoca el narcotr\u00e1fico, que sigue imperando en el pa\u00eds, seg\u00fan apuntan las informaciones.<\/p>\n<p>Es muy complicado dar con la cifra exacta, pero seg\u00fan la Comisi\u00f3n Mexicana por la Defensa y la Promoci\u00f3n de los Derechos Humanos, una organizaci\u00f3n sin \u00e1nimo de lucro, entre 2011 y febrero de este a\u00f1o hubo al menos 281 mil 418 personas que tuvieron que desplazarse a distintos lugares del pa\u00eds.<\/p>\n<p>Alrededor del 20 por ciento de esos refugiados est\u00e1n concentrados en Guerrero, lo que confiere al estado la cifra m\u00e1s alta de refugiados, seg\u00fan afirma la organizaci\u00f3n. Un informe internacional publicado el mi\u00e9rcoles pasado refuerza dichas cifras.<\/p>\n<p>\u201cLe repito: \u00bfc\u00f3mo vamos a celebrar elecciones, de qui\u00e9n o para qu\u00e9, con qu\u00e9 objeto?\u201d.<\/p>\n<p>En semejante escenario, el entusiasmo \u2014o simplemente el apoyo\u2013 a las inminentes elecciones intermedias en M\u00e9xico, es bajo. La violencia ya irrumpi\u00f3 en la campa\u00f1a: dos candidatos a la alcald\u00eda de Guerrero han sido asesinados desde que arranc\u00f3 la campa\u00f1a, entre ellos el candidato por Chilapa del Partido Revolucionario Institucional (PRI), abatido en un tiroteo el pasado viernes 1 de mayo.<\/p>\n<p>Las elecciones est\u00e1n programadas para el 7 de junio, pero los refugiados internos con los que ha hablado VICE News, ni se las plantean.<\/p>\n<p>\u201cYo no tengo otra opci\u00f3n y cr\u00e9ame que lo \u00faltimo que me importa ahora es votar; lo \u00fanico que quiero es poder tener dinero para darle a mi hijo y encontrar a mi muchachito que ya debe de verse muy mayor\u201d, dijo Villa.<br \/>\nLaura Rubio, miembro del Consejo Noruego para Refugiados, que public\u00f3 el informe del mi\u00e9rcoles, asegura que los n\u00fameros de desplazados son s\u00f3lo aproximativos.<\/p>\n<p>Una encuesta nacional sobre las v\u00edctimas conducida por el Instituto Nacional de Estad\u00edstica y Geograf\u00eda (Inegi) en 2014, suger\u00eda que, de acuerdo con el relato de individuos que aseguraban que hab\u00edan dejado sus casas debido a las amenazas o a la violencia, pod\u00eda haber m\u00e1s de un mill\u00f3n de refugiados internos en el pa\u00eds.<\/p>\n<p>\u201cPodr\u00eda ser hasta un mill\u00f3n 600 personas desplazadas por la violencia si se tiene en cuenta la ultima Encuesta de Victimizaci\u00f3n donde se estableci\u00f3 que por lo menos alg\u00fan miembro de la familia hab\u00eda huido por haber sido v\u00edctima\u201d, dijo Rubio.<br \/>\nEn Guerrero, la situaci\u00f3n es cr\u00edtica. Despu\u00e9s de que el estado fuera anegado por las masivas inundaciones provocadas por sendas tormentas tropicales en 2013, Rubio dijo que los refugios que hab\u00edan sido concebidos para las v\u00edctimas de la meteorolog\u00eda, terminaron siendo utilizados por aquellos que escapaban de la amenaza del narcotr\u00e1fico.<\/p>\n<p>\u201cTenemos evidencias de albergues que se establec\u00edan en esas zonas para recibir a personas afectadas por las inundaciones, y que terminaron recibiendo a personas que hab\u00edan sido desplazadas por el crimen organizado\u201d, dijo Rubio.<br \/>\nEl conflicto se ha agravado debido a aquellos refugiados que se desplazan de una ciudad afectada a otra. En 2013, Tlacotepec, poblaci\u00f3n de la que Villa hab\u00eda escapado, acogi\u00f3 a m\u00e1s de mil refugiados de peque\u00f1os pueblos vecinos que estaban huyendo de la violencia.<\/p>\n<p>\u201cY es que a medida que se mueven las familias se mueven las organizaciones criminales\u201d, dijo en entrevista Laura Rubio a VICE News.<br \/>\nEster Reynoso, de 34 a\u00f1os, se mud\u00f3 a Tlacotepec con su padre y sus tres hijos despu\u00e9s de recibir la visita de un grupo de hombres en su residencia de Atoyac de \u00c1lvarez, su pueblo natal, que le dijeron que quer\u00edan su casa. Atoyac fue, adem\u00e1s, violentamente sacudida por la tormenta tropical Manuel y por el hurac\u00e1n Ingrid.<\/p>\n<p>\u201cA mi esposo lo mataron esos que comenzaron a joder con que quer\u00edan la casa. Yo no s\u00e9 para que la quer\u00edan si ya estaba toda para abajo, pero mi marido les dijo que no y luego ya lo mataron\u201d, dijo Reynoso.<\/p>\n<p>A pesar de la precaria situaci\u00f3n en la que viven muchos de los 3.3 millones de habitantes de Guerrero, los funcionarios de la campa\u00f1a electoral dijeron que las elecciones intermedias planeadas para el 7 de junio se celebrar\u00e1n tal y como est\u00e1 previsto. Los preparativos ya est\u00e1n en marcha pese a los constantes ataques violentos, el asesinato de pol\u00edticos y las amenazas de las debilitadas manifestaciones de los profesores sindicalizados. Adem\u00e1s, los simpatizantes de los 43 alumnos desaparecidos en Ayotzinapa siguen celebrando protestas regularmente.<\/p>\n<p>Los votantes elegir\u00e1n al pr\u00f3ximo Gobernador y a sus representantes federales y locales en el Congreso, adem\u00e1s de 81 alcaldes. Se instalar\u00e1n 57 \u201d casillas especiales\u201d en las que podr\u00e1n votar aquellos que no residen en la zona, seg\u00fan cuentan los funcionarios. Todav\u00eda no queda muy claro si alguien se presentar\u00e1.<\/p>\n<p>Ver m\u00e1s en Vice News<\/p>\n<p>LA CRECIENTE INDUSTRIA DE LA AMAPOLA<br \/>\nTlacotepec descansa en la cordillera Sierra Madre del Sur a unos 35 kil\u00f3metros de Yextla, otra peque\u00f1a ciudad del estado de Guerrero que se ha quedado sin residentes.<\/p>\n<p>Ambas ciudades est\u00e1n ubicadas justo en el coraz\u00f3n de la creciente industria de la amapola del estado, que ha desatado una guerra por su control entre m\u00faltiples bandas de narcotraficantes. Seg\u00fan cifras del gobierno, en 2014 Guerrero fue el estado mexicano con el \u00edndice de muertes m\u00e1s alto del pa\u00eds.<\/p>\n<p>Yextla y Tlacotepec tambi\u00e9n forman parte de un listado de 75 distritos electorales elaborado por el Instituto Nacional Electoral (INE) para distinguir a las poblaciones cuyas listas tienen menos de cien personas.<\/p>\n<p>El Instituto Nacional Electoral (INE) declar\u00f3 que no desplegar\u00e1 sus estaciones electorales en esos distritos, lo que forzar\u00e1 a sus residentes que quieran votar a localizar y desplazarse hasta la casilla especial de votaci\u00f3n el d\u00eda 7 de junio.<\/p>\n<p>Enrique Hern\u00e1ndez es un campesino que detenta el puesto de comisario de Yextla. \u00c9l asegura que no se imagina una forma segura de votar este a\u00f1o, y lo dice con un enfado y un candor inusual para un funcionario del gobierno:<\/p>\n<p>\u201cAqu\u00ed, as\u00ed no se pueden hacer las elecciones. Aqu\u00ed que ni se paren los pol\u00edticos con sus propagandas pendejas, que primero vengan a resolver este desmadre, porque nos han abandonado por completo\u201d.<br \/>\nEl 20 de marzo se produjo un tiroteo esta ciudad de apenas 3 mil habitantes. Murieron cinco personas.<\/p>\n<p>Aquel d\u00eda, cuando llegaron los militares horas m\u00e1s tarde, los cad\u00e1veres segu\u00edan tendidos en el suelo. Se \u201cescucharon disparos durante m\u00e1s de veinte minutos\u201d, recuerda un testigo en Yextla. \u201cEste tipo de cosas pasan todos los d\u00edas; estamos hasta la madre\u201d, dijo el comisario Enrique Hern\u00e1ndez.<\/p>\n<p>Despu\u00e9s del incidente, un n\u00famero desconocido de familias en Yextla hicieron lo que hacen tantas personas en las regiones m\u00e1s violentas de M\u00e9xico: prepararon las maletas y se largaron.<\/p>\n<p>El 6 de abril, despu\u00e9s de que la campa\u00f1a electoral hubiese arrancado en Guerrero, Hern\u00e1ndez llam\u00f3 a VICE News para informar que hab\u00edan sido descubiertos dos cuerpos mutilados en la entrada del pueblo, en la carretera que conecta Yextla con Chilipancingo.<\/p>\n<p>El comisario sonaba desesperado. \u201cLe repito: \u00bfc\u00f3mo vamos a celebrar elecciones, de qui\u00e9n o para qu\u00e9, con qu\u00e9 objeto?\u201d, dijo Hern\u00e1ndez.<\/p>\n<p>Alejandro Delgado Arroyo, el delegado del INE en Guerrero, declar\u00f3 que todav\u00eda ten\u00eda esperanzas de que la gente encontrara la manera de votar \u201ccon mucho esfuerzo y confianza.\u201d<\/p>\n<p>\u201cTenemos la opci\u00f3n de las casillas especiales para que voten los electores en tr\u00e1nsito, en el caso de Guerrero, 57?; es decir, casillas a las que pueden acceder algunas personas aun sin estar registradas en ese distrito para votar. \u201cAunque eso no garantiza que vayan a votar\u201d, dijo el encargado del INE.<\/p>\n<p><a class=\"autohyperlink\" title=\"http:\/\/www.sinembargo.mx\/12-05-2015\/1341928\" href=\"http:\/\/www.sinembargo.mx\/12-05-2015\/1341928\" target=\"_blank\">www.sinembargo.mx\/12-05-2015\/1341928<\/a><\/p>\n<\/section>\n","protected":false},"excerpt":{"rendered":"<p>SinEmbargo Melissa del Pozo Georgina Villa pertenece a una familia de campesinos que abandon\u00f3 su pueblo despu\u00e9s de que un grupo de hombres armados secuestrara a uno de sus hijos &hellip; <a href=\"https:\/\/www.grieta.org.mx\/index.php\/2015\/05\/12\/lo-ultimo-que-importa-ahora-es-votar-afirman-los-desplazados-por-la-violencia-en-guerrero\/\" class=\"more-link\">Leer m\u00e1s<\/a><\/p>\n","protected":false},"author":2,"featured_media":21928,"comment_status":"closed","ping_status":"closed","sticky":false,"template":"","format":"standard","meta":{"ngg_post_thumbnail":0,"_jetpack_newsletter_access":"","_jetpack_dont_email_post_to_subs":false,"_jetpack_newsletter_tier_id":0,"_jetpack_memberships_contains_paywalled_content":false,"_jetpack_memberships_contains_paid_content":false,"footnotes":""},"categories":[80,320],"tags":[232],"class_list":["post-9452","post","type-post","status-publish","format-standard","has-post-thumbnail","hentry","category-cintillo","category-guerrero","tag-desplazados","entry"],"jetpack_featured_media_url":"https:\/\/www.grieta.org.mx\/wp-content\/uploads\/2018\/03\/14524434_1106112876131411_958039263622046936_o.jpg","jetpack_sharing_enabled":true,"jetpack_shortlink":"https:\/\/wp.me\/p7ZJR4-2ss","jetpack_likes_enabled":false,"jetpack-related-posts":[{"id":38646,"url":"https:\/\/www.grieta.org.mx\/index.php\/2019\/08\/23\/guerrero-concentra-el-44-de-desplazados-en-mexico\/","url_meta":{"origin":9452,"position":0},"title":"Guerrero concentra el 44% de desplazados en M\u00e9xico","author":"Admin","date":"23 agosto, 2019","format":false,"excerpt":"Vania Pigeonutt \/ Amapola Periodismo Transgresor \/ Animal Pol\u00edtico El primer desplazamiento masivo ocurri\u00f3 el 21 de abril del 2011. Las familias Santana Villa y otras de la comunidad de La Laguna, Coyuca de Catal\u00e1n, tuvieron que desplazarse a Puerto las Ollas, del mismo municipio en la regi\u00f3n de la\u2026","rel":"","context":"En &quot;CINTILLO&quot;","block_context":{"text":"CINTILLO","link":"https:\/\/www.grieta.org.mx\/index.php\/category\/cintillo\/"},"img":{"alt_text":"","src":"https:\/\/i0.wp.com\/www.grieta.org.mx\/wp-content\/uploads\/2019\/09\/https-_www.animalpolitico.com_wp-content_uploads_2019_08_historias-desplazamiento-forzado-guerrero.jpg?resize=350%2C200&ssl=1","width":350,"height":200,"srcset":"https:\/\/i0.wp.com\/www.grieta.org.mx\/wp-content\/uploads\/2019\/09\/https-_www.animalpolitico.com_wp-content_uploads_2019_08_historias-desplazamiento-forzado-guerrero.jpg?resize=350%2C200&ssl=1 1x, https:\/\/i0.wp.com\/www.grieta.org.mx\/wp-content\/uploads\/2019\/09\/https-_www.animalpolitico.com_wp-content_uploads_2019_08_historias-desplazamiento-forzado-guerrero.jpg?resize=525%2C300&ssl=1 1.5x, https:\/\/i0.wp.com\/www.grieta.org.mx\/wp-content\/uploads\/2019\/09\/https-_www.animalpolitico.com_wp-content_uploads_2019_08_historias-desplazamiento-forzado-guerrero.jpg?resize=700%2C400&ssl=1 2x"},"classes":[]},{"id":30132,"url":"https:\/\/www.grieta.org.mx\/index.php\/2019\/03\/03\/crisis-humanitaria-en-el-estado-de-guerrero-obliga-a-desplazados-a-acampar-en-la-puerta-del-palacio-nacional-ciudad-de-mexico\/","url_meta":{"origin":9452,"position":1},"title":"Crisis humanitaria en el estado de Guerrero obliga a desplazados a acampar en la puerta del Palacio Nacional (Ciudad de M\u00e9xico)","author":"grieta","date":"3 marzo, 2019","format":false,"excerpt":"Radio Zapatista Durante la noche del pasado 17 de febrero arribaron a las puertas del Palacio Nacional en la CDMX aproximadamente 400 personas desplazadas del estado de Guerrero, entre estas, se calculan unos 40 ni\u00f1os menores de 8 a\u00f1os. Las familias desplazadas montaron un campamento con la intenci\u00f3n de solicitar\u2026","rel":"","context":"En &quot;CINTILLO&quot;","block_context":{"text":"CINTILLO","link":"https:\/\/www.grieta.org.mx\/index.php\/category\/cintillo\/"},"img":{"alt_text":"","src":"https:\/\/i0.wp.com\/www.grieta.org.mx\/wp-content\/uploads\/2019\/03\/DSC07783-700x466.jpg?resize=350%2C200&ssl=1","width":350,"height":200,"srcset":"https:\/\/i0.wp.com\/www.grieta.org.mx\/wp-content\/uploads\/2019\/03\/DSC07783-700x466.jpg?resize=350%2C200&ssl=1 1x, https:\/\/i0.wp.com\/www.grieta.org.mx\/wp-content\/uploads\/2019\/03\/DSC07783-700x466.jpg?resize=525%2C300&ssl=1 1.5x, https:\/\/i0.wp.com\/www.grieta.org.mx\/wp-content\/uploads\/2019\/03\/DSC07783-700x466.jpg?resize=700%2C400&ssl=1 2x"},"classes":[]},{"id":32581,"url":"https:\/\/www.grieta.org.mx\/index.php\/2019\/04\/24\/desplazados-pueden-rentar-pero-no-en-sus-pueblos-guerrero\/","url_meta":{"origin":9452,"position":2},"title":"Desplazados pueden rentar, pero no en sus pueblos (Guerrero)","author":"grieta","date":"24 abril, 2019","format":false,"excerpt":"Margena de la O \/ La Silla Rota Chilpancingo, Guerrero (La Silla Rota). Las familias de la Sierra refugiadas desde noviembre pasado en el auditorio municipal de Chichihualco, cabecera de Leonardo Bravo, logran rentar una casa al ser reconocidos por la Comisi\u00f3n Ejecutiva de Atenci\u00f3n a V\u00edctimas (CEAV), pero no\u2026","rel":"","context":"En &quot;CINTILLO&quot;","block_context":{"text":"CINTILLO","link":"https:\/\/www.grieta.org.mx\/index.php\/category\/cintillo\/"},"img":{"alt_text":"","src":"https:\/\/i0.wp.com\/www.grieta.org.mx\/wp-content\/uploads\/2019\/04\/whatsappimage20190422at17.09.04.jpg?resize=350%2C200&ssl=1","width":350,"height":200,"srcset":"https:\/\/i0.wp.com\/www.grieta.org.mx\/wp-content\/uploads\/2019\/04\/whatsappimage20190422at17.09.04.jpg?resize=350%2C200&ssl=1 1x, https:\/\/i0.wp.com\/www.grieta.org.mx\/wp-content\/uploads\/2019\/04\/whatsappimage20190422at17.09.04.jpg?resize=525%2C300&ssl=1 1.5x, https:\/\/i0.wp.com\/www.grieta.org.mx\/wp-content\/uploads\/2019\/04\/whatsappimage20190422at17.09.04.jpg?resize=700%2C400&ssl=1 2x, https:\/\/i0.wp.com\/www.grieta.org.mx\/wp-content\/uploads\/2019\/04\/whatsappimage20190422at17.09.04.jpg?resize=1050%2C600&ssl=1 3x"},"classes":[]},{"id":69137,"url":"https:\/\/www.grieta.org.mx\/index.php\/2024\/05\/31\/desplazados-por-el-crimen-amenazan-con-boicotear-elecciones-guerrero\/","url_meta":{"origin":9452,"position":3},"title":"Desplazados por el crimen amenazan con boicotear elecciones (Guerrero)","author":"grieta","date":"31 mayo, 2024","format":false,"excerpt":"Redacci\u00f3n \/ XEU Habitantes desplazados por el crimen organizado en la sierra de Guerrero, estado del sur de M\u00e9xico que afronta una ola de violencia, protestaron este jueves para exigir seguridad y advirtieron de un boicot en las elecciones del domingo. El grupo de personas del municipio de Leonardo Bravo\u2026","rel":"","context":"En &quot;CINTILLO&quot;","block_context":{"text":"CINTILLO","link":"https:\/\/www.grieta.org.mx\/index.php\/category\/cintillo\/"},"img":{"alt_text":"","src":"https:\/\/i0.wp.com\/www.grieta.org.mx\/wp-content\/uploads\/2024\/06\/1325784xeu20240531093625.webp?resize=350%2C200&ssl=1","width":350,"height":200,"srcset":"https:\/\/i0.wp.com\/www.grieta.org.mx\/wp-content\/uploads\/2024\/06\/1325784xeu20240531093625.webp?resize=350%2C200&ssl=1 1x, https:\/\/i0.wp.com\/www.grieta.org.mx\/wp-content\/uploads\/2024\/06\/1325784xeu20240531093625.webp?resize=525%2C300&ssl=1 1.5x, https:\/\/i0.wp.com\/www.grieta.org.mx\/wp-content\/uploads\/2024\/06\/1325784xeu20240531093625.webp?resize=700%2C400&ssl=1 2x"},"classes":[]},{"id":38796,"url":"https:\/\/www.grieta.org.mx\/index.php\/2019\/09\/02\/rechazan-a-ninos-desplazados-en-las-escuelas-de-lugares-donde-se-refugian-guerrero\/","url_meta":{"origin":9452,"position":4},"title":"Rechazan a ni\u00f1os desplazados en las escuelas de lugares donde se refugian (Guerrero)","author":"Admin","date":"2 septiembre, 2019","format":false,"excerpt":"Dassaev T\u00e9llez Adame \/ La Jornada Guerrero Son 58 menores de prescolar, primaria y secundaria, que enfrentan el repudio Piden las familias asiladas en Chichihualco ayuda al gobierno federal para regresar a sus pueblos Chilpancingo, 1\u00ba de septiembre. Ni\u00f1os que viven como desplazados desde hace nueve meses, no s\u00f3lo est\u00e1n\u2026","rel":"","context":"En &quot;CINTILLO&quot;","block_context":{"text":"CINTILLO","link":"https:\/\/www.grieta.org.mx\/index.php\/category\/cintillo\/"},"img":{"alt_text":"","src":"https:\/\/i0.wp.com\/www.grieta.org.mx\/wp-content\/uploads\/2019\/09\/3434736a2052538d52efb6e3c287b7fa_L.jpg?resize=350%2C200&ssl=1","width":350,"height":200,"srcset":"https:\/\/i0.wp.com\/www.grieta.org.mx\/wp-content\/uploads\/2019\/09\/3434736a2052538d52efb6e3c287b7fa_L.jpg?resize=350%2C200&ssl=1 1x, https:\/\/i0.wp.com\/www.grieta.org.mx\/wp-content\/uploads\/2019\/09\/3434736a2052538d52efb6e3c287b7fa_L.jpg?resize=525%2C300&ssl=1 1.5x, https:\/\/i0.wp.com\/www.grieta.org.mx\/wp-content\/uploads\/2019\/09\/3434736a2052538d52efb6e3c287b7fa_L.jpg?resize=700%2C400&ssl=1 2x"},"classes":[]},{"id":40611,"url":"https:\/\/www.grieta.org.mx\/index.php\/2019\/10\/17\/desplazados-de-leonardo-bravo-y-zitlala-bloquearon-la-autopista-del-sol-guerrero\/","url_meta":{"origin":9452,"position":5},"title":"Desplazados de Leonardo Bravo y Zitlala, bloquearon la Autopista del Sol (Guerrero)","author":"Admin","date":"17 octubre, 2019","format":false,"excerpt":"Javier Tinoco Memije \/ El Sol de Acapulco Habitantes de Leonardo Bravo y Zitlala, desplazados por la violencia, bloquean la Autopista del Sol, a la altura del Parador del Marqu\u00e9s en el municipio de Chilpancingo, para exigir al gobierno del estado que les garantice su regreso a las comunidades serranas\u2026","rel":"","context":"En &quot;CINTILLO&quot;","block_context":{"text":"CINTILLO","link":"https:\/\/www.grieta.org.mx\/index.php\/category\/cintillo\/"},"img":{"alt_text":"","src":"https:\/\/i0.wp.com\/www.grieta.org.mx\/wp-content\/uploads\/2019\/10\/desplazados.jpg?resize=350%2C200&ssl=1","width":350,"height":200,"srcset":"https:\/\/i0.wp.com\/www.grieta.org.mx\/wp-content\/uploads\/2019\/10\/desplazados.jpg?resize=350%2C200&ssl=1 1x, https:\/\/i0.wp.com\/www.grieta.org.mx\/wp-content\/uploads\/2019\/10\/desplazados.jpg?resize=525%2C300&ssl=1 1.5x, https:\/\/i0.wp.com\/www.grieta.org.mx\/wp-content\/uploads\/2019\/10\/desplazados.jpg?resize=700%2C400&ssl=1 2x"},"classes":[]}],"_links":{"self":[{"href":"https:\/\/www.grieta.org.mx\/index.php\/wp-json\/wp\/v2\/posts\/9452","targetHints":{"allow":["GET"]}}],"collection":[{"href":"https:\/\/www.grieta.org.mx\/index.php\/wp-json\/wp\/v2\/posts"}],"about":[{"href":"https:\/\/www.grieta.org.mx\/index.php\/wp-json\/wp\/v2\/types\/post"}],"author":[{"embeddable":true,"href":"https:\/\/www.grieta.org.mx\/index.php\/wp-json\/wp\/v2\/users\/2"}],"replies":[{"embeddable":true,"href":"https:\/\/www.grieta.org.mx\/index.php\/wp-json\/wp\/v2\/comments?post=9452"}],"version-history":[{"count":1,"href":"https:\/\/www.grieta.org.mx\/index.php\/wp-json\/wp\/v2\/posts\/9452\/revisions"}],"predecessor-version":[{"id":9456,"href":"https:\/\/www.grieta.org.mx\/index.php\/wp-json\/wp\/v2\/posts\/9452\/revisions\/9456"}],"wp:featuredmedia":[{"embeddable":true,"href":"https:\/\/www.grieta.org.mx\/index.php\/wp-json\/wp\/v2\/media\/21928"}],"wp:attachment":[{"href":"https:\/\/www.grieta.org.mx\/index.php\/wp-json\/wp\/v2\/media?parent=9452"}],"wp:term":[{"taxonomy":"category","embeddable":true,"href":"https:\/\/www.grieta.org.mx\/index.php\/wp-json\/wp\/v2\/categories?post=9452"},{"taxonomy":"post_tag","embeddable":true,"href":"https:\/\/www.grieta.org.mx\/index.php\/wp-json\/wp\/v2\/tags?post=9452"}],"curies":[{"name":"wp","href":"https:\/\/api.w.org\/{rel}","templated":true}]}}