{"id":9410,"date":"2016-08-06T08:12:46","date_gmt":"2016-08-06T13:12:46","guid":{"rendered":"http:\/\/www.grieta.org.mx\/?p=9410"},"modified":"2018-03-01T20:07:22","modified_gmt":"2018-03-02T02:07:22","slug":"conflctos-mineros-en-guerrero","status":"publish","type":"post","link":"https:\/\/www.grieta.org.mx\/index.php\/2016\/08\/06\/conflctos-mineros-en-guerrero\/","title":{"rendered":"Conflictos mineros en Guerrero"},"content":{"rendered":"<p>Protestas contra la minera Media Luna en Cocula, Guerrero<\/p>\n<p><strong>06\/08\/16. <\/strong><a href=\"http:\/\/www.grieta.org.mx\/index.php\/2016\/08\/01\/la-ceteg-cierra-dos-gasolineras-en-la-cuernavaca-acapulco-en-protesta-contra-gasolinazos-y-reforma-educativa\/\">Familias de Cocula, Guerrero, piden indemnizaci\u00f3n a minera canadiense<\/a><br \/>\n<em>La Jornada<\/em><br \/>\n<strong>01\/04\/16. <\/strong><a href=\"http:\/\/www.grieta.org.mx\/index.php\/2016\/04\/01\/bloquean-habitantes-de-nuevo-balsas-accesos-a-mina-de-cocula\/\">Bloquean habitantes de Nuevo Balsas accesos a mina de Cocula<\/a><br \/>\n<em>La Jornada<\/em><br \/>\n<strong>29\/03\/16. <\/strong><a href=\"http:\/\/www.grieta.org.mx\/index.php\/2016\/03\/29\/la-contaminacion-de-minera-en-rio-de-cocula-causa-hasta-abortos-pobladores\/\">La contaminaci\u00f3n de minera en r\u00edo de Cocula causa hasta abortos: pobladores<\/a><br \/>\n<em>Sin Embargo \/ El Sur<\/em><br \/>\n<strong>12\/09\/15 . <\/strong><a href=\"http:\/\/www.grieta.org.mx\/index.php\/2015\/09\/12\/quitan-pescadores-el-bloqueo-a-la-minera-media-luna-en-cocula-acuerdan-un-estudio-ambiental\/\">Quitan pescadores el bloqueo a la minera Media Luna en Cocula; acuerdan un estudio ambiental<\/a><br \/>\n<em>El Sur<\/em><br \/>\n<strong>06\/09\/15 . <\/strong><a href=\"http:\/\/www.grieta.org.mx\/index.php\/2015\/09\/06\/pescadores-cierran-minera-canadiense-en-guerrero-y-retienen-a-trabajadores\/\">Pescadores cierran minera canadiense en Guerrero y retienen a trabajadores<\/a><br \/>\n<em>Proceso<\/em><br \/>\n<strong>05\/09\/15. <\/strong><a href=\"http:\/\/www.grieta.org.mx\/?p=9416&amp;preview=true\">Cierran 200 pescadores la minera de Nuevo Balsas en Cocula, Guerrero; le demandan 8 mil pesos semanales<\/a><br \/>\n<em>El Sur Acapulco<\/em><\/p>\n<p>Contaminaci\u00f3n minera en La Ca\u00f1ada de Taxco<\/p>\n<p><strong>11\/07\/16. <\/strong><a href=\"http:\/\/www.grieta.org.mx\/index.php\/2016\/07\/11\/resurge-la-contaminacion-por-las-lluvias-en-taxco-denuncian-mineros-sindicalizados\/\">Resurge la contaminaci\u00f3n por las lluvias en Taxco, denuncian mineros sindicalizados<\/a><br \/>\n<em>La Jornada<\/em><br \/>\n<strong>24\/03\/15. <\/strong><a href=\"http:\/\/www.grieta.org.mx\/index.php\/2015\/03\/24\/resurge-la-contaminacion-por-las-lluvias-en-taxco-denuncian-mineros-sindicalizados-2\/\">Se unen comisarios de La Ca\u00f1ada, Taxco, contra minera que contamina sus r\u00edos<\/a><br \/>\n<em>La Jornada<\/em><br \/>\n<strong>29\/03\/15. <\/strong><a href=\"http:\/\/www.grieta.org.mx\/index.php\/2015\/03\/29\/resurge-la-contaminacion-por-las-lluvias-en-taxco-denuncian-mineros-sindicalizados-3\/\">Resurge la contaminaci\u00f3n por las lluvias en Taxco, denuncian mineros sindicalizados<\/a><br \/>\n<em>La Jornada<\/em><\/p>\n","protected":false},"excerpt":{"rendered":"<p>Protestas contra la minera Media Luna en Cocula, Guerrero 06\/08\/16. Familias de Cocula, Guerrero, piden indemnizaci\u00f3n a minera canadiense La Jornada 01\/04\/16. Bloquean habitantes de Nuevo Balsas accesos a mina &hellip; <a href=\"https:\/\/www.grieta.org.mx\/index.php\/2016\/08\/06\/conflctos-mineros-en-guerrero\/\" class=\"more-link\">Leer m\u00e1s<\/a><\/p>\n","protected":false},"author":2,"featured_media":21928,"comment_status":"closed","ping_status":"closed","sticky":false,"template":"","format":"standard","meta":{"ngg_post_thumbnail":0,"_jetpack_newsletter_access":"","_jetpack_dont_email_post_to_subs":false,"_jetpack_newsletter_tier_id":0,"_jetpack_memberships_contains_paywalled_content":false,"_jetpack_memberships_contains_paid_content":false,"footnotes":""},"categories":[80,18,922,6,1008,934,2],"tags":[],"class_list":["post-9410","post","type-post","status-publish","format-standard","has-post-thumbnail","hentry","category-cintillo","category-guerrero","category-megaproyectos-estados","category-mineria","category-mineria-en-guerrero","category-mp-guerrero","category-noticias-nacionales","entry"],"jetpack_featured_media_url":"https:\/\/www.grieta.org.mx\/wp-content\/uploads\/2018\/03\/14524434_1106112876131411_958039263622046936_o.jpg","jetpack_sharing_enabled":true,"jetpack_shortlink":"https:\/\/wp.me\/p7ZJR4-2rM","jetpack_likes_enabled":false,"jetpack-related-posts":[{"id":39920,"url":"https:\/\/www.grieta.org.mx\/index.php\/2019\/09\/29\/miembros-de-la-la-zona-minera-de-cocula-comienzan-busqueda-del-activista-y-lider-obrero-guerrrero\/","url_meta":{"origin":9410,"position":0},"title":"Miembros de la la zona minera de Cocula comienzan b\u00fasqueda del activista y l\u00edder obrero (Guerrrero)","author":"Admin","date":"29 septiembre, 2019","format":false,"excerpt":"Raymundo Ru\u00edz Avil\u00e9s \/ La Jornada Guerrero Cocula, 29 de septiembre. Miembros del movimiento de resistencia de la zona minera de Cocula que fueron despedidos por la empresa Media Luna desde hace 2 a\u00f1os, comenzaron con una intensa b\u00fasqueda del activista y l\u00edder obrero, Oscar Hern\u00e1ndez Romero quien desapareci\u00f3 en\u2026","rel":"","context":"En &quot;CINTILLO&quot;","block_context":{"text":"CINTILLO","link":"https:\/\/www.grieta.org.mx\/index.php\/category\/cintillo\/"},"img":{"alt_text":"","src":"https:\/\/i0.wp.com\/www.grieta.org.mx\/wp-content\/uploads\/2019\/10\/https-_lajornadaguerrero.com_.mx_media_k2_items_cache_52f3254e7dae40cd22ec9d6e161834f0_XL.jpg?resize=350%2C200&ssl=1","width":350,"height":200,"srcset":"https:\/\/i0.wp.com\/www.grieta.org.mx\/wp-content\/uploads\/2019\/10\/https-_lajornadaguerrero.com_.mx_media_k2_items_cache_52f3254e7dae40cd22ec9d6e161834f0_XL.jpg?resize=350%2C200&ssl=1 1x, https:\/\/i0.wp.com\/www.grieta.org.mx\/wp-content\/uploads\/2019\/10\/https-_lajornadaguerrero.com_.mx_media_k2_items_cache_52f3254e7dae40cd22ec9d6e161834f0_XL.jpg?resize=525%2C300&ssl=1 1.5x, https:\/\/i0.wp.com\/www.grieta.org.mx\/wp-content\/uploads\/2019\/10\/https-_lajornadaguerrero.com_.mx_media_k2_items_cache_52f3254e7dae40cd22ec9d6e161834f0_XL.jpg?resize=700%2C400&ssl=1 2x"},"classes":[]},{"id":50068,"url":"https:\/\/www.grieta.org.mx\/index.php\/2020\/05\/16\/ejecutan-a-opositor-a-la-minera-media-luna-en-cocula-guerrero\/","url_meta":{"origin":9410,"position":1},"title":"Ejecutan a opositor a la minera Media Luna en Cocula, Guerrero","author":"Admin","date":"16 mayo, 2020","format":false,"excerpt":"Ezequiel Flores Contreras \/ Proceso CHILPANCINGO, Gro. (proceso.com.mx).\u2013 Un grupo armado ejecut\u00f3 al l\u00edder minero opositor a la empresa Media Luna, \u00d3scar Ontiveros Mart\u00ednez, en el poblado de Real de Lim\u00f3n, municipio de Cocula, en la zona norte de la entidad. Familiares de la v\u00edctima, de 29 a\u00f1os, responsabilizaron del\u2026","rel":"","context":"En &quot;CINTILLO&quot;","block_context":{"text":"CINTILLO","link":"https:\/\/www.grieta.org.mx\/index.php\/category\/cintillo\/"},"img":{"alt_text":"","src":"https:\/\/i0.wp.com\/www.grieta.org.mx\/wp-content\/uploads\/2020\/05\/Oscar-Ontiveros.jpg?resize=350%2C200&ssl=1","width":350,"height":200,"srcset":"https:\/\/i0.wp.com\/www.grieta.org.mx\/wp-content\/uploads\/2020\/05\/Oscar-Ontiveros.jpg?resize=350%2C200&ssl=1 1x, https:\/\/i0.wp.com\/www.grieta.org.mx\/wp-content\/uploads\/2020\/05\/Oscar-Ontiveros.jpg?resize=525%2C300&ssl=1 1.5x, https:\/\/i0.wp.com\/www.grieta.org.mx\/wp-content\/uploads\/2020\/05\/Oscar-Ontiveros.jpg?resize=700%2C400&ssl=1 2x"},"classes":[]},{"id":19142,"url":"https:\/\/www.grieta.org.mx\/index.php\/2016\/08\/06\/familias-de-cocula-guerrero-piden-indemnizacion-a-minera-canadiense\/","url_meta":{"origin":9410,"position":2},"title":"Familias de Cocula, Guerrero, piden indemnizaci\u00f3n a minera canadiense","author":"grieta","date":"6 agosto, 2016","format":false,"excerpt":"Sergio Ocampo Arista Chilpancingo,Gro. Habitantes de Nuevo Balsas, municipio de Cocula, en la zona norte de Guerrero, demandaron que la minera canadiense Media Luna, pague anualmente 500 mil pesos por concepto de indemnizaci\u00f3n a las familias de esa comunidad, por los da\u00f1os causados por la empresa al ecosistema de la\u2026","rel":"","context":"En &quot;CINTILLO&quot;","block_context":{"text":"CINTILLO","link":"https:\/\/www.grieta.org.mx\/index.php\/category\/cintillo\/"},"img":{"alt_text":"","src":"https:\/\/i0.wp.com\/www.grieta.org.mx\/wp-content\/uploads\/2018\/03\/14524434_1106112876131411_958039263622046936_o.jpg?resize=350%2C200&ssl=1","width":350,"height":200,"srcset":"https:\/\/i0.wp.com\/www.grieta.org.mx\/wp-content\/uploads\/2018\/03\/14524434_1106112876131411_958039263622046936_o.jpg?resize=350%2C200&ssl=1 1x, https:\/\/i0.wp.com\/www.grieta.org.mx\/wp-content\/uploads\/2018\/03\/14524434_1106112876131411_958039263622046936_o.jpg?resize=525%2C300&ssl=1 1.5x, https:\/\/i0.wp.com\/www.grieta.org.mx\/wp-content\/uploads\/2018\/03\/14524434_1106112876131411_958039263622046936_o.jpg?resize=700%2C400&ssl=1 2x"},"classes":[]},{"id":33861,"url":"https:\/\/www.grieta.org.mx\/index.php\/2019\/05\/21\/cocula-un-poblado-que-busca-enterrar-el-pasado-con-la-busqueda-de-oro-guerrero\/","url_meta":{"origin":9410,"position":3},"title":"Cocula, un poblado que busca enterrar el pasado con la b\u00fasqueda de oro (Guerrero)","author":"Admin","date":"21 mayo, 2019","format":false,"excerpt":"Fotograf\u00eda: Pedro PARDO \/ AFP AFP|Yussel GONZALEZ Cocula, M\u00e9xico.- El poblado de Cocula, en el norte del estado mexicano de Guerrero, busca dejar atr\u00e1s la historia que lo lig\u00f3 a la desaparici\u00f3n de 43 estudiantes de Ayotzinapa en 2014 con una industria que parec\u00eda improbable: la miner\u00eda de oro. Seg\u00fan\u2026","rel":"","context":"En &quot;Caso Ayotzinapa&quot;","block_context":{"text":"Caso Ayotzinapa","link":"https:\/\/www.grieta.org.mx\/index.php\/category\/noticias-nacionales\/guerrero\/caso-ayotzinapa\/"},"img":{"alt_text":"","src":"https:\/\/i0.wp.com\/www.grieta.org.mx\/wp-content\/uploads\/2019\/05\/mineria.jpg?resize=350%2C200&ssl=1","width":350,"height":200,"srcset":"https:\/\/i0.wp.com\/www.grieta.org.mx\/wp-content\/uploads\/2019\/05\/mineria.jpg?resize=350%2C200&ssl=1 1x, https:\/\/i0.wp.com\/www.grieta.org.mx\/wp-content\/uploads\/2019\/05\/mineria.jpg?resize=525%2C300&ssl=1 1.5x"},"classes":[]},{"id":9416,"url":"https:\/\/www.grieta.org.mx\/index.php\/2015\/09\/05\/cierran-200-pescadores-la-minera-de-nuevo-balsas-en-cocula-guerrero-le-demandan-8-mil-pesos-semanales\/","url_meta":{"origin":9410,"position":4},"title":"Cierran 200 pescadores la minera de Nuevo Balsas en Cocula, Guerrero; le demandan 8 mil pesos semanales","author":"grieta","date":"5 septiembre, 2015","format":false,"excerpt":"El Sur Alejandro Guerrero Iguala Pescadores de Atzcala, La Fundici\u00f3n y Nuevo Balsas, municipio de Cocula, cerraron la ma\u00f1ana de ayer \u201cpor tiempo indefinido\u201d la minera Media Luna y la obligaron a parar labores en exigencia de ocho mil pesos semanales para cada uno de los 200 pescadores en protesta,\u2026","rel":"","context":"En &quot;CINTILLO&quot;","block_context":{"text":"CINTILLO","link":"https:\/\/www.grieta.org.mx\/index.php\/category\/cintillo\/"},"img":{"alt_text":"","src":"https:\/\/i0.wp.com\/www.grieta.org.mx\/wp-content\/uploads\/2018\/03\/14524434_1106112876131411_958039263622046936_o.jpg?resize=350%2C200&ssl=1","width":350,"height":200,"srcset":"https:\/\/i0.wp.com\/www.grieta.org.mx\/wp-content\/uploads\/2018\/03\/14524434_1106112876131411_958039263622046936_o.jpg?resize=350%2C200&ssl=1 1x, https:\/\/i0.wp.com\/www.grieta.org.mx\/wp-content\/uploads\/2018\/03\/14524434_1106112876131411_958039263622046936_o.jpg?resize=525%2C300&ssl=1 1.5x, https:\/\/i0.wp.com\/www.grieta.org.mx\/wp-content\/uploads\/2018\/03\/14524434_1106112876131411_958039263622046936_o.jpg?resize=700%2C400&ssl=1 2x"},"classes":[]},{"id":21898,"url":"https:\/\/www.grieta.org.mx\/index.php\/2018\/01\/24\/asesinan-a-lider-minero-promotor-del-paro-en-la-mina-media-luna-en-cocula\/","url_meta":{"origin":9410,"position":5},"title":"Asesinan a l\u00edder minero promotor del paro en la mina Media Luna en Cocula","author":"grieta","date":"24 enero, 2018","format":false,"excerpt":"Por Fabiola Regeneraci\u00f3n, 24 de enero de 2018.- Quint\u00edn Salgado Salgado, uno de los dirigentes del paro laboral contra la empresa minera Media Luna, fue asesinado a balazos cuando sal\u00eda de su casa en Nuevo Balsas, del municipio de Cocula en Guerrero. Su muerte, tiene relaci\u00f3n con su apoyo al\u2026","rel":"","context":"En &quot;CINTILLO&quot;","block_context":{"text":"CINTILLO","link":"https:\/\/www.grieta.org.mx\/index.php\/category\/cintillo\/"},"img":{"alt_text":"","src":"https:\/\/i0.wp.com\/www.grieta.org.mx\/wp-content\/uploads\/2018\/03\/mina-media-luna-cocula.jpg?resize=350%2C200&ssl=1","width":350,"height":200,"srcset":"https:\/\/i0.wp.com\/www.grieta.org.mx\/wp-content\/uploads\/2018\/03\/mina-media-luna-cocula.jpg?resize=350%2C200&ssl=1 1x, https:\/\/i0.wp.com\/www.grieta.org.mx\/wp-content\/uploads\/2018\/03\/mina-media-luna-cocula.jpg?resize=525%2C300&ssl=1 1.5x, https:\/\/i0.wp.com\/www.grieta.org.mx\/wp-content\/uploads\/2018\/03\/mina-media-luna-cocula.jpg?resize=700%2C400&ssl=1 2x"},"classes":[]}],"_links":{"self":[{"href":"https:\/\/www.grieta.org.mx\/index.php\/wp-json\/wp\/v2\/posts\/9410","targetHints":{"allow":["GET"]}}],"collection":[{"href":"https:\/\/www.grieta.org.mx\/index.php\/wp-json\/wp\/v2\/posts"}],"about":[{"href":"https:\/\/www.grieta.org.mx\/index.php\/wp-json\/wp\/v2\/types\/post"}],"author":[{"embeddable":true,"href":"https:\/\/www.grieta.org.mx\/index.php\/wp-json\/wp\/v2\/users\/2"}],"replies":[{"embeddable":true,"href":"https:\/\/www.grieta.org.mx\/index.php\/wp-json\/wp\/v2\/comments?post=9410"}],"version-history":[{"count":1,"href":"https:\/\/www.grieta.org.mx\/index.php\/wp-json\/wp\/v2\/posts\/9410\/revisions"}],"predecessor-version":[{"id":19145,"href":"https:\/\/www.grieta.org.mx\/index.php\/wp-json\/wp\/v2\/posts\/9410\/revisions\/19145"}],"wp:featuredmedia":[{"embeddable":true,"href":"https:\/\/www.grieta.org.mx\/index.php\/wp-json\/wp\/v2\/media\/21928"}],"wp:attachment":[{"href":"https:\/\/www.grieta.org.mx\/index.php\/wp-json\/wp\/v2\/media?parent=9410"}],"wp:term":[{"taxonomy":"category","embeddable":true,"href":"https:\/\/www.grieta.org.mx\/index.php\/wp-json\/wp\/v2\/categories?post=9410"},{"taxonomy":"post_tag","embeddable":true,"href":"https:\/\/www.grieta.org.mx\/index.php\/wp-json\/wp\/v2\/tags?post=9410"}],"curies":[{"name":"wp","href":"https:\/\/api.w.org\/{rel}","templated":true}]}}