{"id":9354,"date":"2016-02-11T05:41:01","date_gmt":"2016-02-11T05:41:01","guid":{"rendered":"http:\/\/www.grieta.org.mx\/?p=9354"},"modified":"2016-04-01T23:40:48","modified_gmt":"2016-04-01T23:40:48","slug":"periodistas-se-manifiestan-contra-gobierno-de-veracruz","status":"publish","type":"post","link":"https:\/\/www.grieta.org.mx\/index.php\/2016\/02\/11\/periodistas-se-manifiestan-contra-gobierno-de-veracruz\/","title":{"rendered":"Periodistas se manifiestan contra gobierno de Veracruz"},"content":{"rendered":"<p>Somos el medio<\/p>\n<p>No se mata la verdad matando periodistas<\/p>\n<p>Autor(es):<br \/>\nMario Marlo<br \/>\nEduardo Blas Covarrubias<\/p>\n<p>CDMX 11 febrero 2016.- Una vez m\u00e1s, representantes de los medios de comunicaci\u00f3n entre fot\u00f3grafos, reporteros y camar\u00f3grafos, se dieron cita en la representaci\u00f3n de Veracruz para manifestarse contra la impunidad, omisi\u00f3n y violencia contra periodistas en el estado gobernado por Javier Duarte luego del asesinato de la reportera Anabel Flores, quien fuera sustra\u00edda de su domicilio en Orizaba por personas armadas y con vestimenta militar.<\/p>\n<p>Los comunicadores pegaron fotograf\u00edas de los periodistas abatidos en aquel estado como Regina Mart\u00ednez, Mois\u00e9s S\u00e1nchez, Gregorio Mart\u00ednez, Anabel Flores y de Rub\u00e9n Espinosa quien fue asesinado en la Ciudad de M\u00e9xico luego de huir de aquel estado por amenazas. No obstante en este contexto de violencia hacia la prensa, el pasado 10 de febrero mientras comunicadores protestaban frente al Congreso de Guerrero por el asesinato de Anabel Flores; el corresponsal de Proceso en ese estado, Ezequiel Flores Contreras, denunci\u00f3 haber sido amenazado de muerte por el exdiputado perredista Roger Arellano Sotelo quien es se\u00f1alado por presuntos nexos con la delincuencia organizada. En una alerta emitida por Art\u00edculo 19, se detallan 67 agresiones documentadas en el estado de Veracruz, destacando tres asesinatos y el desplazamiento forzado de cuatro periodistas.<\/p>\n<p>A esto se suma la criminalizaci\u00f3n a la labor period\u00edstica de los compa\u00f1eros que hoy ya no se pueden defender. Como muestra de ello, se encuentran las declaraciones de Jos\u00e9 Abella; due\u00f1o del peri\u00f3dico \u201cEl Buen Tono\u201d, contra la periodista Anabel Flores en una entrevista realizada por W Radio en su secci\u00f3n \u201cEl Weso\u201d, cuyos argumentos carecen de congruencia. Periodistas, fot\u00f3grafos y camar\u00f3grafos exhortan a las autoridades y sociedad en general a hacer justicia por el esclarecimiento de los ataques a periodistas, as\u00ed como tambi\u00e9n el cese a la violencia contra la libertad de expresi\u00f3n.<\/p>\n<p><img decoding=\"async\" data-attachment-id=\"9524\" data-permalink=\"https:\/\/www.grieta.org.mx\/index.php\/2016\/02\/11\/periodistas-se-manifiestan-contra-gobierno-de-veracruz\/justiciaparatodos%202\/\" data-orig-file=\"https:\/\/www.grieta.org.mx\/wp-content\/uploads\/2016\/04\/Justiciaparatodos202.jpeg\" data-orig-size=\"1200,780\" data-comments-opened=\"0\" data-image-meta=\"{&quot;aperture&quot;:&quot;0&quot;,&quot;credit&quot;:&quot;&quot;,&quot;camera&quot;:&quot;&quot;,&quot;caption&quot;:&quot;&quot;,&quot;created_timestamp&quot;:&quot;0&quot;,&quot;copyright&quot;:&quot;&quot;,&quot;focal_length&quot;:&quot;0&quot;,&quot;iso&quot;:&quot;0&quot;,&quot;shutter_speed&quot;:&quot;0&quot;,&quot;title&quot;:&quot;&quot;,&quot;orientation&quot;:&quot;0&quot;}\" data-image-title=\"Justiciaparatodos%202\" data-image-description=\"\" data-image-caption=\"\" data-medium-file=\"https:\/\/www.grieta.org.mx\/wp-content\/uploads\/2016\/04\/Justiciaparatodos202-300x195.jpeg\" data-large-file=\"https:\/\/www.grieta.org.mx\/wp-content\/uploads\/2016\/04\/Justiciaparatodos202-1024x666.jpeg\" src=\"http:\/\/www.grieta.org.mx\/wp-content\/uploads\/2016\/04\/Justiciaparatodos202-1024x666.jpeg\" alt=\"Justiciaparatodos%202\" width=\"100%\" class=\"alignnone size-large wp-image-9524\" srcset=\"https:\/\/www.grieta.org.mx\/wp-content\/uploads\/2016\/04\/Justiciaparatodos202-1024x666.jpeg 1024w, https:\/\/www.grieta.org.mx\/wp-content\/uploads\/2016\/04\/Justiciaparatodos202-300x195.jpeg 300w, https:\/\/www.grieta.org.mx\/wp-content\/uploads\/2016\/04\/Justiciaparatodos202-768x499.jpeg 768w, https:\/\/www.grieta.org.mx\/wp-content\/uploads\/2016\/04\/Justiciaparatodos202.jpeg 1200w\" sizes=\"(max-width: 1024px) 100vw, 1024px\" \/><\/p>\n<p><img loading=\"lazy\" decoding=\"async\" data-attachment-id=\"9527\" data-permalink=\"https:\/\/www.grieta.org.mx\/index.php\/2016\/02\/11\/periodistas-se-manifiestan-contra-gobierno-de-veracruz\/justiciaparatodos%205\/\" data-orig-file=\"https:\/\/www.grieta.org.mx\/wp-content\/uploads\/2016\/04\/Justiciaparatodos205.jpeg\" data-orig-size=\"1200,780\" data-comments-opened=\"0\" data-image-meta=\"{&quot;aperture&quot;:&quot;0&quot;,&quot;credit&quot;:&quot;&quot;,&quot;camera&quot;:&quot;&quot;,&quot;caption&quot;:&quot;&quot;,&quot;created_timestamp&quot;:&quot;0&quot;,&quot;copyright&quot;:&quot;&quot;,&quot;focal_length&quot;:&quot;0&quot;,&quot;iso&quot;:&quot;0&quot;,&quot;shutter_speed&quot;:&quot;0&quot;,&quot;title&quot;:&quot;&quot;,&quot;orientation&quot;:&quot;0&quot;}\" data-image-title=\"Justiciaparatodos%205\" data-image-description=\"\" data-image-caption=\"\" data-medium-file=\"https:\/\/www.grieta.org.mx\/wp-content\/uploads\/2016\/04\/Justiciaparatodos205-300x195.jpeg\" data-large-file=\"https:\/\/www.grieta.org.mx\/wp-content\/uploads\/2016\/04\/Justiciaparatodos205-1024x666.jpeg\" src=\"http:\/\/www.grieta.org.mx\/wp-content\/uploads\/2016\/04\/Justiciaparatodos205-1024x666.jpeg\" alt=\"Justiciaparatodos%205\" width=\"1024\" height=\"666\" class=\"alignnone size-large wp-image-9527\" srcset=\"https:\/\/www.grieta.org.mx\/wp-content\/uploads\/2016\/04\/Justiciaparatodos205-1024x666.jpeg 1024w, https:\/\/www.grieta.org.mx\/wp-content\/uploads\/2016\/04\/Justiciaparatodos205-300x195.jpeg 300w, https:\/\/www.grieta.org.mx\/wp-content\/uploads\/2016\/04\/Justiciaparatodos205-768x499.jpeg 768w, https:\/\/www.grieta.org.mx\/wp-content\/uploads\/2016\/04\/Justiciaparatodos205.jpeg 1200w\" sizes=\"auto, (max-width: 1024px) 100vw, 1024px\" \/><\/p>\n<p><a href=\"http:\/\/www.somoselmedio.org\/content\/periodistas-se-manifiestan-contra-gobierno-de-veracruz\" target=\"_blank\">www.somoselmedio.org\/content\/periodistas-se-manifiestan-contra-gobierno-de-veracruz<\/a><\/p>\n","protected":false},"excerpt":{"rendered":"<p>Somos el medio No se mata la verdad matando periodistas Autor(es): Mario Marlo Eduardo Blas Covarrubias CDMX 11 febrero 2016.- Una vez m\u00e1s, representantes de los medios de comunicaci\u00f3n entre &hellip; <a href=\"https:\/\/www.grieta.org.mx\/index.php\/2016\/02\/11\/periodistas-se-manifiestan-contra-gobierno-de-veracruz\/\" class=\"more-link\">Leer m\u00e1s<\/a><\/p>\n","protected":false},"author":2,"featured_media":21928,"comment_status":"closed","ping_status":"closed","sticky":false,"template":"","format":"standard","meta":{"ngg_post_thumbnail":0,"_jetpack_newsletter_access":"","_jetpack_dont_email_post_to_subs":false,"_jetpack_newsletter_tier_id":0,"_jetpack_memberships_contains_paywalled_content":false,"_jetpack_memberships_contains_paid_content":false,"footnotes":""},"categories":[80,88],"tags":[373,120],"class_list":["post-9354","post","type-post","status-publish","format-standard","has-post-thumbnail","hentry","category-cintillo","category-violencia-contra-periodistas","tag-ruben-espinosa","tag-violencia-contra-periodistas","entry"],"jetpack_featured_media_url":"https:\/\/www.grieta.org.mx\/wp-content\/uploads\/2018\/03\/14524434_1106112876131411_958039263622046936_o.jpg","jetpack_sharing_enabled":true,"jetpack_shortlink":"https:\/\/wp.me\/p7ZJR4-2qS","jetpack_likes_enabled":false,"jetpack-related-posts":[{"id":6129,"url":"https:\/\/www.grieta.org.mx\/index.php\/2016\/08\/18\/violencia-contra-periodistas-en-veracruz\/","url_meta":{"origin":9354,"position":0},"title":"Violencia contra periodistas en Veracruz","author":"Admin","date":"18 agosto, 2016","format":false,"excerpt":"No\u00e9 Zavaleta es hostigado por publicaci\u00f3n de libro 18\/08\/16. Tras amenazas y acoso, periodista mexicano abandona el estado de Veracruz El Heraldo de Saltillo 13\/08\/16. Aumentan las amenazas contra reportero No\u00e9 Zavaleta El Mundo de C\u00f3rdoba 07\/08\/16. El periodista No\u00e9 Zavaleta, corresponsal de Proceso, es amenazado en Veracruz por su\u2026","rel":"","context":"En &quot;NOTICIAS NACIONALES&quot;","block_context":{"text":"NOTICIAS NACIONALES","link":"https:\/\/www.grieta.org.mx\/index.php\/category\/noticias-nacionales\/"},"img":{"alt_text":"","src":"https:\/\/i0.wp.com\/www.grieta.org.mx\/wp-content\/uploads\/2018\/03\/14524434_1106112876131411_958039263622046936_o.jpg?resize=350%2C200&ssl=1","width":350,"height":200,"srcset":"https:\/\/i0.wp.com\/www.grieta.org.mx\/wp-content\/uploads\/2018\/03\/14524434_1106112876131411_958039263622046936_o.jpg?resize=350%2C200&ssl=1 1x, https:\/\/i0.wp.com\/www.grieta.org.mx\/wp-content\/uploads\/2018\/03\/14524434_1106112876131411_958039263622046936_o.jpg?resize=525%2C300&ssl=1 1.5x, https:\/\/i0.wp.com\/www.grieta.org.mx\/wp-content\/uploads\/2018\/03\/14524434_1106112876131411_958039263622046936_o.jpg?resize=700%2C400&ssl=1 2x"},"classes":[]},{"id":8403,"url":"https:\/\/www.grieta.org.mx\/index.php\/2015\/08\/10\/protestan-en-veracruz-por-el-multihomicidio-en-la-colonia-narvarte\/","url_meta":{"origin":9354,"position":1},"title":"Protestan en Veracruz por el multihomicidio en la colonia Narvarte","author":"Admin","date":"10 agosto, 2015","format":false,"excerpt":"10\/08\/15. Con Megamarcha activistas y periodistas exigen justicia para Rub\u00e9n Espinosa, en Xalapa El Dem\u00f3crata 01\/08\/15. Periodistas se manifiestan en Veracruz para exigir justicia en el crimen de Rub\u00e9n Espinosa Plumas Libres","rel":"","context":"En &quot;NOTICIAS NACIONALES&quot;","block_context":{"text":"NOTICIAS NACIONALES","link":"https:\/\/www.grieta.org.mx\/index.php\/category\/noticias-nacionales\/"},"img":{"alt_text":"","src":"https:\/\/i0.wp.com\/www.grieta.org.mx\/wp-content\/uploads\/2018\/03\/14524434_1106112876131411_958039263622046936_o.jpg?resize=350%2C200&ssl=1","width":350,"height":200,"srcset":"https:\/\/i0.wp.com\/www.grieta.org.mx\/wp-content\/uploads\/2018\/03\/14524434_1106112876131411_958039263622046936_o.jpg?resize=350%2C200&ssl=1 1x, https:\/\/i0.wp.com\/www.grieta.org.mx\/wp-content\/uploads\/2018\/03\/14524434_1106112876131411_958039263622046936_o.jpg?resize=525%2C300&ssl=1 1.5x, https:\/\/i0.wp.com\/www.grieta.org.mx\/wp-content\/uploads\/2018\/03\/14524434_1106112876131411_958039263622046936_o.jpg?resize=700%2C400&ssl=1 2x"},"classes":[]},{"id":4402,"url":"https:\/\/www.grieta.org.mx\/index.php\/2015\/08\/02\/periodistas-de-nuevo-leon-se-suman-a-exigencia-de-justicia-por-asesinato-de-ruben\/","url_meta":{"origin":9354,"position":2},"title":"Periodistas de Nuevo Le\u00f3n se suman a exigencia de justicia por asesinato de Rub\u00e9n","author":"grieta","date":"2 agosto, 2015","format":false,"excerpt":"Proceso MONTERREY, N.L. (proceso.com.mx).- Periodistas de Nuevo Le\u00f3n protestaron esta tarde por el asesinato del fot\u00f3grafo de Proceso, Rub\u00e9n Espinosa, quien fue encontrado muerto el s\u00e1bado en el Distrito Federal. Una ofrenda floral luctuosa con la leyenda: \u201cPeriodistas: ni un muerto m\u00e1s\u201d, fue colocada al pie del Monumento de la\u2026","rel":"","context":"En &quot;CINTILLO&quot;","block_context":{"text":"CINTILLO","link":"https:\/\/www.grieta.org.mx\/index.php\/category\/cintillo\/"},"img":{"alt_text":"","src":"https:\/\/i0.wp.com\/www.grieta.org.mx\/wp-content\/uploads\/2018\/03\/14524434_1106112876131411_958039263622046936_o.jpg?resize=350%2C200&ssl=1","width":350,"height":200,"srcset":"https:\/\/i0.wp.com\/www.grieta.org.mx\/wp-content\/uploads\/2018\/03\/14524434_1106112876131411_958039263622046936_o.jpg?resize=350%2C200&ssl=1 1x, https:\/\/i0.wp.com\/www.grieta.org.mx\/wp-content\/uploads\/2018\/03\/14524434_1106112876131411_958039263622046936_o.jpg?resize=525%2C300&ssl=1 1.5x, https:\/\/i0.wp.com\/www.grieta.org.mx\/wp-content\/uploads\/2018\/03\/14524434_1106112876131411_958039263622046936_o.jpg?resize=700%2C400&ssl=1 2x"},"classes":[]},{"id":7552,"url":"https:\/\/www.grieta.org.mx\/index.php\/2015\/08\/05\/protestaran-periodistas-de-tlaxcala-por-asesinato-de-ruben-espinosa\/","url_meta":{"origin":9354,"position":3},"title":"Protestar\u00e1n periodistas de Tlaxcala por asesinato de Rub\u00e9n Espinosa","author":"grieta","date":"5 agosto, 2015","format":false,"excerpt":"Alex G\u00f3mez\/Monitor Tlaxcala La Confederaci\u00f3n de Periodistas convoc\u00f3 a todos los integrantes del gremio en la entidad para llevar a cabo un acto de protesta por el asesinato del fotoperiodista Ruben Espinosa este 5 de agosto frente Palacio de Gobierno de Tlaxcala a las 18:30 hrs. Asimismo, la organizaci\u00f3n de\u2026","rel":"","context":"En &quot;CINTILLO&quot;","block_context":{"text":"CINTILLO","link":"https:\/\/www.grieta.org.mx\/index.php\/category\/cintillo\/"},"img":{"alt_text":"","src":"https:\/\/i0.wp.com\/www.grieta.org.mx\/wp-content\/uploads\/2018\/03\/14524434_1106112876131411_958039263622046936_o.jpg?resize=350%2C200&ssl=1","width":350,"height":200,"srcset":"https:\/\/i0.wp.com\/www.grieta.org.mx\/wp-content\/uploads\/2018\/03\/14524434_1106112876131411_958039263622046936_o.jpg?resize=350%2C200&ssl=1 1x, https:\/\/i0.wp.com\/www.grieta.org.mx\/wp-content\/uploads\/2018\/03\/14524434_1106112876131411_958039263622046936_o.jpg?resize=525%2C300&ssl=1 1.5x, https:\/\/i0.wp.com\/www.grieta.org.mx\/wp-content\/uploads\/2018\/03\/14524434_1106112876131411_958039263622046936_o.jpg?resize=700%2C400&ssl=1 2x"},"classes":[]},{"id":7545,"url":"https:\/\/www.grieta.org.mx\/index.php\/2015\/08\/06\/protestan-en-tlaxcala-por-el-multihomicidio-en-la-colonia-narvarte\/","url_meta":{"origin":9354,"position":4},"title":"Protestan en Tlaxcala por el multihomicidio en la colonia Narvarte","author":"grieta","date":"6 agosto, 2015","format":false,"excerpt":"06\/08\/15. Protestan periodistas tlaxcaltecas por el crimen del periodista Rub\u00e9n Espinosa \u00c1gora Plural 06\/08\/. Periodistas de Tlaxcala se unen y exigen justicia para Rub\u00e9n Espinosa La Polila 05\/08\/15. Protestar\u00e1n periodistas de Tlaxcala por asesinato de Rub\u00e9n Espinosa Monitor Tlaxcala","rel":"","context":"En &quot;tlaxcala&quot;","block_context":{"text":"tlaxcala","link":"https:\/\/www.grieta.org.mx\/index.php\/category\/tlaxcala\/"},"img":{"alt_text":"","src":"https:\/\/i0.wp.com\/www.grieta.org.mx\/wp-content\/uploads\/2018\/03\/14524434_1106112876131411_958039263622046936_o.jpg?resize=350%2C200&ssl=1","width":350,"height":200,"srcset":"https:\/\/i0.wp.com\/www.grieta.org.mx\/wp-content\/uploads\/2018\/03\/14524434_1106112876131411_958039263622046936_o.jpg?resize=350%2C200&ssl=1 1x, https:\/\/i0.wp.com\/www.grieta.org.mx\/wp-content\/uploads\/2018\/03\/14524434_1106112876131411_958039263622046936_o.jpg?resize=525%2C300&ssl=1 1.5x, https:\/\/i0.wp.com\/www.grieta.org.mx\/wp-content\/uploads\/2018\/03\/14524434_1106112876131411_958039263622046936_o.jpg?resize=700%2C400&ssl=1 2x"},"classes":[]},{"id":18468,"url":"https:\/\/www.grieta.org.mx\/index.php\/2016\/07\/31\/a-un-ano-fotoperiodistas-recuerdan-a-ruben\/","url_meta":{"origin":9354,"position":5},"title":"A un a\u00f1o, fotoperiodistas recuerdan a Rub\u00e9n (Jalisco)","author":"grieta","date":"31 julio, 2016","format":false,"excerpt":"Yenzi Vel\u00e1zquez Exigimos justicia y cero impunidad por el caso de la cinco personas (asesinadas) en la colonia Narvarte\u201d, se\u00f1alaron fotoperiodistas de Jalisco quienes este d\u00eda se manifestaron en Plaza Liberaci\u00f3n, a un a\u00f1o de la muerte del fot\u00f3grafo Rub\u00e9n Espinosa Becerril. \u201cLa violencia a periodistas, no es ni cerca\u2026","rel":"","context":"En &quot;CINTILLO&quot;","block_context":{"text":"CINTILLO","link":"https:\/\/www.grieta.org.mx\/index.php\/category\/cintillo\/"},"img":{"alt_text":"","src":"https:\/\/i0.wp.com\/www.grieta.org.mx\/wp-content\/uploads\/2018\/03\/14524434_1106112876131411_958039263622046936_o.jpg?resize=350%2C200&ssl=1","width":350,"height":200,"srcset":"https:\/\/i0.wp.com\/www.grieta.org.mx\/wp-content\/uploads\/2018\/03\/14524434_1106112876131411_958039263622046936_o.jpg?resize=350%2C200&ssl=1 1x, https:\/\/i0.wp.com\/www.grieta.org.mx\/wp-content\/uploads\/2018\/03\/14524434_1106112876131411_958039263622046936_o.jpg?resize=525%2C300&ssl=1 1.5x, https:\/\/i0.wp.com\/www.grieta.org.mx\/wp-content\/uploads\/2018\/03\/14524434_1106112876131411_958039263622046936_o.jpg?resize=700%2C400&ssl=1 2x"},"classes":[]}],"_links":{"self":[{"href":"https:\/\/www.grieta.org.mx\/index.php\/wp-json\/wp\/v2\/posts\/9354","targetHints":{"allow":["GET"]}}],"collection":[{"href":"https:\/\/www.grieta.org.mx\/index.php\/wp-json\/wp\/v2\/posts"}],"about":[{"href":"https:\/\/www.grieta.org.mx\/index.php\/wp-json\/wp\/v2\/types\/post"}],"author":[{"embeddable":true,"href":"https:\/\/www.grieta.org.mx\/index.php\/wp-json\/wp\/v2\/users\/2"}],"replies":[{"embeddable":true,"href":"https:\/\/www.grieta.org.mx\/index.php\/wp-json\/wp\/v2\/comments?post=9354"}],"version-history":[{"count":1,"href":"https:\/\/www.grieta.org.mx\/index.php\/wp-json\/wp\/v2\/posts\/9354\/revisions"}],"predecessor-version":[{"id":9528,"href":"https:\/\/www.grieta.org.mx\/index.php\/wp-json\/wp\/v2\/posts\/9354\/revisions\/9528"}],"wp:featuredmedia":[{"embeddable":true,"href":"https:\/\/www.grieta.org.mx\/index.php\/wp-json\/wp\/v2\/media\/21928"}],"wp:attachment":[{"href":"https:\/\/www.grieta.org.mx\/index.php\/wp-json\/wp\/v2\/media?parent=9354"}],"wp:term":[{"taxonomy":"category","embeddable":true,"href":"https:\/\/www.grieta.org.mx\/index.php\/wp-json\/wp\/v2\/categories?post=9354"},{"taxonomy":"post_tag","embeddable":true,"href":"https:\/\/www.grieta.org.mx\/index.php\/wp-json\/wp\/v2\/tags?post=9354"}],"curies":[{"name":"wp","href":"https:\/\/api.w.org\/{rel}","templated":true}]}}