{"id":9322,"date":"2016-03-31T04:46:05","date_gmt":"2016-03-31T04:46:05","guid":{"rendered":"http:\/\/www.grieta.org.mx\/?p=9322"},"modified":"2016-04-01T04:47:44","modified_gmt":"2016-04-01T04:47:44","slug":"policias-municipales-protestan-contra-despido-injustificado","status":"publish","type":"post","link":"https:\/\/www.grieta.org.mx\/index.php\/2016\/03\/31\/policias-municipales-protestan-contra-despido-injustificado\/","title":{"rendered":"Polic\u00edas municipales protestan contra despido injustificado"},"content":{"rendered":"<p>Diana Manzo, Oaxaca.<\/p>\n<p>SAN BLAS ATEMPA, OAX., (#p\u00e1gina3.mx).- Siete elementos de la polic\u00eda municipal de esta localidad protestaron frente a las instalaciones del inmueble que ocupa el palacio municipal para denunciar despido injustificado.<\/p>\n<p>Elementos policiacos informaron que al llegar el lunes a la Comandancia, el director de Seguridad P\u00fablica municipal, Juan Carlos Mecot, les inform\u00f3 que estaban despedidos alegando diversas anomal\u00edas que hab\u00edan encabezado.<\/p>\n<p>Expresaron que en ning\u00fan momento cometieron tales acusaciones, por lo que desconocen el por qu\u00e9 del despido injustificado y sin fundamento.<\/p>\n<p>\u201cPedimos ser reincorporados en nuestras actividades, nosotros no ocasionamos nada que fuera sanci\u00f3n para despido, lo que si exigimos es que este se\u00f1or llamado Juan Carlos Mecot fue despedido de su trabajo en la Agencia Estatal de Investigaciones (AEI) por no pasar una prueba de control  y confianza de esa dependencia\u201d, indicaron.<\/p>\n<p>Demandaron tambi\u00e9n que la autoridad municipal investigue al director de la polic\u00eda por anomal\u00edas  de corrupci\u00f3n en que se ha visto involucrado.<\/p>\n<p>\u201cNuestra \u00fanica petici\u00f3n es que el director de la polic\u00eda municipal sea investigado por sus malos actos y que nosotros retornemos a nuestro puesto, tenemos familia y somos el sustento de nuestros hogares\u201d, indicaron.<\/p>\n<p>A las dos horas de haber comenzado la manifestaci\u00f3n, fueron recibidos por integrantes del cabildo municipal a quienes le explicaron su situaci\u00f3n laboral, sin embargo la situaci\u00f3n aun no se logra solucionar.<\/p>\n<p><a href=\"http:\/\/pagina3.mx\/2016\/03\/policias-municipales-protestan-contra-despido-injustificado\/\" target=\"_blank\">http:\/\/pagina3.mx\/2016\/03\/policias-municipales-protestan-contra-despido-injustificado\/<\/a><\/p>\n","protected":false},"excerpt":{"rendered":"<p>Diana Manzo, Oaxaca. SAN BLAS ATEMPA, OAX., (#p\u00e1gina3.mx).- Siete elementos de la polic\u00eda municipal de esta localidad protestaron frente a las instalaciones del inmueble que ocupa el palacio municipal para &hellip; <a href=\"https:\/\/www.grieta.org.mx\/index.php\/2016\/03\/31\/policias-municipales-protestan-contra-despido-injustificado\/\" class=\"more-link\">Leer m\u00e1s<\/a><\/p>\n","protected":false},"author":2,"featured_media":21928,"comment_status":"closed","ping_status":"closed","sticky":false,"template":"","format":"standard","meta":{"ngg_post_thumbnail":0,"_jetpack_newsletter_access":"","_jetpack_dont_email_post_to_subs":false,"_jetpack_newsletter_tier_id":0,"_jetpack_memberships_contains_paywalled_content":false,"_jetpack_memberships_contains_paid_content":false,"footnotes":""},"categories":[80],"tags":[113,105,163,93],"class_list":["post-9322","post","type-post","status-publish","format-standard","has-post-thumbnail","hentry","category-cintillo","tag-conflictos-laborales","tag-derechos-laborales","tag-despidos","tag-oaxaca","entry"],"jetpack_featured_media_url":"https:\/\/www.grieta.org.mx\/wp-content\/uploads\/2018\/03\/14524434_1106112876131411_958039263622046936_o.jpg","jetpack_sharing_enabled":true,"jetpack_shortlink":"https:\/\/wp.me\/p7ZJR4-2qm","jetpack_likes_enabled":false,"jetpack-related-posts":[{"id":70908,"url":"https:\/\/www.grieta.org.mx\/index.php\/2025\/01\/23\/bloquean-trabajadores-acceso-al-muelle-de-cruceros-en-mahahual-por-un-despido-injustificado-quintana-roo\/","url_meta":{"origin":9322,"position":0},"title":"Bloquean trabajadores acceso al muelle de cruceros en Mahahual, por un despido injustificado (Quintana Roo)","author":"grieta","date":"23 enero, 2025","format":false,"excerpt":"Noticaribe MAHAHUAL, MX.- Trabajadores del restaurante Royal Caribbean Group iniciaron esta ma\u00f1ana un bloqueo en el acceso al muelle de cruceros de Mahahual, en protesta por el despido injustificado de una de sus compa\u00f1eras. El bloqueo comenz\u00f3 a eso de las 8 de la ma\u00f1ana, ocasionando que un crucero, varios\u2026","rel":"","context":"En &quot;CINTILLO&quot;","block_context":{"text":"CINTILLO","link":"https:\/\/www.grieta.org.mx\/index.php\/category\/cintillo\/"},"img":{"alt_text":"","src":"https:\/\/i0.wp.com\/www.grieta.org.mx\/wp-content\/uploads\/2025\/01\/Mahahual-e1738107694660.jpg?resize=350%2C200&ssl=1","width":350,"height":200,"srcset":"https:\/\/i0.wp.com\/www.grieta.org.mx\/wp-content\/uploads\/2025\/01\/Mahahual-e1738107694660.jpg?resize=350%2C200&ssl=1 1x, https:\/\/i0.wp.com\/www.grieta.org.mx\/wp-content\/uploads\/2025\/01\/Mahahual-e1738107694660.jpg?resize=525%2C300&ssl=1 1.5x, https:\/\/i0.wp.com\/www.grieta.org.mx\/wp-content\/uploads\/2025\/01\/Mahahual-e1738107694660.jpg?resize=700%2C400&ssl=1 2x"},"classes":[]},{"id":33777,"url":"https:\/\/www.grieta.org.mx\/index.php\/2019\/05\/21\/trabajadores-de-zapopan-inician-planton-por-despido-injustificado-jalisco\/","url_meta":{"origin":9322,"position":1},"title":"Trabajadores de Zapopan inician plant\u00f3n por despido injustificado (Jalisco)","author":"grieta","date":"21 mayo, 2019","format":false,"excerpt":"As\u00ed como por nulo incremento salarial, hostigamiento y extorsi\u00f3n laboral; las quejas ya fueron presentadas ante la Comisi\u00f3n Estatal de Derechos Humanos (CEDH) Isaura L\u00f3pez Trabajadores de Zapopan afiliados a la Federaci\u00f3n de Trabajadores de Jalisco (Fedetjal) inician plant\u00f3n definitivo frente al Ayuntamiento ante despido injustificado, nulo incremento salarial, hostigamiento\u2026","rel":"","context":"En &quot;CINTILLO&quot;","block_context":{"text":"CINTILLO","link":"https:\/\/www.grieta.org.mx\/index.php\/category\/cintillo\/"},"img":{"alt_text":"","src":"https:\/\/i0.wp.com\/www.grieta.org.mx\/wp-content\/uploads\/2019\/05\/Trabajadores-de-Zapopan.jpg?resize=350%2C200&ssl=1","width":350,"height":200,"srcset":"https:\/\/i0.wp.com\/www.grieta.org.mx\/wp-content\/uploads\/2019\/05\/Trabajadores-de-Zapopan.jpg?resize=350%2C200&ssl=1 1x, https:\/\/i0.wp.com\/www.grieta.org.mx\/wp-content\/uploads\/2019\/05\/Trabajadores-de-Zapopan.jpg?resize=525%2C300&ssl=1 1.5x, https:\/\/i0.wp.com\/www.grieta.org.mx\/wp-content\/uploads\/2019\/05\/Trabajadores-de-Zapopan.jpg?resize=700%2C400&ssl=1 2x"},"classes":[]},{"id":32891,"url":"https:\/\/www.grieta.org.mx\/index.php\/2019\/05\/03\/unos-500-obreros-denuncian-por-despido-injustificado-a-empresas-de-matamoros-tamaulipas\/","url_meta":{"origin":9322,"position":2},"title":"Unos 500 obreros denuncian por despido injustificado a empresas de Matamoros (Tamaulipas)","author":"grieta","date":"3 mayo, 2019","format":false,"excerpt":"Lupita \u00c1lvarez \/ Gaceta Cd. Victoria, Tamaulipas.- De los seis mil obreros despedidos tras las huelgas y paros laborales registrados en empresas de Matamoros por lo menos 500 presentaron demandas por despido injustificado. La titular de la Secretar\u00eda del Trabajo del gobierno estatal, Estela Chavira Mart\u00ednez minimiz\u00f3 estas 500 demandas\u2026","rel":"","context":"En &quot;CINTILLO&quot;","block_context":{"text":"CINTILLO","link":"https:\/\/www.grieta.org.mx\/index.php\/category\/cintillo\/"},"img":{"alt_text":"","src":"https:\/\/i0.wp.com\/www.grieta.org.mx\/wp-content\/uploads\/2019\/05\/Unos-500-obreros-denuncian-por-despido-injustificado-a-empresas-de-Matamoros-tama-may.jpg?resize=350%2C200&ssl=1","width":350,"height":200,"srcset":"https:\/\/i0.wp.com\/www.grieta.org.mx\/wp-content\/uploads\/2019\/05\/Unos-500-obreros-denuncian-por-despido-injustificado-a-empresas-de-Matamoros-tama-may.jpg?resize=350%2C200&ssl=1 1x, https:\/\/i0.wp.com\/www.grieta.org.mx\/wp-content\/uploads\/2019\/05\/Unos-500-obreros-denuncian-por-despido-injustificado-a-empresas-de-Matamoros-tama-may.jpg?resize=525%2C300&ssl=1 1.5x"},"classes":[]},{"id":71758,"url":"https:\/\/www.grieta.org.mx\/index.php\/2025\/05\/30\/trabajadores-que-laboran-para-el-interoceanico-en-oaxaca-protestan-por-despido-injustificado-y-malos-tratos-acusan-a-su-responsable-de-pedir-favores-sexuales\/","url_meta":{"origin":9322,"position":3},"title":"Trabajadores que laboran para el interoce\u00e1nico en Oaxaca protestan por despido injustificado y malos tratos ; acusan a su responsable de pedir \u201cfavores sexuales\u201d","author":"grieta","date":"30 mayo, 2025","format":false,"excerpt":"Imagen: Istmo Press Diana Manzo \/ Istmo Press Oaxaca, Oax.- Con una protesta pac\u00edfica en el acceso principal a las obras del interoce\u00e1nico en la colonia Pueblo Nuevo de Matias Romero, Oaxaca cientos de trabajadores denunciaron despido injustificado, malos tratos, racismo, discriminaci\u00f3n de parte de los directivos de la empresa\u2026","rel":"","context":"En &quot;CINTILLO&quot;","block_context":{"text":"CINTILLO","link":"https:\/\/www.grieta.org.mx\/index.php\/category\/cintillo\/"},"img":{"alt_text":"","src":"https:\/\/i0.wp.com\/www.grieta.org.mx\/wp-content\/uploads\/2025\/06\/44254a68-ad10-4730-8844-cda4e289d373-800x445-1.jpeg?resize=350%2C200&ssl=1","width":350,"height":200,"srcset":"https:\/\/i0.wp.com\/www.grieta.org.mx\/wp-content\/uploads\/2025\/06\/44254a68-ad10-4730-8844-cda4e289d373-800x445-1.jpeg?resize=350%2C200&ssl=1 1x, https:\/\/i0.wp.com\/www.grieta.org.mx\/wp-content\/uploads\/2025\/06\/44254a68-ad10-4730-8844-cda4e289d373-800x445-1.jpeg?resize=525%2C300&ssl=1 1.5x, https:\/\/i0.wp.com\/www.grieta.org.mx\/wp-content\/uploads\/2025\/06\/44254a68-ad10-4730-8844-cda4e289d373-800x445-1.jpeg?resize=700%2C400&ssl=1 2x"},"classes":[]},{"id":36986,"url":"https:\/\/www.grieta.org.mx\/index.php\/2019\/07\/13\/exigen-liquidacion-justa-trabajadores-de-profeco-colima\/","url_meta":{"origin":9322,"position":4},"title":"Exigen liquidaci\u00f3n justa trabajadores de Profeco (Colima)","author":"grieta","date":"13 julio, 2019","format":false,"excerpt":"Foto: Especial Jes\u00fas Lozoya Baeza \/ El Noticiero de Colima Colgaron una lona para exigirle al Gobierno Federal que liquide conforme a derecho por su despido injustificado Los trabajadores de la subdelegaci\u00f3n de Profeco colocaron una lona afuera de sus oficinas, ubicadas en el Centro Hist\u00f3rico de Manzanillo, para exigir\u2026","rel":"","context":"En &quot;CINTILLO&quot;","block_context":{"text":"CINTILLO","link":"https:\/\/www.grieta.org.mx\/index.php\/category\/cintillo\/"},"img":{"alt_text":"","src":"https:\/\/i0.wp.com\/www.grieta.org.mx\/wp-content\/uploads\/2019\/07\/subdelegacion-profeco-777x437.jpg?resize=350%2C200&ssl=1","width":350,"height":200,"srcset":"https:\/\/i0.wp.com\/www.grieta.org.mx\/wp-content\/uploads\/2019\/07\/subdelegacion-profeco-777x437.jpg?resize=350%2C200&ssl=1 1x, https:\/\/i0.wp.com\/www.grieta.org.mx\/wp-content\/uploads\/2019\/07\/subdelegacion-profeco-777x437.jpg?resize=525%2C300&ssl=1 1.5x, https:\/\/i0.wp.com\/www.grieta.org.mx\/wp-content\/uploads\/2019\/07\/subdelegacion-profeco-777x437.jpg?resize=700%2C400&ssl=1 2x"},"classes":[]},{"id":4038,"url":"https:\/\/www.grieta.org.mx\/index.php\/2015\/09\/18\/protestas-por-despido-injustificado-de-empleados-en-aamsa\/","url_meta":{"origin":9322,"position":5},"title":"Protestas por despido injustificado de empleados en AAMSA","author":"grieta","date":"18 septiembre, 2015","format":false,"excerpt":"Nuevo Casas Grandes, Chihuahua.- Represal\u00edas de integrantes del Sindicato de la planta maquiladora Autopartes y Arneses de M\u00e9xico S.A. (AAMSA) en Nuevo Casas Grandes termina en el despido injustificado de decenas de trabajadores quienes el viernes por la noche se manifestaron frente a las instalaciones del que era su centro\u2026","rel":"","context":"En &quot;Chihuahua&quot;","block_context":{"text":"Chihuahua","link":"https:\/\/www.grieta.org.mx\/index.php\/category\/noticias-nacionales\/chihuahua\/"},"img":{"alt_text":"","src":"https:\/\/i0.wp.com\/www.grieta.org.mx\/wp-content\/uploads\/2018\/03\/14524434_1106112876131411_958039263622046936_o.jpg?resize=350%2C200&ssl=1","width":350,"height":200,"srcset":"https:\/\/i0.wp.com\/www.grieta.org.mx\/wp-content\/uploads\/2018\/03\/14524434_1106112876131411_958039263622046936_o.jpg?resize=350%2C200&ssl=1 1x, https:\/\/i0.wp.com\/www.grieta.org.mx\/wp-content\/uploads\/2018\/03\/14524434_1106112876131411_958039263622046936_o.jpg?resize=525%2C300&ssl=1 1.5x, https:\/\/i0.wp.com\/www.grieta.org.mx\/wp-content\/uploads\/2018\/03\/14524434_1106112876131411_958039263622046936_o.jpg?resize=700%2C400&ssl=1 2x"},"classes":[]}],"_links":{"self":[{"href":"https:\/\/www.grieta.org.mx\/index.php\/wp-json\/wp\/v2\/posts\/9322","targetHints":{"allow":["GET"]}}],"collection":[{"href":"https:\/\/www.grieta.org.mx\/index.php\/wp-json\/wp\/v2\/posts"}],"about":[{"href":"https:\/\/www.grieta.org.mx\/index.php\/wp-json\/wp\/v2\/types\/post"}],"author":[{"embeddable":true,"href":"https:\/\/www.grieta.org.mx\/index.php\/wp-json\/wp\/v2\/users\/2"}],"replies":[{"embeddable":true,"href":"https:\/\/www.grieta.org.mx\/index.php\/wp-json\/wp\/v2\/comments?post=9322"}],"version-history":[{"count":1,"href":"https:\/\/www.grieta.org.mx\/index.php\/wp-json\/wp\/v2\/posts\/9322\/revisions"}],"predecessor-version":[{"id":9324,"href":"https:\/\/www.grieta.org.mx\/index.php\/wp-json\/wp\/v2\/posts\/9322\/revisions\/9324"}],"wp:featuredmedia":[{"embeddable":true,"href":"https:\/\/www.grieta.org.mx\/index.php\/wp-json\/wp\/v2\/media\/21928"}],"wp:attachment":[{"href":"https:\/\/www.grieta.org.mx\/index.php\/wp-json\/wp\/v2\/media?parent=9322"}],"wp:term":[{"taxonomy":"category","embeddable":true,"href":"https:\/\/www.grieta.org.mx\/index.php\/wp-json\/wp\/v2\/categories?post=9322"},{"taxonomy":"post_tag","embeddable":true,"href":"https:\/\/www.grieta.org.mx\/index.php\/wp-json\/wp\/v2\/tags?post=9322"}],"curies":[{"name":"wp","href":"https:\/\/api.w.org\/{rel}","templated":true}]}}