{"id":9307,"date":"2016-03-31T04:30:36","date_gmt":"2016-03-31T04:30:36","guid":{"rendered":"http:\/\/www.grieta.org.mx\/?p=9307"},"modified":"2016-04-01T04:35:41","modified_gmt":"2016-04-01T04:35:41","slug":"realiza-seccion-22-manifestacion-frente-a-congreso-de-oaxaca","status":"publish","type":"post","link":"https:\/\/www.grieta.org.mx\/index.php\/2016\/03\/31\/realiza-seccion-22-manifestacion-frente-a-congreso-de-oaxaca\/","title":{"rendered":"Realiza Secci\u00f3n 22 manifestaci\u00f3n frente a Congreso de Oaxaca"},"content":{"rendered":"<p>Luis Jer\u00f3nimo, Oaxaca.<\/p>\n<p>OAXACA, Oax., 31 de marzo de 2016.- Un grupo de maestros de la Secci\u00f3n 22 del Sindicato Nacional de Trabajadores de la Educaci\u00f3n se manifest\u00f3 este jueves frente al Congreso de Oaxaca para manifestar su postura contra la armonizaci\u00f3n de la Ley estatal de educaci\u00f3n. El dirigente de la Secci\u00f3n 22, Rub\u00e9n N\u00fa\u00f1ez Ginez, declar\u00f3 que los docentes est\u00e1n en alerta m\u00e1xima para impedir un albazo por parte de los diputados, quienes pretenden reformar la ley de manera unilateral. \u201cTenemos una iniciativa de ley ciudadana en el tema que el gobernador y otras autoridades estatales firmaron, y esa es la que debe ser aprobada\u201d, dijo. Declar\u00f3 que se convoc\u00f3 a maestros de Valles centrales de manera masiva y representantes de las otras regiones para manifestarse y evitar la legislaci\u00f3n. Declar\u00f3 que por el momento son un grupo reducido de maestros los manifestantes, porque est\u00e1n pendientes si habr\u00e1 un anuncio formal de la sesi\u00f3n, ya que los diputados no hacen p\u00fablicas sus sesiones ni la agenda de su trabajo. Declar\u00f3 que aunque es periodo vacacional, la Secci\u00f3n 22 sigue en pie de lucha y hay compa\u00f1eros trabajando, haciendo brigadeos, inform\u00e1ndole a la gente de la situaci\u00f3n actual del rubro educativo, incluyendo la retenci\u00f3n de salarios y cuotas sindicales desde hace ocho meses.<\/p>\n<p><a href=\"https:\/\/oaxaca.quadratin.com.mx\/Realiza-Seccion-22-manifestacion-frente-a-Congreso-de-Oaxaca\/\" target=\"_blank\">https:\/\/oaxaca.quadratin.com.mx\/Realiza-Seccion-22-manifestacion-frente-a-Congreso-de-Oaxaca\/<\/a><\/p>\n<p>&nbsp;<\/p>\n","protected":false},"excerpt":{"rendered":"<p>Luis Jer\u00f3nimo, Oaxaca. OAXACA, Oax., 31 de marzo de 2016.- Un grupo de maestros de la Secci\u00f3n 22 del Sindicato Nacional de Trabajadores de la Educaci\u00f3n se manifest\u00f3 este jueves &hellip; <a href=\"https:\/\/www.grieta.org.mx\/index.php\/2016\/03\/31\/realiza-seccion-22-manifestacion-frente-a-congreso-de-oaxaca\/\" class=\"more-link\">Leer m\u00e1s<\/a><\/p>\n","protected":false},"author":2,"featured_media":21928,"comment_status":"closed","ping_status":"closed","sticky":false,"template":"","format":"standard","meta":{"ngg_post_thumbnail":0,"_jetpack_newsletter_access":"","_jetpack_dont_email_post_to_subs":false,"_jetpack_newsletter_tier_id":0,"_jetpack_memberships_contains_paywalled_content":false,"_jetpack_memberships_contains_paid_content":false,"footnotes":""},"categories":[80],"tags":[133,93,180,135],"class_list":["post-9307","post","type-post","status-publish","format-standard","has-post-thumbnail","hentry","category-cintillo","tag-maestros","tag-oaxaca","tag-protesta","tag-reforma-educativa","entry"],"jetpack_featured_media_url":"https:\/\/www.grieta.org.mx\/wp-content\/uploads\/2018\/03\/14524434_1106112876131411_958039263622046936_o.jpg","jetpack_sharing_enabled":true,"jetpack_shortlink":"https:\/\/wp.me\/p7ZJR4-2q7","jetpack_likes_enabled":false,"jetpack-related-posts":[{"id":9383,"url":"https:\/\/www.grieta.org.mx\/index.php\/2016\/03\/17\/protestan-maestros-de-educacion-indigena-frente-al-ieepo\/","url_meta":{"origin":9307,"position":0},"title":"Protestan maestros de educaci\u00f3n ind\u00edgena frente al IEEPO","author":"grieta","date":"17 marzo, 2016","format":false,"excerpt":"Luis Jer\u00f3nimo, Oaxaca. OAXACA, Oax., 17 de marzo de 2016.- Maestros de educaci\u00f3n ind\u00edgena de Oaxaca de la Secci\u00f3n 22 del Sindicato Nacional de Trabajadores de la Educaci\u00f3n (SNTE) iniciaron este jueves un mitin frente a las oficinas del Instituto Estatal de Educaci\u00f3n P\u00fablica de Oaxaca (IEEPO) para protestar por\u2026","rel":"","context":"En &quot;CINTILLO&quot;","block_context":{"text":"CINTILLO","link":"https:\/\/www.grieta.org.mx\/index.php\/category\/cintillo\/"},"img":{"alt_text":"","src":"https:\/\/i0.wp.com\/www.grieta.org.mx\/wp-content\/uploads\/2018\/03\/14524434_1106112876131411_958039263622046936_o.jpg?resize=350%2C200&ssl=1","width":350,"height":200,"srcset":"https:\/\/i0.wp.com\/www.grieta.org.mx\/wp-content\/uploads\/2018\/03\/14524434_1106112876131411_958039263622046936_o.jpg?resize=350%2C200&ssl=1 1x, https:\/\/i0.wp.com\/www.grieta.org.mx\/wp-content\/uploads\/2018\/03\/14524434_1106112876131411_958039263622046936_o.jpg?resize=525%2C300&ssl=1 1.5x, https:\/\/i0.wp.com\/www.grieta.org.mx\/wp-content\/uploads\/2018\/03\/14524434_1106112876131411_958039263622046936_o.jpg?resize=700%2C400&ssl=1 2x"},"classes":[]},{"id":1691,"url":"https:\/\/www.grieta.org.mx\/index.php\/2015\/12\/22\/vuelven-a-protestar-maestros-de-la-seccion-22-frente-al-ieepo\/","url_meta":{"origin":9307,"position":1},"title":"Vuelven a protestar maestros de la Secci\u00f3n 22 frente al IEEPO","author":"grieta","date":"22 diciembre, 2015","format":false,"excerpt":"Ernesto Rojas, Oaxaca OAXACA, Oax., 22 de diciembre de 2015.- Maestros de la Secci\u00f3n 22 del Sindicato Nacional de Trabajadores de la Educaci\u00f3n (SNTE) realizaron este martes otra manifestaci\u00f3n frente al Instituto Estatal de Educaci\u00f3n P\u00fablica de Oaxaca (IEEPO) para exigir los pagos atrasados de un a\u00f1o y el reconocimiento\u2026","rel":"","context":"En &quot;CINTILLO&quot;","block_context":{"text":"CINTILLO","link":"https:\/\/www.grieta.org.mx\/index.php\/category\/cintillo\/"},"img":{"alt_text":"","src":"https:\/\/i0.wp.com\/www.grieta.org.mx\/wp-content\/uploads\/2018\/03\/14524434_1106112876131411_958039263622046936_o.jpg?resize=350%2C200&ssl=1","width":350,"height":200,"srcset":"https:\/\/i0.wp.com\/www.grieta.org.mx\/wp-content\/uploads\/2018\/03\/14524434_1106112876131411_958039263622046936_o.jpg?resize=350%2C200&ssl=1 1x, https:\/\/i0.wp.com\/www.grieta.org.mx\/wp-content\/uploads\/2018\/03\/14524434_1106112876131411_958039263622046936_o.jpg?resize=525%2C300&ssl=1 1.5x, https:\/\/i0.wp.com\/www.grieta.org.mx\/wp-content\/uploads\/2018\/03\/14524434_1106112876131411_958039263622046936_o.jpg?resize=700%2C400&ssl=1 2x"},"classes":[]},{"id":21076,"url":"https:\/\/www.grieta.org.mx\/index.php\/2016\/09\/02\/cierra-seccion-22-plazas-comerciales-de-oaxaca\/","url_meta":{"origin":9307,"position":2},"title":"Cierra secci\u00f3n 22 plazas comerciales de Oaxaca","author":"grieta","date":"2 septiembre, 2016","format":false,"excerpt":"Quadrat\u00edn. Luis Jer\u00f3nimo, Oaxaca.- Maestros de la Secci\u00f3n 22 del Sindicato Nacional de Trabajadores de la Educaci\u00f3n (SNTE) bloquearon los accesos a plazas comerciales de Oaxaca, en protesta contra la reforma educativa. Los docentes tomaron las entradas de la Plaza Oaxaca, Plaza del Valle y Macroplaza, en la que impidieron\u2026","rel":"","context":"En &quot;CINTILLO&quot;","block_context":{"text":"CINTILLO","link":"https:\/\/www.grieta.org.mx\/index.php\/category\/cintillo\/"},"img":{"alt_text":"","src":"https:\/\/i0.wp.com\/www.grieta.org.mx\/wp-content\/uploads\/2018\/03\/14524434_1106112876131411_958039263622046936_o.jpg?resize=350%2C200&ssl=1","width":350,"height":200,"srcset":"https:\/\/i0.wp.com\/www.grieta.org.mx\/wp-content\/uploads\/2018\/03\/14524434_1106112876131411_958039263622046936_o.jpg?resize=350%2C200&ssl=1 1x, https:\/\/i0.wp.com\/www.grieta.org.mx\/wp-content\/uploads\/2018\/03\/14524434_1106112876131411_958039263622046936_o.jpg?resize=525%2C300&ssl=1 1.5x, https:\/\/i0.wp.com\/www.grieta.org.mx\/wp-content\/uploads\/2018\/03\/14524434_1106112876131411_958039263622046936_o.jpg?resize=700%2C400&ssl=1 2x"},"classes":[]},{"id":21082,"url":"https:\/\/www.grieta.org.mx\/index.php\/2016\/09\/01\/marcha-la-seccion-22-en-la-ciudad-de-oaxaca\/","url_meta":{"origin":9307,"position":3},"title":"Marcha la Secci\u00f3n 22 en la ciudad de Oaxaca","author":"grieta","date":"1 septiembre, 2016","format":false,"excerpt":"Ernesto Rojas, Oaxaca. OAXACA, Oax., 1 de septiembre de 2016.- Integrantes de la Secci\u00f3n 22 del Sindicato Nacional de Trabajadores de la Educaci\u00f3n (SNTE) iniciaron este jueves una marcha en la ciudad de Oaxaca para protestar contra la reforma educativa. La Secci\u00f3n 22 indic\u00f3 que con esta marcha piden que\u2026","rel":"","context":"En &quot;CINTILLO&quot;","block_context":{"text":"CINTILLO","link":"https:\/\/www.grieta.org.mx\/index.php\/category\/cintillo\/"},"img":{"alt_text":"","src":"https:\/\/i0.wp.com\/www.grieta.org.mx\/wp-content\/uploads\/2018\/03\/14524434_1106112876131411_958039263622046936_o.jpg?resize=350%2C200&ssl=1","width":350,"height":200,"srcset":"https:\/\/i0.wp.com\/www.grieta.org.mx\/wp-content\/uploads\/2018\/03\/14524434_1106112876131411_958039263622046936_o.jpg?resize=350%2C200&ssl=1 1x, https:\/\/i0.wp.com\/www.grieta.org.mx\/wp-content\/uploads\/2018\/03\/14524434_1106112876131411_958039263622046936_o.jpg?resize=525%2C300&ssl=1 1.5x, https:\/\/i0.wp.com\/www.grieta.org.mx\/wp-content\/uploads\/2018\/03\/14524434_1106112876131411_958039263622046936_o.jpg?resize=700%2C400&ssl=1 2x"},"classes":[]},{"id":10631,"url":"https:\/\/www.grieta.org.mx\/index.php\/2016\/04\/16\/en-rechazo-a-la-reforma-educativa-la-seccion-22-acciona-en-el-istmo\/","url_meta":{"origin":9307,"position":4},"title":"En rechazo a la reforma educativa la secci\u00f3n 22 acciona en el istmo","author":"grieta","date":"16 abril, 2016","format":false,"excerpt":"Diana Manzo, Oaxaca Juchit\u00e1n 16 abr (#Istmopress) .- Unos 2 mil maestros de la Secci\u00f3n 22 de la CNTE en el Istmo de Tehuantepec encabezaron dos bloqueos carreteros como parte de sus acciones contra la reforma educativa, ley de educaci\u00f3n en Oaxaca y exigencia de la libertad de presos pol\u00edticos.\u2026","rel":"","context":"En &quot;CINTILLO&quot;","block_context":{"text":"CINTILLO","link":"https:\/\/www.grieta.org.mx\/index.php\/category\/cintillo\/"},"img":{"alt_text":"","src":"https:\/\/i0.wp.com\/www.grieta.org.mx\/wp-content\/uploads\/2018\/03\/14524434_1106112876131411_958039263622046936_o.jpg?resize=350%2C200&ssl=1","width":350,"height":200,"srcset":"https:\/\/i0.wp.com\/www.grieta.org.mx\/wp-content\/uploads\/2018\/03\/14524434_1106112876131411_958039263622046936_o.jpg?resize=350%2C200&ssl=1 1x, https:\/\/i0.wp.com\/www.grieta.org.mx\/wp-content\/uploads\/2018\/03\/14524434_1106112876131411_958039263622046936_o.jpg?resize=525%2C300&ssl=1 1.5x, https:\/\/i0.wp.com\/www.grieta.org.mx\/wp-content\/uploads\/2018\/03\/14524434_1106112876131411_958039263622046936_o.jpg?resize=700%2C400&ssl=1 2x"},"classes":[]},{"id":2985,"url":"https:\/\/www.grieta.org.mx\/index.php\/2015\/07\/29\/protestan-maestros-de-tamaulipas\/","url_meta":{"origin":9307,"position":5},"title":"Protestan maestros de Tamaulipas","author":"grieta","date":"29 julio, 2015","format":false,"excerpt":"MexNewz Maestros de la Secci\u00f3n 30 del SNTE, en Tamaulipas, esta noche realizaron una marcha para protestar contra la reforma educativa y en apoyo a sus compa\u00f1eros de la CNTE, en Oaxaca. Cerca de las 20:30 horas, el contingente representativo integrado por m\u00e1s de 30 maestros, sin vigilancia policiaca y\u2026","rel":"","context":"En &quot;CINTILLO&quot;","block_context":{"text":"CINTILLO","link":"https:\/\/www.grieta.org.mx\/index.php\/category\/cintillo\/"},"img":{"alt_text":"","src":"https:\/\/i0.wp.com\/www.grieta.org.mx\/wp-content\/uploads\/2018\/03\/14524434_1106112876131411_958039263622046936_o.jpg?resize=350%2C200&ssl=1","width":350,"height":200,"srcset":"https:\/\/i0.wp.com\/www.grieta.org.mx\/wp-content\/uploads\/2018\/03\/14524434_1106112876131411_958039263622046936_o.jpg?resize=350%2C200&ssl=1 1x, https:\/\/i0.wp.com\/www.grieta.org.mx\/wp-content\/uploads\/2018\/03\/14524434_1106112876131411_958039263622046936_o.jpg?resize=525%2C300&ssl=1 1.5x, https:\/\/i0.wp.com\/www.grieta.org.mx\/wp-content\/uploads\/2018\/03\/14524434_1106112876131411_958039263622046936_o.jpg?resize=700%2C400&ssl=1 2x"},"classes":[]}],"_links":{"self":[{"href":"https:\/\/www.grieta.org.mx\/index.php\/wp-json\/wp\/v2\/posts\/9307","targetHints":{"allow":["GET"]}}],"collection":[{"href":"https:\/\/www.grieta.org.mx\/index.php\/wp-json\/wp\/v2\/posts"}],"about":[{"href":"https:\/\/www.grieta.org.mx\/index.php\/wp-json\/wp\/v2\/types\/post"}],"author":[{"embeddable":true,"href":"https:\/\/www.grieta.org.mx\/index.php\/wp-json\/wp\/v2\/users\/2"}],"replies":[{"embeddable":true,"href":"https:\/\/www.grieta.org.mx\/index.php\/wp-json\/wp\/v2\/comments?post=9307"}],"version-history":[{"count":1,"href":"https:\/\/www.grieta.org.mx\/index.php\/wp-json\/wp\/v2\/posts\/9307\/revisions"}],"predecessor-version":[{"id":9313,"href":"https:\/\/www.grieta.org.mx\/index.php\/wp-json\/wp\/v2\/posts\/9307\/revisions\/9313"}],"wp:featuredmedia":[{"embeddable":true,"href":"https:\/\/www.grieta.org.mx\/index.php\/wp-json\/wp\/v2\/media\/21928"}],"wp:attachment":[{"href":"https:\/\/www.grieta.org.mx\/index.php\/wp-json\/wp\/v2\/media?parent=9307"}],"wp:term":[{"taxonomy":"category","embeddable":true,"href":"https:\/\/www.grieta.org.mx\/index.php\/wp-json\/wp\/v2\/categories?post=9307"},{"taxonomy":"post_tag","embeddable":true,"href":"https:\/\/www.grieta.org.mx\/index.php\/wp-json\/wp\/v2\/tags?post=9307"}],"curies":[{"name":"wp","href":"https:\/\/api.w.org\/{rel}","templated":true}]}}