{"id":9258,"date":"2015-08-24T01:37:58","date_gmt":"2015-08-24T01:37:58","guid":{"rendered":"http:\/\/www.grieta.org.mx\/?p=9258"},"modified":"2016-04-01T01:40:29","modified_gmt":"2016-04-01T01:40:29","slug":"movilizacion-social-contra-la-mineria-toxica-ii","status":"publish","type":"post","link":"https:\/\/www.grieta.org.mx\/index.php\/2015\/08\/24\/movilizacion-social-contra-la-mineria-toxica-ii\/","title":{"rendered":"Movilizaci\u00f3n social contra la miner\u00eda t\u00f3xica (II)"},"content":{"rendered":"<p>Betty Zanolli Fabila<br \/>\nEl Sol de M\u00e9xico<br \/>\nDe acuerdo con los Observatorios de Conflictos Mineros de Am\u00e9rica Latina (OCMAL) y Latinoamericano de Conflictos Ambientales (OLCA), existen actualmente en Am\u00e9rica Latina 208 conflictos mineros activos correspondientes a 218 proyectos atentatorios de 312 comunidades, de los cuales M\u00e9xico ocupa el primer lugar con 36 conflictos en 17 estados de la Federaci\u00f3n: Baja California Sur (BCS) en los municipios de Comond\u00fa, Ensenada, La Paz, San Antonio y Ensenada; Chiapas: Motozintla y Chicomuselo; Chihuahua: Huizopa; Coahuila: Ocampo; Colima: Zacualpan en Comala; Durango: Tlahualilo; Guerrero: Cocula; Jalisco: Tequetitl\u00e1n; Michoac\u00e1n: Aquila; Morelos: Miacatl\u00e1n y Temixco; Oaxaca: Tlacolula, Ocotl\u00e1 y, Santa Mar\u00eda de Zaniza; Puebla: Tlatlauquitepec, Huehuetl\u00e1n, Zautla y Tetela de Ocampo; Quer\u00e9taro: Tolm\u00e1n; San Luis Potos\u00ed: Real de Catorce y Cerro San Pedro; Sonora: Mulatos y Cananea; Veracruz: Alto Lucero y Zacatecas: Chalchihuites y Mazapil. De ellos, el de la Minera San Xavier que devast\u00f3 el cerro San Pedro en territorio potosino es de los m\u00e1s antiguos y el del proyecto Don Diego en BCS, de los m\u00e1s recientes. Este \u00faltimo en particular, otro caso igual e in\u00e9ditamente escandaloso de afectaci\u00f3n al subsuelo y vida marina sudbajacalifornianos como el de Los Cardones y que constituir\u00eda el primero en el mundo de Miner\u00eda submarina, ya que para obtener 350 millones de toneladas de arena fosf\u00e1tica a lo largo de 50 a\u00f1os, en una superficie de 91 mil hect\u00e1reas, se pretende dragar a el fondo marino del Golfo de Ulloa. Golfo que, de acuerdo con la Conabio, es una Regi\u00f3n Marina Prioritaria por la diversidad de organismos que habitan su fondo marino (almejas, abulones y caracoles), zona cr\u00edtica para la poblaci\u00f3n de ballenas y tortugas amarillas o caguamas y punto esencial de cruce para dos corrientes de circulaci\u00f3n oce\u00e1nica. De ah\u00ed que uno se pregunte, azorado y horrorizado: \u00bfautorizar\u00e1 la Semarnat, que apenas el 10 de abril de 2015 la declar\u00f3 Zona de Refugio Pesquero, que se drague su fondo submarino para obtener minerales, a\u00fan si ello implica la remoci\u00f3n de los organismos del h\u00e1bitat, al tiempo que la suspensi\u00f3n de los sedimentos en la columna de agua alterar\u00e1 irreversiblemente la vida marina de la zona e impactar\u00e1 en el 40 por ciento de la actividad pesquera sudbajacaliforniana que se desarrolla en dicha \u00e1rea?Nos hacemos la pregunta porque la caracter\u00edstica com\u00fan que enluta a los distintos conflictos mineros es la complicidad de los tres \u00f3rdenes de gobierno para apoyar los diversos proyectos de megaminer\u00eda t\u00f3xica. De nada sirve que exista un Estado de Derecho, un marco constitucional y m\u00e1s de 2 mil declaraciones de \u201cterritorios libres de Miner\u00eda t\u00f3xica\u201d, si a lo largo de toda la Rep\u00fablica Mexicana las autoridades favorecen y legitiman dichos proyectos, como lo hacen a nivel federal la propia Semarnat y el Registro Agrario Nacional, ni qu\u00e9 decir de las autoridades locales en turno. Y lo peor: formalizados, no hay manera de revertir esta situaci\u00f3n, no solo por los m\u00faltiples mecanismos instrumentados de intimidaci\u00f3n; ante todo, por la impenetrabilidad del sistema pol\u00edtico que impide cualquier acci\u00f3n contraria. Por ello no sorprende que un municipio como el colimense de Zacualpan -foco rojo por los abusos mineros y de despojo de agua, declarado por su asamblea comunal \u201cterritorio libre de Miner\u00eda\u201d- est\u00e9 enclavado dentro de una entidad cuyo 44 por ciento de superficie est\u00e1 concesionada a la Miner\u00eda, mientras el correspondiente al territorio nacional concesionado contin\u00faa acrecent\u00e1ndose escalofriantemente a trav\u00e9s de las m\u00e1s sofisticadas pr\u00e1cticas de despojo y usurpaci\u00f3n agrarias, implementadas lo mismo por la v\u00eda legal de la concesi\u00f3n con la anuencia de la autoridad, que por la ilegal, como es el caso de Huizopa en Chihuahua y de tantos otros puntos m\u00e1s.<\/p>\n<p>\u00bfQu\u00e9 hacer? Por lo pronto, ser\u00e1 imposible que la megaminer\u00eda t\u00f3xica sea frenada por intervenci\u00f3n directa de la autoridad. La falta de conciencia, negligencia, ausencia de amor por el bienestar de la Naci\u00f3n en todos los aspectos e indudablemente la gran magnitud de los intereses en juego le impiden desplegar otro tipo de conducta. Solo queda en consecuencia un camino: la movilizaci\u00f3n social conjunta, en pleno, desde todos los confines de la Rep\u00fablica, para impedir que siga avanzando la megaminer\u00eda t\u00f3xica, particularmente a cielo abierto. El mejor ejemplo lo tenemos, como lo se\u00f1al\u00e9 en la anterior colaboraci\u00f3n, en la notable obra que han desarrollado y est\u00e1n desarrollando en BCS sus organizaciones sociales, solo que estamos contra el tiempo para contener la devastaci\u00f3n que provoca la delet\u00e9rea megaminer\u00eda t\u00f3xica.<\/p>\n<p><a href=\"http:\/\/www.remamx.org\/movilizacion-social-contra-la-mineria-toxica-ii\/\" target=\"_blank\">www.remamx.org\/movilizacion-social-contra-la-mineria-toxica-ii\/<\/a><\/p>\n","protected":false},"excerpt":{"rendered":"<p>Betty Zanolli Fabila El Sol de M\u00e9xico De acuerdo con los Observatorios de Conflictos Mineros de Am\u00e9rica Latina (OCMAL) y Latinoamericano de Conflictos Ambientales (OLCA), existen actualmente en Am\u00e9rica Latina &hellip; <a href=\"https:\/\/www.grieta.org.mx\/index.php\/2015\/08\/24\/movilizacion-social-contra-la-mineria-toxica-ii\/\" class=\"more-link\">Leer m\u00e1s<\/a><\/p>\n","protected":false},"author":2,"featured_media":21928,"comment_status":"closed","ping_status":"closed","sticky":false,"template":"","format":"standard","meta":{"ngg_post_thumbnail":0,"_jetpack_newsletter_access":"","_jetpack_dont_email_post_to_subs":false,"_jetpack_newsletter_tier_id":0,"_jetpack_memberships_contains_paywalled_content":false,"_jetpack_memberships_contains_paid_content":false,"footnotes":""},"categories":[80],"tags":[567,109],"class_list":["post-9258","post","type-post","status-publish","format-standard","has-post-thumbnail","hentry","category-cintillo","tag-los-cardones","tag-mineria","entry"],"jetpack_featured_media_url":"https:\/\/www.grieta.org.mx\/wp-content\/uploads\/2018\/03\/14524434_1106112876131411_958039263622046936_o.jpg","jetpack_sharing_enabled":true,"jetpack_shortlink":"https:\/\/wp.me\/p7ZJR4-2pk","jetpack_likes_enabled":false,"jetpack-related-posts":[{"id":14491,"url":"https:\/\/www.grieta.org.mx\/index.php\/2016\/06\/03\/mexico-el-pais-con-mas-conflictos-mineros-en-america-latina\/","url_meta":{"origin":9258,"position":0},"title":"M\u00e9xico, el pa\u00eds con m\u00e1s conflictos mineros en Am\u00e9rica Latina","author":"grieta","date":"3 junio, 2016","format":false,"excerpt":"Por Arturo Sol\u00eds M\u00e9xico ocupa el primer lugar de conflictos mineros en Am\u00e9rica Latina. Nuestro pa\u00eds enfrenta m\u00e1s problemas en esta industria por encima de pa\u00edses mineros como Per\u00fa y Chile, inform\u00f3 el Observatorio de conflictos mineros en Am\u00e9rica Latina (Ocmal). La naci\u00f3n gobernada por Enrique Pe\u00f1a Nieto registra 37\u2026","rel":"","context":"En &quot;CINTILLO&quot;","block_context":{"text":"CINTILLO","link":"https:\/\/www.grieta.org.mx\/index.php\/category\/cintillo\/"},"img":{"alt_text":"","src":"https:\/\/i0.wp.com\/www.grieta.org.mx\/wp-content\/uploads\/2018\/03\/14524434_1106112876131411_958039263622046936_o.jpg?resize=350%2C200&ssl=1","width":350,"height":200,"srcset":"https:\/\/i0.wp.com\/www.grieta.org.mx\/wp-content\/uploads\/2018\/03\/14524434_1106112876131411_958039263622046936_o.jpg?resize=350%2C200&ssl=1 1x, https:\/\/i0.wp.com\/www.grieta.org.mx\/wp-content\/uploads\/2018\/03\/14524434_1106112876131411_958039263622046936_o.jpg?resize=525%2C300&ssl=1 1.5x, https:\/\/i0.wp.com\/www.grieta.org.mx\/wp-content\/uploads\/2018\/03\/14524434_1106112876131411_958039263622046936_o.jpg?resize=700%2C400&ssl=1 2x"},"classes":[]},{"id":359,"url":"https:\/\/www.grieta.org.mx\/index.php\/2016\/08\/21\/proyecto-minero-el-arco-afecta-a-ejidatarios-de-baja-california\/","url_meta":{"origin":9258,"position":1},"title":"Conflictos mineros en Baja California","author":"grieta","date":"21 agosto, 2016","format":false,"excerpt":"Compa\u00f1\u00edas mineras de Slim en Baja California 21\/08\/16. Slim el Voraz Lado B 21\/07\/16. Bloquean la Minera de San Felipe Empleados Inconformes Radio Patrulla 20\/07\/16. Paro y bloqueo en la mina de San Felipe PSN en L\u00ednea 20\/10\/11. BC: ejidatarios due\u00f1os de yacimientos de oro y plata enuncian estafa de\u2026","rel":"","context":"En &quot;Baja California&quot;","block_context":{"text":"Baja California","link":"https:\/\/www.grieta.org.mx\/index.php\/category\/noticias-nacionales\/baja-california\/"},"img":{"alt_text":"","src":"https:\/\/i0.wp.com\/www.grieta.org.mx\/wp-content\/uploads\/2018\/03\/14524434_1106112876131411_958039263622046936_o.jpg?resize=350%2C200&ssl=1","width":350,"height":200,"srcset":"https:\/\/i0.wp.com\/www.grieta.org.mx\/wp-content\/uploads\/2018\/03\/14524434_1106112876131411_958039263622046936_o.jpg?resize=350%2C200&ssl=1 1x, https:\/\/i0.wp.com\/www.grieta.org.mx\/wp-content\/uploads\/2018\/03\/14524434_1106112876131411_958039263622046936_o.jpg?resize=525%2C300&ssl=1 1.5x, https:\/\/i0.wp.com\/www.grieta.org.mx\/wp-content\/uploads\/2018\/03\/14524434_1106112876131411_958039263622046936_o.jpg?resize=700%2C400&ssl=1 2x"},"classes":[]},{"id":29888,"url":"https:\/\/www.grieta.org.mx\/index.php\/2019\/03\/02\/mineria-y-energia-detonan-879-conflictos-en-mexico-los-ligan-al-crimen-empresas-y-gobiernos\/","url_meta":{"origin":9258,"position":2},"title":"Miner\u00eda y energ\u00eda detonan 879 conflictos en M\u00e9xico; los ligan al crimen, empresas y gobiernos","author":"grieta","date":"2 marzo, 2019","format":false,"excerpt":"Redacci\u00f3n\/SIN EMBARGO El informe realizado por Gisela Zaremberg (de Flacso) y Valeria Guarneros-Meza (de la inglesa Montfort University) detalla que en los conflictos derivados por proyectos mineros, las empresas m\u00e1s involucradas son: Grupo M\u00e9xico (con 30 casos registrados); Ternium (con 25); Goldcorp Inc (con 22); Grupo Frisco (con 18); Almaden\u2026","rel":"","context":"En &quot;Chihuahua&quot;","block_context":{"text":"Chihuahua","link":"https:\/\/www.grieta.org.mx\/index.php\/category\/noticias-nacionales\/chihuahua\/"},"img":{"alt_text":"","src":"https:\/\/i0.wp.com\/www.grieta.org.mx\/wp-content\/uploads\/2019\/03\/mapa-mineria.png?resize=350%2C200&ssl=1","width":350,"height":200,"srcset":"https:\/\/i0.wp.com\/www.grieta.org.mx\/wp-content\/uploads\/2019\/03\/mapa-mineria.png?resize=350%2C200&ssl=1 1x, https:\/\/i0.wp.com\/www.grieta.org.mx\/wp-content\/uploads\/2019\/03\/mapa-mineria.png?resize=525%2C300&ssl=1 1.5x, https:\/\/i0.wp.com\/www.grieta.org.mx\/wp-content\/uploads\/2019\/03\/mapa-mineria.png?resize=700%2C400&ssl=1 2x"},"classes":[]},{"id":1977,"url":"https:\/\/www.grieta.org.mx\/index.php\/2016\/06\/06\/conflictos-mineros-en-colima\/","url_meta":{"origin":9258,"position":3},"title":"Conflictos Mineros en Colima","author":"grieta","date":"6 junio, 2016","format":false,"excerpt":"06\/06\/16. Se niega minera a reubicar ducto pese a denuncias por derrames en ManzanilloProceso 18\/05\/16. Para las mineras, las llaves abiertasM\u00e1s por M\u00e1s Guadalajara\/Cr\u00f3nica de Sociales 27\/04\/16. Miner\u00eda en Colima, causante de contaminaci\u00f3n, desplazamientos y represi\u00f3nOjal\u00e1 Prensa Libre 01\/02\/16. Denuncian a la minera Pe\u00f1a Colorada por despojo e invasi\u00f3nProceso 22\/05\/15.\u2026","rel":"","context":"En &quot;Colima&quot;","block_context":{"text":"Colima","link":"https:\/\/www.grieta.org.mx\/index.php\/category\/noticias-nacionales\/colima\/"},"img":{"alt_text":"","src":"https:\/\/i0.wp.com\/www.grieta.org.mx\/wp-content\/uploads\/2018\/03\/14524434_1106112876131411_958039263622046936_o.jpg?resize=350%2C200&ssl=1","width":350,"height":200,"srcset":"https:\/\/i0.wp.com\/www.grieta.org.mx\/wp-content\/uploads\/2018\/03\/14524434_1106112876131411_958039263622046936_o.jpg?resize=350%2C200&ssl=1 1x, https:\/\/i0.wp.com\/www.grieta.org.mx\/wp-content\/uploads\/2018\/03\/14524434_1106112876131411_958039263622046936_o.jpg?resize=525%2C300&ssl=1 1.5x, https:\/\/i0.wp.com\/www.grieta.org.mx\/wp-content\/uploads\/2018\/03\/14524434_1106112876131411_958039263622046936_o.jpg?resize=700%2C400&ssl=1 2x"},"classes":[]},{"id":6108,"url":"https:\/\/www.grieta.org.mx\/index.php\/2016\/09\/12\/conflictos-mineros-en-aguascalientes\/","url_meta":{"origin":9258,"position":4},"title":"Conflictos mineros en Aguascalientes","author":"grieta","date":"12 septiembre, 2016","format":false,"excerpt":"12\/09\/16. Ante ampliaci\u00f3n de minera Frisco, est\u00e1 garantizada la protecci\u00f3n al \u00e1guila realLa Jornada Aguascalientes 19\/07\/16. Minera Frisco aumentar\u00e1 actividades en AguascalientesLa Jornada Aguascalientes 07\/09\/15. Frisco ampliar\u00e1 exploraciones en AguascalientesDesde la Red 31\/07\/15. Suspenden mina Santa Francisca tras derrumbeAguasdigital 14\/07\/12. Aguascalientes: multan a mina por contaminanteConflictos Mineros","rel":"","context":"En &quot;Aguascalientes&quot;","block_context":{"text":"Aguascalientes","link":"https:\/\/www.grieta.org.mx\/index.php\/category\/noticias-nacionales\/aguascalientes\/"},"img":{"alt_text":"","src":"https:\/\/i0.wp.com\/www.grieta.org.mx\/wp-content\/uploads\/2018\/03\/14524434_1106112876131411_958039263622046936_o.jpg?resize=350%2C200&ssl=1","width":350,"height":200,"srcset":"https:\/\/i0.wp.com\/www.grieta.org.mx\/wp-content\/uploads\/2018\/03\/14524434_1106112876131411_958039263622046936_o.jpg?resize=350%2C200&ssl=1 1x, https:\/\/i0.wp.com\/www.grieta.org.mx\/wp-content\/uploads\/2018\/03\/14524434_1106112876131411_958039263622046936_o.jpg?resize=525%2C300&ssl=1 1.5x, https:\/\/i0.wp.com\/www.grieta.org.mx\/wp-content\/uploads\/2018\/03\/14524434_1106112876131411_958039263622046936_o.jpg?resize=700%2C400&ssl=1 2x"},"classes":[]},{"id":29885,"url":"https:\/\/www.grieta.org.mx\/index.php\/2019\/02\/02\/lidera-mineria-conflictos-sociales-coahuila\/","url_meta":{"origin":9258,"position":5},"title":"Lidera miner\u00eda conflictos sociales (Coahuila)","author":"grieta","date":"2 febrero, 2019","format":false,"excerpt":"Coahuila es uno de los estados con hechos violentos asociados a proyectos mineros Coahuila es uno de los estados con hechos violentos asociados a la miner\u00eda, seg\u00fan el estudio. (ARCHIVO) EL SIGLO DE TORRE\u00d3N\/AGENCIAS En los \u00faltimos 12 a\u00f1os en M\u00e9xico se registraron al menos 879 conflictos sociales y ambientales\u2026","rel":"","context":"En &quot;Chihuahua&quot;","block_context":{"text":"Chihuahua","link":"https:\/\/www.grieta.org.mx\/index.php\/category\/noticias-nacionales\/chihuahua\/"},"img":{"alt_text":"","src":"https:\/\/i0.wp.com\/www.grieta.org.mx\/wp-content\/uploads\/2019\/03\/Minera-Coahuila.jpeg?resize=350%2C200&ssl=1","width":350,"height":200,"srcset":"https:\/\/i0.wp.com\/www.grieta.org.mx\/wp-content\/uploads\/2019\/03\/Minera-Coahuila.jpeg?resize=350%2C200&ssl=1 1x, https:\/\/i0.wp.com\/www.grieta.org.mx\/wp-content\/uploads\/2019\/03\/Minera-Coahuila.jpeg?resize=525%2C300&ssl=1 1.5x, https:\/\/i0.wp.com\/www.grieta.org.mx\/wp-content\/uploads\/2019\/03\/Minera-Coahuila.jpeg?resize=700%2C400&ssl=1 2x, https:\/\/i0.wp.com\/www.grieta.org.mx\/wp-content\/uploads\/2019\/03\/Minera-Coahuila.jpeg?resize=1050%2C600&ssl=1 3x, https:\/\/i0.wp.com\/www.grieta.org.mx\/wp-content\/uploads\/2019\/03\/Minera-Coahuila.jpeg?resize=1400%2C800&ssl=1 4x"},"classes":[]}],"_links":{"self":[{"href":"https:\/\/www.grieta.org.mx\/index.php\/wp-json\/wp\/v2\/posts\/9258","targetHints":{"allow":["GET"]}}],"collection":[{"href":"https:\/\/www.grieta.org.mx\/index.php\/wp-json\/wp\/v2\/posts"}],"about":[{"href":"https:\/\/www.grieta.org.mx\/index.php\/wp-json\/wp\/v2\/types\/post"}],"author":[{"embeddable":true,"href":"https:\/\/www.grieta.org.mx\/index.php\/wp-json\/wp\/v2\/users\/2"}],"replies":[{"embeddable":true,"href":"https:\/\/www.grieta.org.mx\/index.php\/wp-json\/wp\/v2\/comments?post=9258"}],"version-history":[{"count":1,"href":"https:\/\/www.grieta.org.mx\/index.php\/wp-json\/wp\/v2\/posts\/9258\/revisions"}],"predecessor-version":[{"id":9260,"href":"https:\/\/www.grieta.org.mx\/index.php\/wp-json\/wp\/v2\/posts\/9258\/revisions\/9260"}],"wp:featuredmedia":[{"embeddable":true,"href":"https:\/\/www.grieta.org.mx\/index.php\/wp-json\/wp\/v2\/media\/21928"}],"wp:attachment":[{"href":"https:\/\/www.grieta.org.mx\/index.php\/wp-json\/wp\/v2\/media?parent=9258"}],"wp:term":[{"taxonomy":"category","embeddable":true,"href":"https:\/\/www.grieta.org.mx\/index.php\/wp-json\/wp\/v2\/categories?post=9258"},{"taxonomy":"post_tag","embeddable":true,"href":"https:\/\/www.grieta.org.mx\/index.php\/wp-json\/wp\/v2\/tags?post=9258"}],"curies":[{"name":"wp","href":"https:\/\/api.w.org\/{rel}","templated":true}]}}