{"id":9212,"date":"2015-08-24T00:06:43","date_gmt":"2015-08-24T00:06:43","guid":{"rendered":"http:\/\/www.grieta.org.mx\/?p=9212"},"modified":"2016-05-18T08:31:56","modified_gmt":"2016-05-18T08:31:56","slug":"rechazamos-cualquier-intento-gubernamental-para-oficializarnos-jamas-nos-subordinaremos-al-estado-afirma-policia-comunitaria-de-guerrero","status":"publish","type":"post","link":"https:\/\/www.grieta.org.mx\/index.php\/2015\/08\/24\/rechazamos-cualquier-intento-gubernamental-para-oficializarnos-jamas-nos-subordinaremos-al-estado-afirma-policia-comunitaria-de-guerrero\/","title":{"rendered":"\u201cRechazamos cualquier intento para oficializarnos, jam\u00e1s nos subordinaremos al Estado\u201d, afirman pueblos fundadores de polic\u00eda comunitaria de Guerrero."},"content":{"rendered":"<p>Pozol Colectivo<\/p>\n<p><strong>Comunicado de los Pueblos Fundadores de la Coordinadora Regional de Autoridades Comunitaria \u2013 Polic\u00eda Comunitaria<\/strong><\/p>\n<p>Frente al plan de los gobiernos federal y estatal, de darle \u00abcause institucional a todos los grupos de Polic\u00eda Comunitaria\u00bb en Guerrero, anunciado por el gobernador Rogelio Ortega, quien ocupa ese puesto tras la desaparici\u00f3n forzada de 43 estudiantes normalistas y el asesinato de otros cuatro j\u00f3venes el 26 de septiembre de 2014 en Iguala, respondemos:<\/p>\n<p>1. Le recordamos al gobierno federal y a los gobiernos estatales de supuesta izquierda, que han gobernado nuestro estado por ya m\u00e1s de una d\u00e9cada, que la Coordinadora Regional de Autoridades Comunitaria \u2013 Polic\u00eda Comunitaria (CRAC-PC) es una instituci\u00f3n fundada en 1995 por los pueblos Na\u00b4Savi y Me\u00b4Ph\u00e1\u00e1 de la Costa-Monta\u00f1a de Guerrero, en el ejercicio de nuestro derecho a la libre determinaci\u00f3n como pueblos originarios y ante la necesidad de devolverle la paz y la tranquilidad a nuestras comunidades, misma que el Estado no ha sido capaz de garantizar hasta la fecha.<\/p>\n<p>Nuestra instituci\u00f3n est\u00e1 basada y regulada por las Asambleas Comunitarias de cada pueblo y por nuestra Asamblea Regional. Los grupos de Polic\u00eda Comunitaria elegidos en cada Asamblea, campesinos que han tenido que dejar el machete y la tarecua para defender a su comunidad, llevan 20 a\u00f1os dando su servicio sin recibir paga.<\/p>\n<p>Ya que parece que no tienen memoria, les recordamos que durante los primeros a\u00f1os los delincuentes, detenidos y entregados a las autoridades oficiales, eran liberados y regresaban a atacar a nuestros pueblos. Por eso tuvimos que organizarnos para crear nuestro propio sistema de administraci\u00f3n de justicia, buscando la reparaci\u00f3n del da\u00f1o y lo que llamamos la reeducaci\u00f3n, que busca volver a los que cometen delito al camino de la comunidad.<\/p>\n<p>Son los pueblos quienes reconocen la entrega y el sacrificio por el riesgo que corren los Polic\u00edas Comunitarios. El Sistema Comunitario de Seguridad y Justicia cuenta con autoridades elegidas y respetadas por las comunidades. Eso es lo que llamamos LEGITIMIDAD y eso es lo que ustedes en el gobierno no tienen.<\/p>\n<p>Tambi\u00e9n hacemos de su conocimiento que tenemos bases jur\u00eddicas para ejercer nuestro derecho a la libre determinaci\u00f3n, como el Convenio 169 de la Organizaci\u00f3n Internacional del Trabajo, los Art\u00edculos 2 y 39 de la Constituci\u00f3n Pol\u00edtica de los Estados Unidos Mexicanos y la propia Ley 701 de reconocimiento, derechos y cultura de los pueblos ind\u00edgenas del estado de Guerrero.<\/p>\n<p>2. Los pueblos Na\u00b4Savi y Me\u00b4Ph\u00e1\u00e1 que orientaron este camino hace 20 a\u00f1os vieron el riesgo de que nuestra lucha y nuestro sistema de justicia fueran cooptados por el Estado o por grupos oportunistas, por eso la base fundamental siempre ser\u00e1n las Asambleas Comunitarias y la Asamblea Regional. La Coordinadora Regional de Autoridades Comunitarias nace de la Asamblea Regional pero no puede tomar ninguna decisi\u00f3n sin ella. No le compete firmar ning\u00fan acuerdo o convenio con el gobierno o alg\u00fan particular, ni tomar ninguna decisi\u00f3n sobre el rumbo pol\u00edtico de los pueblos sin la consulta y aprobaci\u00f3n de la Asamblea Regional, quien a su vez debe consultar a las Asambleas Comunitarias.<\/p>\n<p>3. Sr. Rogelio Ortega, usted mejor que nadie sabe que nuestra instituci\u00f3n ha sido constantemente golpeada desde su origen, la han buscado cooptar, dividir, comprar y secuestrar. Personajes que ahora lo asesoran como el Sr. Pablo Guzm\u00e1n Hern\u00e1ndez y el Sr. Valent\u00edn Hern\u00e1ndez Chapa, originarios del estado de Morelos, son algunos de quienes han operado esta guerra sucia contra nuestro proceso organizativo.<\/p>\n<p>Primero se montaron y distorsionaron nuestro Sistema Comunitario de Seguridad y Justicia, despu\u00e9s impusieron a personajes oscuros y terminaron traicion\u00e1ndose para generar enfrentamientos entre grupos de poder. Con el apoyo de \u00c1ngel Aguirre Rivero, se entregaron grandes cantidades de recursos, impulsando una campa\u00f1a de difamaciones y compra de conciencias hasta lograr credencializar a grupos de supuestos Polic\u00edas Comunitarios sin ninguna legitimidad y sin consultar a nuestras comunidades.<\/p>\n<p>Actualmente siguen buscando confrontar a nuestros pueblos y distorsionar este noble proyecto, siempre con el apoyo de los gobiernos de supuesta izquierda, de organizaciones que supuestamente defienden los derechos humanos y de la prensa supuestamente progresista, enga\u00f1ando a la opini\u00f3n p\u00fablica. Ahora usted se dice preocupado de que \u00abexpresiones de radicalismo extremo\u00bb que usted mismo llama \u00abguerrilla\u00bb contaminen a la Polic\u00eda Comunitaria y que por eso debemos todos de seguir \u00ablos cauces institucionales\u00bb \u00bfEs acaso una burla?<\/p>\n<p>4. Sr. Rogelio Ortega, sabemos que desde gobernaci\u00f3n federal, a trav\u00e9s del ej\u00e9rcito mexicano y estas fuerzas obscuras que usted tanto le preocupa que \u00abcontaminen\u00bb los procesos organizativos de los pueblos originarios, se ha dise\u00f1ado un plan para eliminar a 30 activistas sociales del estado de Guerrero. Lo que se busca es acabar con el proyecto hist\u00f3rico de la CRAC-PC. \u00bfPor qu\u00e9 usted se presta a ser un operador m\u00e1s de esta estrategia?<\/p>\n<p>Ahora son narcoparamilitares que se disfrazan de polic\u00edas comunitarios, infiltrados en el Frente Unido para la Seguridad y el Desarrollo del Estado de Guerrero (FUSDEG), quienes cuentan con evidente protecci\u00f3n gubernamental puesto que est\u00e1n entrando en territorios de pueblos originarios portando armas AR15 y AK47, planeando emboscadas, desapariciones y ejecuciones sin ning\u00fan honor. Como el cobarde asesinato del Comandante del Sistema de Seguridad y Justicia Ciudadana de la Uni\u00f3n de Pueblos y Organizaciones del Estado de Guerrero (UPOEG) Miguel \u00c1ngel Jim\u00e9nez Blanco, qui\u00e9n dicho sea de paso fue uno de los principales promotores de la b\u00fasqueda de los 43 estudiantes desaparecidos.<\/p>\n<p>Al interior de este grupo (FUSDEG) est\u00e1n operando al menos seis l\u00edneas vinculados a los negocio de narcotr\u00e1fico, secuestro, extorsiones entre otras actividades criminales por que cuentan con protecci\u00f3n gubernamental si a usted tanto le preocupa que estas supuestas polic\u00edas comunitarias \u00abse vinculen y se conviertan en defensores de territorios del crimen organizado\u00bb. Los enfrentamientos internos entre estas l\u00edneas, que han derivado en decenas de muertos, se han vuelto la coartada perfecta para culpar a la UPOEG y de esta manera comenzar una guerra ente ambas organizaciones.<\/p>\n<p>Ahora resulta que estos enfrentamientos son la coartada para imponer seg\u00fan sus palabras \u00abun convenio marco de institucionalizaci\u00f3n\u00bb para credencializar, regular el tipo de armas, asignar territorios, presupuesto gubernamental y adiestramiento del Ej\u00e9rcito y la polic\u00eda estatal.<\/p>\n<p>Seg\u00fan sus declaraciones van a publicar la convocatoria \u00abpara darle cauce institucional a toda est\u00e1 experiencia de polic\u00edas comunitarias\u00bb, usted ha dicho \u00abvamos a institucionalizar a todos y el que no entre se queda al margen\u00bb \u00bfSe trata acaso de una amenaza? \u00bfEs acaso el anuncio de la embestida que se viene desde los gobiernos federal y estatal?<\/p>\n<p>5. A los gobiernos y a las fuerzas oscuras que vinieron a dividir y montarse en nuestro proyecto, les decimos de una vez por todas que se vayan de nuestro territorio con todo el da\u00f1o que han causado y siguen causando. Les recordamos que estamos en un proceso de reconciliaci\u00f3n con todos los pueblos que han levantado en estos veinte a\u00f1os el Sistema Comunitario de Seguridad y Justicia, as\u00ed como con los que se fueron sumando de manera leg\u00edtima. Les decimos claramente que vamos a recuperar el esp\u00edritu original de nuestra instituci\u00f3n y juntos lograr su reconstituci\u00f3n.<\/p>\n<p>Rechazamos cualquier intento gubernamental para oficializarnos. Les decimos que jam\u00e1s nos subordinaremos al Estado y que exigimos, como siempre lo hemos hecho, una relaci\u00f3n de respeto mutuo. Exigimos a los gobiernos respeto total a nuestro Sistema Comunitario de Seguridad y Justicia, a nuestra Polic\u00eda Comunitaria y a nuestra Coordinadora Regional de Autoridades Comunitaria.<\/p>\n<p>6. Exigimos la libertad inmediata de todos los presos pol\u00edticos del pa\u00eds y del estado de Guerrero, en especial de todos los coordinadores y polic\u00edas comunitarios que fueron traicionados y entregados por los que se dec\u00edan sus compa\u00f1eros y que llevan m\u00e1s de dos a\u00f1os en la c\u00e1rcel, como es el caso de N\u00e9stora Salgado, Gonzalo Molina, Arturo Campos, polic\u00edas comunitarios de Metlat\u00f3noc y de El Para\u00edso.<\/p>\n<p>Territorio Comunitario, 24 de agosto de 2015<\/p>\n<p>Atentamente<\/p>\n<p>\u00abEl Respeto a Nuestros Derechos es Justicia\u00bb<\/p>\n<p>Coordinadora Regional de Autoridades Comunitarias &#8211; Polic\u00eda Comunitaria<\/p>\n<p>Pueblos Fundadores del Sistema Comunitario de Seguridad y Justicia<\/p>\n<p><a class=\"autohyperlink\" title=\"http:\/\/www.pozol.org\/?p=11135\" href=\"http:\/\/www.pozol.org\/?p=11135\" target=\"_blank\">www.pozol.org\/?p=11135<\/a><\/p>\n<p>&nbsp;<\/p>\n","protected":false},"excerpt":{"rendered":"<p>Pozol Colectivo Comunicado de los Pueblos Fundadores de la Coordinadora Regional de Autoridades Comunitaria \u2013 Polic\u00eda Comunitaria Frente al plan de los gobiernos federal y estatal, de darle \u00abcause institucional &hellip; <a href=\"https:\/\/www.grieta.org.mx\/index.php\/2015\/08\/24\/rechazamos-cualquier-intento-gubernamental-para-oficializarnos-jamas-nos-subordinaremos-al-estado-afirma-policia-comunitaria-de-guerrero\/\" class=\"more-link\">Leer m\u00e1s<\/a><\/p>\n","protected":false},"author":2,"featured_media":21928,"comment_status":"closed","ping_status":"open","sticky":false,"template":"","format":"standard","meta":{"ngg_post_thumbnail":0,"_jetpack_newsletter_access":"","_jetpack_dont_email_post_to_subs":false,"_jetpack_newsletter_tier_id":0,"_jetpack_memberships_contains_paywalled_content":false,"_jetpack_memberships_contains_paid_content":false,"footnotes":""},"categories":[80,320],"tags":[558],"class_list":["post-9212","post","type-post","status-publish","format-standard","has-post-thumbnail","hentry","category-cintillo","category-guerrero","tag-crac-pc","entry"],"jetpack_featured_media_url":"https:\/\/www.grieta.org.mx\/wp-content\/uploads\/2018\/03\/14524434_1106112876131411_958039263622046936_o.jpg","jetpack_sharing_enabled":true,"jetpack_shortlink":"https:\/\/wp.me\/p7ZJR4-2oA","jetpack_likes_enabled":false,"jetpack-related-posts":[{"id":9171,"url":"https:\/\/www.grieta.org.mx\/index.php\/2016\/04\/21\/la-crac-pc-de-chilapa-realiza-recorridos-para-frenar-la-entrada-de-grupos-delictivos\/","url_meta":{"origin":9212,"position":0},"title":"Seguridad y justicia comunitaria en Guerrero","author":"grieta","date":"21 abril, 2016","format":false,"excerpt":"21\/04\/16 Mando \u00fanico para reprimir: Cirino Pl\u00e1cido El Faro 21\/10\/15 Para reconstituir la CRAC-PC hacen falta valores y principios: CIPOG-EZ Subversiones 13\/10\/15 La seguridad comunitaria en Guerrero cumple 20 a\u00f1os Subversiones 24\/08\/15 \u201cRechazamos cualquier intento para oficializarnos, no nos subordinaremos al Estado\u201d, pueblos fundadores de la polic\u00eda comunitaria de Guerrero.\u2026","rel":"","context":"En &quot;Guerrero&quot;","block_context":{"text":"Guerrero","link":"https:\/\/www.grieta.org.mx\/index.php\/category\/noticias-nacionales\/guerrero\/"},"img":{"alt_text":"","src":"https:\/\/i0.wp.com\/www.grieta.org.mx\/wp-content\/uploads\/2018\/03\/14524434_1106112876131411_958039263622046936_o.jpg?resize=350%2C200&ssl=1","width":350,"height":200,"srcset":"https:\/\/i0.wp.com\/www.grieta.org.mx\/wp-content\/uploads\/2018\/03\/14524434_1106112876131411_958039263622046936_o.jpg?resize=350%2C200&ssl=1 1x, https:\/\/i0.wp.com\/www.grieta.org.mx\/wp-content\/uploads\/2018\/03\/14524434_1106112876131411_958039263622046936_o.jpg?resize=525%2C300&ssl=1 1.5x, https:\/\/i0.wp.com\/www.grieta.org.mx\/wp-content\/uploads\/2018\/03\/14524434_1106112876131411_958039263622046936_o.jpg?resize=700%2C400&ssl=1 2x"},"classes":[]},{"id":34623,"url":"https:\/\/www.grieta.org.mx\/index.php\/2019\/06\/03\/responsabilizan-al-gobierno-por-posible-enfrentamiento-en-hueycantenango-guerrero\/","url_meta":{"origin":9212,"position":1},"title":"Responsabilizan al gobierno por posible enfrentamiento en Hueycantenango (Guerrero)","author":"Admin","date":"3 junio, 2019","format":false,"excerpt":"Eduardo Yener Santos \/ Quadrat\u00edn CHILPANCINGO, Gro., 3 de junio de 2019.- Integrantes de la Coordinadora Regional de Autoridades Comunitarias-Polic\u00eda Comunitaria de los Pueblos Fundadores (CRAC-PC- PF) de Rinc\u00f3n de Chautla, Chilapa, responsabilizaron a los tres \u00f3rdenes de gobierno de cualquier enfrentamiento armado que se pueda originar este martes en\u2026","rel":"","context":"En &quot;CINTILLO&quot;","block_context":{"text":"CINTILLO","link":"https:\/\/www.grieta.org.mx\/index.php\/category\/cintillo\/"},"img":{"alt_text":"","src":"https:\/\/i0.wp.com\/www.grieta.org.mx\/wp-content\/uploads\/2019\/06\/CRACPCPF-1160x700.jpg?resize=350%2C200&ssl=1","width":350,"height":200,"srcset":"https:\/\/i0.wp.com\/www.grieta.org.mx\/wp-content\/uploads\/2019\/06\/CRACPCPF-1160x700.jpg?resize=350%2C200&ssl=1 1x, https:\/\/i0.wp.com\/www.grieta.org.mx\/wp-content\/uploads\/2019\/06\/CRACPCPF-1160x700.jpg?resize=525%2C300&ssl=1 1.5x, https:\/\/i0.wp.com\/www.grieta.org.mx\/wp-content\/uploads\/2019\/06\/CRACPCPF-1160x700.jpg?resize=700%2C400&ssl=1 2x, https:\/\/i0.wp.com\/www.grieta.org.mx\/wp-content\/uploads\/2019\/06\/CRACPCPF-1160x700.jpg?resize=1050%2C600&ssl=1 3x"},"classes":[]},{"id":51861,"url":"https:\/\/www.grieta.org.mx\/index.php\/2020\/06\/17\/bloquea-crac-pf-en-chilapa-para-impedir-entrada-de-la-guardia-nacional-guerrero\/","url_meta":{"origin":9212,"position":2},"title":"Bloquea CRAC-PF en Chilapa para impedir entrada de la Guardia Nacional  (Guerrero)","author":"Admin","date":"17 junio, 2020","format":false,"excerpt":"Eduardo Y\u00e9ner \/ Quadrat\u00edn CHILPANCINGO, Gro., 17 de junio de 2020.- Integrantes de la Coordinadora Regional de Autoridades Comunitarias-Pueblos Fundadores (CRAC-PF) de Chilapa bloquean la carretera que conduce a Hueycantenango en el crucero de la comunidad de Alcozac\u00e1n. El bloqueo que se instal\u00f3 esta tarde y en el cual participan\u2026","rel":"","context":"En &quot;CINTILLO&quot;","block_context":{"text":"CINTILLO","link":"https:\/\/www.grieta.org.mx\/index.php\/category\/cintillo\/"},"img":{"alt_text":"","src":"https:\/\/i0.wp.com\/www.grieta.org.mx\/wp-content\/uploads\/2020\/07\/bloqueoCRAC-PF-1160x700.jpeg?resize=350%2C200&ssl=1","width":350,"height":200,"srcset":"https:\/\/i0.wp.com\/www.grieta.org.mx\/wp-content\/uploads\/2020\/07\/bloqueoCRAC-PF-1160x700.jpeg?resize=350%2C200&ssl=1 1x, https:\/\/i0.wp.com\/www.grieta.org.mx\/wp-content\/uploads\/2020\/07\/bloqueoCRAC-PF-1160x700.jpeg?resize=525%2C300&ssl=1 1.5x, https:\/\/i0.wp.com\/www.grieta.org.mx\/wp-content\/uploads\/2020\/07\/bloqueoCRAC-PF-1160x700.jpeg?resize=700%2C400&ssl=1 2x, https:\/\/i0.wp.com\/www.grieta.org.mx\/wp-content\/uploads\/2020\/07\/bloqueoCRAC-PF-1160x700.jpeg?resize=1050%2C600&ssl=1 3x"},"classes":[]},{"id":32325,"url":"https:\/\/www.grieta.org.mx\/index.php\/2019\/04\/16\/ante-el-asesinato-de-julian-cortes-flores-organizaciones-exigen-justicia\/","url_meta":{"origin":9212,"position":3},"title":"Ante el asesinato de Juli\u00e1n Cort\u00e9s Flores, organizaciones exigen justicia","author":"grieta","date":"16 abril, 2019","format":false,"excerpt":"Redacci\u00f3n \/ Somoselmedio El Centro de Derechos Humanos de la Monta\u00f1a, Tlachinollan, y el Movimiento por la Libertad de los Presos Pol\u00edticos del Estado de Guerrero (MOLPPEG), a trav\u00e9s del Congreso Nacional Ind\u00edgena (CNI), exigieron justicia por el asesinato de Juli\u00e1n Cort\u00e9s Flores, l\u00edder de la Coordinadora Regional de Autoridades\u2026","rel":"","context":"En &quot;CINTILLO&quot;","block_context":{"text":"CINTILLO","link":"https:\/\/www.grieta.org.mx\/index.php\/category\/cintillo\/"},"img":{"alt_text":"","src":"https:\/\/i0.wp.com\/www.grieta.org.mx\/wp-content\/uploads\/2019\/04\/direct-15.jpg?resize=350%2C200&ssl=1","width":350,"height":200,"srcset":"https:\/\/i0.wp.com\/www.grieta.org.mx\/wp-content\/uploads\/2019\/04\/direct-15.jpg?resize=350%2C200&ssl=1 1x, https:\/\/i0.wp.com\/www.grieta.org.mx\/wp-content\/uploads\/2019\/04\/direct-15.jpg?resize=525%2C300&ssl=1 1.5x"},"classes":[]},{"id":36763,"url":"https:\/\/www.grieta.org.mx\/index.php\/2019\/07\/21\/sitiaron-y-atacaron-a-balazos-a-comunidad-indigena-de-chilapa-denuncian-guerrero\/","url_meta":{"origin":9212,"position":4},"title":"Sitiaron y atacaron a balazos a comunidad ind\u00edgena de Chilapa, denuncian (Guerrero)","author":"Admin","date":"21 julio, 2019","format":false,"excerpt":"Francisca Meza Carranza \/ Quadrat\u00edn CHILPANCINGO, Gro., 21 de julio de 2019.-Integrantes del Concejo Ind\u00edgena y Popular de Guerrero-Emiliano Zapata (Cipog-EZ) denunciaron un ataque armado contra la comunidad nahua de Tula, municipio de Chilapa, durante la tarde-noche del s\u00e1bado, con saldo de al menos un herido, y solicitaron la intervenci\u00f3n\u2026","rel":"","context":"En &quot;CINTILLO&quot;","block_context":{"text":"CINTILLO","link":"https:\/\/www.grieta.org.mx\/index.php\/category\/cintillo\/"},"img":{"alt_text":"","src":"https:\/\/i0.wp.com\/www.grieta.org.mx\/wp-content\/uploads\/2019\/07\/Crimen-Violencia-M%C3%A9xico03-1160x700.png?resize=350%2C200&ssl=1","width":350,"height":200,"srcset":"https:\/\/i0.wp.com\/www.grieta.org.mx\/wp-content\/uploads\/2019\/07\/Crimen-Violencia-M%C3%A9xico03-1160x700.png?resize=350%2C200&ssl=1 1x, https:\/\/i0.wp.com\/www.grieta.org.mx\/wp-content\/uploads\/2019\/07\/Crimen-Violencia-M%C3%A9xico03-1160x700.png?resize=525%2C300&ssl=1 1.5x, https:\/\/i0.wp.com\/www.grieta.org.mx\/wp-content\/uploads\/2019\/07\/Crimen-Violencia-M%C3%A9xico03-1160x700.png?resize=700%2C400&ssl=1 2x, https:\/\/i0.wp.com\/www.grieta.org.mx\/wp-content\/uploads\/2019\/07\/Crimen-Violencia-M%C3%A9xico03-1160x700.png?resize=1050%2C600&ssl=1 3x"},"classes":[]},{"id":9182,"url":"https:\/\/www.grieta.org.mx\/index.php\/2015\/10\/13\/la-seguridad-comunitaria-en-guerrero-cumple-20-anos\/","url_meta":{"origin":9212,"position":5},"title":"La seguridad comunitaria en Guerrero cumple 20 a\u00f1os","author":"grieta","date":"13 octubre, 2015","format":false,"excerpt":"Subversiones https:\/\/www.youtube.com\/watch?v=qfzDcWmYS74 Redacci\u00f3n, En la v\u00edspera del vig\u00e9simo aniversario de la creaci\u00f3n de la Polic\u00eda Comunitaria (PC) de Guerrero \u2013y posteriormente la Coordinadora Regional de Autoridades Comunitarias (CRAC)\u2013, presentamos un avance documental de una larga investigaci\u00f3n acerca de las historias y los testimonios que conforman esta experiencia de lucha ind\u00edgena.\u2026","rel":"","context":"En &quot;CINTILLO&quot;","block_context":{"text":"CINTILLO","link":"https:\/\/www.grieta.org.mx\/index.php\/category\/cintillo\/"},"img":{"alt_text":"","src":"https:\/\/i0.wp.com\/www.grieta.org.mx\/wp-content\/uploads\/2018\/03\/14524434_1106112876131411_958039263622046936_o.jpg?resize=350%2C200&ssl=1","width":350,"height":200,"srcset":"https:\/\/i0.wp.com\/www.grieta.org.mx\/wp-content\/uploads\/2018\/03\/14524434_1106112876131411_958039263622046936_o.jpg?resize=350%2C200&ssl=1 1x, https:\/\/i0.wp.com\/www.grieta.org.mx\/wp-content\/uploads\/2018\/03\/14524434_1106112876131411_958039263622046936_o.jpg?resize=525%2C300&ssl=1 1.5x, https:\/\/i0.wp.com\/www.grieta.org.mx\/wp-content\/uploads\/2018\/03\/14524434_1106112876131411_958039263622046936_o.jpg?resize=700%2C400&ssl=1 2x"},"classes":[]}],"_links":{"self":[{"href":"https:\/\/www.grieta.org.mx\/index.php\/wp-json\/wp\/v2\/posts\/9212","targetHints":{"allow":["GET"]}}],"collection":[{"href":"https:\/\/www.grieta.org.mx\/index.php\/wp-json\/wp\/v2\/posts"}],"about":[{"href":"https:\/\/www.grieta.org.mx\/index.php\/wp-json\/wp\/v2\/types\/post"}],"author":[{"embeddable":true,"href":"https:\/\/www.grieta.org.mx\/index.php\/wp-json\/wp\/v2\/users\/2"}],"replies":[{"embeddable":true,"href":"https:\/\/www.grieta.org.mx\/index.php\/wp-json\/wp\/v2\/comments?post=9212"}],"version-history":[{"count":1,"href":"https:\/\/www.grieta.org.mx\/index.php\/wp-json\/wp\/v2\/posts\/9212\/revisions"}],"predecessor-version":[{"id":12498,"href":"https:\/\/www.grieta.org.mx\/index.php\/wp-json\/wp\/v2\/posts\/9212\/revisions\/12498"}],"wp:featuredmedia":[{"embeddable":true,"href":"https:\/\/www.grieta.org.mx\/index.php\/wp-json\/wp\/v2\/media\/21928"}],"wp:attachment":[{"href":"https:\/\/www.grieta.org.mx\/index.php\/wp-json\/wp\/v2\/media?parent=9212"}],"wp:term":[{"taxonomy":"category","embeddable":true,"href":"https:\/\/www.grieta.org.mx\/index.php\/wp-json\/wp\/v2\/categories?post=9212"},{"taxonomy":"post_tag","embeddable":true,"href":"https:\/\/www.grieta.org.mx\/index.php\/wp-json\/wp\/v2\/tags?post=9212"}],"curies":[{"name":"wp","href":"https:\/\/api.w.org\/{rel}","templated":true}]}}