{"id":9201,"date":"2015-09-05T22:56:11","date_gmt":"2015-09-05T22:56:11","guid":{"rendered":"http:\/\/www.grieta.org.mx\/?p=9201"},"modified":"2016-03-31T22:59:17","modified_gmt":"2016-03-31T22:59:17","slug":"toman-la-carcel-de-ayutla-para-exigir-la-libertad-de-policias-comunitarios-en-guerrero","status":"publish","type":"post","link":"https:\/\/www.grieta.org.mx\/index.php\/2015\/09\/05\/toman-la-carcel-de-ayutla-para-exigir-la-libertad-de-policias-comunitarios-en-guerrero\/","title":{"rendered":"Toman la c\u00e1rcel de Ayutla para exigir la libertad de polic\u00edas comunitarios en Guerrero"},"content":{"rendered":"<section class=\"entry-content clearfix\">El Sur<br \/>\nArgenis Salmer\u00f3n<br \/>\nAyutla<br \/>\nMarchan unos 500 manifestantes, ponen cadenas y candados al Juzgado y al MP<br \/>\nSe plantan en el penal donde est\u00e1n siete polic\u00edas comunitarios y un desplazado de La Laguna, presos \u201cinjustamente\u201d<br \/>\nCierran familiares de presos pol\u00edticos de manera indefinida la c\u00e1rcel de Ayutla por su libertad<br \/>\nMarchan unos 500 manifestantes, ponen cadenas y candados al Juzgado y al MP. Se plantan en el penal donde est\u00e1n siete polic\u00edas comunitarios y un desplazado, presos \u201cinjustamente\u201d<br \/>\nUnos 500 vecinos de distintas comunidades de Ayutla y Acapulco, encabezados por las esposas de los presos pol\u00edticos de la Polic\u00eda Comunitaria de la Coordinadora Regional de Autoridades Comunitarias (CRAC) de la Casa de Justicia de El Para\u00edso, marcharon y cerraron de manera indefinida la c\u00e1rcel de ese municipio en demanda de la liberaci\u00f3n de los polic\u00edas comunitarios recluidos desde hace m\u00e1s de dos a\u00f1os.<br \/>\nLos manifestantes cerraron con cadenas y candados el Juzgado y el Ministerio P\u00fablico (MP) de Ayutla ante la falta de compromiso del gobernador, Rogelio Ortega Mart\u00ednez.<br \/>\nHasta las 11 de la noche los manifestantes no hab\u00edan sido atendidos por las autoridades del gobierno del estado, solamente por el fiscal regional de la Costa Chica, V\u00edctor Parra T\u00e9llez, quien les pidi\u00f3 que liberaran el MP. Los inconformes accedieron a abrir el edificio, pero s\u00f3lo en caso de una emergencia.<br \/>\nA las 12 del d\u00eda los pobladores de las distintas comunidades se congregaron en la Unidad Deportiva de Ayutla, avanzaron y cerraron el Juzgado, el MP y culminaron en un plant\u00f3n en la c\u00e1rcel de esta cabecera municipal.<br \/>\nLos manifestantes llevaron cuatro cadenas y cinco candados con los que cerraron las puertas de acceso del Juzgado Mixto de Primera Instancia, del Distrito Judicial de Allende, la agencia del Ministerio P\u00fablico y la c\u00e1rcel. Pidieron a los trabadores que salieran porque las oficinas ser\u00edan cerradas; la indicacion fue atendida sin confrontaciones.<br \/>\nEn la c\u00e1rcel informaron que su protesta inclu\u00eda el cierre de la prisi\u00f3n, pero el director y los policias se negaron a dejar las instalaciones, entonces acordaron que se les permitir\u00eda pasar comida.<br \/>\nSiete polic\u00edas estatales llegaron en una patrulla a las 2 de la tarde, y permanecieron a unos 100 metros de la c\u00e1rcel de Ayutla, lo que fue calificado como una acci\u00f3n para intimidar a los manifestantes, aunque dos horas despu\u00e9s los polic\u00edas se retiraron.<br \/>\nV\u00eda telef\u00f3nica, el polic\u00eda comunitario \u00c1ngel Garc\u00eda Garc\u00eda se quej\u00f3 de que el director del penal de Ayutla, de quien no proporcion\u00f3 su nombre, incit\u00f3 a los dem\u00e1s recluidos ?que no son de la CRAC? a ponerse en contra de ellos, y responsabiliz\u00f3 al director de cualquier incidente dentro de la prisi\u00f3n.<br \/>\nEn el recorrido, los manifestantes gritaron consignas como \u201clibertad, libertad a los presos por luchar\u201d, \u201cpresos pol\u00edticos libertad\u201d y \u201cporque luchan por la tierra, por eso los encierran\u201d.<br \/>\nEn declaraciones, uno de los coordinadores del Frente de Organizaciones Democr\u00e1ticas del Estado de Guerrero (FODEG), Oger Morales Miranda pidi\u00f3 la liberaci\u00f3n de los presos pol\u00edticos del estado, pero en especial de los polic\u00edas comunitarios de la CRAC.<br \/>\nAdvirti\u00f3 que la c\u00e1rcel de Ayutla, que depende de la Secretar\u00eda de Seguridad P\u00fablica del estado, no ser\u00e1 liberada hasta que los siete polic\u00edas comunitarios y un desplazado de Coyuca de Catal\u00e1n sean liberados.<br \/>\nMencion\u00f3 que el gobernador Rogelio Ortega Mart\u00ednez, el 17 de junio visit\u00f3 la c\u00e1rcel de Ayutla y se comprometi\u00f3 a liberar a los presos pol\u00edticos, pero no ha cumplido.<br \/>\n\u201cNosotros pedimos la libertad de Nestora Salgado, de Gonzalo Molina y de Arturo Campos, pero hoy (ayer) de manera especial por los de la CRAC\u201d, puntualiz\u00f3.<br \/>\nAdem\u00e1s de los presos pol\u00edticos est\u00e1 el desplazado por la violencia de La Laguna, Coyuca de Catal\u00e1n, Gildardo D\u00edaz P\u00e9rez.<br \/>\nEl 21 de agosto de 2013, seis polic\u00edas comunitarios fueron detenidos por efectivos de las diversas corporaciones policiacas mediante una operaci\u00f3n en la Casa de Justicia de El Para\u00edso.<br \/>\nEl 1 de diciembre de ese a\u00f1o, Arturo Campos fue detenido cerca de la central de combis del servicio p\u00fablico de la ruta Chilpancingo-Tixtla, tras participar en un acto por la libertad de 12 integrantes de la CRAC encarcelados.<br \/>\nFalta voluntad del gobierno del estado, denuncia Tlachinollan<br \/>\nEl abogado del Centro de Derechos Humanos de la Monta\u00f1a, Tlachinollan, Rogelio T\u00e9liz Garc\u00eda declar\u00f3 que la falta de voluntad del gobierno del estado tiene detenido el proceso de liberaci\u00f3n de los siete polic\u00edas comunitarios y el desplazado de La Laguna.<br \/>\nExplic\u00f3 que los polic\u00edas comunitarios pueden ser liberados por medio un documento llamado \u201cincidente\u201d para que haya una resoluci\u00f3n a favor y seguir el proceso fuera de la c\u00e1rcel.<br \/>\nInform\u00f3 que, el viernes har\u00e1 su declaraci\u00f3n por los supuestos delitos de secuestro y robo Arturo Campos, luego de abstenerse anteriormente, \u201cno hay raz\u00f3n para que los compa\u00f1eros permanezcan encerrados, los avala la Ley 701, la asamblea del pueblo y est\u00e1n reconocidos como instituci\u00f3n, como CRAC\u201d.<br \/>\nCoraje por la injusticia<br \/>\nLa esposa de \u00c1ngel Garc\u00eda, Minerva Donasiano de Jes\u00fas, pidi\u00f3 al gobernador Rogelio Ortega Mart\u00ednez la liberaci\u00f3n de los presos pol\u00edticos de la Polic\u00eda Comunitaria de la CRAC, porque asegur\u00f3 que ellos no son delincuentes y fueron v\u00edctimas de delitos \u201cfabricados\u201d.<br \/>\nLlam\u00f3 al gobernador a investigar a las familias de los presos pol\u00edticos para corroborar si pertenecen a un grupo delictivo, \u201cnosotros tenemos mucha necesidad, tenemos casa de adobe, otros ni vivienda tienen, el gobernador piensa que nuestros esposos son delincuentes, pero est\u00e1 equivocado\u201d.<br \/>\nCon las l\u00e1grimas contenidas, Donasiano de Jes\u00fas manifest\u00f3 que por acudir a las marchas y protestas en demanda de la liberaci\u00f3n de los polic\u00edas comunitarios, las mujeres de los presos pol\u00edticos descuidan a sus hijos, \u201cnuestros hijos trabajan en el campo no sabemos si se alimentan, ahora ni ma\u00edz tenemos para sobrevivir\u201d.<br \/>\nExigi\u00f3 libertad inmediata para los presos pol\u00edticos, porque son personas dedicadas al campo y a cuidar a sus vecinos, \u201cas\u00ed como los detuvieron de r\u00e1pido, as\u00ed queremos que los liberen\u201d.<br \/>\n\u201cQuisiera gritar por la injusticia, porque nosotros somos personas ind\u00edgenas y hablamos mixteco, pero tenemos la firme convicci\u00f3n de exigir la libertad de los presos pol\u00edticos de la CRAC\u201d, expres\u00f3.<br \/>\nRelat\u00f3 que jam\u00e1s olvidar\u00e1 el d\u00eda de la detenci\u00f3n de su esposo, \u201cese d\u00eda un convoy de polic\u00edas fuertemente armados empezaron a sacar a los delincuentes (en reeducaci\u00f3n) de la Casa de Justicia, y a nuestros esposos los golpearon, les hicieron feo, eso me da mucho coraje\u201d.<br \/>\nAtenco se solidariza con las esposas de los presos pol\u00edticos<br \/>\nEl integrante del Frente en Defensa de la Tierra de Atenco, Estado de M\u00e9xico, Ignacio del Valle Medina dijo que el apoyo de la organizaci\u00f3n obedece a la solidaridad primero como seres humanos ante una situaci\u00f3n de injustica.<br \/>\nAgreg\u00f3 que el \u00fanico af\u00e1n los polic\u00edas comunitarios recluidos en el penal de Ayutla fue constituir otra forma de implementar la seguridad en las comunidades, \u201cpara nosotros es un ejemplo a seguir en la autonom\u00eda de los pueblos\u201d.<br \/>\n\u201cLos pueblos toman una actitud de cuidar sus comunidades, eso es una gran responsabilidad, sabemos que el gobierno pretende desprestigiar y criminalizar se\u00f1alando delitos que no son justificables\u201d, finaliz\u00f3.<br \/>\nEn la marcha y en el plant\u00f3n de la c\u00e1rcel estuvieron polic\u00edas de la CRAC, estudiantes de Ayotzinapa, abogados de Tlachinollan, integrantes del FODEG, de Atenco, comisarios y comisariados de las comunidades de El Para\u00edso y F\u00e1tima. De Acapulco fueron habitantes de El Campanario y Progreso de Cacahuatepec.<br \/>\nEl 16 de agosto, esposas e hijos de siete presos de la CRAC, y de un desplazado de La Laguna, protestaron afuera de la c\u00e1rcel de Ayutla para exigir al gobernador la libertad de sus familiares, y ayer lo volvieron a hacer.<\/p>\n<p><a class=\"autohyperlink\" title=\"http:\/\/suracapulco.mx\/archivos\/302553\" href=\"http:\/\/suracapulco.mx\/archivos\/302553\" target=\"_blank\">suracapulco.mx\/archivos\/302553<\/a><\/p>\n<\/section>\n","protected":false},"excerpt":{"rendered":"<p>El Sur Argenis Salmer\u00f3n Ayutla Marchan unos 500 manifestantes, ponen cadenas y candados al Juzgado y al MP Se plantan en el penal donde est\u00e1n siete polic\u00edas comunitarios y un &hellip; <a href=\"https:\/\/www.grieta.org.mx\/index.php\/2015\/09\/05\/toman-la-carcel-de-ayutla-para-exigir-la-libertad-de-policias-comunitarios-en-guerrero\/\" class=\"more-link\">Leer m\u00e1s<\/a><\/p>\n","protected":false},"author":2,"featured_media":21928,"comment_status":"closed","ping_status":"open","sticky":false,"template":"","format":"standard","meta":{"ngg_post_thumbnail":0,"_jetpack_newsletter_access":"","_jetpack_dont_email_post_to_subs":false,"_jetpack_newsletter_tier_id":0,"_jetpack_memberships_contains_paywalled_content":false,"_jetpack_memberships_contains_paid_content":false,"footnotes":""},"categories":[80,320],"tags":[131],"class_list":["post-9201","post","type-post","status-publish","format-standard","has-post-thumbnail","hentry","category-cintillo","category-guerrero","tag-presos-politicos","entry"],"jetpack_featured_media_url":"https:\/\/www.grieta.org.mx\/wp-content\/uploads\/2018\/03\/14524434_1106112876131411_958039263622046936_o.jpg","jetpack_sharing_enabled":true,"jetpack_shortlink":"https:\/\/wp.me\/p7ZJR4-2op","jetpack_likes_enabled":false,"jetpack-related-posts":[{"id":9200,"url":"https:\/\/www.grieta.org.mx\/index.php\/2016\/05\/15\/noticias-sobre-presos-politicos-de-guerrero\/","url_meta":{"origin":9201,"position":0},"title":"Presos pol\u00edticos de Guerrero","author":"grieta","date":"15 mayo, 2016","format":false,"excerpt":"15\/05\/16 Liberan a 6 presos de la CRAC de Ayutla El Faro 22\/03\/16 Nestora Salgado viaja a EU; inicia campa\u00f1a a favor de presos pol\u00edticos en M\u00e9xico Proceso 17\/08\/15 Sale de la c\u00e1rcel Marco Antonio Su\u00e1stegui; la lucha sigue, declara el l\u00edder del Cecop El Sur","rel":"","context":"En &quot;Guerrero&quot;","block_context":{"text":"Guerrero","link":"https:\/\/www.grieta.org.mx\/index.php\/category\/noticias-nacionales\/guerrero\/"},"img":{"alt_text":"","src":"https:\/\/i0.wp.com\/www.grieta.org.mx\/wp-content\/uploads\/2018\/03\/14524434_1106112876131411_958039263622046936_o.jpg?resize=350%2C200&ssl=1","width":350,"height":200,"srcset":"https:\/\/i0.wp.com\/www.grieta.org.mx\/wp-content\/uploads\/2018\/03\/14524434_1106112876131411_958039263622046936_o.jpg?resize=350%2C200&ssl=1 1x, https:\/\/i0.wp.com\/www.grieta.org.mx\/wp-content\/uploads\/2018\/03\/14524434_1106112876131411_958039263622046936_o.jpg?resize=525%2C300&ssl=1 1.5x, https:\/\/i0.wp.com\/www.grieta.org.mx\/wp-content\/uploads\/2018\/03\/14524434_1106112876131411_958039263622046936_o.jpg?resize=700%2C400&ssl=1 2x"},"classes":[]},{"id":12503,"url":"https:\/\/www.grieta.org.mx\/index.php\/2016\/05\/15\/liberan-a-6-presos-de-la-crac-de-ayutla\/","url_meta":{"origin":9201,"position":1},"title":"Liberan a 6 presos de la CRAC de Ayutla, Guerrero","author":"grieta","date":"15 mayo, 2016","format":false,"excerpt":"El Faro Sonia Y. Abarca Por no existir pruebas de alg\u00fan delito, este jueves por la noche fueron liberados 6 integrantes de la Coordinadora Regional de Autoridades Comunitarias-Polic\u00eda Comunitaria (CRAC-PC) de la casa de justicia de El Para\u00edso, en el municipio de Ayutla. Los integrantes de la CRAC liberados son\u2026","rel":"","context":"En &quot;CINTILLO&quot;","block_context":{"text":"CINTILLO","link":"https:\/\/www.grieta.org.mx\/index.php\/category\/cintillo\/"},"img":{"alt_text":"","src":"https:\/\/i0.wp.com\/www.grieta.org.mx\/wp-content\/uploads\/2018\/03\/14524434_1106112876131411_958039263622046936_o.jpg?resize=350%2C200&ssl=1","width":350,"height":200,"srcset":"https:\/\/i0.wp.com\/www.grieta.org.mx\/wp-content\/uploads\/2018\/03\/14524434_1106112876131411_958039263622046936_o.jpg?resize=350%2C200&ssl=1 1x, https:\/\/i0.wp.com\/www.grieta.org.mx\/wp-content\/uploads\/2018\/03\/14524434_1106112876131411_958039263622046936_o.jpg?resize=525%2C300&ssl=1 1.5x, https:\/\/i0.wp.com\/www.grieta.org.mx\/wp-content\/uploads\/2018\/03\/14524434_1106112876131411_958039263622046936_o.jpg?resize=700%2C400&ssl=1 2x"},"classes":[]},{"id":9215,"url":"https:\/\/www.grieta.org.mx\/index.php\/2015\/08\/14\/sale-de-la-carcel-marco-antonio-suastegui-la-lucha-sigue-declara-el-lider-del-cecop\/","url_meta":{"origin":9201,"position":2},"title":"Sale de la c\u00e1rcel Marco Antonio Su\u00e1stegui; la lucha sigue, declara el l\u00edder del Cecop","author":"grieta","date":"14 agosto, 2015","format":false,"excerpt":"El Sur Brenda Escobar La Segunda Sala del Tribunal Superior de Justicia del Estado orden\u00f3 su liberaci\u00f3n. El vocero de los opositores a la presa La Parota estuvo en prisi\u00f3n durante un a\u00f1o y dos meses. Demostr\u00f3 con elementos jur\u00eddicos suficientes que le asist\u00eda la raz\u00f3n, reconoce el secretario de\u2026","rel":"","context":"En &quot;CINTILLO&quot;","block_context":{"text":"CINTILLO","link":"https:\/\/www.grieta.org.mx\/index.php\/category\/cintillo\/"},"img":{"alt_text":"","src":"https:\/\/i0.wp.com\/www.grieta.org.mx\/wp-content\/uploads\/2018\/03\/14524434_1106112876131411_958039263622046936_o.jpg?resize=350%2C200&ssl=1","width":350,"height":200,"srcset":"https:\/\/i0.wp.com\/www.grieta.org.mx\/wp-content\/uploads\/2018\/03\/14524434_1106112876131411_958039263622046936_o.jpg?resize=350%2C200&ssl=1 1x, https:\/\/i0.wp.com\/www.grieta.org.mx\/wp-content\/uploads\/2018\/03\/14524434_1106112876131411_958039263622046936_o.jpg?resize=525%2C300&ssl=1 1.5x, https:\/\/i0.wp.com\/www.grieta.org.mx\/wp-content\/uploads\/2018\/03\/14524434_1106112876131411_958039263622046936_o.jpg?resize=700%2C400&ssl=1 2x"},"classes":[]},{"id":9209,"url":"https:\/\/www.grieta.org.mx\/index.php\/2016\/03\/22\/nestora-salgado-viaja-a-eu-inicia-campana-a-favor-de-presos-politicos-en-mexico\/","url_meta":{"origin":9201,"position":3},"title":"Nestora Salgado viaja a EU; inicia campa\u00f1a a favor de presos pol\u00edticos en M\u00e9xico","author":"grieta","date":"22 marzo, 2016","format":false,"excerpt":"Proceso Redacci\u00f3n Cinco d\u00edas despu\u00e9s de haber sido liberada, la lideresa de la Polic\u00eda Comunitaria de Olinal\u00e1, Guerrero, Nestora Salgado, viaj\u00f3 esta ma\u00f1ana a Estados Unidos para iniciar una campa\u00f1a a favor de los presos pol\u00edticos en M\u00e9xico. Destac\u00f3 que en Seatle visitar\u00e1 la Cl\u00ednica Internacional de Derechos Humanos de\u2026","rel":"","context":"En &quot;CINTILLO&quot;","block_context":{"text":"CINTILLO","link":"https:\/\/www.grieta.org.mx\/index.php\/category\/cintillo\/"},"img":{"alt_text":"","src":"https:\/\/i0.wp.com\/www.grieta.org.mx\/wp-content\/uploads\/2018\/03\/14524434_1106112876131411_958039263622046936_o.jpg?resize=350%2C200&ssl=1","width":350,"height":200,"srcset":"https:\/\/i0.wp.com\/www.grieta.org.mx\/wp-content\/uploads\/2018\/03\/14524434_1106112876131411_958039263622046936_o.jpg?resize=350%2C200&ssl=1 1x, https:\/\/i0.wp.com\/www.grieta.org.mx\/wp-content\/uploads\/2018\/03\/14524434_1106112876131411_958039263622046936_o.jpg?resize=525%2C300&ssl=1 1.5x, https:\/\/i0.wp.com\/www.grieta.org.mx\/wp-content\/uploads\/2018\/03\/14524434_1106112876131411_958039263622046936_o.jpg?resize=700%2C400&ssl=1 2x"},"classes":[]},{"id":22323,"url":"https:\/\/www.grieta.org.mx\/index.php\/2018\/03\/16\/por-caso-chemours-exigen-liberar-a-presos-politicos-durango\/","url_meta":{"origin":9201,"position":4},"title":"Por caso Chemours exigen liberar a presos politicos (Durango)","author":"grieta","date":"16 marzo, 2018","format":false,"excerpt":"Redacci\u00f3n\/La Voz De Durango La tarde de este jueves distintos grupos de la sociedad civil de Durango marcharon por avenida 5 de Febrero de la Zona Centro de esta ciudad, exigiendo la liberaci\u00f3n de 10 ciudadanos que se opusieron hace unos d\u00edas a la instalaci\u00f3n de la empresa productora de\u2026","rel":"","context":"En &quot;CINTILLO&quot;","block_context":{"text":"CINTILLO","link":"https:\/\/www.grieta.org.mx\/index.php\/category\/cintillo\/"},"img":{"alt_text":"","src":"https:\/\/i0.wp.com\/www.grieta.org.mx\/wp-content\/uploads\/2018\/03\/d3.jpg?resize=350%2C200&ssl=1","width":350,"height":200,"srcset":"https:\/\/i0.wp.com\/www.grieta.org.mx\/wp-content\/uploads\/2018\/03\/d3.jpg?resize=350%2C200&ssl=1 1x, https:\/\/i0.wp.com\/www.grieta.org.mx\/wp-content\/uploads\/2018\/03\/d3.jpg?resize=525%2C300&ssl=1 1.5x"},"classes":[]},{"id":34578,"url":"https:\/\/www.grieta.org.mx\/index.php\/2019\/06\/08\/liberan-a-ejidatarios-y-policias-comunitarios-en-guerrero\/","url_meta":{"origin":9201,"position":5},"title":"Liberan a ejidatarios y polic\u00edas comunitarios en Guerrero","author":"Admin","date":"8 junio, 2019","format":false,"excerpt":"Redacci\u00f3n \/ 20 minutos Un Tribunal de Enjuiciamiento emiti\u00f3 un fallo absolutorio para 16 integrantes del Consejo de Ejidos y Comunidades Opositoras a la Presa la Parota y polic\u00edas comunitarios de la CRAC-PC por el delito de homicidio, entre ellos el l\u00edder de la Cecop, Marco Antonio Su\u00e1stegui. Sin embargo,\u2026","rel":"","context":"En &quot;CINTILLO&quot;","block_context":{"text":"CINTILLO","link":"https:\/\/www.grieta.org.mx\/index.php\/category\/cintillo\/"},"img":{"alt_text":"","src":"https:\/\/i0.wp.com\/www.grieta.org.mx\/wp-content\/uploads\/2019\/03\/parota-696x522.jpg?resize=350%2C200&ssl=1","width":350,"height":200,"srcset":"https:\/\/i0.wp.com\/www.grieta.org.mx\/wp-content\/uploads\/2019\/03\/parota-696x522.jpg?resize=350%2C200&ssl=1 1x, https:\/\/i0.wp.com\/www.grieta.org.mx\/wp-content\/uploads\/2019\/03\/parota-696x522.jpg?resize=525%2C300&ssl=1 1.5x"},"classes":[]}],"_links":{"self":[{"href":"https:\/\/www.grieta.org.mx\/index.php\/wp-json\/wp\/v2\/posts\/9201","targetHints":{"allow":["GET"]}}],"collection":[{"href":"https:\/\/www.grieta.org.mx\/index.php\/wp-json\/wp\/v2\/posts"}],"about":[{"href":"https:\/\/www.grieta.org.mx\/index.php\/wp-json\/wp\/v2\/types\/post"}],"author":[{"embeddable":true,"href":"https:\/\/www.grieta.org.mx\/index.php\/wp-json\/wp\/v2\/users\/2"}],"replies":[{"embeddable":true,"href":"https:\/\/www.grieta.org.mx\/index.php\/wp-json\/wp\/v2\/comments?post=9201"}],"version-history":[{"count":1,"href":"https:\/\/www.grieta.org.mx\/index.php\/wp-json\/wp\/v2\/posts\/9201\/revisions"}],"predecessor-version":[{"id":9202,"href":"https:\/\/www.grieta.org.mx\/index.php\/wp-json\/wp\/v2\/posts\/9201\/revisions\/9202"}],"wp:featuredmedia":[{"embeddable":true,"href":"https:\/\/www.grieta.org.mx\/index.php\/wp-json\/wp\/v2\/media\/21928"}],"wp:attachment":[{"href":"https:\/\/www.grieta.org.mx\/index.php\/wp-json\/wp\/v2\/media?parent=9201"}],"wp:term":[{"taxonomy":"category","embeddable":true,"href":"https:\/\/www.grieta.org.mx\/index.php\/wp-json\/wp\/v2\/categories?post=9201"},{"taxonomy":"post_tag","embeddable":true,"href":"https:\/\/www.grieta.org.mx\/index.php\/wp-json\/wp\/v2\/tags?post=9201"}],"curies":[{"name":"wp","href":"https:\/\/api.w.org\/{rel}","templated":true}]}}