{"id":9148,"date":"2016-07-13T19:14:45","date_gmt":"2016-07-14T00:14:45","guid":{"rendered":"http:\/\/50.22.11.12\/~grietaor\/?p=9148"},"modified":"2016-07-16T12:01:25","modified_gmt":"2016-07-16T17:01:25","slug":"movilizaciones-contra-la-cfe-y-las-altas-tarifas-de-luz-en-morelos","status":"publish","type":"post","link":"https:\/\/www.grieta.org.mx\/index.php\/2016\/07\/13\/movilizaciones-contra-la-cfe-y-las-altas-tarifas-de-luz-en-morelos\/","title":{"rendered":"Movilizaciones contra la CFE y las altas tarifas de luz en Morelos"},"content":{"rendered":"<p><strong>13\/07\/16. <\/strong><a href=\"http:\/\/www.grieta.org.mx\/index.php\/2016\/07\/13\/asesinan-en-morelos-a-ex-lider-del-sme\/\">Asesinan en Morelos a ex l\u00edder del SME<\/a><br \/>\n<em>Morelos Diario<\/em><\/p>\n<p><strong>04\/12\/15. <\/strong><a href=\"http:\/\/grieta.org.mx\/index.php\/2014\/03\/04\/otra-protesta-contra-la-cfe-ahora-por-el-incremento-en-las-tarifas\/\">Otra protesta contra la CFE; ahora, por el incremento en las tarifas<\/a><br \/>\n<em>La uni\u00f3n de Morelos<\/em><\/p>\n<p><strong>16\/07\/15. <\/strong><a href=\"http:\/\/grieta.org.mx\/index.php\/2015\/07\/16\/protestan-usuarios-de-cfe-en-morelos-contra-altos-cobros\/\">Protestan usuarios de CFE en Morelos contra altos cobros<\/a><br \/>\n<em>La Jornada<\/em><\/p>\n","protected":false},"excerpt":{"rendered":"<p>13\/07\/16. Asesinan en Morelos a ex l\u00edder del SME Morelos Diario 04\/12\/15. Otra protesta contra la CFE; ahora, por el incremento en las tarifas La uni\u00f3n de Morelos 16\/07\/15. Protestan &hellip; <a href=\"https:\/\/www.grieta.org.mx\/index.php\/2016\/07\/13\/movilizaciones-contra-la-cfe-y-las-altas-tarifas-de-luz-en-morelos\/\" class=\"more-link\">Leer m\u00e1s<\/a><\/p>\n","protected":false},"author":2,"featured_media":21928,"comment_status":"closed","ping_status":"open","sticky":false,"template":"","format":"standard","meta":{"ngg_post_thumbnail":0,"_jetpack_newsletter_access":"","_jetpack_dont_email_post_to_subs":false,"_jetpack_newsletter_tier_id":0,"_jetpack_memberships_contains_paywalled_content":false,"_jetpack_memberships_contains_paid_content":false,"footnotes":""},"categories":[22],"tags":[],"class_list":["post-9148","post","type-post","status-publish","format-standard","has-post-thumbnail","hentry","category-morelos","entry"],"jetpack_featured_media_url":"https:\/\/www.grieta.org.mx\/wp-content\/uploads\/2018\/03\/14524434_1106112876131411_958039263622046936_o.jpg","jetpack_sharing_enabled":true,"jetpack_shortlink":"https:\/\/wp.me\/p7ZJR4-2ny","jetpack_likes_enabled":false,"jetpack-related-posts":[{"id":9152,"url":"https:\/\/www.grieta.org.mx\/index.php\/2015\/07\/16\/protestan-usuarios-de-cfe-en-morelos-contra-altos-cobros\/","url_meta":{"origin":9148,"position":0},"title":"Protestan usuarios de CFE en Morelos contra altos cobros","author":"grieta","date":"16 julio, 2015","format":false,"excerpt":"La Jornada Cuernavaca, Mor. Un centenar de usuarios de la Comisi\u00f3n Federal de Electricidad (CFE) protestaron durante cuatro horas frente a las instalaciones de esta paraestatal para rechazar los altos cobros de energ\u00eda, y para exigir que los usuarios que se han quejado ante la Profeco (por altas tarifas o\u2026","rel":"","context":"En &quot;CINTILLO&quot;","block_context":{"text":"CINTILLO","link":"https:\/\/www.grieta.org.mx\/index.php\/category\/cintillo\/"},"img":{"alt_text":"","src":"https:\/\/i0.wp.com\/www.grieta.org.mx\/wp-content\/uploads\/2018\/03\/14524434_1106112876131411_958039263622046936_o.jpg?resize=350%2C200&ssl=1","width":350,"height":200,"srcset":"https:\/\/i0.wp.com\/www.grieta.org.mx\/wp-content\/uploads\/2018\/03\/14524434_1106112876131411_958039263622046936_o.jpg?resize=350%2C200&ssl=1 1x, https:\/\/i0.wp.com\/www.grieta.org.mx\/wp-content\/uploads\/2018\/03\/14524434_1106112876131411_958039263622046936_o.jpg?resize=525%2C300&ssl=1 1.5x, https:\/\/i0.wp.com\/www.grieta.org.mx\/wp-content\/uploads\/2018\/03\/14524434_1106112876131411_958039263622046936_o.jpg?resize=700%2C400&ssl=1 2x"},"classes":[]},{"id":9149,"url":"https:\/\/www.grieta.org.mx\/index.php\/2014\/03\/04\/otra-protesta-contra-la-cfe-ahora-por-el-incremento-en-las-tarifas\/","url_meta":{"origin":9148,"position":1},"title":"Otra protesta contra la CFE; ahora, por el incremento en las tarifas","author":"grieta","date":"4 marzo, 2014","format":false,"excerpt":"La Uni\u00f3n de Morelos Un grupo de al menos 50 personas bloquearon ayer la avenida Vicente Guerrero, justo frente a las instalaciones de la Comisi\u00f3n Federal de Electricidad (CFE), para exigir el cese a los aumentos a las tarifas de energ\u00eda el\u00e9ctrica. Los manifestantes forman parte de la Asamblea Nacional\u2026","rel":"","context":"En &quot;CINTILLO&quot;","block_context":{"text":"CINTILLO","link":"https:\/\/www.grieta.org.mx\/index.php\/category\/cintillo\/"},"img":{"alt_text":"","src":"https:\/\/i0.wp.com\/www.grieta.org.mx\/wp-content\/uploads\/2018\/03\/14524434_1106112876131411_958039263622046936_o.jpg?resize=350%2C200&ssl=1","width":350,"height":200,"srcset":"https:\/\/i0.wp.com\/www.grieta.org.mx\/wp-content\/uploads\/2018\/03\/14524434_1106112876131411_958039263622046936_o.jpg?resize=350%2C200&ssl=1 1x, https:\/\/i0.wp.com\/www.grieta.org.mx\/wp-content\/uploads\/2018\/03\/14524434_1106112876131411_958039263622046936_o.jpg?resize=525%2C300&ssl=1 1.5x, https:\/\/i0.wp.com\/www.grieta.org.mx\/wp-content\/uploads\/2018\/03\/14524434_1106112876131411_958039263622046936_o.jpg?resize=700%2C400&ssl=1 2x"},"classes":[]},{"id":5518,"url":"https:\/\/www.grieta.org.mx\/index.php\/2014\/07\/09\/exigen-frenar-megaproyectos-de-cfe-y-liberar-a-opositores-presos\/","url_meta":{"origin":9148,"position":2},"title":"Exigen frenar megaproyectos de CFE y liberar a opositores presos","author":"grieta","date":"9 julio, 2014","format":false,"excerpt":"(M. Breach, R. Villalpando, R. Morelos y D. Manzo, corresponsales; Y. Llav\u00e9n \/ La Jornada de Oriente; F. Camacho y R. Rojas, reporteros) Cientos de integrantes de organizaciones se manifestaron ayer en Puebla, Morelos, Chihuahua y Oaxaca, as\u00ed como en el Distrito Federal, para exigir al presidente Enrique Pe\u00f1a Nieto\u2026","rel":"","context":"En &quot;CINTILLO&quot;","block_context":{"text":"CINTILLO","link":"https:\/\/www.grieta.org.mx\/index.php\/category\/cintillo\/"},"img":{"alt_text":"","src":"https:\/\/i0.wp.com\/www.grieta.org.mx\/wp-content\/uploads\/2018\/03\/14524434_1106112876131411_958039263622046936_o.jpg?resize=350%2C200&ssl=1","width":350,"height":200,"srcset":"https:\/\/i0.wp.com\/www.grieta.org.mx\/wp-content\/uploads\/2018\/03\/14524434_1106112876131411_958039263622046936_o.jpg?resize=350%2C200&ssl=1 1x, https:\/\/i0.wp.com\/www.grieta.org.mx\/wp-content\/uploads\/2018\/03\/14524434_1106112876131411_958039263622046936_o.jpg?resize=525%2C300&ssl=1 1.5x, https:\/\/i0.wp.com\/www.grieta.org.mx\/wp-content\/uploads\/2018\/03\/14524434_1106112876131411_958039263622046936_o.jpg?resize=700%2C400&ssl=1 2x"},"classes":[]},{"id":17017,"url":"https:\/\/www.grieta.org.mx\/index.php\/2016\/07\/13\/asesinan-en-morelos-a-ex-lider-del-sme\/","url_meta":{"origin":9148,"position":3},"title":"Asesinan en Morelos a ex l\u00edder del SME","author":"grieta","date":"13 julio, 2016","format":false,"excerpt":"MORELOS. El ex l\u00edder del Sindicato Mexicano de Electricistas (SME) en Morelos y actual miembro de la asamblea local de la Asociaci\u00f3n Nacional de Usuarios de la Energ\u00eda El\u00e9ctrica (ANUEE), Marco Antonio Garc\u00eda Barrera, fue asesinado en el municipio de Emiliano Zapata, confirmaron organizaciones afines al activista desaparecidos. La Comisi\u00f3n\u2026","rel":"","context":"En &quot;CINTILLO&quot;","block_context":{"text":"CINTILLO","link":"https:\/\/www.grieta.org.mx\/index.php\/category\/cintillo\/"},"img":{"alt_text":"","src":"https:\/\/i0.wp.com\/www.grieta.org.mx\/wp-content\/uploads\/2018\/03\/14524434_1106112876131411_958039263622046936_o.jpg?resize=350%2C200&ssl=1","width":350,"height":200,"srcset":"https:\/\/i0.wp.com\/www.grieta.org.mx\/wp-content\/uploads\/2018\/03\/14524434_1106112876131411_958039263622046936_o.jpg?resize=350%2C200&ssl=1 1x, https:\/\/i0.wp.com\/www.grieta.org.mx\/wp-content\/uploads\/2018\/03\/14524434_1106112876131411_958039263622046936_o.jpg?resize=525%2C300&ssl=1 1.5x, https:\/\/i0.wp.com\/www.grieta.org.mx\/wp-content\/uploads\/2018\/03\/14524434_1106112876131411_958039263622046936_o.jpg?resize=700%2C400&ssl=1 2x"},"classes":[]},{"id":17007,"url":"https:\/\/www.grieta.org.mx\/index.php\/2016\/07\/14\/reactivan-planton-en-apatlaco-contra-el-proyecto-integral-morelos-pim\/","url_meta":{"origin":9148,"position":4},"title":"Reactivan plant\u00f3n en Apatlaco, contra el Proyecto Integral Morelos (PIM)","author":"grieta","date":"14 julio, 2016","format":false,"excerpt":"POR GABRIELA MART\u00cdNEZ Ejidatarios y vecinos de la comunidad de San Pedro Apatlaco, municipio de Ayala, reactivaron el plant\u00f3n en contra del acueducto, luego de que maquinaria pesada intent\u00f3 reiniciar los trabajos de introducci\u00f3n del ducto que trasladar\u00e1 agua a la Planta Termoel\u00e9ctrica de Huexca. El ingreso de la maquinaria\u2026","rel":"","context":"En &quot;Morelos&quot;","block_context":{"text":"Morelos","link":"https:\/\/www.grieta.org.mx\/index.php\/category\/noticias-nacionales\/morelos\/"},"img":{"alt_text":"","src":"https:\/\/i0.wp.com\/www.grieta.org.mx\/wp-content\/uploads\/2018\/03\/14524434_1106112876131411_958039263622046936_o.jpg?resize=350%2C200&ssl=1","width":350,"height":200,"srcset":"https:\/\/i0.wp.com\/www.grieta.org.mx\/wp-content\/uploads\/2018\/03\/14524434_1106112876131411_958039263622046936_o.jpg?resize=350%2C200&ssl=1 1x, https:\/\/i0.wp.com\/www.grieta.org.mx\/wp-content\/uploads\/2018\/03\/14524434_1106112876131411_958039263622046936_o.jpg?resize=525%2C300&ssl=1 1.5x, https:\/\/i0.wp.com\/www.grieta.org.mx\/wp-content\/uploads\/2018\/03\/14524434_1106112876131411_958039263622046936_o.jpg?resize=700%2C400&ssl=1 2x"},"classes":[]},{"id":8594,"url":"https:\/\/www.grieta.org.mx\/index.php\/2016\/09\/04\/organizacion-contra-proyecto-integral-morelos\/","url_meta":{"origin":9148,"position":5},"title":"Rechazo al Proyecto Integral Morelos (PIM) en Morelos","author":"grieta","date":"4 septiembre, 2016","format":false,"excerpt":"04\/09\/16. Estancado, el conflicto por el acueducto en San Pedro Apatlaco La Uni\u00f3n de Morelos 01\/09\/16. Cierran filas ejidatarios para impedir infiltraci\u00f3n de agitadores La Uni\u00f3n de Morelos 31\/08\/16. Ofrece el FAM rueda de prensa; Frente de Pueblos refiere que hay 20 detenidos por hechos ocurridos en Apatlaco La Uni\u00f3n\u2026","rel":"","context":"En &quot;Morelos&quot;","block_context":{"text":"Morelos","link":"https:\/\/www.grieta.org.mx\/index.php\/category\/noticias-nacionales\/morelos\/"},"img":{"alt_text":"","src":"https:\/\/i0.wp.com\/www.grieta.org.mx\/wp-content\/uploads\/2018\/03\/14524434_1106112876131411_958039263622046936_o.jpg?resize=350%2C200&ssl=1","width":350,"height":200,"srcset":"https:\/\/i0.wp.com\/www.grieta.org.mx\/wp-content\/uploads\/2018\/03\/14524434_1106112876131411_958039263622046936_o.jpg?resize=350%2C200&ssl=1 1x, https:\/\/i0.wp.com\/www.grieta.org.mx\/wp-content\/uploads\/2018\/03\/14524434_1106112876131411_958039263622046936_o.jpg?resize=525%2C300&ssl=1 1.5x, https:\/\/i0.wp.com\/www.grieta.org.mx\/wp-content\/uploads\/2018\/03\/14524434_1106112876131411_958039263622046936_o.jpg?resize=700%2C400&ssl=1 2x"},"classes":[]}],"_links":{"self":[{"href":"https:\/\/www.grieta.org.mx\/index.php\/wp-json\/wp\/v2\/posts\/9148","targetHints":{"allow":["GET"]}}],"collection":[{"href":"https:\/\/www.grieta.org.mx\/index.php\/wp-json\/wp\/v2\/posts"}],"about":[{"href":"https:\/\/www.grieta.org.mx\/index.php\/wp-json\/wp\/v2\/types\/post"}],"author":[{"embeddable":true,"href":"https:\/\/www.grieta.org.mx\/index.php\/wp-json\/wp\/v2\/users\/2"}],"replies":[{"embeddable":true,"href":"https:\/\/www.grieta.org.mx\/index.php\/wp-json\/wp\/v2\/comments?post=9148"}],"version-history":[{"count":1,"href":"https:\/\/www.grieta.org.mx\/index.php\/wp-json\/wp\/v2\/posts\/9148\/revisions"}],"predecessor-version":[{"id":17022,"href":"https:\/\/www.grieta.org.mx\/index.php\/wp-json\/wp\/v2\/posts\/9148\/revisions\/17022"}],"wp:featuredmedia":[{"embeddable":true,"href":"https:\/\/www.grieta.org.mx\/index.php\/wp-json\/wp\/v2\/media\/21928"}],"wp:attachment":[{"href":"https:\/\/www.grieta.org.mx\/index.php\/wp-json\/wp\/v2\/media?parent=9148"}],"wp:term":[{"taxonomy":"category","embeddable":true,"href":"https:\/\/www.grieta.org.mx\/index.php\/wp-json\/wp\/v2\/categories?post=9148"},{"taxonomy":"post_tag","embeddable":true,"href":"https:\/\/www.grieta.org.mx\/index.php\/wp-json\/wp\/v2\/tags?post=9148"}],"curies":[{"name":"wp","href":"https:\/\/api.w.org\/{rel}","templated":true}]}}