{"id":9108,"date":"2015-08-23T17:57:48","date_gmt":"2015-08-23T17:57:48","guid":{"rendered":"http:\/\/50.22.11.12\/~grietaor\/?p=9108"},"modified":"2016-03-31T18:28:39","modified_gmt":"2016-03-31T18:28:39","slug":"parques-eolicos-en-bc","status":"publish","type":"post","link":"https:\/\/www.grieta.org.mx\/index.php\/2015\/08\/23\/parques-eolicos-en-bc\/","title":{"rendered":"Parques e\u00f3licos en BC"},"content":{"rendered":"<p><strong>23\/08\/15. <\/strong><a href=\"http:\/\/grieta.org.mx\/index.php\/2015\/08\/23\/industria-eolica-el-despojo-a-indigenas\/\">Industria e\u00f3lica, el despojo a ind\u00edgenas<\/a><br \/>\n<em>La Jornada BC<\/em><\/p>\n<p><strong>19\/02\/15. <\/strong><a href=\"http:\/\/grieta.org.mx\/index.php\/2015\/02\/19\/invaden-con-turbinas-la-rumorosa\/\">Invaden con turbinas La Rumorosa<\/a><br \/>\n<em>Zeta<\/em><\/p>\n","protected":false},"excerpt":{"rendered":"<p>23\/08\/15. Industria e\u00f3lica, el despojo a ind\u00edgenas La Jornada BC 19\/02\/15. Invaden con turbinas La Rumorosa Zeta<\/p>\n","protected":false},"author":2,"featured_media":21928,"comment_status":"closed","ping_status":"open","sticky":false,"template":"","format":"standard","meta":{"ngg_post_thumbnail":0,"_jetpack_newsletter_access":"","_jetpack_dont_email_post_to_subs":false,"_jetpack_newsletter_tier_id":0,"_jetpack_memberships_contains_paywalled_content":false,"_jetpack_memberships_contains_paid_content":false,"footnotes":""},"categories":[5,3,2,541],"tags":[],"class_list":["post-9108","post","type-post","status-publish","format-standard","has-post-thumbnail","hentry","category-baja-california","category-megaproyectos","category-noticias-nacionales","category-parques-eolicos-en-baja-california-norte","entry"],"jetpack_featured_media_url":"https:\/\/www.grieta.org.mx\/wp-content\/uploads\/2018\/03\/14524434_1106112876131411_958039263622046936_o.jpg","jetpack_sharing_enabled":true,"jetpack_shortlink":"https:\/\/wp.me\/p7ZJR4-2mU","jetpack_likes_enabled":false,"jetpack-related-posts":[{"id":8703,"url":"https:\/\/www.grieta.org.mx\/index.php\/2015\/08\/20\/empresas-eolicas-despojan-de-territorio-a-pueblos-originarios-de-bc-2\/","url_meta":{"origin":9108,"position":0},"title":"Empresas e\u00f3licas y vitivin\u00edcolas despojan de territorio a pueblos originarios de BC","author":"grieta","date":"20 agosto, 2015","format":false,"excerpt":"20\/08\/15. Slim y empresas e\u00f3licas se quedan con tierras de los yumanos de BC 4 vientos 18\/08\/15. Denuncian kiliwas despojo de tierras de empresa Cetto en connivencia con sector agr\u00edcola Lindero Norte 08\/08\/15. Slim, Cetto, trasnacionales; de todo en la rapi\u00f1a territorial de BC 4 vientos 08\/01\/14. Empresa energ\u00e9tica ofrece\u2026","rel":"","context":"En &quot;27. Kumiais&quot;","block_context":{"text":"27. Kumiais","link":"https:\/\/www.grieta.org.mx\/index.php\/category\/espejos-de-la-resistencia\/27-kumiais\/"},"img":{"alt_text":"","src":"https:\/\/i0.wp.com\/www.grieta.org.mx\/wp-content\/uploads\/2018\/03\/14524434_1106112876131411_958039263622046936_o.jpg?resize=350%2C200&ssl=1","width":350,"height":200,"srcset":"https:\/\/i0.wp.com\/www.grieta.org.mx\/wp-content\/uploads\/2018\/03\/14524434_1106112876131411_958039263622046936_o.jpg?resize=350%2C200&ssl=1 1x, https:\/\/i0.wp.com\/www.grieta.org.mx\/wp-content\/uploads\/2018\/03\/14524434_1106112876131411_958039263622046936_o.jpg?resize=525%2C300&ssl=1 1.5x, https:\/\/i0.wp.com\/www.grieta.org.mx\/wp-content\/uploads\/2018\/03\/14524434_1106112876131411_958039263622046936_o.jpg?resize=700%2C400&ssl=1 2x"},"classes":[]},{"id":1845,"url":"https:\/\/www.grieta.org.mx\/index.php\/2016\/01\/03\/este-ano-habra-27-parques-eolicos-en-el-istmo\/","url_meta":{"origin":9108,"position":1},"title":"Este a\u00f1o habr\u00e1 27 parques e\u00f3licos en el Istmo","author":"grieta","date":"3 enero, 2016","format":false,"excerpt":"Noticias Net Roselia Chaca, Juchit\u00e1n, Oaxaca.- De acuerdo al mapa de parques e\u00f3licos que muestra en su p\u00e1gina electr\u00f3nica la Asociaci\u00f3n Mexicana de Energ\u00eda E\u00f3lica (AMDEE) el Istmo de Tehuantepec tendr\u00e1 para este 2016 un total de 27 parques e\u00f3licos, con m\u00e1s de mil 500 aerogeneradores. Al cierre del 2015\u2026","rel":"","context":"En &quot;CINTILLO&quot;","block_context":{"text":"CINTILLO","link":"https:\/\/www.grieta.org.mx\/index.php\/category\/cintillo\/"},"img":{"alt_text":"","src":"https:\/\/i0.wp.com\/www.grieta.org.mx\/wp-content\/uploads\/2018\/03\/14524434_1106112876131411_958039263622046936_o.jpg?resize=350%2C200&ssl=1","width":350,"height":200,"srcset":"https:\/\/i0.wp.com\/www.grieta.org.mx\/wp-content\/uploads\/2018\/03\/14524434_1106112876131411_958039263622046936_o.jpg?resize=350%2C200&ssl=1 1x, https:\/\/i0.wp.com\/www.grieta.org.mx\/wp-content\/uploads\/2018\/03\/14524434_1106112876131411_958039263622046936_o.jpg?resize=525%2C300&ssl=1 1.5x, https:\/\/i0.wp.com\/www.grieta.org.mx\/wp-content\/uploads\/2018\/03\/14524434_1106112876131411_958039263622046936_o.jpg?resize=700%2C400&ssl=1 2x"},"classes":[]},{"id":4298,"url":"https:\/\/www.grieta.org.mx\/index.php\/2016\/03\/28\/parques-eolicos-en-tamaulipas-2\/","url_meta":{"origin":9108,"position":2},"title":"Parques e\u00f3licos en Tamaulipas","author":"grieta","date":"28 marzo, 2016","format":false,"excerpt":"27\/04\/16. Registra 60% de avance construcci\u00f3n de parques e\u00f3licos en TamaulipasPosta 28\/02\/16. Parque e\u00f3lico electrificar\u00e1 a supermercados Expreso.press 22\/02\/16. En Tamaulipas funcionar\u00e1n 4 desarrollos e\u00f3licos este a\u00f1o La Regi\u00f3n Tamaulipas 09\/12\/15. Suma Tamaulipas 8 proyectos e\u00f3licos m\u00e1s La verdad Tamaulipas 29\/10\/15. Tamaulipas prepara nueve proyectos e\u00f3licos en el estado Z\u00f3calo\u2026","rel":"","context":"En &quot;Parques E\u00f3licos en Tamaulipas&quot;","block_context":{"text":"Parques E\u00f3licos en Tamaulipas","link":"https:\/\/www.grieta.org.mx\/index.php\/category\/megaproyectos\/parques-eolicos\/parques-eolicos-en-tamaulipas\/"},"img":{"alt_text":"","src":"https:\/\/i0.wp.com\/www.grieta.org.mx\/wp-content\/uploads\/2018\/03\/14524434_1106112876131411_958039263622046936_o.jpg?resize=350%2C200&ssl=1","width":350,"height":200,"srcset":"https:\/\/i0.wp.com\/www.grieta.org.mx\/wp-content\/uploads\/2018\/03\/14524434_1106112876131411_958039263622046936_o.jpg?resize=350%2C200&ssl=1 1x, https:\/\/i0.wp.com\/www.grieta.org.mx\/wp-content\/uploads\/2018\/03\/14524434_1106112876131411_958039263622046936_o.jpg?resize=525%2C300&ssl=1 1.5x, https:\/\/i0.wp.com\/www.grieta.org.mx\/wp-content\/uploads\/2018\/03\/14524434_1106112876131411_958039263622046936_o.jpg?resize=700%2C400&ssl=1 2x"},"classes":[]},{"id":5611,"url":"https:\/\/www.grieta.org.mx\/index.php\/2016\/01\/26\/conflictos-ambientales-debido-a-parques-eolicos-en-aguascalientes\/","url_meta":{"origin":9108,"position":3},"title":"Conflictos ambientales debido a parques e\u00f3licos en Aguascalientes","author":"grieta","date":"26 enero, 2016","format":false,"excerpt":"26\/01\/16. Niega Semarnat permiso para construcci\u00f3n de parque e\u00f3lico en Aguascalientes La Jornada Aguascalientes 10\/01\/16. Autoriza Semarnat parque e\u00f3lico a cuatro kil\u00f3metros de \u00e1rea natural protegida La Jornada Aguascalientes","rel":"","context":"En &quot;Aguascalientes&quot;","block_context":{"text":"Aguascalientes","link":"https:\/\/www.grieta.org.mx\/index.php\/category\/noticias-nacionales\/aguascalientes\/"},"img":{"alt_text":"","src":"https:\/\/i0.wp.com\/www.grieta.org.mx\/wp-content\/uploads\/2018\/03\/14524434_1106112876131411_958039263622046936_o.jpg?resize=350%2C200&ssl=1","width":350,"height":200,"srcset":"https:\/\/i0.wp.com\/www.grieta.org.mx\/wp-content\/uploads\/2018\/03\/14524434_1106112876131411_958039263622046936_o.jpg?resize=350%2C200&ssl=1 1x, https:\/\/i0.wp.com\/www.grieta.org.mx\/wp-content\/uploads\/2018\/03\/14524434_1106112876131411_958039263622046936_o.jpg?resize=525%2C300&ssl=1 1.5x, https:\/\/i0.wp.com\/www.grieta.org.mx\/wp-content\/uploads\/2018\/03\/14524434_1106112876131411_958039263622046936_o.jpg?resize=700%2C400&ssl=1 2x"},"classes":[]},{"id":6669,"url":"https:\/\/www.grieta.org.mx\/index.php\/2016\/04\/16\/en-coahuila-proyectan-seis-parques-eolicos\/","url_meta":{"origin":9108,"position":4},"title":"En Coahuila proyectan seis parques e\u00f3licos","author":"grieta","date":"16 abril, 2016","format":false,"excerpt":"14\/04\/16. Coahuila con tres proyectos para generar energ\u00eda E\u00f3lica; dos est\u00e1n avanzados Vanguardia 02\/02\/16. Gamesa instalar\u00e1 aerogeneradores en Coahuila Milenio 19\/11\/15. M\u00e9xico posee condiciones para las energ\u00edas renovables REVE 19\/11\/15. Adem\u00e1s de extraer petr\u00f3leo, ahora Bailleres producir\u00e1 electricidad con energ\u00eda e\u00f3lica La Jornada","rel":"","context":"En &quot;Coahuila&quot;","block_context":{"text":"Coahuila","link":"https:\/\/www.grieta.org.mx\/index.php\/category\/noticias-nacionales\/coahuila\/"},"img":{"alt_text":"","src":"https:\/\/i0.wp.com\/www.grieta.org.mx\/wp-content\/uploads\/2018\/03\/14524434_1106112876131411_958039263622046936_o.jpg?resize=350%2C200&ssl=1","width":350,"height":200,"srcset":"https:\/\/i0.wp.com\/www.grieta.org.mx\/wp-content\/uploads\/2018\/03\/14524434_1106112876131411_958039263622046936_o.jpg?resize=350%2C200&ssl=1 1x, https:\/\/i0.wp.com\/www.grieta.org.mx\/wp-content\/uploads\/2018\/03\/14524434_1106112876131411_958039263622046936_o.jpg?resize=525%2C300&ssl=1 1.5x, https:\/\/i0.wp.com\/www.grieta.org.mx\/wp-content\/uploads\/2018\/03\/14524434_1106112876131411_958039263622046936_o.jpg?resize=700%2C400&ssl=1 2x"},"classes":[]},{"id":11421,"url":"https:\/\/www.grieta.org.mx\/index.php\/2016\/04\/27\/registra-60-de-avance-construccion-de-parques-eolicos-en-tamaulipas\/","url_meta":{"origin":9108,"position":5},"title":"Registra 60% de avance construcci\u00f3n de parques e\u00f3licos en Tamaulipas","author":"grieta","date":"27 abril, 2016","format":false,"excerpt":"La construcci\u00f3n se encuentra en la etapa de montaje de motores y abanicos. Son tres parques, de 50 megas cada uno CIUDAD VICTORIA, TAMAULIPAS.- \u00a0 \u00a0La construcci\u00f3n de los tres parques e\u00f3licos ubicados entre Llera, Ciudad Victoria y G\u00fcemez, registran un avance de 60 por ciento, inform\u00f3 el Secretario de\u2026","rel":"","context":"En &quot;CINTILLO&quot;","block_context":{"text":"CINTILLO","link":"https:\/\/www.grieta.org.mx\/index.php\/category\/cintillo\/"},"img":{"alt_text":"","src":"https:\/\/i0.wp.com\/www.grieta.org.mx\/wp-content\/uploads\/2018\/03\/14524434_1106112876131411_958039263622046936_o.jpg?resize=350%2C200&ssl=1","width":350,"height":200,"srcset":"https:\/\/i0.wp.com\/www.grieta.org.mx\/wp-content\/uploads\/2018\/03\/14524434_1106112876131411_958039263622046936_o.jpg?resize=350%2C200&ssl=1 1x, https:\/\/i0.wp.com\/www.grieta.org.mx\/wp-content\/uploads\/2018\/03\/14524434_1106112876131411_958039263622046936_o.jpg?resize=525%2C300&ssl=1 1.5x, https:\/\/i0.wp.com\/www.grieta.org.mx\/wp-content\/uploads\/2018\/03\/14524434_1106112876131411_958039263622046936_o.jpg?resize=700%2C400&ssl=1 2x"},"classes":[]}],"_links":{"self":[{"href":"https:\/\/www.grieta.org.mx\/index.php\/wp-json\/wp\/v2\/posts\/9108","targetHints":{"allow":["GET"]}}],"collection":[{"href":"https:\/\/www.grieta.org.mx\/index.php\/wp-json\/wp\/v2\/posts"}],"about":[{"href":"https:\/\/www.grieta.org.mx\/index.php\/wp-json\/wp\/v2\/types\/post"}],"author":[{"embeddable":true,"href":"https:\/\/www.grieta.org.mx\/index.php\/wp-json\/wp\/v2\/users\/2"}],"replies":[{"embeddable":true,"href":"https:\/\/www.grieta.org.mx\/index.php\/wp-json\/wp\/v2\/comments?post=9108"}],"version-history":[{"count":1,"href":"https:\/\/www.grieta.org.mx\/index.php\/wp-json\/wp\/v2\/posts\/9108\/revisions"}],"predecessor-version":[{"id":9121,"href":"https:\/\/www.grieta.org.mx\/index.php\/wp-json\/wp\/v2\/posts\/9108\/revisions\/9121"}],"wp:featuredmedia":[{"embeddable":true,"href":"https:\/\/www.grieta.org.mx\/index.php\/wp-json\/wp\/v2\/media\/21928"}],"wp:attachment":[{"href":"https:\/\/www.grieta.org.mx\/index.php\/wp-json\/wp\/v2\/media?parent=9108"}],"wp:term":[{"taxonomy":"category","embeddable":true,"href":"https:\/\/www.grieta.org.mx\/index.php\/wp-json\/wp\/v2\/categories?post=9108"},{"taxonomy":"post_tag","embeddable":true,"href":"https:\/\/www.grieta.org.mx\/index.php\/wp-json\/wp\/v2\/tags?post=9108"}],"curies":[{"name":"wp","href":"https:\/\/api.w.org\/{rel}","templated":true}]}}