{"id":9099,"date":"2015-08-23T17:31:31","date_gmt":"2015-08-23T17:31:31","guid":{"rendered":"http:\/\/50.22.11.12\/~grietaor\/?p=9099"},"modified":"2016-03-31T18:20:10","modified_gmt":"2016-03-31T18:20:10","slug":"industria-eolica-el-despojo-a-indigenas","status":"publish","type":"post","link":"https:\/\/www.grieta.org.mx\/index.php\/2015\/08\/23\/industria-eolica-el-despojo-a-indigenas\/","title":{"rendered":"Industria e\u00f3lica, el despojo a ind\u00edgenas"},"content":{"rendered":"<p>JAVIER CRUZ AGUIRRE, Ensenada, BC<\/p>\n<p>En la disputa por participar en un mercado potencial de 100 mil millones de d\u00f3lares, al menos cinco empresas estadunidenses y mexicanas que generan electricidad con viento, se adue\u00f1aron de cientos de miles de hect\u00e1reas en cuatro comunidades ind\u00edgenas nativas de Baja California, a las que pagaron en promedio 1.25 d\u00f3lares por el usufructo de cada hect\u00e1rea.<\/p>\n<p>Ahora los yumanos pai pai, kiliwa, kumiai y cucap\u00e1 solicitan el apoyo del gobierno federal para revisar, modificar o cancelar los convenios de usufructo que comisionados de sus comunidades \u2013algunos de ellos mestizos o \u201cblancos\u201d que compraron derechos ejidales o comunales para controlar a los nativos\u2013 suscribieron con las compa\u00f1\u00edas e\u00f3licas \u201ca espaldas de los ind\u00edgenas\u201d.<\/p>\n<p>Arturo Nahle Garc\u00eda, subsecretario de Desarrollo Agrario de la Secretar\u00eda de Desarrollo Agrario, Territorial y Urbano (Sedatu), en reuni\u00f3n que se efectu\u00f3 hace una semana en la ciudad de Ensenada, escuch\u00f3 las denuncias de los ind\u00edgenas.<\/p>\n<p>Los yumanos revelaron los nombres de las compa\u00f1\u00edas que, dijeron, se est\u00e1n apropiando de sus tierras: Fuerza E\u00f3lica de San Mat\u00edas SA de CV, Cucapah Development, Clipper Windpower, APA (Asociados Panamericanos) Wind, Intav\u00e1n y CISA Energ\u00eda SA de CV.<\/p>\n<p>Acompa\u00f1ados de Norma Alicia Carvajal Acosta, subdelegada de la Comisi\u00f3n Nacional para el Desarrollo de los Pueblos Ind\u00edgenas (CDI) en Baja California, y de Jaime Mart\u00ednez Veloz, comisionado para el Di\u00e1logo con los Pueblos Ind\u00edgenas de M\u00e9xico, dependiente de la Secretar\u00eda de Gobernaci\u00f3n (SG), los ind\u00edgenas de las cuatro comunidades yumanas presentaron sus denuncias ante el funcionario federal.<\/p>\n<p>El\u00edas Espinoza, representante de la comunidad kiliwa de San Mat\u00edas, municipio de Ensenada, destac\u00f3 el caso de Pablo Federico Gottfried Blackmore, apoderado legal de la empresa Fuerza E\u00f3lica de San Mat\u00edas, SA de CV.  <\/p>\n<p>Carlos Federico Gottfried Joy, padre del empresario Pablo Federico Gottfried, es socio fundador de la Asociaci\u00f3n Mexicana de Energ\u00eda E\u00f3lica y due\u00f1o de Fuerza E\u00f3lica SA de CV, compa\u00f1\u00eda dedicada a la generaci\u00f3n de 540 megawatts de energ\u00eda el\u00e9ctrica en Oaxaca, Quintana Roo y Baja California, por medio del aprovechamiento de la fuerza del viento.<\/p>\n<p>A mediados de 2012, Gottfried Joy manifest\u00f3, a trav\u00e9s de su p\u00e1gina virtual Fuerza E\u00f3lica, que tras siete a\u00f1os de cabildeo en los gobiernos de Vicente Fox y Felipe Calder\u00f3n, contaba ya \u201ccon el apoyo y respaldo total\u201d de los principales funcionarios del gobierno federal en el sector energ\u00e9tico.<\/p>\n<p>Mencion\u00f3 entre otros a Ernesto Martens Rebolledo, entonces secretario de Energ\u00eda; V\u00edctor Lichtinger Waisman, secretario del Medio Ambiente y Recursos Naturales (Semarnat); Dionisio P\u00e9rez J\u00e1come, director de la Comisi\u00f3n Reguladora de Energ\u00eda; Alfredo El\u00edas Ayub, director de la Comisi\u00f3n Federal de Electricidad (CFE) y Crist\u00f3bal Jaime J\u00e1quez, director de la Comisi\u00f3n Nacional del Agua (Conagua).<\/p>\n<p>La huella de Slim<\/p>\n<p>Gottfried Blackmore, hijo del due\u00f1o de Fuerza E\u00f3lica S.A. de C.V, es egresado del Instituto Tecnol\u00f3gico y de Estudios Superiores de Monterrey y de la Universidad Internacional de Florida; recibi\u00f3 de su padre los derechos ejidales en San Mat\u00edas, comunidad kiliwa que se asienta en un valle agr\u00edcola, en medio de las sierras de Ju\u00e1rez y San Pedro M\u00e1rtir, municipio de Ensenada.<\/p>\n<p>De piel blanca como la de otros 22 \u201cmestizos blancos\u201d tambi\u00e9n inscritos en el Registro Agrario Nacional (RAN) como \u201cejidatarios\u201d, Pablo Federico Gottfried es se\u00f1alado de posesionarse del consejo ejidal comunitario ind\u00edgena y desde ah\u00ed impuls\u00f3 la firma de un convenio con la empresa Fuerza E\u00f3lica San Mat\u00edas, SA de CV, filial de Fuerza E\u00f3lica, para usufructuar 250 hect\u00e1reas, donde construir\u00eda un parque e\u00f3lico de ocho aerogeneradores con capacidad para  producir 20 megawatts.<\/p>\n<p>El 15 de julio de 2010, la Comisi\u00f3n Reguladora de Energ\u00eda (CRE) otorg\u00f3 el permiso de peque\u00f1a producci\u00f3n el\u00e9ctrica en modalidad e\u00f3lica a la compa\u00f1\u00eda, pero el 7 de mayo de 2012 Gottfried Blackmore, en su calidad de representante de Fuerza E\u00f3lica San Mat\u00edas, sorprendi\u00f3 al solicitar a la misma dependencia federal la terminaci\u00f3n del permiso por renuncia, hecho que se consum\u00f3 en marzo de 2013.<\/p>\n<p>Sin embargo, siete meses despu\u00e9s \u2013el 3 de noviembre\u2013 Pablo Gottfried, ahora en su calidad de \u201ccomisariado ejidal\u201d de San Mat\u00edas, present\u00f3 y convenci\u00f3 a los integrantes \u201cblancos\u201d de la tribu, un modelo de contrato por el que la empresa e\u00f3lica puede usar 27 mil hect\u00e1reas del ejido, sin dar detalles del proyecto a los kiliwas.<\/p>\n<p>Oro y plata en tierra india<\/p>\n<p>Hasta el 7 de agosto de 2015, d\u00eda de la reuni\u00f3n con el subsecretario de la Sedatu, los nativos desconoc\u00edan la renuncia que la empresa hizo al parque e\u00f3lico. Tampoco sab\u00edan con qu\u00e9 objetivo explotar\u00e1 el enorme predio, en un plazo de 20 a\u00f1os con opci\u00f3n a una pr\u00f3rroga autom\u00e1tica de 10 a\u00f1os adicionales que es obligatoria para los yumanos y opcional para Fuerza E\u00f3lica San Mat\u00edas.<\/p>\n<p>Jaime Mart\u00ednez Veloz fue quien revel\u00f3 los pormenores del proyecto. Y lo dijo contundente: \u201cCarlos Slim Hel\u00fa es quien est\u00e1 detr\u00e1s de todo esto\u201d.<\/p>\n<p>De acuerdo con la revelaci\u00f3n de Mart\u00ednez Veloz y el estudio \u201cPanorama Minero del Estado de Baja California\u201d del Servicio Geol\u00f3gico Mexicano, Slim Hel\u00fa tiene cinco permisos mineros para extraer plata y oro en la regi\u00f3n kiliwa, colindante al complejo minero Sina\u00ed, rico en esos metales preciosos.<\/p>\n<p>Sina\u00ed, yacimiento del que se extraen 35.3 millones de toneladas de minerales con oro y plata, es explotado por la empresa Minera San Felipe SA de CV, filial de Minera Frisco SA de CV, de la cual Carlos Slim es presidente del Consejo de Administraci\u00f3n.<\/p>\n<p>Magnates convertidos en ejidatarios<\/p>\n<p>El procedimiento para adquirir propiedades inmuebles en la pen\u00ednsula de Baja California no es nuevo para uno de los cinco hombres m\u00e1s ricos del planeta.<\/p>\n<p>En el a\u00f1o 2010, una investigaci\u00f3n en el ejido Matom\u00ed de la delegaci\u00f3n San Felipe, municipio de Mexicali, ubic\u00f3 otra empresa del consorcio Slim -Hotel Roma, SA de CV\u2013, comprando decenas de miles de hect\u00e1reas a \u201cejidatarios\u201d ligados a las empresas del magnate mexicano, que as\u00ed se adue\u00f1\u00f3 de decenas de miles de kil\u00f3metros de terrenos con playas en el Golfo de California.<\/p>\n<p>El\u00edas Espinoza, kiliwa de la comunidad San Mat\u00edas, resumi\u00f3 as\u00ed el caso:<\/p>\n<p>\u201cPor m\u00e1s de 20 a\u00f1os el gobierno federal obstaculiz\u00f3 un proyecto e\u00f3lico que los aut\u00e9nticos nativos propusimos en alianza con la empresa Ontiveros, de la ciudad de M\u00e9xico, pero la Secretar\u00eda de Energ\u00eda y la del Medio Ambiente (y Recursos Naturales) r\u00e1pido autorizaron los permisos a una empresa que es prestanombres de Carlos Slim. Eso, adem\u00e1s de injusto es ilegal porque grandes empresarios se apoderaron del ejido y de nuestra comunidad\u201d.<\/p>\n<p>A decir de Mart\u00ednez Veloz, la Comisi\u00f3n para el Di\u00e1logo con los Pueblos Ind\u00edgenas impulsa una segunda \u201creuni\u00f3n agraria\u201d para tratar este y otros temas e\u00f3licos en las comunidades nativas de Baja California entre la Sedatu, la Procuradur\u00eda Agraria (PA), la CDI, la Comisi\u00f3n Regularizadora de la Tenencia de la Tierra (Corett), la Semarnat, el Registro Agrario Nacional (RAN), la Asociaci\u00f3n Civil Coalici\u00f3n de Organizaciones Democr\u00e1ticas Urbanas y Cam-pesinas (Coduc) y el Instituto Nacional de la Econom\u00eda Social.<\/p>\n<p>\u201cSe busca el cumplimiento con lo establecido en la Constituci\u00f3n Pol\u00edtica y en los tratados internacionales respecto a la consulta previa e informada, as\u00ed como al uso y goce de los recursos en sus territorios, a lo que tiene derecho este pueblo ind\u00edgena\u201d, explic\u00f3.<\/p>\n<p>Tambi\u00e9n se pretende establecer una estrategia de trabajo para atender las demandas hist\u00f3ricas en materia agraria y social de los nativos, a efecto de mejorar sus condiciones de vida e impulsar su desarrollo comunitario.<\/p>\n<p>Vientos t\u00f3rridos<\/p>\n<p>La Secretar\u00eda de Gobernaci\u00f3n tiene conocimiento de conflictos similares en otras comunidades nativas de Baja California.<\/p>\n<p>En un reporte de 2014, la Comisi\u00f3n para el Di\u00e1logo con los Pueblos Ind\u00edgenas de M\u00e9xico inform\u00f3 a la SG sobre otros \u201cfocos rojos que est\u00e1n encendidos\u201d en la tribu cucap\u00e1, donde la empresa estadunidense Cucapah Development logr\u00f3 una alianza \u201cenga\u00f1osa\u201d con las autoridades de la comunidad ind\u00edgena El Mayor, para que en su territorio se desarrolle el Parque de Energ\u00eda E\u00f3lica de la Laguna Salada.<\/p>\n<p>Otra compa\u00f1\u00eda e\u00f3lica estadunidense es Clipper Windpower, revolucionaria del sistema de aerogeneradores en el mundo, que a trav\u00e9s de su filial Clipper Windpower de M\u00e9xico S de RL de CV, hizo un acuerdo ventajoso con la autoridad kumiai de Juntas Nej\u00ed y Anexas, de Tecate, por lo que los yumanos solicitaron a las autoridades agrarias informaci\u00f3n respecto al contenido del convenio.<\/p>\n<p>Producir electricidad en BC para abastecer a EU<\/p>\n<p>El \u00faltimo conflicto se suscita en la comunidad pai pai de Santa Catarina, ubicada a 100 kil\u00f3metros de la frontera con California, en donde un consorcio empresarial estadunidense y mexicano representado por las compa\u00f1\u00edas APA (Asociados Panamericanos) Wind, Intav\u00e1n de M\u00e9xico y CISA Energ\u00eda, SA.de CV, integra proyectos e\u00f3licos para Baja California equivalentes a 1.5 gigavatios.<\/p>\n<p>En este caso destaca otro agravio a los ind\u00edgenas: el despojo casi total de sus tierras.<\/p>\n<p>El consorcio e\u00f3lico convino con otro grupo de \u201cejidatarios blancos\u201d el pago de 1.25 d\u00f3lares por cada una de las 60 mil hect\u00e1reas en usufructo, convenio que dej\u00f3 con tan s\u00f3lo 20 hect\u00e1reas libres a los yumanos pai pai.<\/p>\n<p>Michael Felloni, ejecutivo de APA, informa en el sitio web del consorcio, que los proyectos de la empresa buscan interconectar la frontera binacional, para conducir la electricidad de la zona Pai pai a la red de distribuci\u00f3n del sur de California.<\/p>\n<p>Y destac\u00f3 la raz\u00f3n por la que ocho consorcios ya est\u00e1n en la entidad:<\/p>\n<p>\u201cExiste un mercado potencial de 100 mil millones de d\u00f3lares en Baja California, donde, incluso, de ser necesario, la electricidad generada por la fuerza e\u00f3lica en M\u00e9xico se distribuir\u00eda a otros estados (de la Uni\u00f3n Americana)\u201d.<\/p>\n<p><a href=\"http:\/\/jornadabc.mx\/tijuana\/23-08-2015\/industria-eolica-el-despojo-indigenas\" target=\"_blank\">http:\/\/jornadabc.mx\/tijuana\/23-08-2015\/industria-eolica-el-despojo-indigenas<\/a><\/p>\n","protected":false},"excerpt":{"rendered":"<p>JAVIER CRUZ AGUIRRE, Ensenada, BC En la disputa por participar en un mercado potencial de 100 mil millones de d\u00f3lares, al menos cinco empresas estadunidenses y mexicanas que generan electricidad &hellip; <a href=\"https:\/\/www.grieta.org.mx\/index.php\/2015\/08\/23\/industria-eolica-el-despojo-a-indigenas\/\" class=\"more-link\">Leer m\u00e1s<\/a><\/p>\n","protected":false},"author":2,"featured_media":21928,"comment_status":"closed","ping_status":"open","sticky":false,"template":"","format":"standard","meta":{"ngg_post_thumbnail":0,"_jetpack_newsletter_access":"","_jetpack_dont_email_post_to_subs":false,"_jetpack_newsletter_tier_id":0,"_jetpack_memberships_contains_paywalled_content":false,"_jetpack_memberships_contains_paid_content":false,"footnotes":""},"categories":[80],"tags":[516],"class_list":["post-9099","post","type-post","status-publish","format-standard","has-post-thumbnail","hentry","category-cintillo","tag-parques-eolicos","entry"],"jetpack_featured_media_url":"https:\/\/www.grieta.org.mx\/wp-content\/uploads\/2018\/03\/14524434_1106112876131411_958039263622046936_o.jpg","jetpack_sharing_enabled":true,"jetpack_shortlink":"https:\/\/wp.me\/p7ZJR4-2mL","jetpack_likes_enabled":false,"jetpack-related-posts":[{"id":7872,"url":"https:\/\/www.grieta.org.mx\/index.php\/2015\/04\/03\/indigenas-denuncian-que-minera-pretende-despojarlos-de-sus-tierras\/","url_meta":{"origin":9099,"position":0},"title":"Ind\u00edgenas denuncian que minera pretende despojarlos de sus tierras","author":"grieta","date":"3 abril, 2015","format":false,"excerpt":"Pedro Zamora Brise\u00f1o 3 de abril de 2015 Proceso COLIMA, Col., (apro).- Habitantes de comunidades ind\u00edgenas de la Sierra de Manantl\u00e1n denunciaron que la empresa minera Pe\u00f1a Colorada pretende despojarlos de sus tierras para utilizarlas como dep\u00f3sito de desechos ferrosos. F\u00e9lix Monroy Rutilo, habitante de Los Potros y representante de\u2026","rel":"","context":"En &quot;CINTILLO&quot;","block_context":{"text":"CINTILLO","link":"https:\/\/www.grieta.org.mx\/index.php\/category\/cintillo\/"},"img":{"alt_text":"","src":"https:\/\/i0.wp.com\/www.grieta.org.mx\/wp-content\/uploads\/2018\/03\/14524434_1106112876131411_958039263622046936_o.jpg?resize=350%2C200&ssl=1","width":350,"height":200,"srcset":"https:\/\/i0.wp.com\/www.grieta.org.mx\/wp-content\/uploads\/2018\/03\/14524434_1106112876131411_958039263622046936_o.jpg?resize=350%2C200&ssl=1 1x, https:\/\/i0.wp.com\/www.grieta.org.mx\/wp-content\/uploads\/2018\/03\/14524434_1106112876131411_958039263622046936_o.jpg?resize=525%2C300&ssl=1 1.5x, https:\/\/i0.wp.com\/www.grieta.org.mx\/wp-content\/uploads\/2018\/03\/14524434_1106112876131411_958039263622046936_o.jpg?resize=700%2C400&ssl=1 2x"},"classes":[]},{"id":8713,"url":"https:\/\/www.grieta.org.mx\/index.php\/2015\/08\/20\/empresas-eolicas-despojan-de-territorio-a-pueblos-originarios-de-bc\/","url_meta":{"origin":9099,"position":1},"title":"Slim y empresas e\u00f3licas se quedan con tierras de los yumanos de BC","author":"grieta","date":"20 agosto, 2015","format":false,"excerpt":"Javier Cruz Aguirre, Ensenada, B.C. Ahora los yumanos pai pai, kiliwa, kumiai y cucap\u00e1 solicitan el apoyo del gobierno federal\u00a0 para revisar, modificar o cancelar los convenios de usufructo que comisionados de sus comunidades suscribieron \u201ca espaldas\u201d de los ind\u00edgenas con las compa\u00f1\u00edas e\u00f3licas. Algunos de estos comuneros son mestizos\u2026","rel":"","context":"En &quot;CINTILLO&quot;","block_context":{"text":"CINTILLO","link":"https:\/\/www.grieta.org.mx\/index.php\/category\/cintillo\/"},"img":{"alt_text":"","src":"https:\/\/i0.wp.com\/www.grieta.org.mx\/wp-content\/uploads\/2018\/03\/14524434_1106112876131411_958039263622046936_o.jpg?resize=350%2C200&ssl=1","width":350,"height":200,"srcset":"https:\/\/i0.wp.com\/www.grieta.org.mx\/wp-content\/uploads\/2018\/03\/14524434_1106112876131411_958039263622046936_o.jpg?resize=350%2C200&ssl=1 1x, https:\/\/i0.wp.com\/www.grieta.org.mx\/wp-content\/uploads\/2018\/03\/14524434_1106112876131411_958039263622046936_o.jpg?resize=525%2C300&ssl=1 1.5x, https:\/\/i0.wp.com\/www.grieta.org.mx\/wp-content\/uploads\/2018\/03\/14524434_1106112876131411_958039263622046936_o.jpg?resize=700%2C400&ssl=1 2x"},"classes":[]},{"id":69216,"url":"https:\/\/www.grieta.org.mx\/index.php\/2024\/06\/15\/indigenas-se-oponen-al-proyecto-del-gasoducto-puerta-al-sureste-en-veracruz\/","url_meta":{"origin":9099,"position":2},"title":"Ind\u00edgenas se oponen al proyecto del gasoducto Puerta al Sureste en Veracruz","author":"grieta","date":"15 junio, 2024","format":false,"excerpt":"Juan David Castilla \/ Hora Cero Pobladores ind\u00edgenas denunciaron que no fueron consultados para el proyecto del gasoducto Puerta al Sureste, que pretende llevar gas, extra\u00eddo con la t\u00e9cnica altamente contaminante conocida como fracking, desde Tuxpan hasta Coatzacoalcos y a la refiner\u00eda Dos Bocas. Las organizaciones ambientalistas Conexiones Clim\u00e1ticas, Centro\u2026","rel":"","context":"En &quot;CINTILLO&quot;","block_context":{"text":"CINTILLO","link":"https:\/\/www.grieta.org.mx\/index.php\/category\/cintillo\/"},"img":{"alt_text":"","src":"https:\/\/i0.wp.com\/www.grieta.org.mx\/wp-content\/uploads\/2024\/06\/IMG-20240615-WA0014.jpg?resize=350%2C200&ssl=1","width":350,"height":200,"srcset":"https:\/\/i0.wp.com\/www.grieta.org.mx\/wp-content\/uploads\/2024\/06\/IMG-20240615-WA0014.jpg?resize=350%2C200&ssl=1 1x, https:\/\/i0.wp.com\/www.grieta.org.mx\/wp-content\/uploads\/2024\/06\/IMG-20240615-WA0014.jpg?resize=525%2C300&ssl=1 1.5x, https:\/\/i0.wp.com\/www.grieta.org.mx\/wp-content\/uploads\/2024\/06\/IMG-20240615-WA0014.jpg?resize=700%2C400&ssl=1 2x"},"classes":[]},{"id":65289,"url":"https:\/\/www.grieta.org.mx\/index.php\/2022\/09\/20\/mexico-exigen-comunidades-de-michoacan-respeto-a-las-autonomias-indigenas\/","url_meta":{"origin":9099,"position":3},"title":"M\u00e9xico. Exigen comunidades de Michoac\u00e1n respeto a las autonom\u00edas ind\u00edgenas","author":"grieta","date":"20 septiembre, 2022","format":false,"excerpt":"Resumen Latinoamericano 20 de septiembre, 2022 Fotos: CSIM. Con una movilizaci\u00f3n frente a la Suprema Corte de Justicia de la Naci\u00f3n (SCJN) y el Z\u00f3calo de la Ciudad de M\u00e9xico, las 65 comunidades del Consejo Supremo Ind\u00edgena de Michoac\u00e1n (CSIM) se manifestaron en defensa de las autonom\u00edas ind\u00edgenas y contra\u2026","rel":"","context":"En &quot;CINTILLO&quot;","block_context":{"text":"CINTILLO","link":"https:\/\/www.grieta.org.mx\/index.php\/category\/cintillo\/"},"img":{"alt_text":"","src":"https:\/\/i0.wp.com\/www.grieta.org.mx\/wp-content\/uploads\/2022\/09\/307373624_2776409432493419_4105204052003520459_n-1-e1663722880746.jpeg?resize=350%2C200&ssl=1","width":350,"height":200},"classes":[]},{"id":22882,"url":"https:\/\/www.grieta.org.mx\/index.php\/2017\/10\/20\/con-pistoleros-particulares-buscan-despojar-de-sus-tierras-a-comunidades-indigenas-de-chihuahua\/","url_meta":{"origin":9099,"position":4},"title":"Con pistoleros, particulares buscan despojar de sus tierras a comunidades ind\u00edgenas de Chihuahua","author":"grieta","date":"20 octubre, 2017","format":false,"excerpt":"CHIHUAHUA, Chih. (apro).- Casi 30 familias ind\u00edgenas del municipio de Guadalupe y Calvo han sido desplazadas o amenazadas con el despojo de sus tierras por dos particulares identificados como Cornelio y Aurelio Alderete, quienes han movilizado a hombres armados para intimidar a las comunidades de origen tepehuano u \u00f3dami. La\u2026","rel":"","context":"En &quot;Chihuahua&quot;","block_context":{"text":"Chihuahua","link":"https:\/\/www.grieta.org.mx\/index.php\/category\/noticias-nacionales\/chihuahua\/"},"img":{"alt_text":"","src":"https:\/\/i0.wp.com\/www.grieta.org.mx\/wp-content\/uploads\/2018\/03\/14524434_1106112876131411_958039263622046936_o.jpg?resize=350%2C200&ssl=1","width":350,"height":200,"srcset":"https:\/\/i0.wp.com\/www.grieta.org.mx\/wp-content\/uploads\/2018\/03\/14524434_1106112876131411_958039263622046936_o.jpg?resize=350%2C200&ssl=1 1x, https:\/\/i0.wp.com\/www.grieta.org.mx\/wp-content\/uploads\/2018\/03\/14524434_1106112876131411_958039263622046936_o.jpg?resize=525%2C300&ssl=1 1.5x, https:\/\/i0.wp.com\/www.grieta.org.mx\/wp-content\/uploads\/2018\/03\/14524434_1106112876131411_958039263622046936_o.jpg?resize=700%2C400&ssl=1 2x"},"classes":[]},{"id":8741,"url":"https:\/\/www.grieta.org.mx\/index.php\/2015\/08\/18\/denuncian-kiliwas-despojo-de-tierras-de-empresa-cetto-en-connivencia-con-sector-agricola\/","url_meta":{"origin":9099,"position":5},"title":"Denuncian kiliwas despojo de tierras de empresa Cetto en connivencia con sector agr\u00edcola","author":"grieta","date":"18 agosto, 2015","format":false,"excerpt":"Antonio Heras, Ensenada, BC La corrupci\u00f3n en la Procuradur\u00eda Agraria ha permitido el despojo y la invasi\u00f3n de tierras en beneficio de empresarios, entre ellos la empresa vin\u00edcola LA Cetto, denunciaron l\u00edderes kiliwas, una de las cinco etnias nativas de Baja California. En la comunidad de San Antonio Necua, ubicada\u2026","rel":"","context":"En &quot;CINTILLO&quot;","block_context":{"text":"CINTILLO","link":"https:\/\/www.grieta.org.mx\/index.php\/category\/cintillo\/"},"img":{"alt_text":"","src":"https:\/\/i0.wp.com\/www.grieta.org.mx\/wp-content\/uploads\/2018\/03\/14524434_1106112876131411_958039263622046936_o.jpg?resize=350%2C200&ssl=1","width":350,"height":200,"srcset":"https:\/\/i0.wp.com\/www.grieta.org.mx\/wp-content\/uploads\/2018\/03\/14524434_1106112876131411_958039263622046936_o.jpg?resize=350%2C200&ssl=1 1x, https:\/\/i0.wp.com\/www.grieta.org.mx\/wp-content\/uploads\/2018\/03\/14524434_1106112876131411_958039263622046936_o.jpg?resize=525%2C300&ssl=1 1.5x, https:\/\/i0.wp.com\/www.grieta.org.mx\/wp-content\/uploads\/2018\/03\/14524434_1106112876131411_958039263622046936_o.jpg?resize=700%2C400&ssl=1 2x"},"classes":[]}],"_links":{"self":[{"href":"https:\/\/www.grieta.org.mx\/index.php\/wp-json\/wp\/v2\/posts\/9099","targetHints":{"allow":["GET"]}}],"collection":[{"href":"https:\/\/www.grieta.org.mx\/index.php\/wp-json\/wp\/v2\/posts"}],"about":[{"href":"https:\/\/www.grieta.org.mx\/index.php\/wp-json\/wp\/v2\/types\/post"}],"author":[{"embeddable":true,"href":"https:\/\/www.grieta.org.mx\/index.php\/wp-json\/wp\/v2\/users\/2"}],"replies":[{"embeddable":true,"href":"https:\/\/www.grieta.org.mx\/index.php\/wp-json\/wp\/v2\/comments?post=9099"}],"version-history":[{"count":1,"href":"https:\/\/www.grieta.org.mx\/index.php\/wp-json\/wp\/v2\/posts\/9099\/revisions"}],"predecessor-version":[{"id":9118,"href":"https:\/\/www.grieta.org.mx\/index.php\/wp-json\/wp\/v2\/posts\/9099\/revisions\/9118"}],"wp:featuredmedia":[{"embeddable":true,"href":"https:\/\/www.grieta.org.mx\/index.php\/wp-json\/wp\/v2\/media\/21928"}],"wp:attachment":[{"href":"https:\/\/www.grieta.org.mx\/index.php\/wp-json\/wp\/v2\/media?parent=9099"}],"wp:term":[{"taxonomy":"category","embeddable":true,"href":"https:\/\/www.grieta.org.mx\/index.php\/wp-json\/wp\/v2\/categories?post=9099"},{"taxonomy":"post_tag","embeddable":true,"href":"https:\/\/www.grieta.org.mx\/index.php\/wp-json\/wp\/v2\/tags?post=9099"}],"curies":[{"name":"wp","href":"https:\/\/api.w.org\/{rel}","templated":true}]}}