{"id":9083,"date":"2015-10-21T09:47:36","date_gmt":"2015-10-21T09:47:36","guid":{"rendered":"http:\/\/50.22.11.12\/~grietaor\/?p=9083"},"modified":"2016-03-31T09:52:26","modified_gmt":"2016-03-31T09:52:26","slug":"movilizaciones-por-ayotzinapa","status":"publish","type":"post","link":"https:\/\/www.grieta.org.mx\/index.php\/2015\/10\/21\/movilizaciones-por-ayotzinapa\/","title":{"rendered":"Movilizaciones por ayotzinapa"},"content":{"rendered":"<p><strong>21\/10\/15. <\/strong><a href=\"http:\/\/grieta.org.mx\/index.php\/2015\/10\/21\/se-reunen-padres-de-los-43-con-organizaciones-en-sonora-buscan-formar-un-movimiento-nacional\/\" >Se re\u00fanen padres de los 43 con organizaciones en Sonora; buscan formar un movimiento nacional<\/a><br \/>\n<em>El Sur Acapulco<\/em><\/p>\n<p><strong>27\/09\/15. <\/strong><a href=\"http:\/\/grieta.org.mx\/index.php\/2015\/09\/27\/marchan-en-hermosillo-por-los-43-de-ayotzinapa\/\">Marchan en Hermosillo por los 43 de Ayotzinapa<\/a><br \/>\n<em>El Imparcial<\/em><\/p>\n","protected":false},"excerpt":{"rendered":"<p>21\/10\/15. Se re\u00fanen padres de los 43 con organizaciones en Sonora; buscan formar un movimiento nacional El Sur Acapulco 27\/09\/15. Marchan en Hermosillo por los 43 de Ayotzinapa El Imparcial<\/p>\n","protected":false},"author":1,"featured_media":21928,"comment_status":"closed","ping_status":"open","sticky":false,"template":"","format":"standard","meta":{"ngg_post_thumbnail":0,"_jetpack_newsletter_access":"","_jetpack_dont_email_post_to_subs":false,"_jetpack_newsletter_tier_id":0,"_jetpack_memberships_contains_paywalled_content":false,"_jetpack_memberships_contains_paid_content":false,"footnotes":""},"categories":[2,31,456],"tags":[229],"class_list":{"0":"post-9083","1":"post","2":"type-post","3":"status-publish","4":"format-standard","5":"has-post-thumbnail","6":"hentry","7":"category-noticias-nacionales","8":"category-sonora","10":"tag-solidaridad-con-ayotzinapa","11":"entry"},"jetpack_featured_media_url":"https:\/\/www.grieta.org.mx\/wp-content\/uploads\/2018\/03\/14524434_1106112876131411_958039263622046936_o.jpg","jetpack_sharing_enabled":true,"jetpack_shortlink":"https:\/\/wp.me\/p7ZJR4-2mv","jetpack_likes_enabled":false,"jetpack-related-posts":[{"id":7995,"url":"https:\/\/www.grieta.org.mx\/index.php\/2015\/09\/27\/marchan-en-hermosillo-por-los-43-de-ayotzinapa\/","url_meta":{"origin":9083,"position":0},"title":"Marchan en Hermosillo por los 43 de Ayotzinapa","author":"grieta","date":"27 septiembre, 2015","format":false,"excerpt":"El imparcial Por: Francisco Javier Palomino A un a\u00f1o de la desaparici\u00f3n de 43 estudiantes de la Escuela Normal Rural de Ayotzinapa, Guerrero, cientos de manifestantes recorrieron ayer pac\u00edficamente las calles de Hermosillo para exigir justicia. El contingente de alrededor de 500 personas, seg\u00fan participantes y organizadores, sali\u00f3 de la\u2026","rel":"","context":"En &quot;CINTILLO&quot;","block_context":{"text":"CINTILLO","link":"https:\/\/www.grieta.org.mx\/index.php\/category\/cintillo\/"},"img":{"alt_text":"","src":"https:\/\/i0.wp.com\/www.grieta.org.mx\/wp-content\/uploads\/2018\/03\/14524434_1106112876131411_958039263622046936_o.jpg?resize=350%2C200&ssl=1","width":350,"height":200,"srcset":"https:\/\/i0.wp.com\/www.grieta.org.mx\/wp-content\/uploads\/2018\/03\/14524434_1106112876131411_958039263622046936_o.jpg?resize=350%2C200&ssl=1 1x, https:\/\/i0.wp.com\/www.grieta.org.mx\/wp-content\/uploads\/2018\/03\/14524434_1106112876131411_958039263622046936_o.jpg?resize=525%2C300&ssl=1 1.5x, https:\/\/i0.wp.com\/www.grieta.org.mx\/wp-content\/uploads\/2018\/03\/14524434_1106112876131411_958039263622046936_o.jpg?resize=700%2C400&ssl=1 2x"},"classes":[]},{"id":7980,"url":"https:\/\/www.grieta.org.mx\/index.php\/2015\/10\/21\/se-reunen-padres-de-los-43-con-organizaciones-en-sonora-buscan-formar-un-movimiento-nacional\/","url_meta":{"origin":9083,"position":1},"title":"Se re\u00fanen padres de los 43 con organizaciones en Sonora; buscan formar un movimiento nacional","author":"grieta","date":"21 octubre, 2015","format":false,"excerpt":"El Sur Acapulco Zacar\u00edas Cervantes Chilpancingo Una comisi\u00f3n de padres de los 43 estudiantes de la Normal de Ayotzinapa detenidos-desaparecidos se reuni\u00f3 ayer en Sonora con representantes de grupos y movimientos de la zona norte del pa\u00eds, para engarzar sus luchas en una sola en los pr\u00f3ximos meses. La reuni\u00f3n\u2026","rel":"","context":"En &quot;CINTILLO&quot;","block_context":{"text":"CINTILLO","link":"https:\/\/www.grieta.org.mx\/index.php\/category\/cintillo\/"},"img":{"alt_text":"","src":"https:\/\/i0.wp.com\/www.grieta.org.mx\/wp-content\/uploads\/2018\/03\/14524434_1106112876131411_958039263622046936_o.jpg?resize=350%2C200&ssl=1","width":350,"height":200,"srcset":"https:\/\/i0.wp.com\/www.grieta.org.mx\/wp-content\/uploads\/2018\/03\/14524434_1106112876131411_958039263622046936_o.jpg?resize=350%2C200&ssl=1 1x, https:\/\/i0.wp.com\/www.grieta.org.mx\/wp-content\/uploads\/2018\/03\/14524434_1106112876131411_958039263622046936_o.jpg?resize=525%2C300&ssl=1 1.5x, https:\/\/i0.wp.com\/www.grieta.org.mx\/wp-content\/uploads\/2018\/03\/14524434_1106112876131411_958039263622046936_o.jpg?resize=700%2C400&ssl=1 2x"},"classes":[]},{"id":5995,"url":"https:\/\/www.grieta.org.mx\/index.php\/2016\/05\/01\/movilizaciones-por-ayotzinapa-en-guanajuato\/","url_meta":{"origin":9083,"position":2},"title":"Movilizaciones por Ayotzinapa en Guanajuato","author":"grieta","date":"1 mayo, 2016","format":false,"excerpt":"01\/05\/2016. Se manifiestan por los 43 normalistas de Ayotzinapa durante Marcha por el D\u00eda del Trabajo en Le\u00f3nZona Franca 26\/11\/2015. Se manifiestan colectivos en Le\u00f3n para recordar a los 43 estudiantes de AyotzinapaZona Franca 26\/10\/2015. Estudiantes y padres de familia de Ayotzinapa se manifiestan en el Cervantino en GuanajuatoAM 12\/10\/2015.\u2026","rel":"","context":"En &quot;Guanajuato&quot;","block_context":{"text":"Guanajuato","link":"https:\/\/www.grieta.org.mx\/index.php\/category\/noticias-nacionales\/guanajuato\/"},"img":{"alt_text":"","src":"https:\/\/i0.wp.com\/www.grieta.org.mx\/wp-content\/uploads\/2018\/03\/14524434_1106112876131411_958039263622046936_o.jpg?resize=350%2C200&ssl=1","width":350,"height":200,"srcset":"https:\/\/i0.wp.com\/www.grieta.org.mx\/wp-content\/uploads\/2018\/03\/14524434_1106112876131411_958039263622046936_o.jpg?resize=350%2C200&ssl=1 1x, https:\/\/i0.wp.com\/www.grieta.org.mx\/wp-content\/uploads\/2018\/03\/14524434_1106112876131411_958039263622046936_o.jpg?resize=525%2C300&ssl=1 1.5x, https:\/\/i0.wp.com\/www.grieta.org.mx\/wp-content\/uploads\/2018\/03\/14524434_1106112876131411_958039263622046936_o.jpg?resize=700%2C400&ssl=1 2x"},"classes":[]},{"id":13781,"url":"https:\/\/www.grieta.org.mx\/index.php\/2016\/06\/06\/4943-el-abrazo-entre-ayotzinapa-y-las-familias-de-la-guarderia-abc\/","url_meta":{"origin":9083,"position":3},"title":"49+43, el abrazo entre Ayotzinapa y las familias de la Guarder\u00eda ABC","author":"grieta","date":"6 junio, 2016","format":false,"excerpt":"Texto: D\u00e9bora Poo Soto Fotograf\u00edas: Ignacio Rosaslanda y D\u00e9bora Poo Soto En las calles durante la marcha por el s\u00e9ptimo aniversario de aquel triste 5 de junio, los gritos reclamaron que la tragedia de la guarder\u00eda ABC no se repita \u201cnunca m\u00e1s\u201d, y tambi\u00e9n se exigi\u00f3 presentaci\u00f3n con vida de\u2026","rel":"","context":"En &quot;cdmx&quot;","block_context":{"text":"cdmx","link":"https:\/\/www.grieta.org.mx\/index.php\/category\/cdmx\/"},"img":{"alt_text":"","src":"https:\/\/i0.wp.com\/www.grieta.org.mx\/wp-content\/uploads\/2018\/03\/14524434_1106112876131411_958039263622046936_o.jpg?resize=350%2C200&ssl=1","width":350,"height":200,"srcset":"https:\/\/i0.wp.com\/www.grieta.org.mx\/wp-content\/uploads\/2018\/03\/14524434_1106112876131411_958039263622046936_o.jpg?resize=350%2C200&ssl=1 1x, https:\/\/i0.wp.com\/www.grieta.org.mx\/wp-content\/uploads\/2018\/03\/14524434_1106112876131411_958039263622046936_o.jpg?resize=525%2C300&ssl=1 1.5x, https:\/\/i0.wp.com\/www.grieta.org.mx\/wp-content\/uploads\/2018\/03\/14524434_1106112876131411_958039263622046936_o.jpg?resize=700%2C400&ssl=1 2x"},"classes":[]},{"id":18340,"url":"https:\/\/www.grieta.org.mx\/index.php\/2016\/07\/27\/22-meses-de-exigir-justicia-para-ayotzinapa-cdmx\/","url_meta":{"origin":9083,"position":4},"title":"22 meses de exigir justicia para Ayotzinapa (CDMX)","author":"grieta","date":"27 julio, 2016","format":false,"excerpt":"Este 26 de julio, se cumplieron 22 meses de los hechos violentos en Iguala, Guerrero, en donde 43 estudiantes fueron desaparecidos y asesinados. La Acci\u00f3n Global por Ayotzinapa n\u00famero 22 se realiz\u00f3 en Ciudad Monstruo con una marcha que parti\u00f3 del Plant\u00f3n de la PGR al antimonumento por los 43,\u2026","rel":"","context":"En &quot;cdmx&quot;","block_context":{"text":"cdmx","link":"https:\/\/www.grieta.org.mx\/index.php\/category\/cdmx\/"},"img":{"alt_text":"","src":"https:\/\/i0.wp.com\/www.grieta.org.mx\/wp-content\/uploads\/2018\/03\/14524434_1106112876131411_958039263622046936_o.jpg?resize=350%2C200&ssl=1","width":350,"height":200,"srcset":"https:\/\/i0.wp.com\/www.grieta.org.mx\/wp-content\/uploads\/2018\/03\/14524434_1106112876131411_958039263622046936_o.jpg?resize=350%2C200&ssl=1 1x, https:\/\/i0.wp.com\/www.grieta.org.mx\/wp-content\/uploads\/2018\/03\/14524434_1106112876131411_958039263622046936_o.jpg?resize=525%2C300&ssl=1 1.5x, https:\/\/i0.wp.com\/www.grieta.org.mx\/wp-content\/uploads\/2018\/03\/14524434_1106112876131411_958039263622046936_o.jpg?resize=700%2C400&ssl=1 2x"},"classes":[]},{"id":8778,"url":"https:\/\/www.grieta.org.mx\/index.php\/2016\/01\/22\/movilizaciones-en-slp-por-desaparicion-de-normalistas-de-ayotzinapa\/","url_meta":{"origin":9083,"position":5},"title":"Movilizaciones en SLP por desaparici\u00f3n de normalistas de Ayotzinapa","author":"grieta","date":"22 enero, 2016","format":false,"excerpt":"22\/01\/16. Seguiremos luchando hasta el final: familiares de normalistas de Ayotzinapa en SLP La Jornada San Luis 30\/09\/15. Marcharon por los 43 El Ma\u00f1ana de Valles 25\/09\/15. Recuerdan en la UASLP a los 43 de AyotzinapaEl Pulso","rel":"","context":"En &quot;San Luis Potos\u00ed&quot;","block_context":{"text":"San Luis Potos\u00ed","link":"https:\/\/www.grieta.org.mx\/index.php\/category\/noticias-nacionales\/san-luis-potosi\/"},"img":{"alt_text":"","src":"https:\/\/i0.wp.com\/www.grieta.org.mx\/wp-content\/uploads\/2018\/03\/14524434_1106112876131411_958039263622046936_o.jpg?resize=350%2C200&ssl=1","width":350,"height":200,"srcset":"https:\/\/i0.wp.com\/www.grieta.org.mx\/wp-content\/uploads\/2018\/03\/14524434_1106112876131411_958039263622046936_o.jpg?resize=350%2C200&ssl=1 1x, https:\/\/i0.wp.com\/www.grieta.org.mx\/wp-content\/uploads\/2018\/03\/14524434_1106112876131411_958039263622046936_o.jpg?resize=525%2C300&ssl=1 1.5x, https:\/\/i0.wp.com\/www.grieta.org.mx\/wp-content\/uploads\/2018\/03\/14524434_1106112876131411_958039263622046936_o.jpg?resize=700%2C400&ssl=1 2x"},"classes":[]}],"_links":{"self":[{"href":"https:\/\/www.grieta.org.mx\/index.php\/wp-json\/wp\/v2\/posts\/9083","targetHints":{"allow":["GET"]}}],"collection":[{"href":"https:\/\/www.grieta.org.mx\/index.php\/wp-json\/wp\/v2\/posts"}],"about":[{"href":"https:\/\/www.grieta.org.mx\/index.php\/wp-json\/wp\/v2\/types\/post"}],"author":[{"embeddable":true,"href":"https:\/\/www.grieta.org.mx\/index.php\/wp-json\/wp\/v2\/users\/1"}],"replies":[{"embeddable":true,"href":"https:\/\/www.grieta.org.mx\/index.php\/wp-json\/wp\/v2\/comments?post=9083"}],"version-history":[{"count":1,"href":"https:\/\/www.grieta.org.mx\/index.php\/wp-json\/wp\/v2\/posts\/9083\/revisions"}],"predecessor-version":[{"id":9084,"href":"https:\/\/www.grieta.org.mx\/index.php\/wp-json\/wp\/v2\/posts\/9083\/revisions\/9084"}],"wp:featuredmedia":[{"embeddable":true,"href":"https:\/\/www.grieta.org.mx\/index.php\/wp-json\/wp\/v2\/media\/21928"}],"wp:attachment":[{"href":"https:\/\/www.grieta.org.mx\/index.php\/wp-json\/wp\/v2\/media?parent=9083"}],"wp:term":[{"taxonomy":"category","embeddable":true,"href":"https:\/\/www.grieta.org.mx\/index.php\/wp-json\/wp\/v2\/categories?post=9083"},{"taxonomy":"post_tag","embeddable":true,"href":"https:\/\/www.grieta.org.mx\/index.php\/wp-json\/wp\/v2\/tags?post=9083"}],"curies":[{"name":"wp","href":"https:\/\/api.w.org\/{rel}","templated":true}]}}