{"id":9035,"date":"2015-05-23T07:26:20","date_gmt":"2015-05-23T07:26:20","guid":{"rendered":"http:\/\/50.22.11.12\/~grietaor\/?p=9035"},"modified":"2016-03-31T07:27:44","modified_gmt":"2016-03-31T07:27:44","slug":"9035","status":"publish","type":"post","link":"https:\/\/www.grieta.org.mx\/index.php\/2015\/05\/23\/9035\/","title":{"rendered":"Tensi\u00f3n en el Centro Hist\u00f3rico por confrontaci\u00f3n de Morelia Unida y MCDL"},"content":{"rendered":"<p>El grupo de manifestantes de Morelia Unida, en estos momentos evita el avance de la caminata convocada por el Movimiento Ciudadano en Defensa de la Loma. <\/p>\n<p>El grupo de manifestantes con cartulinas en mano, se pone al frente de la caminata del MCDL y no permite su avance. <\/p>\n<p>Esta acci\u00f3n es se\u00f1alada por el Movimiento Ciudadano en Defensa de la Loma como un acto de provocaci\u00f3n, pues recalcaron que la movilizaci\u00f3n fue convocada en un tono pac\u00edfico, mientras que el grupo de Morelia Unida ha parado directamente frente a ellos para evitar su avance.<\/p>\n<p><a href=\"http:\/\/www.cambiodemichoacan.com.mx\/nota-254162\" target=\"_blank\">http:\/\/www.cambiodemichoacan.com.mx\/nota-254162<\/a><\/p>\n","protected":false},"excerpt":{"rendered":"<p>El grupo de manifestantes de Morelia Unida, en estos momentos evita el avance de la caminata convocada por el Movimiento Ciudadano en Defensa de la Loma. El grupo de manifestantes &hellip; <a href=\"https:\/\/www.grieta.org.mx\/index.php\/2015\/05\/23\/9035\/\" class=\"more-link\">Leer m\u00e1s<\/a><\/p>\n","protected":false},"author":1,"featured_media":21928,"comment_status":"closed","ping_status":"open","sticky":false,"template":"","format":"standard","meta":{"ngg_post_thumbnail":0,"_jetpack_newsletter_access":"","_jetpack_dont_email_post_to_subs":false,"_jetpack_newsletter_tier_id":0,"_jetpack_memberships_contains_paywalled_content":false,"_jetpack_memberships_contains_paid_content":false,"footnotes":""},"categories":[80,82],"tags":[532,534,533,535],"class_list":["post-9035","post","type-post","status-publish","format-standard","has-post-thumbnail","hentry","category-cintillo","category-michoacan","tag-libramiento-sur-morelia","tag-loma-de-santa-maria","tag-mcdl","tag-ramal-camelinas","entry"],"jetpack_featured_media_url":"https:\/\/www.grieta.org.mx\/wp-content\/uploads\/2018\/03\/14524434_1106112876131411_958039263622046936_o.jpg","jetpack_sharing_enabled":true,"jetpack_shortlink":"https:\/\/wp.me\/s7ZJR4-9035","jetpack_likes_enabled":false,"jetpack-related-posts":[{"id":8995,"url":"https:\/\/www.grieta.org.mx\/index.php\/2016\/03\/24\/oposicion-al-libramiento-sur-morelia\/","url_meta":{"origin":9035,"position":0},"title":"Oposici\u00f3n al Libramiento Sur Morelia","author":"Admin","date":"24 marzo, 2016","format":false,"excerpt":"24\/03\/16. Pag\u00f3 SCT excedente de 3.454 millones de pesos a empresas constructoras de Ramal Camelinas?: MCDL Noventa Grados 12\/11\/15. Nuevos derrumbes en Santa Fe confirman lo que ocurrir\u00e1 en la Loma de Santa Mar\u00eda: MCDL Noventa Grados 03\/11\/15. Abrir\u00e1 MCDL Campa\u00f1a Nacional de Firmas contra proyecto Ramal Camelinas? Noventa Grados\u2026","rel":"","context":"En &quot;Libramiento Sur de la Ciudad de Morelia&quot;","block_context":{"text":"Libramiento Sur de la Ciudad de Morelia","link":"https:\/\/www.grieta.org.mx\/index.php\/category\/megaproyectos\/comunicaciones-y-transportes\/libramiento-sur-de-la-ciudad-de-morelia\/"},"img":{"alt_text":"","src":"https:\/\/i0.wp.com\/www.grieta.org.mx\/wp-content\/uploads\/2018\/03\/14524434_1106112876131411_958039263622046936_o.jpg?resize=350%2C200&ssl=1","width":350,"height":200,"srcset":"https:\/\/i0.wp.com\/www.grieta.org.mx\/wp-content\/uploads\/2018\/03\/14524434_1106112876131411_958039263622046936_o.jpg?resize=350%2C200&ssl=1 1x, https:\/\/i0.wp.com\/www.grieta.org.mx\/wp-content\/uploads\/2018\/03\/14524434_1106112876131411_958039263622046936_o.jpg?resize=525%2C300&ssl=1 1.5x, https:\/\/i0.wp.com\/www.grieta.org.mx\/wp-content\/uploads\/2018\/03\/14524434_1106112876131411_958039263622046936_o.jpg?resize=700%2C400&ssl=1 2x"},"classes":[]},{"id":9038,"url":"https:\/\/www.grieta.org.mx\/index.php\/2015\/05\/22\/movimiento-ciudadano-en-defensa-de-la-loma-convoca-a-caminata-para-defender-la-loma-de-santa-maria\/","url_meta":{"origin":9035,"position":1},"title":"Movimiento Ciudadano en Defensa de la Loma convoca a caminata para defender la Loma de Santa Mar\u00eda","author":"Admin","date":"22 mayo, 2015","format":false,"excerpt":"Morelia, Michoac\u00e1n, a 22 de mayo de 2015.- Con la finalidad de crear conciencia y sensibilizar a la sociedad moreliana sobre los riesgos de construir el proyecto \u201cSegunda Etapa del Libramiento Sur, tramo Ramal Camelinas\u201d en la Loma de Santa Mar\u00eda, el Movimiento Ciudadano en Defensa de la Loma (MCDL)\u2026","rel":"","context":"En &quot;CINTILLO&quot;","block_context":{"text":"CINTILLO","link":"https:\/\/www.grieta.org.mx\/index.php\/category\/cintillo\/"},"img":{"alt_text":"","src":"https:\/\/i0.wp.com\/www.grieta.org.mx\/wp-content\/uploads\/2018\/03\/14524434_1106112876131411_958039263622046936_o.jpg?resize=350%2C200&ssl=1","width":350,"height":200,"srcset":"https:\/\/i0.wp.com\/www.grieta.org.mx\/wp-content\/uploads\/2018\/03\/14524434_1106112876131411_958039263622046936_o.jpg?resize=350%2C200&ssl=1 1x, https:\/\/i0.wp.com\/www.grieta.org.mx\/wp-content\/uploads\/2018\/03\/14524434_1106112876131411_958039263622046936_o.jpg?resize=525%2C300&ssl=1 1.5x, https:\/\/i0.wp.com\/www.grieta.org.mx\/wp-content\/uploads\/2018\/03\/14524434_1106112876131411_958039263622046936_o.jpg?resize=700%2C400&ssl=1 2x"},"classes":[]},{"id":9002,"url":"https:\/\/www.grieta.org.mx\/index.php\/2015\/10\/22\/envia-mcdl-carta-al-cardenal-alberto-suarez-inda\/","url_meta":{"origin":9035,"position":2},"title":"Env\u00eda MCDL carta al cardenal Alberto Su\u00e1rez Inda","author":"Admin","date":"22 octubre, 2015","format":false,"excerpt":"Solicitando su apoyo con motivo de la encl\u00edtica \u201cLaudato Si\u201d Morelia, Michoac\u00e1n.- La intervenci\u00f3n del cardenal Alberto Su\u00e1rez Inda ante representantes de los poderes pol\u00edticos y econ\u00f3micos que impulsan la construcci\u00f3n en Morelia de la segunda etapa del Libramiento Sur Ramal Camelinas, solicit\u00f3 mediante una carta abierta el Movimiento Ciudadano\u2026","rel":"","context":"En &quot;CINTILLO&quot;","block_context":{"text":"CINTILLO","link":"https:\/\/www.grieta.org.mx\/index.php\/category\/cintillo\/"},"img":{"alt_text":"","src":"https:\/\/i0.wp.com\/www.grieta.org.mx\/wp-content\/uploads\/2018\/03\/14524434_1106112876131411_958039263622046936_o.jpg?resize=350%2C200&ssl=1","width":350,"height":200,"srcset":"https:\/\/i0.wp.com\/www.grieta.org.mx\/wp-content\/uploads\/2018\/03\/14524434_1106112876131411_958039263622046936_o.jpg?resize=350%2C200&ssl=1 1x, https:\/\/i0.wp.com\/www.grieta.org.mx\/wp-content\/uploads\/2018\/03\/14524434_1106112876131411_958039263622046936_o.jpg?resize=525%2C300&ssl=1 1.5x, https:\/\/i0.wp.com\/www.grieta.org.mx\/wp-content\/uploads\/2018\/03\/14524434_1106112876131411_958039263622046936_o.jpg?resize=700%2C400&ssl=1 2x"},"classes":[]},{"id":9017,"url":"https:\/\/www.grieta.org.mx\/index.php\/2015\/08\/26\/pide-mcdl-a-profepa-cancelar-segunda-etapa-del-libramiento-sur-tramo-ramal-camelinas\/","url_meta":{"origin":9035,"position":3},"title":"Pide MCDL a Profepa cancelar Segunda Etapa del Libramiento Sur, Tramo Ramal Camelinas","author":"Admin","date":"26 agosto, 2015","format":false,"excerpt":"Morelia, Mich., a 26 de agosto de 2014.- El Movimiento Ciudadano en Defensa de la Loma (MCDL) pidi\u00f3 hoy a la delegada en Michoac\u00e1n de la Procuradur\u00eda Federal de Protecci\u00f3n al Ambiente (PROFEPA), Tal\u00eda Coria Mendoza, cancelar el proyecto Segunda Etapa del Libramiento Sur, tramo Ramal Camelinas debido a que\u2026","rel":"","context":"En &quot;CINTILLO&quot;","block_context":{"text":"CINTILLO","link":"https:\/\/www.grieta.org.mx\/index.php\/category\/cintillo\/"},"img":{"alt_text":"","src":"https:\/\/i0.wp.com\/www.grieta.org.mx\/wp-content\/uploads\/2018\/03\/14524434_1106112876131411_958039263622046936_o.jpg?resize=350%2C200&ssl=1","width":350,"height":200,"srcset":"https:\/\/i0.wp.com\/www.grieta.org.mx\/wp-content\/uploads\/2018\/03\/14524434_1106112876131411_958039263622046936_o.jpg?resize=350%2C200&ssl=1 1x, https:\/\/i0.wp.com\/www.grieta.org.mx\/wp-content\/uploads\/2018\/03\/14524434_1106112876131411_958039263622046936_o.jpg?resize=525%2C300&ssl=1 1.5x, https:\/\/i0.wp.com\/www.grieta.org.mx\/wp-content\/uploads\/2018\/03\/14524434_1106112876131411_958039263622046936_o.jpg?resize=700%2C400&ssl=1 2x"},"classes":[]},{"id":8996,"url":"https:\/\/www.grieta.org.mx\/index.php\/2015\/11\/12\/nuevos-derrumbes-en-santa-fe-confirman-lo-que-ocurrira-en-la-loma-de-santa-maria-mcdl\/","url_meta":{"origin":9035,"position":4},"title":"Nuevos derrumbes en Santa Fe confirman lo que ocurrir\u00e1 en la Loma de Santa Mar\u00eda: MCDL","author":"Admin","date":"12 noviembre, 2015","format":false,"excerpt":"Morelia, Mich., a 12 de noviembre de 2015.- Los dos deslaves ocurridos el pasado martes 10 de noviembre en el talud aleda\u00f1o a \u201cResidencial Vista del Campo\u201c, ubicado en la zona de Santa Fe, en el Distrito Federal, son un claro reflejo de lo que ocurrir\u00e1 en la Loma de\u2026","rel":"","context":"En &quot;CINTILLO&quot;","block_context":{"text":"CINTILLO","link":"https:\/\/www.grieta.org.mx\/index.php\/category\/cintillo\/"},"img":{"alt_text":"","src":"https:\/\/i0.wp.com\/www.grieta.org.mx\/wp-content\/uploads\/2018\/03\/14524434_1106112876131411_958039263622046936_o.jpg?resize=350%2C200&ssl=1","width":350,"height":200,"srcset":"https:\/\/i0.wp.com\/www.grieta.org.mx\/wp-content\/uploads\/2018\/03\/14524434_1106112876131411_958039263622046936_o.jpg?resize=350%2C200&ssl=1 1x, https:\/\/i0.wp.com\/www.grieta.org.mx\/wp-content\/uploads\/2018\/03\/14524434_1106112876131411_958039263622046936_o.jpg?resize=525%2C300&ssl=1 1.5x, https:\/\/i0.wp.com\/www.grieta.org.mx\/wp-content\/uploads\/2018\/03\/14524434_1106112876131411_958039263622046936_o.jpg?resize=700%2C400&ssl=1 2x"},"classes":[]},{"id":9027,"url":"https:\/\/www.grieta.org.mx\/index.php\/2015\/06\/29\/responde-mcdl-a-sct-michoacan-sobre-comentarios-absurdos-de-falla-geologica\/","url_meta":{"origin":9035,"position":5},"title":"Responde MCDL a SCT Michoac\u00e1n sobre comentarios absurdos de falla geol\u00f3gica","author":"Admin","date":"29 junio, 2015","format":false,"excerpt":"Morelia, Mich., a 29 de junio de 2015.- Ante las declaraciones del director de la SCT Michoac\u00e1n, Roberto Cervantes Mart\u00ednez, quien afirm\u00f3 que la dependencia a su cargo continuar\u00eda la construcci\u00f3n del T\u00fanel 1 del Ramal Camelinas, buscando la manera de eludir la falla geol\u00f3gica La Paloma que atraviesa la\u2026","rel":"","context":"En &quot;CINTILLO&quot;","block_context":{"text":"CINTILLO","link":"https:\/\/www.grieta.org.mx\/index.php\/category\/cintillo\/"},"img":{"alt_text":"","src":"https:\/\/i0.wp.com\/www.grieta.org.mx\/wp-content\/uploads\/2018\/03\/14524434_1106112876131411_958039263622046936_o.jpg?resize=350%2C200&ssl=1","width":350,"height":200,"srcset":"https:\/\/i0.wp.com\/www.grieta.org.mx\/wp-content\/uploads\/2018\/03\/14524434_1106112876131411_958039263622046936_o.jpg?resize=350%2C200&ssl=1 1x, https:\/\/i0.wp.com\/www.grieta.org.mx\/wp-content\/uploads\/2018\/03\/14524434_1106112876131411_958039263622046936_o.jpg?resize=525%2C300&ssl=1 1.5x, https:\/\/i0.wp.com\/www.grieta.org.mx\/wp-content\/uploads\/2018\/03\/14524434_1106112876131411_958039263622046936_o.jpg?resize=700%2C400&ssl=1 2x"},"classes":[]}],"_links":{"self":[{"href":"https:\/\/www.grieta.org.mx\/index.php\/wp-json\/wp\/v2\/posts\/9035","targetHints":{"allow":["GET"]}}],"collection":[{"href":"https:\/\/www.grieta.org.mx\/index.php\/wp-json\/wp\/v2\/posts"}],"about":[{"href":"https:\/\/www.grieta.org.mx\/index.php\/wp-json\/wp\/v2\/types\/post"}],"author":[{"embeddable":true,"href":"https:\/\/www.grieta.org.mx\/index.php\/wp-json\/wp\/v2\/users\/1"}],"replies":[{"embeddable":true,"href":"https:\/\/www.grieta.org.mx\/index.php\/wp-json\/wp\/v2\/comments?post=9035"}],"version-history":[{"count":1,"href":"https:\/\/www.grieta.org.mx\/index.php\/wp-json\/wp\/v2\/posts\/9035\/revisions"}],"predecessor-version":[{"id":9037,"href":"https:\/\/www.grieta.org.mx\/index.php\/wp-json\/wp\/v2\/posts\/9035\/revisions\/9037"}],"wp:featuredmedia":[{"embeddable":true,"href":"https:\/\/www.grieta.org.mx\/index.php\/wp-json\/wp\/v2\/media\/21928"}],"wp:attachment":[{"href":"https:\/\/www.grieta.org.mx\/index.php\/wp-json\/wp\/v2\/media?parent=9035"}],"wp:term":[{"taxonomy":"category","embeddable":true,"href":"https:\/\/www.grieta.org.mx\/index.php\/wp-json\/wp\/v2\/categories?post=9035"},{"taxonomy":"post_tag","embeddable":true,"href":"https:\/\/www.grieta.org.mx\/index.php\/wp-json\/wp\/v2\/tags?post=9035"}],"curies":[{"name":"wp","href":"https:\/\/api.w.org\/{rel}","templated":true}]}}