{"id":9031,"date":"2015-06-19T07:22:42","date_gmt":"2015-06-19T07:22:42","guid":{"rendered":"http:\/\/50.22.11.12\/~grietaor\/?p=9031"},"modified":"2016-03-31T07:23:42","modified_gmt":"2016-03-31T07:23:42","slug":"demuestran-anomalias-en-proyecto-del-libramiento-ramal-camelinas","status":"publish","type":"post","link":"https:\/\/www.grieta.org.mx\/index.php\/2015\/06\/19\/demuestran-anomalias-en-proyecto-del-libramiento-ramal-camelinas\/","title":{"rendered":"Demuestran anomal\u00edas en proyecto del libramiento \u201cRamal Camelinas\u201d"},"content":{"rendered":"<p>El Movimiento Ciudadano en Defensa de la Loma dio a conocer un estudio realizado por la Universidad Nacional Aut\u00f3noma de M\u00e9xico (UNAM) acerca de los posibles riesgos que existen en la construcci\u00f3n de la segunda etapa del tramo \u201cRamal Camelinas\u201d.<\/p>\n<p>Mediante un estudio detallado otorgado por el Instituto Federal de Acceso a la Informaci\u00f3n (IFAI) mandado a hacer por la Secretar\u00eda de Comunicaciones y Trasportes (SCT) se puntualizan los posibles riesgos que conlleva erigir el proyecto, entre los que se destaca la inestabilidad del suelo en el \u00e1rea debido a las fallas geol\u00f3gicas presentes en la zona en donde se pretenden construir 2 t\u00faneles, 1 viaducto y realizar dos cortes en el suelo.<\/p>\n<p>El estudio de la UNAM se\u00f1ala que los dise\u00f1os realizados para el proyecto no contienen los elementos suficientes para llevar a cabo la obra. Anuncian que de realizarse sin tomar en cuenta las consideraciones que brinda el estudio, la obra podr\u00eda derrumbarse.<\/p>\n<p>Moctezuma Madrigal, vocero del movimiento en defensa de la loma, destac\u00f3 que el estudio ya se los hizo llegar a las autoridades estatales y municipales para que se enteren de los riegos que conlleva y recalc\u00f3 \u201cse har\u00e1 responsable a los sujetos que otorgaron las licitaciones de la obra, en caso de alguna tragedia\u201d. Finaliz\u00f3 su participaci\u00f3n con el aforismo \u201cNo al ramal Camelinas, s\u00ed a la vida\u201d.<\/p>\n<p>Cabe a\u00f1adir que tambi\u00e9n se ha hecho un llamado a la Universidad Michoac\u00e1n de San Nicol\u00e1s de Hidalgo para que emita una segunda opini\u00f3n al respecto, ya que como organismo acad\u00e9mico podr\u00eda sumarse al debate en el que est\u00e1n en juego el presupuesto de la federaci\u00f3n, del estado y del municipio, as\u00ed como los riegos de derrumbe.<\/p>\n<p><a href=\"http:\/\/www.lavozdemichoacan.com.mx\/demuestran-anomalias-en-proyecto-constructivo-ramal-camelinas\/\" target=\"_blank\">http:\/\/www.lavozdemichoacan.com.mx\/demuestran-anomalias-en-proyecto-constructivo-ramal-camelinas\/<\/a><\/p>\n","protected":false},"excerpt":{"rendered":"<p>El Movimiento Ciudadano en Defensa de la Loma dio a conocer un estudio realizado por la Universidad Nacional Aut\u00f3noma de M\u00e9xico (UNAM) acerca de los posibles riesgos que existen en &hellip; <a href=\"https:\/\/www.grieta.org.mx\/index.php\/2015\/06\/19\/demuestran-anomalias-en-proyecto-del-libramiento-ramal-camelinas\/\" class=\"more-link\">Leer m\u00e1s<\/a><\/p>\n","protected":false},"author":1,"featured_media":21928,"comment_status":"closed","ping_status":"open","sticky":false,"template":"","format":"standard","meta":{"ngg_post_thumbnail":0,"_jetpack_newsletter_access":"","_jetpack_dont_email_post_to_subs":false,"_jetpack_newsletter_tier_id":0,"_jetpack_memberships_contains_paywalled_content":false,"_jetpack_memberships_contains_paid_content":false,"footnotes":""},"categories":[80,82],"tags":[532,534,533,535],"class_list":["post-9031","post","type-post","status-publish","format-standard","has-post-thumbnail","hentry","category-cintillo","category-michoacan","tag-libramiento-sur-morelia","tag-loma-de-santa-maria","tag-mcdl","tag-ramal-camelinas","entry"],"jetpack_featured_media_url":"https:\/\/www.grieta.org.mx\/wp-content\/uploads\/2018\/03\/14524434_1106112876131411_958039263622046936_o.jpg","jetpack_sharing_enabled":true,"jetpack_shortlink":"https:\/\/wp.me\/p7ZJR4-2lF","jetpack_likes_enabled":false,"jetpack-related-posts":[{"id":9021,"url":"https:\/\/www.grieta.org.mx\/index.php\/2015\/07\/23\/reservas-naturales-apocrifas-justifican-al-ramal-camelinas-mcdl\/","url_meta":{"origin":9031,"position":0},"title":"Reservas naturales ap\u00f3crifas justifican al Ramal Camelinas: MCDL","author":"Admin","date":"23 julio, 2015","format":false,"excerpt":"Morelia, Michoac\u00e1n.- La Secretar\u00eda de Comunicaciones y Transportes (SCT) emiti\u00f3 informaci\u00f3n falsa acerca de \u00c1reas de Reserva Ecol\u00f3gica inexistentes en zonas aleda\u00f1as a la Loma de Santa Mar\u00eda. Tambi\u00e9n mintieron al se\u00f1alar que tomaron en cuenta las recomendaciones del estudio de la UNAM, afirm\u00f3 en un comunicado el Movimiento Ciudadano\u2026","rel":"","context":"En &quot;CINTILLO&quot;","block_context":{"text":"CINTILLO","link":"https:\/\/www.grieta.org.mx\/index.php\/category\/cintillo\/"},"img":{"alt_text":"","src":"https:\/\/i0.wp.com\/www.grieta.org.mx\/wp-content\/uploads\/2018\/03\/14524434_1106112876131411_958039263622046936_o.jpg?resize=350%2C200&ssl=1","width":350,"height":200,"srcset":"https:\/\/i0.wp.com\/www.grieta.org.mx\/wp-content\/uploads\/2018\/03\/14524434_1106112876131411_958039263622046936_o.jpg?resize=350%2C200&ssl=1 1x, https:\/\/i0.wp.com\/www.grieta.org.mx\/wp-content\/uploads\/2018\/03\/14524434_1106112876131411_958039263622046936_o.jpg?resize=525%2C300&ssl=1 1.5x, https:\/\/i0.wp.com\/www.grieta.org.mx\/wp-content\/uploads\/2018\/03\/14524434_1106112876131411_958039263622046936_o.jpg?resize=700%2C400&ssl=1 2x"},"classes":[]},{"id":8995,"url":"https:\/\/www.grieta.org.mx\/index.php\/2016\/03\/24\/oposicion-al-libramiento-sur-morelia\/","url_meta":{"origin":9031,"position":1},"title":"Oposici\u00f3n al Libramiento Sur Morelia","author":"Admin","date":"24 marzo, 2016","format":false,"excerpt":"24\/03\/16. Pag\u00f3 SCT excedente de 3.454 millones de pesos a empresas constructoras de Ramal Camelinas?: MCDL Noventa Grados 12\/11\/15. Nuevos derrumbes en Santa Fe confirman lo que ocurrir\u00e1 en la Loma de Santa Mar\u00eda: MCDL Noventa Grados 03\/11\/15. Abrir\u00e1 MCDL Campa\u00f1a Nacional de Firmas contra proyecto Ramal Camelinas? Noventa Grados\u2026","rel":"","context":"En &quot;Libramiento Sur de la Ciudad de Morelia&quot;","block_context":{"text":"Libramiento Sur de la Ciudad de Morelia","link":"https:\/\/www.grieta.org.mx\/index.php\/category\/megaproyectos\/comunicaciones-y-transportes\/libramiento-sur-de-la-ciudad-de-morelia\/"},"img":{"alt_text":"","src":"https:\/\/i0.wp.com\/www.grieta.org.mx\/wp-content\/uploads\/2018\/03\/14524434_1106112876131411_958039263622046936_o.jpg?resize=350%2C200&ssl=1","width":350,"height":200,"srcset":"https:\/\/i0.wp.com\/www.grieta.org.mx\/wp-content\/uploads\/2018\/03\/14524434_1106112876131411_958039263622046936_o.jpg?resize=350%2C200&ssl=1 1x, https:\/\/i0.wp.com\/www.grieta.org.mx\/wp-content\/uploads\/2018\/03\/14524434_1106112876131411_958039263622046936_o.jpg?resize=525%2C300&ssl=1 1.5x, https:\/\/i0.wp.com\/www.grieta.org.mx\/wp-content\/uploads\/2018\/03\/14524434_1106112876131411_958039263622046936_o.jpg?resize=700%2C400&ssl=1 2x"},"classes":[]},{"id":9025,"url":"https:\/\/www.grieta.org.mx\/index.php\/2015\/07\/03\/estudio-de-la-umsnh-no-definira-construccion-del-ramal-camelinas-mcdl\/","url_meta":{"origin":9031,"position":2},"title":"Estudio de la UMSNH no definir\u00e1 construcci\u00f3n del Ramal Camelinas: MCDL","author":"Admin","date":"3 julio, 2015","format":false,"excerpt":"Morelia, Mich., a 03 de julio de 2015.- El estudio que desarrollan en este momento acad\u00e9micos de la Facultad de Ingenier\u00eda Civil de la Universidad Michoacana de San Nicol\u00e1s de Hidalgo (UMSNH), no definir\u00e1 si se construye o no el proyecto Segunda Etapa del Libramiento Sur, tramo Ramal Camelinas, sino\u2026","rel":"","context":"En &quot;CINTILLO&quot;","block_context":{"text":"CINTILLO","link":"https:\/\/www.grieta.org.mx\/index.php\/category\/cintillo\/"},"img":{"alt_text":"","src":"https:\/\/i0.wp.com\/www.grieta.org.mx\/wp-content\/uploads\/2018\/03\/14524434_1106112876131411_958039263622046936_o.jpg?resize=350%2C200&ssl=1","width":350,"height":200,"srcset":"https:\/\/i0.wp.com\/www.grieta.org.mx\/wp-content\/uploads\/2018\/03\/14524434_1106112876131411_958039263622046936_o.jpg?resize=350%2C200&ssl=1 1x, https:\/\/i0.wp.com\/www.grieta.org.mx\/wp-content\/uploads\/2018\/03\/14524434_1106112876131411_958039263622046936_o.jpg?resize=525%2C300&ssl=1 1.5x, https:\/\/i0.wp.com\/www.grieta.org.mx\/wp-content\/uploads\/2018\/03\/14524434_1106112876131411_958039263622046936_o.jpg?resize=700%2C400&ssl=1 2x"},"classes":[]},{"id":9033,"url":"https:\/\/www.grieta.org.mx\/index.php\/2015\/06\/16\/tradeco-continua-en-proyecto-ramal-camelinas-a-pesar-de-que-la-sct-retiro-pagos\/","url_meta":{"origin":9031,"position":3},"title":"TRADECO contin\u00faa en proyecto Ramal Camelinas a pesar de que la SCT retir\u00f3 pagos","author":"Admin","date":"16 junio, 2015","format":false,"excerpt":"Michoac\u00e1n.- La Secretar\u00eda de Comunicaciones y Transportes (SCT) se encuentra entrampada en un mar de mentiras e ilegalidades en alrededor del proyecto Segunda Etapa del Lbramento Sur, tramo Ramal Camelinas al dar a conocer p\u00fablicamente que TRADECO Infraestructura, la compa\u00f1\u00eda que construir\u00e1 el riesgoso T\u00fanel 1 del proyecto, est\u00e1 siendo\u2026","rel":"","context":"En &quot;CINTILLO&quot;","block_context":{"text":"CINTILLO","link":"https:\/\/www.grieta.org.mx\/index.php\/category\/cintillo\/"},"img":{"alt_text":"","src":"https:\/\/i0.wp.com\/www.grieta.org.mx\/wp-content\/uploads\/2018\/03\/14524434_1106112876131411_958039263622046936_o.jpg?resize=350%2C200&ssl=1","width":350,"height":200,"srcset":"https:\/\/i0.wp.com\/www.grieta.org.mx\/wp-content\/uploads\/2018\/03\/14524434_1106112876131411_958039263622046936_o.jpg?resize=350%2C200&ssl=1 1x, https:\/\/i0.wp.com\/www.grieta.org.mx\/wp-content\/uploads\/2018\/03\/14524434_1106112876131411_958039263622046936_o.jpg?resize=525%2C300&ssl=1 1.5x, https:\/\/i0.wp.com\/www.grieta.org.mx\/wp-content\/uploads\/2018\/03\/14524434_1106112876131411_958039263622046936_o.jpg?resize=700%2C400&ssl=1 2x"},"classes":[]},{"id":9006,"url":"https:\/\/www.grieta.org.mx\/index.php\/2015\/10\/16\/pide-mcdl-cancelacion-de-puente-vial-en-el-libramiento-sur\/","url_meta":{"origin":9031,"position":4},"title":"Pide MCDL cancelaci\u00f3n de puente vial en el Libramiento Sur","author":"Admin","date":"16 octubre, 2015","format":false,"excerpt":"MORELIA, Mich., 16 de octubre de 2015.- El alcalde Alfonso Mart\u00ednez debe aplicar los mismos criterios que utiliz\u00f3 en la cancelaci\u00f3n del puente vehicular sobre las v\u00edas del tren, al sur de la ciudad, y cancelar definitivamente el proyecto Segunda Etapa del Libramiento Sur, tramo Ramal Camelinas, inform\u00f3 en un\u2026","rel":"","context":"En &quot;CINTILLO&quot;","block_context":{"text":"CINTILLO","link":"https:\/\/www.grieta.org.mx\/index.php\/category\/cintillo\/"},"img":{"alt_text":"","src":"https:\/\/i0.wp.com\/www.grieta.org.mx\/wp-content\/uploads\/2018\/03\/14524434_1106112876131411_958039263622046936_o.jpg?resize=350%2C200&ssl=1","width":350,"height":200,"srcset":"https:\/\/i0.wp.com\/www.grieta.org.mx\/wp-content\/uploads\/2018\/03\/14524434_1106112876131411_958039263622046936_o.jpg?resize=350%2C200&ssl=1 1x, https:\/\/i0.wp.com\/www.grieta.org.mx\/wp-content\/uploads\/2018\/03\/14524434_1106112876131411_958039263622046936_o.jpg?resize=525%2C300&ssl=1 1.5x, https:\/\/i0.wp.com\/www.grieta.org.mx\/wp-content\/uploads\/2018\/03\/14524434_1106112876131411_958039263622046936_o.jpg?resize=700%2C400&ssl=1 2x"},"classes":[]},{"id":9042,"url":"https:\/\/www.grieta.org.mx\/index.php\/2015\/04\/29\/vecinos-interrumpen-obras-del-tunel-del-ramal-camelinas\/","url_meta":{"origin":9031,"position":5},"title":"Vecinos interrumpen obras del T\u00fanel del Ramal Camelinas","author":"Admin","date":"29 abril, 2015","format":false,"excerpt":"La Universidad Michoacana de San Nicol\u00e1s de Hidalgo (UMSNH) comenz\u00f3 con los estudios que comprobar\u00e1n la viabilidad de la construcci\u00f3n del T\u00fanel II del Ramal Camelinas del Libramiento Sur, sin embargo, un grupo de 120 vecinos de la colonia Ocolusen detuvieron los trabajos de excavaciones iniciados por elementos de la\u2026","rel":"","context":"En &quot;CINTILLO&quot;","block_context":{"text":"CINTILLO","link":"https:\/\/www.grieta.org.mx\/index.php\/category\/cintillo\/"},"img":{"alt_text":"","src":"https:\/\/i0.wp.com\/www.grieta.org.mx\/wp-content\/uploads\/2018\/03\/14524434_1106112876131411_958039263622046936_o.jpg?resize=350%2C200&ssl=1","width":350,"height":200,"srcset":"https:\/\/i0.wp.com\/www.grieta.org.mx\/wp-content\/uploads\/2018\/03\/14524434_1106112876131411_958039263622046936_o.jpg?resize=350%2C200&ssl=1 1x, https:\/\/i0.wp.com\/www.grieta.org.mx\/wp-content\/uploads\/2018\/03\/14524434_1106112876131411_958039263622046936_o.jpg?resize=525%2C300&ssl=1 1.5x, https:\/\/i0.wp.com\/www.grieta.org.mx\/wp-content\/uploads\/2018\/03\/14524434_1106112876131411_958039263622046936_o.jpg?resize=700%2C400&ssl=1 2x"},"classes":[]}],"_links":{"self":[{"href":"https:\/\/www.grieta.org.mx\/index.php\/wp-json\/wp\/v2\/posts\/9031","targetHints":{"allow":["GET"]}}],"collection":[{"href":"https:\/\/www.grieta.org.mx\/index.php\/wp-json\/wp\/v2\/posts"}],"about":[{"href":"https:\/\/www.grieta.org.mx\/index.php\/wp-json\/wp\/v2\/types\/post"}],"author":[{"embeddable":true,"href":"https:\/\/www.grieta.org.mx\/index.php\/wp-json\/wp\/v2\/users\/1"}],"replies":[{"embeddable":true,"href":"https:\/\/www.grieta.org.mx\/index.php\/wp-json\/wp\/v2\/comments?post=9031"}],"version-history":[{"count":1,"href":"https:\/\/www.grieta.org.mx\/index.php\/wp-json\/wp\/v2\/posts\/9031\/revisions"}],"predecessor-version":[{"id":9032,"href":"https:\/\/www.grieta.org.mx\/index.php\/wp-json\/wp\/v2\/posts\/9031\/revisions\/9032"}],"wp:featuredmedia":[{"embeddable":true,"href":"https:\/\/www.grieta.org.mx\/index.php\/wp-json\/wp\/v2\/media\/21928"}],"wp:attachment":[{"href":"https:\/\/www.grieta.org.mx\/index.php\/wp-json\/wp\/v2\/media?parent=9031"}],"wp:term":[{"taxonomy":"category","embeddable":true,"href":"https:\/\/www.grieta.org.mx\/index.php\/wp-json\/wp\/v2\/categories?post=9031"},{"taxonomy":"post_tag","embeddable":true,"href":"https:\/\/www.grieta.org.mx\/index.php\/wp-json\/wp\/v2\/tags?post=9031"}],"curies":[{"name":"wp","href":"https:\/\/api.w.org\/{rel}","templated":true}]}}