{"id":8982,"date":"2015-10-14T06:34:11","date_gmt":"2015-10-14T06:34:11","guid":{"rendered":"http:\/\/50.22.11.12\/~grietaor\/?p=8982"},"modified":"2016-03-31T06:35:29","modified_gmt":"2016-03-31T06:35:29","slug":"anuncia-cnte-movilizaciones-amaga-con-paro-indefinido","status":"publish","type":"post","link":"https:\/\/www.grieta.org.mx\/index.php\/2015\/10\/14\/anuncia-cnte-movilizaciones-amaga-con-paro-indefinido\/","title":{"rendered":"Anuncia CNTE movilizaciones, amaga con paro indefinido"},"content":{"rendered":"<p>Ante la postura del gobierno de que no est\u00e1n garantizados los pagos de la siguiente quincena y prestaciones adeudada para los trabajadores con clave estatal, la Secci\u00f3n XVIII de la Coordinadora Nacional de Trabajadores de la Educaci\u00f3n anunci\u00f3 que a partir de este d\u00eda iniciar\u00e1n con tomas y plantones en diversas dependencias incluida la posibilidad de establecer un plant\u00f3n indefinido el 14 y 15.<\/p>\n<p>As\u00ed lo anunci\u00f3 el Secretario General de la dirigencia democr\u00e1tica, Juan Jos\u00e9 Ortega Madrigal, tambi\u00e9n reiter\u00f3 que en el paro realizado el pasado lunes particip\u00f3 cerca de un 90 por ciento de las escuelas de nivel b\u00e1sico y asegur\u00f3 que no le temen a los descuentos pero s\u00ed a que sean despedidos por causa de las medidas contempladas por la Reforma Educativa.<\/p>\n<p>Tambi\u00e9n record\u00f3 que hasta el momento ni siquiera el 5 por ciento de los m\u00e1s de 5 mil maestros michoacanos que fueron notificados para participar en el Examen de Permanencia a\u00fan no suben las evidencias de su labor a la plataforma, pese a que el 31 de octubre se vence el periodo que dio la autoridad para esta etapa, a fin de que en noviembre y diciembre se realice la siguiente fase de la evaluaci\u00f3n que es el examen, proceso que tambi\u00e9n existe la amenaza de no permitir su aplicaci\u00f3n.<\/p>\n<p><a href=\"http:\/\/www.lavozdemichoacan.com.mx\/anuncia-cnte-mega-movilizaciones-amaga-con-paro-indefinido\/\" target=\"_blank\">http:\/\/www.lavozdemichoacan.com.mx\/anuncia-cnte-mega-movilizaciones-amaga-con-paro-indefinido\/<\/a><\/p>\n","protected":false},"excerpt":{"rendered":"<p>Ante la postura del gobierno de que no est\u00e1n garantizados los pagos de la siguiente quincena y prestaciones adeudada para los trabajadores con clave estatal, la Secci\u00f3n XVIII de la &hellip; <a href=\"https:\/\/www.grieta.org.mx\/index.php\/2015\/10\/14\/anuncia-cnte-movilizaciones-amaga-con-paro-indefinido\/\" class=\"more-link\">Leer m\u00e1s<\/a><\/p>\n","protected":false},"author":1,"featured_media":21928,"comment_status":"closed","ping_status":"open","sticky":false,"template":"","format":"standard","meta":{"ngg_post_thumbnail":0,"_jetpack_newsletter_access":"","_jetpack_dont_email_post_to_subs":false,"_jetpack_newsletter_tier_id":0,"_jetpack_memberships_contains_paywalled_content":false,"_jetpack_memberships_contains_paid_content":false,"footnotes":""},"categories":[80,82],"tags":[134,480,135],"class_list":["post-8982","post","type-post","status-publish","format-standard","has-post-thumbnail","hentry","category-cintillo","category-michoacan","tag-cnte","tag-evaluacion-magisterial","tag-reforma-educativa","entry"],"jetpack_featured_media_url":"https:\/\/www.grieta.org.mx\/wp-content\/uploads\/2018\/03\/14524434_1106112876131411_958039263622046936_o.jpg","jetpack_sharing_enabled":true,"jetpack_shortlink":"https:\/\/wp.me\/p7ZJR4-2kS","jetpack_likes_enabled":false,"jetpack-related-posts":[{"id":8980,"url":"https:\/\/www.grieta.org.mx\/index.php\/2015\/10\/14\/si-les-descuentan-cnte-michoacan-amaga-con-irse-a-paro-indefinido\/","url_meta":{"origin":8982,"position":0},"title":"Si les descuentan, CNTE Michoac\u00e1n amaga con irse a paro indefinido","author":"Admin","date":"14 octubre, 2015","format":false,"excerpt":"Los docentes amagaron con cerrar escuelas, realizar plantones en Palacio de Gobierno, bloquear casetas de cobro en la autopista Siglo XXI y sellar accesos a bancos si se les descuenta el d\u00eda tras su jornada de paros en contra de la reforma educativa. MORELIA.- El dirigente de la Coordinadora Nacional\u2026","rel":"","context":"En &quot;CINTILLO&quot;","block_context":{"text":"CINTILLO","link":"https:\/\/www.grieta.org.mx\/index.php\/category\/cintillo\/"},"img":{"alt_text":"","src":"https:\/\/i0.wp.com\/www.grieta.org.mx\/wp-content\/uploads\/2018\/03\/14524434_1106112876131411_958039263622046936_o.jpg?resize=350%2C200&ssl=1","width":350,"height":200,"srcset":"https:\/\/i0.wp.com\/www.grieta.org.mx\/wp-content\/uploads\/2018\/03\/14524434_1106112876131411_958039263622046936_o.jpg?resize=350%2C200&ssl=1 1x, https:\/\/i0.wp.com\/www.grieta.org.mx\/wp-content\/uploads\/2018\/03\/14524434_1106112876131411_958039263622046936_o.jpg?resize=525%2C300&ssl=1 1.5x, https:\/\/i0.wp.com\/www.grieta.org.mx\/wp-content\/uploads\/2018\/03\/14524434_1106112876131411_958039263622046936_o.jpg?resize=700%2C400&ssl=1 2x"},"classes":[]},{"id":12914,"url":"https:\/\/www.grieta.org.mx\/index.php\/2016\/05\/22\/cnte-mantendra-cerradas-las-escuelas-en-michoacan\/","url_meta":{"origin":8982,"position":1},"title":"CNTE mantendr\u00e1 cerradas las escuelas en Michoac\u00e1n","author":"grieta","date":"22 mayo, 2016","format":false,"excerpt":"La CNTE anunci\u00f3 que este lunes tomar\u00e1 todas las dependencias federales y efectuar\u00e1n en Morelia una megamarcha estatal con una asistencia estimada en m\u00e1s de 5 mil trabajadores. MORELIA.- A ocho d\u00edas de que inici\u00f3 el paro magisterial en Michoac\u00e1n, la Coordinadora Nacional de Trabajadores de la Educaci\u00f3n (CNTE) dijo\u2026","rel":"","context":"En &quot;CINTILLO&quot;","block_context":{"text":"CINTILLO","link":"https:\/\/www.grieta.org.mx\/index.php\/category\/cintillo\/"},"img":{"alt_text":"","src":"https:\/\/i0.wp.com\/www.grieta.org.mx\/wp-content\/uploads\/2018\/03\/14524434_1106112876131411_958039263622046936_o.jpg?resize=350%2C200&ssl=1","width":350,"height":200,"srcset":"https:\/\/i0.wp.com\/www.grieta.org.mx\/wp-content\/uploads\/2018\/03\/14524434_1106112876131411_958039263622046936_o.jpg?resize=350%2C200&ssl=1 1x, https:\/\/i0.wp.com\/www.grieta.org.mx\/wp-content\/uploads\/2018\/03\/14524434_1106112876131411_958039263622046936_o.jpg?resize=525%2C300&ssl=1 1.5x, https:\/\/i0.wp.com\/www.grieta.org.mx\/wp-content\/uploads\/2018\/03\/14524434_1106112876131411_958039263622046936_o.jpg?resize=700%2C400&ssl=1 2x"},"classes":[]},{"id":12926,"url":"https:\/\/www.grieta.org.mx\/index.php\/2016\/05\/19\/despidos-de-maestros-no-se-justifican-cnte-michoacan\/","url_meta":{"origin":8982,"position":2},"title":"Despidos de maestros no se justifican: CNTE Michoac\u00e1n","author":"grieta","date":"19 mayo, 2016","format":false,"excerpt":"Advierte la Secci\u00f3n XVIII que emprender\u00e1n medidas de tipo jur\u00eddico y de movilizaci\u00f3n, luego del anuncio de la SEP. Dicen desconocer a Aurelio Nu\u00f1o como interlocutor v\u00e1lido V\u00edctor Manuel Zavala Hurtado, secretario general de la Secci\u00f3n XVIII de la Coordinadora Nacional de Trabajadores de la Educaci\u00f3n (CNTE), indic\u00f3 que emprender\u00e1n\u2026","rel":"","context":"En &quot;CINTILLO&quot;","block_context":{"text":"CINTILLO","link":"https:\/\/www.grieta.org.mx\/index.php\/category\/cintillo\/"},"img":{"alt_text":"","src":"https:\/\/i0.wp.com\/www.grieta.org.mx\/wp-content\/uploads\/2018\/03\/14524434_1106112876131411_958039263622046936_o.jpg?resize=350%2C200&ssl=1","width":350,"height":200,"srcset":"https:\/\/i0.wp.com\/www.grieta.org.mx\/wp-content\/uploads\/2018\/03\/14524434_1106112876131411_958039263622046936_o.jpg?resize=350%2C200&ssl=1 1x, https:\/\/i0.wp.com\/www.grieta.org.mx\/wp-content\/uploads\/2018\/03\/14524434_1106112876131411_958039263622046936_o.jpg?resize=525%2C300&ssl=1 1.5x, https:\/\/i0.wp.com\/www.grieta.org.mx\/wp-content\/uploads\/2018\/03\/14524434_1106112876131411_958039263622046936_o.jpg?resize=700%2C400&ssl=1 2x"},"classes":[]},{"id":12175,"url":"https:\/\/www.grieta.org.mx\/index.php\/2016\/05\/13\/maestros-de-colima-se-unen-a-paro-nacional-de-la-cnte\/","url_meta":{"origin":8982,"position":3},"title":"Maestros de Colima se unen a Paro Nacional de la CNTE","author":"grieta","date":"13 mayo, 2016","format":false,"excerpt":"Jonathan N\u00fa\u00f1ez La tarde del jueves 12 de mayo ante m\u00e1s de 60 asistentes entre profesores(as) y activistas, la delegaci\u00f3n en Colima de la Coordinadora Nacional de Trabajadores de la Educaci\u00f3n (CNTE), confirm\u00f3 que se sumar\u00e1 al paro nacional indefinido planeado para el pr\u00f3ximo d\u00eda 15 de este mes, como\u2026","rel":"","context":"En &quot;CINTILLO&quot;","block_context":{"text":"CINTILLO","link":"https:\/\/www.grieta.org.mx\/index.php\/category\/cintillo\/"},"img":{"alt_text":"","src":"https:\/\/i0.wp.com\/www.grieta.org.mx\/wp-content\/uploads\/2018\/03\/14524434_1106112876131411_958039263622046936_o.jpg?resize=350%2C200&ssl=1","width":350,"height":200,"srcset":"https:\/\/i0.wp.com\/www.grieta.org.mx\/wp-content\/uploads\/2018\/03\/14524434_1106112876131411_958039263622046936_o.jpg?resize=350%2C200&ssl=1 1x, https:\/\/i0.wp.com\/www.grieta.org.mx\/wp-content\/uploads\/2018\/03\/14524434_1106112876131411_958039263622046936_o.jpg?resize=525%2C300&ssl=1 1.5x, https:\/\/i0.wp.com\/www.grieta.org.mx\/wp-content\/uploads\/2018\/03\/14524434_1106112876131411_958039263622046936_o.jpg?resize=700%2C400&ssl=1 2x"},"classes":[]},{"id":20164,"url":"https:\/\/www.grieta.org.mx\/index.php\/2016\/08\/16\/escuela-secundaria-diurna-no-36-entra-en-paro-indefinido-hasta-que-caiga-la-reforma-educativa-cdmx\/","url_meta":{"origin":8982,"position":4},"title":"Escuela Secundaria Diurna No. 36 entra en paro indefinido; \u201chasta que caiga la reforma educativa\u201d (CDMX)","author":"grieta","date":"16 agosto, 2016","format":false,"excerpt":"Ruptura Colectiva (RC) Desde el lunes 15 de agosto,\u00a0los combativos maestros y padres de familia de la Escuela Secundaria Diurna No. 36 en la CDMX, ubicada en la delegaci\u00f3n Xochimilco, se han declarado en PARO INDEFINIDO, para continuar con el llamado de la CNTE a nivel nacional para seguir sosteniendo\u2026","rel":"","context":"En &quot;cdmx&quot;","block_context":{"text":"cdmx","link":"https:\/\/www.grieta.org.mx\/index.php\/category\/cdmx\/"},"img":{"alt_text":"","src":"https:\/\/i0.wp.com\/www.grieta.org.mx\/wp-content\/uploads\/2018\/03\/14524434_1106112876131411_958039263622046936_o.jpg?resize=350%2C200&ssl=1","width":350,"height":200,"srcset":"https:\/\/i0.wp.com\/www.grieta.org.mx\/wp-content\/uploads\/2018\/03\/14524434_1106112876131411_958039263622046936_o.jpg?resize=350%2C200&ssl=1 1x, https:\/\/i0.wp.com\/www.grieta.org.mx\/wp-content\/uploads\/2018\/03\/14524434_1106112876131411_958039263622046936_o.jpg?resize=525%2C300&ssl=1 1.5x, https:\/\/i0.wp.com\/www.grieta.org.mx\/wp-content\/uploads\/2018\/03\/14524434_1106112876131411_958039263622046936_o.jpg?resize=700%2C400&ssl=1 2x"},"classes":[]},{"id":13078,"url":"https:\/\/www.grieta.org.mx\/index.php\/2016\/05\/27\/marchar-miles-de-cetegistas-sindicatos-y-organizaciones-contra-reforma-educativa\/","url_meta":{"origin":8982,"position":5},"title":"Marchan miles de cetegistas, sindicatos y organizaciones contra reforma","author":"grieta","date":"27 mayo, 2016","format":false,"excerpt":"El Sur Alina Navarrete Fern\u00e1ndez, Alejandro Guerrero, Karina Contreras, Jacob Morales, Mar\u00eda Avilez y Brenda Escobar Iguala, Acapulco, Chilpancingo y Zihuatanejo. Marchan en la capital 10 mil cetegistas, padres y organizaciones contra la reforma y la evaluaci\u00f3n. La movilizaci\u00f3n es parte de la Acci\u00f3n Global por Ayotzinapa, para exigir la\u2026","rel":"","context":"En &quot;CINTILLO&quot;","block_context":{"text":"CINTILLO","link":"https:\/\/www.grieta.org.mx\/index.php\/category\/cintillo\/"},"img":{"alt_text":"","src":"https:\/\/i0.wp.com\/www.grieta.org.mx\/wp-content\/uploads\/2018\/03\/14524434_1106112876131411_958039263622046936_o.jpg?resize=350%2C200&ssl=1","width":350,"height":200,"srcset":"https:\/\/i0.wp.com\/www.grieta.org.mx\/wp-content\/uploads\/2018\/03\/14524434_1106112876131411_958039263622046936_o.jpg?resize=350%2C200&ssl=1 1x, https:\/\/i0.wp.com\/www.grieta.org.mx\/wp-content\/uploads\/2018\/03\/14524434_1106112876131411_958039263622046936_o.jpg?resize=525%2C300&ssl=1 1.5x, https:\/\/i0.wp.com\/www.grieta.org.mx\/wp-content\/uploads\/2018\/03\/14524434_1106112876131411_958039263622046936_o.jpg?resize=700%2C400&ssl=1 2x"},"classes":[]}],"_links":{"self":[{"href":"https:\/\/www.grieta.org.mx\/index.php\/wp-json\/wp\/v2\/posts\/8982","targetHints":{"allow":["GET"]}}],"collection":[{"href":"https:\/\/www.grieta.org.mx\/index.php\/wp-json\/wp\/v2\/posts"}],"about":[{"href":"https:\/\/www.grieta.org.mx\/index.php\/wp-json\/wp\/v2\/types\/post"}],"author":[{"embeddable":true,"href":"https:\/\/www.grieta.org.mx\/index.php\/wp-json\/wp\/v2\/users\/1"}],"replies":[{"embeddable":true,"href":"https:\/\/www.grieta.org.mx\/index.php\/wp-json\/wp\/v2\/comments?post=8982"}],"version-history":[{"count":1,"href":"https:\/\/www.grieta.org.mx\/index.php\/wp-json\/wp\/v2\/posts\/8982\/revisions"}],"predecessor-version":[{"id":8983,"href":"https:\/\/www.grieta.org.mx\/index.php\/wp-json\/wp\/v2\/posts\/8982\/revisions\/8983"}],"wp:featuredmedia":[{"embeddable":true,"href":"https:\/\/www.grieta.org.mx\/index.php\/wp-json\/wp\/v2\/media\/21928"}],"wp:attachment":[{"href":"https:\/\/www.grieta.org.mx\/index.php\/wp-json\/wp\/v2\/media?parent=8982"}],"wp:term":[{"taxonomy":"category","embeddable":true,"href":"https:\/\/www.grieta.org.mx\/index.php\/wp-json\/wp\/v2\/categories?post=8982"},{"taxonomy":"post_tag","embeddable":true,"href":"https:\/\/www.grieta.org.mx\/index.php\/wp-json\/wp\/v2\/tags?post=8982"}],"curies":[{"name":"wp","href":"https:\/\/api.w.org\/{rel}","templated":true}]}}