{"id":8980,"date":"2015-10-14T06:32:56","date_gmt":"2015-10-14T06:32:56","guid":{"rendered":"http:\/\/50.22.11.12\/~grietaor\/?p=8980"},"modified":"2016-03-31T06:34:01","modified_gmt":"2016-03-31T06:34:01","slug":"si-les-descuentan-cnte-michoacan-amaga-con-irse-a-paro-indefinido","status":"publish","type":"post","link":"https:\/\/www.grieta.org.mx\/index.php\/2015\/10\/14\/si-les-descuentan-cnte-michoacan-amaga-con-irse-a-paro-indefinido\/","title":{"rendered":"Si les descuentan, CNTE Michoac\u00e1n amaga con irse a paro indefinido"},"content":{"rendered":"<blockquote><p>Los docentes amagaron con cerrar escuelas, realizar plantones en Palacio de Gobierno, bloquear casetas de cobro en la autopista Siglo XXI y sellar accesos a bancos si se les descuenta el d\u00eda tras su jornada de paros en contra de la reforma educativa.<\/p><\/blockquote>\n<p>MORELIA.- El dirigente de la Coordinadora Nacional de Trabajadores de la Educaci\u00f3n (CNTE) en Michoac\u00e1n, Juan Jos\u00e9 Ortega Madrigal, advirti\u00f3 que si les descuentan el salario del pasado lunes por haber realizado un paro laboral, habr\u00e1 una reacci\u00f3n fuerte e incluso parar\u00edan por tiempo tiempo indefinido.<\/p>\n<p>Entre las acciones que pudiesen tomar los trabajadores al servicio de la educaci\u00f3n destacan el cierre de miles de escuelas, plantones en Palacio de Gobierno, bloqueo de casetas de cobro en la autopista Siglo XXI y sellar accesos a bancos, enumer\u00f3.<\/p>\n<p>E incluso dijo que en caso de que se aplique el descuento salarial en contra de los maestros de la CNTE, acudir\u00e1n a los tribunales laborales para denunciar formalmente a las autoridades.<\/p>\n<p>M\u00e1s adelante, Juan Jos\u00e9 Ortega record\u00f3 que el pasado lunes 12 de octubre, los docentes disidentes efectuaron una jornada de lucha, -no acudieron a las aulas, cerraron las casetas de cobro de autopistas e impidieron el tr\u00e1nsito de mercanc\u00edas en el puerto de L\u00e1zaro C\u00e1rdenas, por lo que la Secretar\u00eda de Educaci\u00f3n P\u00fablica inform\u00f3 que no les pagar\u00eda el salario a los manifestantes.<\/p>\n<p>Y en este mismo sentido, el dirigente en el estado de la CNTE estim\u00f3 que el paro en las escuelas de Michoac\u00e1n fue del 90 por ciento, y reiter\u00f3 que el movimiento sindical proseguir\u00e1 en las calles hasta que quede abolida la Ley de Educaci\u00f3n.<\/p>\n<p>http:\/\/www.elfinanciero.com.mx\/nacional\/si-les-descuentan-cnte-michoacan-amaga-con-irse-a-paro-indefinido.html<\/p>\n","protected":false},"excerpt":{"rendered":"<p>Los docentes amagaron con cerrar escuelas, realizar plantones en Palacio de Gobierno, bloquear casetas de cobro en la autopista Siglo XXI y sellar accesos a bancos si se les descuenta &hellip; <a href=\"https:\/\/www.grieta.org.mx\/index.php\/2015\/10\/14\/si-les-descuentan-cnte-michoacan-amaga-con-irse-a-paro-indefinido\/\" class=\"more-link\">Leer m\u00e1s<\/a><\/p>\n","protected":false},"author":1,"featured_media":21928,"comment_status":"closed","ping_status":"open","sticky":false,"template":"","format":"standard","meta":{"ngg_post_thumbnail":0,"_jetpack_newsletter_access":"","_jetpack_dont_email_post_to_subs":false,"_jetpack_newsletter_tier_id":0,"_jetpack_memberships_contains_paywalled_content":false,"_jetpack_memberships_contains_paid_content":false,"footnotes":""},"categories":[80,82],"tags":[134,480,135],"class_list":["post-8980","post","type-post","status-publish","format-standard","has-post-thumbnail","hentry","category-cintillo","category-michoacan","tag-cnte","tag-evaluacion-magisterial","tag-reforma-educativa","entry"],"jetpack_featured_media_url":"https:\/\/www.grieta.org.mx\/wp-content\/uploads\/2018\/03\/14524434_1106112876131411_958039263622046936_o.jpg","jetpack_sharing_enabled":true,"jetpack_shortlink":"https:\/\/wp.me\/p7ZJR4-2kQ","jetpack_likes_enabled":false,"jetpack-related-posts":[{"id":32919,"url":"https:\/\/www.grieta.org.mx\/index.php\/2019\/05\/02\/cnte-libera-casetas-de-peaje-en-autopista-siglo-xxi-michoacan\/","url_meta":{"origin":8980,"position":0},"title":"CNTE libera casetas de peaje en autopista Siglo XXI (Michoac\u00e1n)","author":"grieta","date":"2 mayo, 2019","format":false,"excerpt":"Autor Benjam\u00edn Alvarez \/ Contramuro, 2 de mayo de 2019 La acci\u00f3n de la CNTE est\u00e1 en marcada en su rechazo a la nueva propuesta de reforma educativa de las autoridades federales Morelia, Michoac\u00e1n.- Agremiados de la Coordinadora Nacional de Trabajadores de la Educaci\u00f3n (CNTE), han liberado casetas de cobro\u2026","rel":"","context":"En &quot;CINTILLO&quot;","block_context":{"text":"CINTILLO","link":"https:\/\/www.grieta.org.mx\/index.php\/category\/cintillo\/"},"img":{"alt_text":"","src":"https:\/\/i0.wp.com\/www.grieta.org.mx\/wp-content\/uploads\/2019\/05\/90c270a6-fac0-49ff-bb9a-4fb3e2686ea8-1000x500.jpg?resize=350%2C200&ssl=1","width":350,"height":200,"srcset":"https:\/\/i0.wp.com\/www.grieta.org.mx\/wp-content\/uploads\/2019\/05\/90c270a6-fac0-49ff-bb9a-4fb3e2686ea8-1000x500.jpg?resize=350%2C200&ssl=1 1x, https:\/\/i0.wp.com\/www.grieta.org.mx\/wp-content\/uploads\/2019\/05\/90c270a6-fac0-49ff-bb9a-4fb3e2686ea8-1000x500.jpg?resize=525%2C300&ssl=1 1.5x, https:\/\/i0.wp.com\/www.grieta.org.mx\/wp-content\/uploads\/2019\/05\/90c270a6-fac0-49ff-bb9a-4fb3e2686ea8-1000x500.jpg?resize=700%2C400&ssl=1 2x"},"classes":[]},{"id":8977,"url":"https:\/\/www.grieta.org.mx\/index.php\/2016\/09\/13\/movilizaciones-contra-la-reforma-educativa-y-la-evaluacion-magisterial-en-michoacan\/","url_meta":{"origin":8980,"position":1},"title":"Movilizaciones contra la Reforma Educativa y la evaluaci\u00f3n magisterial en Michoac\u00e1n","author":"Admin","date":"13 septiembre, 2016","format":false,"excerpt":"13\/09\/16. CNTE encabezar\u00e1 acciones de protesta en festejos patrios Quadrat\u00edn 13\/09\/16. CNTE reanudar\u00e1 clases en todo Michoac\u00e1n Mi Morelia 18\/08\/16. Liberan a 28 normalistas de Michoac\u00e1n; 11 permanecen detenidos El Universal 17\/08\/16. Exigen liberar a los 39 normalistas detenidos en Michoac\u00e1n Proceso 17\/08\/16. A penal de Mil Cumbres, 39 normalistas\u2026","rel":"","context":"En &quot;Michoac\u00e1n&quot;","block_context":{"text":"Michoac\u00e1n","link":"https:\/\/www.grieta.org.mx\/index.php\/category\/noticias-nacionales\/michoacan\/"},"img":{"alt_text":"","src":"https:\/\/i0.wp.com\/www.grieta.org.mx\/wp-content\/uploads\/2018\/03\/14524434_1106112876131411_958039263622046936_o.jpg?resize=350%2C200&ssl=1","width":350,"height":200,"srcset":"https:\/\/i0.wp.com\/www.grieta.org.mx\/wp-content\/uploads\/2018\/03\/14524434_1106112876131411_958039263622046936_o.jpg?resize=350%2C200&ssl=1 1x, https:\/\/i0.wp.com\/www.grieta.org.mx\/wp-content\/uploads\/2018\/03\/14524434_1106112876131411_958039263622046936_o.jpg?resize=525%2C300&ssl=1 1.5x, https:\/\/i0.wp.com\/www.grieta.org.mx\/wp-content\/uploads\/2018\/03\/14524434_1106112876131411_958039263622046936_o.jpg?resize=700%2C400&ssl=1 2x"},"classes":[]},{"id":12914,"url":"https:\/\/www.grieta.org.mx\/index.php\/2016\/05\/22\/cnte-mantendra-cerradas-las-escuelas-en-michoacan\/","url_meta":{"origin":8980,"position":2},"title":"CNTE mantendr\u00e1 cerradas las escuelas en Michoac\u00e1n","author":"grieta","date":"22 mayo, 2016","format":false,"excerpt":"La CNTE anunci\u00f3 que este lunes tomar\u00e1 todas las dependencias federales y efectuar\u00e1n en Morelia una megamarcha estatal con una asistencia estimada en m\u00e1s de 5 mil trabajadores. MORELIA.- A ocho d\u00edas de que inici\u00f3 el paro magisterial en Michoac\u00e1n, la Coordinadora Nacional de Trabajadores de la Educaci\u00f3n (CNTE) dijo\u2026","rel":"","context":"En &quot;CINTILLO&quot;","block_context":{"text":"CINTILLO","link":"https:\/\/www.grieta.org.mx\/index.php\/category\/cintillo\/"},"img":{"alt_text":"","src":"https:\/\/i0.wp.com\/www.grieta.org.mx\/wp-content\/uploads\/2018\/03\/14524434_1106112876131411_958039263622046936_o.jpg?resize=350%2C200&ssl=1","width":350,"height":200,"srcset":"https:\/\/i0.wp.com\/www.grieta.org.mx\/wp-content\/uploads\/2018\/03\/14524434_1106112876131411_958039263622046936_o.jpg?resize=350%2C200&ssl=1 1x, https:\/\/i0.wp.com\/www.grieta.org.mx\/wp-content\/uploads\/2018\/03\/14524434_1106112876131411_958039263622046936_o.jpg?resize=525%2C300&ssl=1 1.5x, https:\/\/i0.wp.com\/www.grieta.org.mx\/wp-content\/uploads\/2018\/03\/14524434_1106112876131411_958039263622046936_o.jpg?resize=700%2C400&ssl=1 2x"},"classes":[]},{"id":8982,"url":"https:\/\/www.grieta.org.mx\/index.php\/2015\/10\/14\/anuncia-cnte-movilizaciones-amaga-con-paro-indefinido\/","url_meta":{"origin":8980,"position":3},"title":"Anuncia CNTE movilizaciones, amaga con paro indefinido","author":"Admin","date":"14 octubre, 2015","format":false,"excerpt":"Ante la postura del gobierno de que no est\u00e1n garantizados los pagos de la siguiente quincena y prestaciones adeudada para los trabajadores con clave estatal, la Secci\u00f3n XVIII de la Coordinadora Nacional de Trabajadores de la Educaci\u00f3n anunci\u00f3 que a partir de este d\u00eda iniciar\u00e1n con tomas y plantones en\u2026","rel":"","context":"En &quot;CINTILLO&quot;","block_context":{"text":"CINTILLO","link":"https:\/\/www.grieta.org.mx\/index.php\/category\/cintillo\/"},"img":{"alt_text":"","src":"https:\/\/i0.wp.com\/www.grieta.org.mx\/wp-content\/uploads\/2018\/03\/14524434_1106112876131411_958039263622046936_o.jpg?resize=350%2C200&ssl=1","width":350,"height":200,"srcset":"https:\/\/i0.wp.com\/www.grieta.org.mx\/wp-content\/uploads\/2018\/03\/14524434_1106112876131411_958039263622046936_o.jpg?resize=350%2C200&ssl=1 1x, https:\/\/i0.wp.com\/www.grieta.org.mx\/wp-content\/uploads\/2018\/03\/14524434_1106112876131411_958039263622046936_o.jpg?resize=525%2C300&ssl=1 1.5x, https:\/\/i0.wp.com\/www.grieta.org.mx\/wp-content\/uploads\/2018\/03\/14524434_1106112876131411_958039263622046936_o.jpg?resize=700%2C400&ssl=1 2x"},"classes":[]},{"id":8984,"url":"https:\/\/www.grieta.org.mx\/index.php\/2015\/10\/12\/se-unira-cnte-michoacan-a-paro-nacional-tomaran-casetas\/","url_meta":{"origin":8980,"position":4},"title":"Se unir\u00e1 CNTE Michoac\u00e1n a paro nacional, tomar\u00e1n casetas","author":"Admin","date":"12 octubre, 2015","format":false,"excerpt":"Un paro de labores por 24 horas y la toma de varias casetas forman parte de las acciones que este lunes encabezar\u00e1n profesores de la Secci\u00f3n 22 en Michoac\u00e1n Un paro de labores por 24 horas y la toma de varias casetas forman parte de las acciones que este lunes\u2026","rel":"","context":"En &quot;CINTILLO&quot;","block_context":{"text":"CINTILLO","link":"https:\/\/www.grieta.org.mx\/index.php\/category\/cintillo\/"},"img":{"alt_text":"","src":"https:\/\/i0.wp.com\/www.grieta.org.mx\/wp-content\/uploads\/2018\/03\/14524434_1106112876131411_958039263622046936_o.jpg?resize=350%2C200&ssl=1","width":350,"height":200,"srcset":"https:\/\/i0.wp.com\/www.grieta.org.mx\/wp-content\/uploads\/2018\/03\/14524434_1106112876131411_958039263622046936_o.jpg?resize=350%2C200&ssl=1 1x, https:\/\/i0.wp.com\/www.grieta.org.mx\/wp-content\/uploads\/2018\/03\/14524434_1106112876131411_958039263622046936_o.jpg?resize=525%2C300&ssl=1 1.5x, https:\/\/i0.wp.com\/www.grieta.org.mx\/wp-content\/uploads\/2018\/03\/14524434_1106112876131411_958039263622046936_o.jpg?resize=700%2C400&ssl=1 2x"},"classes":[]},{"id":22779,"url":"https:\/\/www.grieta.org.mx\/index.php\/2018\/04\/17\/vive-michoacan-jornada-de-protestas-de-la-cnte-y-normalistas\/","url_meta":{"origin":8980,"position":5},"title":"Vive Michoac\u00e1n jornada de protestas de la CNTE y normalistas","author":"Admin","date":"17 abril, 2018","format":false,"excerpt":"POR FRANCISCO CASTELLANOS J MORELIA, MICH. (apro).- Integrantes de la secci\u00f3n 18 de la Coordinadora Nacional de Trabajadores de la Educaci\u00f3n (CNTE), realizan una jornada de bloqueos en diversas casetas y autopistas de Michoac\u00e1n; los egresados de la Escuela Normal realizan otra protesta afuera de las oficinas de Secretar\u00eda de\u2026","rel":"","context":"En &quot;CINTILLO&quot;","block_context":{"text":"CINTILLO","link":"https:\/\/www.grieta.org.mx\/index.php\/category\/cintillo\/"},"img":{"alt_text":"","src":"https:\/\/i0.wp.com\/www.grieta.org.mx\/wp-content\/uploads\/2018\/04\/DbFAc2TUwAET0ki-c.jpg?resize=350%2C200&ssl=1","width":350,"height":200,"srcset":"https:\/\/i0.wp.com\/www.grieta.org.mx\/wp-content\/uploads\/2018\/04\/DbFAc2TUwAET0ki-c.jpg?resize=350%2C200&ssl=1 1x, https:\/\/i0.wp.com\/www.grieta.org.mx\/wp-content\/uploads\/2018\/04\/DbFAc2TUwAET0ki-c.jpg?resize=525%2C300&ssl=1 1.5x, https:\/\/i0.wp.com\/www.grieta.org.mx\/wp-content\/uploads\/2018\/04\/DbFAc2TUwAET0ki-c.jpg?resize=700%2C400&ssl=1 2x"},"classes":[]}],"_links":{"self":[{"href":"https:\/\/www.grieta.org.mx\/index.php\/wp-json\/wp\/v2\/posts\/8980","targetHints":{"allow":["GET"]}}],"collection":[{"href":"https:\/\/www.grieta.org.mx\/index.php\/wp-json\/wp\/v2\/posts"}],"about":[{"href":"https:\/\/www.grieta.org.mx\/index.php\/wp-json\/wp\/v2\/types\/post"}],"author":[{"embeddable":true,"href":"https:\/\/www.grieta.org.mx\/index.php\/wp-json\/wp\/v2\/users\/1"}],"replies":[{"embeddable":true,"href":"https:\/\/www.grieta.org.mx\/index.php\/wp-json\/wp\/v2\/comments?post=8980"}],"version-history":[{"count":1,"href":"https:\/\/www.grieta.org.mx\/index.php\/wp-json\/wp\/v2\/posts\/8980\/revisions"}],"predecessor-version":[{"id":8981,"href":"https:\/\/www.grieta.org.mx\/index.php\/wp-json\/wp\/v2\/posts\/8980\/revisions\/8981"}],"wp:featuredmedia":[{"embeddable":true,"href":"https:\/\/www.grieta.org.mx\/index.php\/wp-json\/wp\/v2\/media\/21928"}],"wp:attachment":[{"href":"https:\/\/www.grieta.org.mx\/index.php\/wp-json\/wp\/v2\/media?parent=8980"}],"wp:term":[{"taxonomy":"category","embeddable":true,"href":"https:\/\/www.grieta.org.mx\/index.php\/wp-json\/wp\/v2\/categories?post=8980"},{"taxonomy":"post_tag","embeddable":true,"href":"https:\/\/www.grieta.org.mx\/index.php\/wp-json\/wp\/v2\/tags?post=8980"}],"curies":[{"name":"wp","href":"https:\/\/api.w.org\/{rel}","templated":true}]}}