{"id":8959,"date":"2015-09-26T06:16:20","date_gmt":"2015-09-26T06:16:20","guid":{"rendered":"http:\/\/50.22.11.12\/~grietaor\/?p=8959"},"modified":"2016-03-31T06:19:19","modified_gmt":"2016-03-31T06:19:19","slug":"inicia-marcha-de-normalistas-por-los-43-desaparecidos-de-ayotzinapa","status":"publish","type":"post","link":"https:\/\/www.grieta.org.mx\/index.php\/2015\/09\/26\/inicia-marcha-de-normalistas-por-los-43-desaparecidos-de-ayotzinapa\/","title":{"rendered":"Inicia marcha de normalistas por los 43 desaparecidos de Ayotzinapa"},"content":{"rendered":"<p>Jos\u00e9 Antonio Castro<\/p>\n<p>Morelia, Michoac\u00e1n.- Inicia la marcha de los normalistas por los 43 desaparecidos de Ayotzinapa en la capital michoacana. <\/p>\n<p>Las autoridades de tr\u00e1nsito ya cortaron los accesos a Casa de Gobierno, mientras los normalistas s\u00f3lo se dispersan afuera de las instalaciones. Llegaron al lugar alrededor de 12 autobuses de las rutas Purepecha, Parikuni, Para\u00edso y Medina con estudiantes normalistas. <\/p>\n<p>La movilizaci\u00f3n se dirige de Casa de Gobierno al Centro Hist\u00f3rico, pasando por Perif\u00e9rico Independencia. <\/p>\n<p>Cabe mencionar que m\u00e1s adelante se van a adherir a la marcha los integrantes de Movimiento Regeneraci\u00f3n Nacional (Morena), quienes hace unos minutos develaron el antimonumento por Ayotzinapa, lo que dar\u00e1 un total aproximado de dos mil personas como participantes.<\/p>\n<p><a href=\"http:\/\/www.cambiodemichoacan.com.mx\/nota-265150\" target=\"_blank\">http:\/\/www.cambiodemichoacan.com.mx\/nota-265150<\/a><\/p>\n","protected":false},"excerpt":{"rendered":"<p>Jos\u00e9 Antonio Castro Morelia, Michoac\u00e1n.- Inicia la marcha de los normalistas por los 43 desaparecidos de Ayotzinapa en la capital michoacana. Las autoridades de tr\u00e1nsito ya cortaron los accesos a &hellip; <a href=\"https:\/\/www.grieta.org.mx\/index.php\/2015\/09\/26\/inicia-marcha-de-normalistas-por-los-43-desaparecidos-de-ayotzinapa\/\" class=\"more-link\">Leer m\u00e1s<\/a><\/p>\n","protected":false},"author":1,"featured_media":21928,"comment_status":"closed","ping_status":"open","sticky":false,"template":"","format":"standard","meta":{"ngg_post_thumbnail":0,"_jetpack_newsletter_access":"","_jetpack_dont_email_post_to_subs":false,"_jetpack_newsletter_tier_id":0,"_jetpack_memberships_contains_paywalled_content":false,"_jetpack_memberships_contains_paid_content":false,"footnotes":""},"categories":[80,82],"tags":[229],"class_list":["post-8959","post","type-post","status-publish","format-standard","has-post-thumbnail","hentry","category-cintillo","category-michoacan","tag-solidaridad-con-ayotzinapa","entry"],"jetpack_featured_media_url":"https:\/\/www.grieta.org.mx\/wp-content\/uploads\/2018\/03\/14524434_1106112876131411_958039263622046936_o.jpg","jetpack_sharing_enabled":true,"jetpack_shortlink":"https:\/\/wp.me\/p7ZJR4-2kv","jetpack_likes_enabled":false,"jetpack-related-posts":[{"id":8955,"url":"https:\/\/www.grieta.org.mx\/index.php\/2015\/09\/26\/se-suman-normalistas-de-michoacan-a-marcha-por-ayotzinapa\/","url_meta":{"origin":8959,"position":0},"title":"Se suman normalistas de Michoac\u00e1n a marcha por Ayotzinapa","author":"Admin","date":"26 septiembre, 2015","format":false,"excerpt":"En el marco de la marcha por el aniversario de los hechos ocurridos en Iguala, estudiantes de los ocho planteles normales de Michoac\u00e1n se organizaron frente a la casa de gobierno de ese estado y se dirigen hacia el centro hist\u00f3rico de esa entidad. Morelia, Mich.- Portando en su mayor\u00eda\u2026","rel":"","context":"En &quot;CINTILLO&quot;","block_context":{"text":"CINTILLO","link":"https:\/\/www.grieta.org.mx\/index.php\/category\/cintillo\/"},"img":{"alt_text":"","src":"https:\/\/i0.wp.com\/www.grieta.org.mx\/wp-content\/uploads\/2018\/03\/14524434_1106112876131411_958039263622046936_o.jpg?resize=350%2C200&ssl=1","width":350,"height":200,"srcset":"https:\/\/i0.wp.com\/www.grieta.org.mx\/wp-content\/uploads\/2018\/03\/14524434_1106112876131411_958039263622046936_o.jpg?resize=350%2C200&ssl=1 1x, https:\/\/i0.wp.com\/www.grieta.org.mx\/wp-content\/uploads\/2018\/03\/14524434_1106112876131411_958039263622046936_o.jpg?resize=525%2C300&ssl=1 1.5x, https:\/\/i0.wp.com\/www.grieta.org.mx\/wp-content\/uploads\/2018\/03\/14524434_1106112876131411_958039263622046936_o.jpg?resize=700%2C400&ssl=1 2x"},"classes":[]},{"id":8931,"url":"https:\/\/www.grieta.org.mx\/index.php\/2015\/09\/26\/movilizaciones-por-ayotzinapa-en-michoacan\/","url_meta":{"origin":8959,"position":1},"title":"Movilizaciones por Ayotzinapa en Michoac\u00e1n","author":"Admin","date":"26 septiembre, 2015","format":false,"excerpt":"26\/09\/15. Video de la movilizaci\u00f3n ne Morelia a un a\u00f1o de la desaparici\u00f3n de normalistas de Ayotzinapa Cooperativa de Cine 26\/09\/15. Se suman normalistas de Michoac\u00e1n a marcha por Ayotzinapa El Financiero 26\/09\/15. Culminan acciones por Ayotzinapa, tras 8 horas de movilizaciones Cambio de Michoac\u00e1n 26\/09\/15. Inicia marcha de normalistas\u2026","rel":"","context":"En &quot;Michoac\u00e1n&quot;","block_context":{"text":"Michoac\u00e1n","link":"https:\/\/www.grieta.org.mx\/index.php\/category\/noticias-nacionales\/michoacan\/"},"img":{"alt_text":"","src":"https:\/\/i0.wp.com\/www.grieta.org.mx\/wp-content\/uploads\/2018\/03\/14524434_1106112876131411_958039263622046936_o.jpg?resize=350%2C200&ssl=1","width":350,"height":200,"srcset":"https:\/\/i0.wp.com\/www.grieta.org.mx\/wp-content\/uploads\/2018\/03\/14524434_1106112876131411_958039263622046936_o.jpg?resize=350%2C200&ssl=1 1x, https:\/\/i0.wp.com\/www.grieta.org.mx\/wp-content\/uploads\/2018\/03\/14524434_1106112876131411_958039263622046936_o.jpg?resize=525%2C300&ssl=1 1.5x, https:\/\/i0.wp.com\/www.grieta.org.mx\/wp-content\/uploads\/2018\/03\/14524434_1106112876131411_958039263622046936_o.jpg?resize=700%2C400&ssl=1 2x"},"classes":[]},{"id":4109,"url":"https:\/\/www.grieta.org.mx\/index.php\/2015\/11\/17\/4109\/","url_meta":{"origin":8959,"position":2},"title":"Movilizaciones por Ayotzinapa en Oaxaca","author":"grieta","date":"17 noviembre, 2015","format":false,"excerpt":"17\/11\/15. Normalistas marchan para repudiar represi\u00f3n contra estudiantes de Ayotzinapa P\u00e1gina 3 28\/10\/15. Normalistas realizan pintas frente al cuartel de infanter\u00eda Istmo Press 28\/09\/15. UCIZONI marcha por los 43 desparecidos de Ayotzinapa El Imparcial 26\/09\/15. Marcha magisterio de Oaxaca por Ayotzinapa NoticiasNet 25\/09\/15. Estudiantes zapotecas en desfile exigen con pancartas\u2026","rel":"","context":"En &quot;Desaparecidos&quot;","block_context":{"text":"Desaparecidos","link":"https:\/\/www.grieta.org.mx\/index.php\/category\/temas-nacionales\/desaparecidos\/"},"img":{"alt_text":"","src":"https:\/\/i0.wp.com\/www.grieta.org.mx\/wp-content\/uploads\/2018\/03\/14524434_1106112876131411_958039263622046936_o.jpg?resize=350%2C200&ssl=1","width":350,"height":200,"srcset":"https:\/\/i0.wp.com\/www.grieta.org.mx\/wp-content\/uploads\/2018\/03\/14524434_1106112876131411_958039263622046936_o.jpg?resize=350%2C200&ssl=1 1x, https:\/\/i0.wp.com\/www.grieta.org.mx\/wp-content\/uploads\/2018\/03\/14524434_1106112876131411_958039263622046936_o.jpg?resize=525%2C300&ssl=1 1.5x, https:\/\/i0.wp.com\/www.grieta.org.mx\/wp-content\/uploads\/2018\/03\/14524434_1106112876131411_958039263622046936_o.jpg?resize=700%2C400&ssl=1 2x"},"classes":[]},{"id":8936,"url":"https:\/\/www.grieta.org.mx\/index.php\/2015\/04\/27\/tras-arribo-movilizacion-por-ayotzinapa-realiza-mitin-en-el-centro-historico\/","url_meta":{"origin":8959,"position":3},"title":"Tras arribo, movilizaci\u00f3n por Ayotzinapa realiza mitin en el Centro Hist\u00f3rico","author":"Admin","date":"27 abril, 2015","format":false,"excerpt":"Morelia, Michoac\u00e1n.- Arrib\u00f3 al Centro Hist\u00f3rico la movilizaci\u00f3n que padres de familia de los 43 estudiantes normalistas desaparecidos en septiembre del 2014 en Iguala, Guerrero realizan como parte de la Acci\u00f3n Global por Ayotzinapa. Con alrededor de 500 manifestantes, la manifestaci\u00f3n parti\u00f3 de Casa de Gobierno con direcci\u00f3n hacia el\u2026","rel":"","context":"En &quot;CINTILLO&quot;","block_context":{"text":"CINTILLO","link":"https:\/\/www.grieta.org.mx\/index.php\/category\/cintillo\/"},"img":{"alt_text":"","src":"https:\/\/i0.wp.com\/www.grieta.org.mx\/wp-content\/uploads\/2018\/03\/14524434_1106112876131411_958039263622046936_o.jpg?resize=350%2C200&ssl=1","width":350,"height":200,"srcset":"https:\/\/i0.wp.com\/www.grieta.org.mx\/wp-content\/uploads\/2018\/03\/14524434_1106112876131411_958039263622046936_o.jpg?resize=350%2C200&ssl=1 1x, https:\/\/i0.wp.com\/www.grieta.org.mx\/wp-content\/uploads\/2018\/03\/14524434_1106112876131411_958039263622046936_o.jpg?resize=525%2C300&ssl=1 1.5x, https:\/\/i0.wp.com\/www.grieta.org.mx\/wp-content\/uploads\/2018\/03\/14524434_1106112876131411_958039263622046936_o.jpg?resize=700%2C400&ssl=1 2x"},"classes":[]},{"id":5995,"url":"https:\/\/www.grieta.org.mx\/index.php\/2016\/05\/01\/movilizaciones-por-ayotzinapa-en-guanajuato\/","url_meta":{"origin":8959,"position":4},"title":"Movilizaciones por Ayotzinapa en Guanajuato","author":"grieta","date":"1 mayo, 2016","format":false,"excerpt":"01\/05\/2016. Se manifiestan por los 43 normalistas de Ayotzinapa durante Marcha por el D\u00eda del Trabajo en Le\u00f3nZona Franca 26\/11\/2015. Se manifiestan colectivos en Le\u00f3n para recordar a los 43 estudiantes de AyotzinapaZona Franca 26\/10\/2015. Estudiantes y padres de familia de Ayotzinapa se manifiestan en el Cervantino en GuanajuatoAM 12\/10\/2015.\u2026","rel":"","context":"En &quot;Guanajuato&quot;","block_context":{"text":"Guanajuato","link":"https:\/\/www.grieta.org.mx\/index.php\/category\/noticias-nacionales\/guanajuato\/"},"img":{"alt_text":"","src":"https:\/\/i0.wp.com\/www.grieta.org.mx\/wp-content\/uploads\/2018\/03\/14524434_1106112876131411_958039263622046936_o.jpg?resize=350%2C200&ssl=1","width":350,"height":200,"srcset":"https:\/\/i0.wp.com\/www.grieta.org.mx\/wp-content\/uploads\/2018\/03\/14524434_1106112876131411_958039263622046936_o.jpg?resize=350%2C200&ssl=1 1x, https:\/\/i0.wp.com\/www.grieta.org.mx\/wp-content\/uploads\/2018\/03\/14524434_1106112876131411_958039263622046936_o.jpg?resize=525%2C300&ssl=1 1.5x, https:\/\/i0.wp.com\/www.grieta.org.mx\/wp-content\/uploads\/2018\/03\/14524434_1106112876131411_958039263622046936_o.jpg?resize=700%2C400&ssl=1 2x"},"classes":[]},{"id":5690,"url":"https:\/\/www.grieta.org.mx\/index.php\/2015\/03\/28\/pueblos-indigenas-del-cni-en-jalisco-reciben-a-normalistas-y-madres-de-los-desaparecidos-de-ayotzinapa\/","url_meta":{"origin":8959,"position":5},"title":"Pueblos Ind\u00edgenas del CNI en Jalisco reciben a normalistas y madres de los desaparecidos de Ayotzinapa.","author":"grieta","date":"28 marzo, 2015","format":false,"excerpt":"28\/03\/15. Las madres del los 43 en Ayotitl\u00e1n, Jalisco.Radio Zapote 25\/03\/15. Familiares de normalistas de Ayotzinapa recorren Jalisco M\u00e1s por m\u00e1s GDL-Cr\u00f3nica de Sociales 23\/03\/15. Normalistas y madres de Ayotzinapa marchar\u00e1n en\u00a0GuadalajaraRevista N\u00f3mada","rel":"","context":"En &quot;Jalisco&quot;","block_context":{"text":"Jalisco","link":"https:\/\/www.grieta.org.mx\/index.php\/category\/noticias-nacionales\/jalisco\/"},"img":{"alt_text":"","src":"https:\/\/i0.wp.com\/www.grieta.org.mx\/wp-content\/uploads\/2018\/03\/14524434_1106112876131411_958039263622046936_o.jpg?resize=350%2C200&ssl=1","width":350,"height":200,"srcset":"https:\/\/i0.wp.com\/www.grieta.org.mx\/wp-content\/uploads\/2018\/03\/14524434_1106112876131411_958039263622046936_o.jpg?resize=350%2C200&ssl=1 1x, https:\/\/i0.wp.com\/www.grieta.org.mx\/wp-content\/uploads\/2018\/03\/14524434_1106112876131411_958039263622046936_o.jpg?resize=525%2C300&ssl=1 1.5x, https:\/\/i0.wp.com\/www.grieta.org.mx\/wp-content\/uploads\/2018\/03\/14524434_1106112876131411_958039263622046936_o.jpg?resize=700%2C400&ssl=1 2x"},"classes":[]}],"_links":{"self":[{"href":"https:\/\/www.grieta.org.mx\/index.php\/wp-json\/wp\/v2\/posts\/8959","targetHints":{"allow":["GET"]}}],"collection":[{"href":"https:\/\/www.grieta.org.mx\/index.php\/wp-json\/wp\/v2\/posts"}],"about":[{"href":"https:\/\/www.grieta.org.mx\/index.php\/wp-json\/wp\/v2\/types\/post"}],"author":[{"embeddable":true,"href":"https:\/\/www.grieta.org.mx\/index.php\/wp-json\/wp\/v2\/users\/1"}],"replies":[{"embeddable":true,"href":"https:\/\/www.grieta.org.mx\/index.php\/wp-json\/wp\/v2\/comments?post=8959"}],"version-history":[{"count":1,"href":"https:\/\/www.grieta.org.mx\/index.php\/wp-json\/wp\/v2\/posts\/8959\/revisions"}],"predecessor-version":[{"id":8964,"href":"https:\/\/www.grieta.org.mx\/index.php\/wp-json\/wp\/v2\/posts\/8959\/revisions\/8964"}],"wp:featuredmedia":[{"embeddable":true,"href":"https:\/\/www.grieta.org.mx\/index.php\/wp-json\/wp\/v2\/media\/21928"}],"wp:attachment":[{"href":"https:\/\/www.grieta.org.mx\/index.php\/wp-json\/wp\/v2\/media?parent=8959"}],"wp:term":[{"taxonomy":"category","embeddable":true,"href":"https:\/\/www.grieta.org.mx\/index.php\/wp-json\/wp\/v2\/categories?post=8959"},{"taxonomy":"post_tag","embeddable":true,"href":"https:\/\/www.grieta.org.mx\/index.php\/wp-json\/wp\/v2\/tags?post=8959"}],"curies":[{"name":"wp","href":"https:\/\/api.w.org\/{rel}","templated":true}]}}