{"id":8957,"date":"2015-09-26T06:13:57","date_gmt":"2015-09-26T06:13:57","guid":{"rendered":"http:\/\/50.22.11.12\/~grietaor\/?p=8957"},"modified":"2016-03-31T06:15:28","modified_gmt":"2016-03-31T06:15:28","slug":"culminan-acciones-por-ayotzinapa-tras-8-horas-de-movilizaciones","status":"publish","type":"post","link":"https:\/\/www.grieta.org.mx\/index.php\/2015\/09\/26\/culminan-acciones-por-ayotzinapa-tras-8-horas-de-movilizaciones\/","title":{"rendered":"Culminan acciones por Ayotzinapa, tras 8 horas de movilizaciones"},"content":{"rendered":"<p>Jos\u00e9 Antonio Castro<br \/>\nMorelia, Michoac\u00e1n.- Tras poco m\u00e1s de ocho horas de movilizaci\u00f3n contin\u00faa en la ciudad, han culminado las acciones de solidaridad a un a\u00f1o de la desaparici\u00f3n de los 43 normalistas de Ayotzinapa Guerrero. Los manifestantes que se encuentran a las afueras del Palacio de Gobierno empiezan a dispersarse. <\/p>\n<p>Casa de Gobierno, Palacio de Gobierno, Acueducto, el Obelisco a L\u00e1zaro C\u00e1rdenas y la XXI Zona Militar fungieron como los principales escenarios de dichas acciones de protesta. Entre los participantes de esta acci\u00f3n de protesta, se pudieron observar estudiantes, acad\u00e9micos, organizaciones civiles, y sociedad en general.<\/p>\n<p>Hasta el momento se registra saldo blanco, salvo algunos da\u00f1os materiales.<br \/>\n<a href=\"http:\/\/Jos\u00e9 Antonio Castro Morelia, Michoac\u00e1n.- Tras poco m\u00e1s de ocho horas de movilizaci\u00f3n contin\u00faa en la ciudad, han culminado las acciones de solidaridad a un a\u00f1o de la desaparici\u00f3n de los 43 normalistas de Ayotzinapa Guerrero. Los manifestantes que se encuentran a las afueras del Palacio de Gobierno empiezan a dispersarse. Casa de Gobierno, Palacio de Gobierno, Acueducto, el Obelisco a L\u00e1zaro C\u00e1rdenas y la XXI Zona Militar fungieron como los principales escenarios de dichas acciones de protesta. Entre los participantes de esta acci\u00f3n de protesta, se pudieron observar estudiantes, acad\u00e9micos, organizaciones civiles, y sociedad en general. Hasta el momento se registra saldo blanco, salvo algunos da\u00f1os materiales.\n\n<a href=\"http:\/\/www.cambiodemichoacan.com.mx\/nota-265161\" target=\"_blank\">http:\/\/www.cambiodemichoacan.com.mx\/nota-265161<\/a><\/p>\n","protected":false},"excerpt":{"rendered":"<p>Jos\u00e9 Antonio Castro Morelia, Michoac\u00e1n.- Tras poco m\u00e1s de ocho horas de movilizaci\u00f3n contin\u00faa en la ciudad, han culminado las acciones de solidaridad a un a\u00f1o de la desaparici\u00f3n de &hellip; <a href=\"https:\/\/www.grieta.org.mx\/index.php\/2015\/09\/26\/culminan-acciones-por-ayotzinapa-tras-8-horas-de-movilizaciones\/\" class=\"more-link\">Leer m\u00e1s<\/a><\/p>\n","protected":false},"author":1,"featured_media":21928,"comment_status":"closed","ping_status":"open","sticky":false,"template":"","format":"standard","meta":{"ngg_post_thumbnail":0,"_jetpack_newsletter_access":"","_jetpack_dont_email_post_to_subs":false,"_jetpack_newsletter_tier_id":0,"_jetpack_memberships_contains_paywalled_content":false,"_jetpack_memberships_contains_paid_content":false,"footnotes":""},"categories":[80,82],"tags":[229],"class_list":["post-8957","post","type-post","status-publish","format-standard","has-post-thumbnail","hentry","category-cintillo","category-michoacan","tag-solidaridad-con-ayotzinapa","entry"],"jetpack_featured_media_url":"https:\/\/www.grieta.org.mx\/wp-content\/uploads\/2018\/03\/14524434_1106112876131411_958039263622046936_o.jpg","jetpack_sharing_enabled":true,"jetpack_shortlink":"https:\/\/wp.me\/p7ZJR4-2kt","jetpack_likes_enabled":false,"jetpack-related-posts":[{"id":8931,"url":"https:\/\/www.grieta.org.mx\/index.php\/2015\/09\/26\/movilizaciones-por-ayotzinapa-en-michoacan\/","url_meta":{"origin":8957,"position":0},"title":"Movilizaciones por Ayotzinapa en Michoac\u00e1n","author":"Admin","date":"26 septiembre, 2015","format":false,"excerpt":"26\/09\/15. Video de la movilizaci\u00f3n ne Morelia a un a\u00f1o de la desaparici\u00f3n de normalistas de Ayotzinapa Cooperativa de Cine 26\/09\/15. Se suman normalistas de Michoac\u00e1n a marcha por Ayotzinapa El Financiero 26\/09\/15. Culminan acciones por Ayotzinapa, tras 8 horas de movilizaciones Cambio de Michoac\u00e1n 26\/09\/15. Inicia marcha de normalistas\u2026","rel":"","context":"En &quot;Michoac\u00e1n&quot;","block_context":{"text":"Michoac\u00e1n","link":"https:\/\/www.grieta.org.mx\/index.php\/category\/noticias-nacionales\/michoacan\/"},"img":{"alt_text":"","src":"https:\/\/i0.wp.com\/www.grieta.org.mx\/wp-content\/uploads\/2018\/03\/14524434_1106112876131411_958039263622046936_o.jpg?resize=350%2C200&ssl=1","width":350,"height":200,"srcset":"https:\/\/i0.wp.com\/www.grieta.org.mx\/wp-content\/uploads\/2018\/03\/14524434_1106112876131411_958039263622046936_o.jpg?resize=350%2C200&ssl=1 1x, https:\/\/i0.wp.com\/www.grieta.org.mx\/wp-content\/uploads\/2018\/03\/14524434_1106112876131411_958039263622046936_o.jpg?resize=525%2C300&ssl=1 1.5x, https:\/\/i0.wp.com\/www.grieta.org.mx\/wp-content\/uploads\/2018\/03\/14524434_1106112876131411_958039263622046936_o.jpg?resize=700%2C400&ssl=1 2x"},"classes":[]},{"id":8951,"url":"https:\/\/www.grieta.org.mx\/index.php\/2015\/02\/01\/normalistas-de-michoacan-alertas-a-caso-ayotzinapa\/","url_meta":{"origin":8957,"position":1},"title":"Normalistas de Michoac\u00e1n, alertas a caso Ayotzinapa","author":"Admin","date":"1 febrero, 2015","format":false,"excerpt":"MORELIA, Mich., 1 de febrero de 2015.- Luego de continuas movilizaciones y acciones donde se exig\u00eda la aparici\u00f3n con vida de los 43 normalistas de Ayotzinapa Guerrero, y tras las declaraciones hechas por Jes\u00fas Murillo Karam, procurador General de la Rep\u00fablica, en torno al caso, estudiantes normalistas de la entidad\u2026","rel":"","context":"En &quot;CINTILLO&quot;","block_context":{"text":"CINTILLO","link":"https:\/\/www.grieta.org.mx\/index.php\/category\/cintillo\/"},"img":{"alt_text":"","src":"https:\/\/i0.wp.com\/www.grieta.org.mx\/wp-content\/uploads\/2018\/03\/14524434_1106112876131411_958039263622046936_o.jpg?resize=350%2C200&ssl=1","width":350,"height":200,"srcset":"https:\/\/i0.wp.com\/www.grieta.org.mx\/wp-content\/uploads\/2018\/03\/14524434_1106112876131411_958039263622046936_o.jpg?resize=350%2C200&ssl=1 1x, https:\/\/i0.wp.com\/www.grieta.org.mx\/wp-content\/uploads\/2018\/03\/14524434_1106112876131411_958039263622046936_o.jpg?resize=525%2C300&ssl=1 1.5x, https:\/\/i0.wp.com\/www.grieta.org.mx\/wp-content\/uploads\/2018\/03\/14524434_1106112876131411_958039263622046936_o.jpg?resize=700%2C400&ssl=1 2x"},"classes":[]},{"id":8936,"url":"https:\/\/www.grieta.org.mx\/index.php\/2015\/04\/27\/tras-arribo-movilizacion-por-ayotzinapa-realiza-mitin-en-el-centro-historico\/","url_meta":{"origin":8957,"position":2},"title":"Tras arribo, movilizaci\u00f3n por Ayotzinapa realiza mitin en el Centro Hist\u00f3rico","author":"Admin","date":"27 abril, 2015","format":false,"excerpt":"Morelia, Michoac\u00e1n.- Arrib\u00f3 al Centro Hist\u00f3rico la movilizaci\u00f3n que padres de familia de los 43 estudiantes normalistas desaparecidos en septiembre del 2014 en Iguala, Guerrero realizan como parte de la Acci\u00f3n Global por Ayotzinapa. Con alrededor de 500 manifestantes, la manifestaci\u00f3n parti\u00f3 de Casa de Gobierno con direcci\u00f3n hacia el\u2026","rel":"","context":"En &quot;CINTILLO&quot;","block_context":{"text":"CINTILLO","link":"https:\/\/www.grieta.org.mx\/index.php\/category\/cintillo\/"},"img":{"alt_text":"","src":"https:\/\/i0.wp.com\/www.grieta.org.mx\/wp-content\/uploads\/2018\/03\/14524434_1106112876131411_958039263622046936_o.jpg?resize=350%2C200&ssl=1","width":350,"height":200,"srcset":"https:\/\/i0.wp.com\/www.grieta.org.mx\/wp-content\/uploads\/2018\/03\/14524434_1106112876131411_958039263622046936_o.jpg?resize=350%2C200&ssl=1 1x, https:\/\/i0.wp.com\/www.grieta.org.mx\/wp-content\/uploads\/2018\/03\/14524434_1106112876131411_958039263622046936_o.jpg?resize=525%2C300&ssl=1 1.5x, https:\/\/i0.wp.com\/www.grieta.org.mx\/wp-content\/uploads\/2018\/03\/14524434_1106112876131411_958039263622046936_o.jpg?resize=700%2C400&ssl=1 2x"},"classes":[]},{"id":8955,"url":"https:\/\/www.grieta.org.mx\/index.php\/2015\/09\/26\/se-suman-normalistas-de-michoacan-a-marcha-por-ayotzinapa\/","url_meta":{"origin":8957,"position":3},"title":"Se suman normalistas de Michoac\u00e1n a marcha por Ayotzinapa","author":"Admin","date":"26 septiembre, 2015","format":false,"excerpt":"En el marco de la marcha por el aniversario de los hechos ocurridos en Iguala, estudiantes de los ocho planteles normales de Michoac\u00e1n se organizaron frente a la casa de gobierno de ese estado y se dirigen hacia el centro hist\u00f3rico de esa entidad. Morelia, Mich.- Portando en su mayor\u00eda\u2026","rel":"","context":"En &quot;CINTILLO&quot;","block_context":{"text":"CINTILLO","link":"https:\/\/www.grieta.org.mx\/index.php\/category\/cintillo\/"},"img":{"alt_text":"","src":"https:\/\/i0.wp.com\/www.grieta.org.mx\/wp-content\/uploads\/2018\/03\/14524434_1106112876131411_958039263622046936_o.jpg?resize=350%2C200&ssl=1","width":350,"height":200,"srcset":"https:\/\/i0.wp.com\/www.grieta.org.mx\/wp-content\/uploads\/2018\/03\/14524434_1106112876131411_958039263622046936_o.jpg?resize=350%2C200&ssl=1 1x, https:\/\/i0.wp.com\/www.grieta.org.mx\/wp-content\/uploads\/2018\/03\/14524434_1106112876131411_958039263622046936_o.jpg?resize=525%2C300&ssl=1 1.5x, https:\/\/i0.wp.com\/www.grieta.org.mx\/wp-content\/uploads\/2018\/03\/14524434_1106112876131411_958039263622046936_o.jpg?resize=700%2C400&ssl=1 2x"},"classes":[]},{"id":8947,"url":"https:\/\/www.grieta.org.mx\/index.php\/2015\/02\/26\/cnte-toma-presidencias-municipales-en-michoacan-por-accion-ayotzinapa\/","url_meta":{"origin":8957,"position":4},"title":"CNTE toma presidencias municipales en Michoac\u00e1n por acci\u00f3n Ayotzinapa","author":"Admin","date":"26 febrero, 2015","format":false,"excerpt":"Seg\u00fan dirigentes de la secci\u00f3n XVIII, para este mediod\u00eda se reportaba cerrados m\u00e1s del 80% de los ayuntamientos de la entidad MORELIA, 26 de febrero.- Profesores adheridos a la Coordinadora Nacional de Trabajadores de la Educaci\u00f3n (CNTE), se sumaron a la novena acci\u00f3n global por los normalistas de Ayotzinapa, al\u2026","rel":"","context":"En &quot;CINTILLO&quot;","block_context":{"text":"CINTILLO","link":"https:\/\/www.grieta.org.mx\/index.php\/category\/cintillo\/"},"img":{"alt_text":"","src":"https:\/\/i0.wp.com\/www.grieta.org.mx\/wp-content\/uploads\/2018\/03\/14524434_1106112876131411_958039263622046936_o.jpg?resize=350%2C200&ssl=1","width":350,"height":200,"srcset":"https:\/\/i0.wp.com\/www.grieta.org.mx\/wp-content\/uploads\/2018\/03\/14524434_1106112876131411_958039263622046936_o.jpg?resize=350%2C200&ssl=1 1x, https:\/\/i0.wp.com\/www.grieta.org.mx\/wp-content\/uploads\/2018\/03\/14524434_1106112876131411_958039263622046936_o.jpg?resize=525%2C300&ssl=1 1.5x, https:\/\/i0.wp.com\/www.grieta.org.mx\/wp-content\/uploads\/2018\/03\/14524434_1106112876131411_958039263622046936_o.jpg?resize=700%2C400&ssl=1 2x"},"classes":[]},{"id":8959,"url":"https:\/\/www.grieta.org.mx\/index.php\/2015\/09\/26\/inicia-marcha-de-normalistas-por-los-43-desaparecidos-de-ayotzinapa\/","url_meta":{"origin":8957,"position":5},"title":"Inicia marcha de normalistas por los 43 desaparecidos de Ayotzinapa","author":"Admin","date":"26 septiembre, 2015","format":false,"excerpt":"Jos\u00e9 Antonio Castro Morelia, Michoac\u00e1n.- Inicia la marcha de los normalistas por los 43 desaparecidos de Ayotzinapa en la capital michoacana. Las autoridades de tr\u00e1nsito ya cortaron los accesos a Casa de Gobierno, mientras los normalistas s\u00f3lo se dispersan afuera de las instalaciones. Llegaron al lugar alrededor de 12 autobuses\u2026","rel":"","context":"En &quot;CINTILLO&quot;","block_context":{"text":"CINTILLO","link":"https:\/\/www.grieta.org.mx\/index.php\/category\/cintillo\/"},"img":{"alt_text":"","src":"https:\/\/i0.wp.com\/www.grieta.org.mx\/wp-content\/uploads\/2018\/03\/14524434_1106112876131411_958039263622046936_o.jpg?resize=350%2C200&ssl=1","width":350,"height":200,"srcset":"https:\/\/i0.wp.com\/www.grieta.org.mx\/wp-content\/uploads\/2018\/03\/14524434_1106112876131411_958039263622046936_o.jpg?resize=350%2C200&ssl=1 1x, https:\/\/i0.wp.com\/www.grieta.org.mx\/wp-content\/uploads\/2018\/03\/14524434_1106112876131411_958039263622046936_o.jpg?resize=525%2C300&ssl=1 1.5x, https:\/\/i0.wp.com\/www.grieta.org.mx\/wp-content\/uploads\/2018\/03\/14524434_1106112876131411_958039263622046936_o.jpg?resize=700%2C400&ssl=1 2x"},"classes":[]}],"_links":{"self":[{"href":"https:\/\/www.grieta.org.mx\/index.php\/wp-json\/wp\/v2\/posts\/8957","targetHints":{"allow":["GET"]}}],"collection":[{"href":"https:\/\/www.grieta.org.mx\/index.php\/wp-json\/wp\/v2\/posts"}],"about":[{"href":"https:\/\/www.grieta.org.mx\/index.php\/wp-json\/wp\/v2\/types\/post"}],"author":[{"embeddable":true,"href":"https:\/\/www.grieta.org.mx\/index.php\/wp-json\/wp\/v2\/users\/1"}],"replies":[{"embeddable":true,"href":"https:\/\/www.grieta.org.mx\/index.php\/wp-json\/wp\/v2\/comments?post=8957"}],"version-history":[{"count":1,"href":"https:\/\/www.grieta.org.mx\/index.php\/wp-json\/wp\/v2\/posts\/8957\/revisions"}],"predecessor-version":[{"id":8958,"href":"https:\/\/www.grieta.org.mx\/index.php\/wp-json\/wp\/v2\/posts\/8957\/revisions\/8958"}],"wp:featuredmedia":[{"embeddable":true,"href":"https:\/\/www.grieta.org.mx\/index.php\/wp-json\/wp\/v2\/media\/21928"}],"wp:attachment":[{"href":"https:\/\/www.grieta.org.mx\/index.php\/wp-json\/wp\/v2\/media?parent=8957"}],"wp:term":[{"taxonomy":"category","embeddable":true,"href":"https:\/\/www.grieta.org.mx\/index.php\/wp-json\/wp\/v2\/categories?post=8957"},{"taxonomy":"post_tag","embeddable":true,"href":"https:\/\/www.grieta.org.mx\/index.php\/wp-json\/wp\/v2\/tags?post=8957"}],"curies":[{"name":"wp","href":"https:\/\/api.w.org\/{rel}","templated":true}]}}