{"id":8931,"date":"2015-09-26T05:44:38","date_gmt":"2015-09-26T05:44:38","guid":{"rendered":"http:\/\/50.22.11.12\/~grietaor\/?p=8931"},"modified":"2016-03-31T06:18:17","modified_gmt":"2016-03-31T06:18:17","slug":"movilizaciones-por-ayotzinapa-en-michoacan","status":"publish","type":"post","link":"https:\/\/www.grieta.org.mx\/index.php\/2015\/09\/26\/movilizaciones-por-ayotzinapa-en-michoacan\/","title":{"rendered":"Movilizaciones por Ayotzinapa en Michoac\u00e1n"},"content":{"rendered":"<p><strong>26\/09\/15. <\/strong><a href=\"http:\/\/grieta.org.mx\/index.php\/2015\/09\/26\/video-de-la-movilizacion-en-morelia-a-un-ano-de-la-desaparicion-de-los-normalistas-de-ayotzinapa\/\">Video de la movilizaci\u00f3n ne Morelia a un a\u00f1o de la desaparici\u00f3n de normalistas de Ayotzinapa<\/a><br \/>\n<em>Cooperativa de Cine<\/em><\/p>\n<p><strong>26\/09\/15. <\/strong><a href=\"http:\/\/grieta.org.mx\/index.php\/2015\/09\/26\/se-suman-normalistas-de-michoacan-a-marcha-por-ayotzinapa\/\">Se suman normalistas de Michoac\u00e1n a marcha por Ayotzinapa<\/a><br \/>\n<em>El Financiero<\/em><\/p>\n<p><strong>26\/09\/15. <\/strong><a href=\"hhttp:\/\/grieta.org.mx\/index.php\/2015\/09\/26\/culminan-acciones-por-ayotzinapa-tras-8-horas-de-movilizaciones\/\">Culminan acciones por Ayotzinapa, tras 8 horas de movilizaciones<\/a><br \/>\n<em>Cambio de Michoac\u00e1n<\/em><\/p>\n<p><strong>26\/09\/15. <\/strong><a href=\"http:\/\/grieta.org.mx\/index.php\/2015\/09\/26\/inicia-marcha-de-normalistas-por-los-43-desaparecidos-de-ayotzinapa\/\">Inicia marcha de normalistas por los 43 desaparecidos de Ayotzinapa<\/a><br \/>\n<em>Cambio de Michoac\u00e1n<\/em><\/p>\n<p><strong>26\/05\/15. <\/strong><a href=\"http:\/\/grieta.org.mx\/index.php\/2015\/05\/26\/exigen-presentacion-con-vida-de-estudiantes-de-ayotzinapa\/\">Exigen presentaci\u00f3n con vida de estudiantes de Ayotzinapa <\/a><br \/>\n<em>Quadrat\u00edn<\/em><\/p>\n<p><strong>27\/04\/15. <\/strong><a href=\"http:\/\/grieta.org.mx\/index.php\/2015\/04\/27\/tras-arribo-movilizacion-por-ayotzinapa-realiza-mitin-en-el-centro-historico\/\">Tras arribo, movilizaci\u00f3n por Ayotzinapa realiza mitin en el Centro Hist\u00f3rico<\/a><br \/>\n<em>EL Cambio de Michoac\u00e1n<\/em><\/p>\n<p><strong>30\/03\/15. <\/strong><a href=\"http:\/\/grieta.org.mx\/index.php\/2015\/03\/30\/padres-de-ayotzinapa-convocan-a-cheran-y-ostula-a-alianza-de-pueblos\/\">Padres de Ayotzinapa, convocan a Cher\u00e1n y Ostula a alianza de pueblos<\/a><br \/>\n<em>Revoluci\u00f3n 3.0<\/em><\/p>\n<p><strong>26\/03\/15. <\/strong><a href=\"http:\/\/grieta.org.mx\/index.php\/2015\/03\/26\/en-uruapan-maestros-marcharon-hacia-el-ine-por-ayotzinapa\/\">En Uruapan, maestros marcharon hacia el INE<\/a><br \/>\n<em>El Cambio de Michoc\u00e1n<\/em><\/p>\n<p><strong>25\/03\/15. <\/strong><a href=\"http:\/\/grieta.org.mx\/index.php\/2015\/03\/25\/a-medio-ano-de-la-desaparicion-de-normalistas-organizaciones-protestaran-en-morelia-este-jueves\/\">A medio a\u00f1o de la desaparici\u00f3n de normalistas, organizaciones protestar\u00e1n en Morelia este jueves<\/a><br \/>\n<em>Revoluci\u00f3n 3.0<\/em><\/p>\n<p><strong>26\/02\/15. <\/strong><a href=\"http:\/\/grieta.org.mx\/index.php\/2015\/02\/26\/marcharan-hoy-trabajadores-del-imss-a-5-meses-del-caso-ayotzinapa\/\">Marchar\u00e1n hoy trabajadores del IMSS, a 5 meses del caso Ayotzinapa<\/a><br \/>\n<em>La Voz de Michoac\u00e1n<\/em><\/p>\n<p><strong>26\/02\/15. <\/strong><a href=\"http:\/\/grieta.org.mx\/index.php\/2015\/02\/26\/cnte-toma-presidencias-municipales-en-michoacan-por-accion-ayotzinapa\/\">CNTE toma presidencias municipales en Michoac\u00e1n por acci\u00f3n Ayotzinapa<\/a><br \/>\n<em>Excelsior<\/em><\/p>\n<p><strong>04\/02\/15. <\/strong><a href=\"http:\/\/grieta.org.mx\/index.php\/2015\/02\/04\/se-unen-autodefensas-de-michoacan-y-ayotzinapa\/\">Se unen autodefensas de Michoac\u00e1n y Ayotzinapa<\/a><br \/>\n<em>Diario Zeta<\/em><\/p>\n<p><strong>01\/02\/15. <\/strong><a href=\"http:\/\/grieta.org.mx\/index.php\/2015\/02\/01\/normalistas-de-michoacan-alertas-a-caso-ayotzinapa\/\">Normalistas de Michoac\u00e1n, alertas a caso Ayotzinapa<\/a><br \/>\n<em>Quadrat\u00edn<\/em><\/p>\n","protected":false},"excerpt":{"rendered":"<p>26\/09\/15. Video de la movilizaci\u00f3n ne Morelia a un a\u00f1o de la desaparici\u00f3n de normalistas de Ayotzinapa Cooperativa de Cine 26\/09\/15. Se suman normalistas de Michoac\u00e1n a marcha por Ayotzinapa &hellip; <a href=\"https:\/\/www.grieta.org.mx\/index.php\/2015\/09\/26\/movilizaciones-por-ayotzinapa-en-michoacan\/\" class=\"more-link\">Leer m\u00e1s<\/a><\/p>\n","protected":false},"author":1,"featured_media":21928,"comment_status":"closed","ping_status":"open","sticky":false,"template":"","format":"standard","meta":{"ngg_post_thumbnail":0,"_jetpack_newsletter_access":"","_jetpack_dont_email_post_to_subs":false,"_jetpack_newsletter_tier_id":0,"_jetpack_memberships_contains_paywalled_content":false,"_jetpack_memberships_contains_paid_content":false,"footnotes":""},"categories":[21,82,2],"tags":[229],"class_list":{"0":"post-8931","1":"post","2":"type-post","3":"status-publish","4":"format-standard","5":"has-post-thumbnail","6":"hentry","7":"category-michoacan","9":"category-noticias-nacionales","10":"tag-solidaridad-con-ayotzinapa","11":"entry"},"jetpack_featured_media_url":"https:\/\/www.grieta.org.mx\/wp-content\/uploads\/2018\/03\/14524434_1106112876131411_958039263622046936_o.jpg","jetpack_sharing_enabled":true,"jetpack_shortlink":"https:\/\/wp.me\/p7ZJR4-2k3","jetpack_likes_enabled":false,"jetpack-related-posts":[{"id":8955,"url":"https:\/\/www.grieta.org.mx\/index.php\/2015\/09\/26\/se-suman-normalistas-de-michoacan-a-marcha-por-ayotzinapa\/","url_meta":{"origin":8931,"position":0},"title":"Se suman normalistas de Michoac\u00e1n a marcha por Ayotzinapa","author":"Admin","date":"26 septiembre, 2015","format":false,"excerpt":"En el marco de la marcha por el aniversario de los hechos ocurridos en Iguala, estudiantes de los ocho planteles normales de Michoac\u00e1n se organizaron frente a la casa de gobierno de ese estado y se dirigen hacia el centro hist\u00f3rico de esa entidad. Morelia, Mich.- Portando en su mayor\u00eda\u2026","rel":"","context":"En &quot;CINTILLO&quot;","block_context":{"text":"CINTILLO","link":"https:\/\/www.grieta.org.mx\/index.php\/category\/cintillo\/"},"img":{"alt_text":"","src":"https:\/\/i0.wp.com\/www.grieta.org.mx\/wp-content\/uploads\/2018\/03\/14524434_1106112876131411_958039263622046936_o.jpg?resize=350%2C200&ssl=1","width":350,"height":200,"srcset":"https:\/\/i0.wp.com\/www.grieta.org.mx\/wp-content\/uploads\/2018\/03\/14524434_1106112876131411_958039263622046936_o.jpg?resize=350%2C200&ssl=1 1x, https:\/\/i0.wp.com\/www.grieta.org.mx\/wp-content\/uploads\/2018\/03\/14524434_1106112876131411_958039263622046936_o.jpg?resize=525%2C300&ssl=1 1.5x, https:\/\/i0.wp.com\/www.grieta.org.mx\/wp-content\/uploads\/2018\/03\/14524434_1106112876131411_958039263622046936_o.jpg?resize=700%2C400&ssl=1 2x"},"classes":[]},{"id":8959,"url":"https:\/\/www.grieta.org.mx\/index.php\/2015\/09\/26\/inicia-marcha-de-normalistas-por-los-43-desaparecidos-de-ayotzinapa\/","url_meta":{"origin":8931,"position":1},"title":"Inicia marcha de normalistas por los 43 desaparecidos de Ayotzinapa","author":"Admin","date":"26 septiembre, 2015","format":false,"excerpt":"Jos\u00e9 Antonio Castro Morelia, Michoac\u00e1n.- Inicia la marcha de los normalistas por los 43 desaparecidos de Ayotzinapa en la capital michoacana. Las autoridades de tr\u00e1nsito ya cortaron los accesos a Casa de Gobierno, mientras los normalistas s\u00f3lo se dispersan afuera de las instalaciones. Llegaron al lugar alrededor de 12 autobuses\u2026","rel":"","context":"En &quot;CINTILLO&quot;","block_context":{"text":"CINTILLO","link":"https:\/\/www.grieta.org.mx\/index.php\/category\/cintillo\/"},"img":{"alt_text":"","src":"https:\/\/i0.wp.com\/www.grieta.org.mx\/wp-content\/uploads\/2018\/03\/14524434_1106112876131411_958039263622046936_o.jpg?resize=350%2C200&ssl=1","width":350,"height":200,"srcset":"https:\/\/i0.wp.com\/www.grieta.org.mx\/wp-content\/uploads\/2018\/03\/14524434_1106112876131411_958039263622046936_o.jpg?resize=350%2C200&ssl=1 1x, https:\/\/i0.wp.com\/www.grieta.org.mx\/wp-content\/uploads\/2018\/03\/14524434_1106112876131411_958039263622046936_o.jpg?resize=525%2C300&ssl=1 1.5x, https:\/\/i0.wp.com\/www.grieta.org.mx\/wp-content\/uploads\/2018\/03\/14524434_1106112876131411_958039263622046936_o.jpg?resize=700%2C400&ssl=1 2x"},"classes":[]},{"id":8951,"url":"https:\/\/www.grieta.org.mx\/index.php\/2015\/02\/01\/normalistas-de-michoacan-alertas-a-caso-ayotzinapa\/","url_meta":{"origin":8931,"position":2},"title":"Normalistas de Michoac\u00e1n, alertas a caso Ayotzinapa","author":"Admin","date":"1 febrero, 2015","format":false,"excerpt":"MORELIA, Mich., 1 de febrero de 2015.- Luego de continuas movilizaciones y acciones donde se exig\u00eda la aparici\u00f3n con vida de los 43 normalistas de Ayotzinapa Guerrero, y tras las declaraciones hechas por Jes\u00fas Murillo Karam, procurador General de la Rep\u00fablica, en torno al caso, estudiantes normalistas de la entidad\u2026","rel":"","context":"En &quot;CINTILLO&quot;","block_context":{"text":"CINTILLO","link":"https:\/\/www.grieta.org.mx\/index.php\/category\/cintillo\/"},"img":{"alt_text":"","src":"https:\/\/i0.wp.com\/www.grieta.org.mx\/wp-content\/uploads\/2018\/03\/14524434_1106112876131411_958039263622046936_o.jpg?resize=350%2C200&ssl=1","width":350,"height":200,"srcset":"https:\/\/i0.wp.com\/www.grieta.org.mx\/wp-content\/uploads\/2018\/03\/14524434_1106112876131411_958039263622046936_o.jpg?resize=350%2C200&ssl=1 1x, https:\/\/i0.wp.com\/www.grieta.org.mx\/wp-content\/uploads\/2018\/03\/14524434_1106112876131411_958039263622046936_o.jpg?resize=525%2C300&ssl=1 1.5x, https:\/\/i0.wp.com\/www.grieta.org.mx\/wp-content\/uploads\/2018\/03\/14524434_1106112876131411_958039263622046936_o.jpg?resize=700%2C400&ssl=1 2x"},"classes":[]},{"id":8947,"url":"https:\/\/www.grieta.org.mx\/index.php\/2015\/02\/26\/cnte-toma-presidencias-municipales-en-michoacan-por-accion-ayotzinapa\/","url_meta":{"origin":8931,"position":3},"title":"CNTE toma presidencias municipales en Michoac\u00e1n por acci\u00f3n Ayotzinapa","author":"Admin","date":"26 febrero, 2015","format":false,"excerpt":"Seg\u00fan dirigentes de la secci\u00f3n XVIII, para este mediod\u00eda se reportaba cerrados m\u00e1s del 80% de los ayuntamientos de la entidad MORELIA, 26 de febrero.- Profesores adheridos a la Coordinadora Nacional de Trabajadores de la Educaci\u00f3n (CNTE), se sumaron a la novena acci\u00f3n global por los normalistas de Ayotzinapa, al\u2026","rel":"","context":"En &quot;CINTILLO&quot;","block_context":{"text":"CINTILLO","link":"https:\/\/www.grieta.org.mx\/index.php\/category\/cintillo\/"},"img":{"alt_text":"","src":"https:\/\/i0.wp.com\/www.grieta.org.mx\/wp-content\/uploads\/2018\/03\/14524434_1106112876131411_958039263622046936_o.jpg?resize=350%2C200&ssl=1","width":350,"height":200,"srcset":"https:\/\/i0.wp.com\/www.grieta.org.mx\/wp-content\/uploads\/2018\/03\/14524434_1106112876131411_958039263622046936_o.jpg?resize=350%2C200&ssl=1 1x, https:\/\/i0.wp.com\/www.grieta.org.mx\/wp-content\/uploads\/2018\/03\/14524434_1106112876131411_958039263622046936_o.jpg?resize=525%2C300&ssl=1 1.5x, https:\/\/i0.wp.com\/www.grieta.org.mx\/wp-content\/uploads\/2018\/03\/14524434_1106112876131411_958039263622046936_o.jpg?resize=700%2C400&ssl=1 2x"},"classes":[]},{"id":8953,"url":"https:\/\/www.grieta.org.mx\/index.php\/2015\/09\/26\/video-de-la-movilizacion-en-morelia-a-un-ano-de-la-desaparicion-de-los-normalistas-de-ayotzinapa\/","url_meta":{"origin":8931,"position":4},"title":"Video de la movilizaci\u00f3n en Morelia a un a\u00f1o de la desaparici\u00f3n de los normalistas de Ayotzinapa","author":"Admin","date":"26 septiembre, 2015","format":false,"excerpt":"https:\/\/youtu.be\/S1KvQOODXjk","rel":"","context":"En &quot;CINTILLO&quot;","block_context":{"text":"CINTILLO","link":"https:\/\/www.grieta.org.mx\/index.php\/category\/cintillo\/"},"img":{"alt_text":"","src":"https:\/\/i0.wp.com\/www.grieta.org.mx\/wp-content\/uploads\/2018\/03\/14524434_1106112876131411_958039263622046936_o.jpg?resize=350%2C200&ssl=1","width":350,"height":200,"srcset":"https:\/\/i0.wp.com\/www.grieta.org.mx\/wp-content\/uploads\/2018\/03\/14524434_1106112876131411_958039263622046936_o.jpg?resize=350%2C200&ssl=1 1x, https:\/\/i0.wp.com\/www.grieta.org.mx\/wp-content\/uploads\/2018\/03\/14524434_1106112876131411_958039263622046936_o.jpg?resize=525%2C300&ssl=1 1.5x, https:\/\/i0.wp.com\/www.grieta.org.mx\/wp-content\/uploads\/2018\/03\/14524434_1106112876131411_958039263622046936_o.jpg?resize=700%2C400&ssl=1 2x"},"classes":[]},{"id":8957,"url":"https:\/\/www.grieta.org.mx\/index.php\/2015\/09\/26\/culminan-acciones-por-ayotzinapa-tras-8-horas-de-movilizaciones\/","url_meta":{"origin":8931,"position":5},"title":"Culminan acciones por Ayotzinapa, tras 8 horas de movilizaciones","author":"Admin","date":"26 septiembre, 2015","format":false,"excerpt":"Jos\u00e9 Antonio Castro Morelia, Michoac\u00e1n.- Tras poco m\u00e1s de ocho horas de movilizaci\u00f3n contin\u00faa en la ciudad, han culminado las acciones de solidaridad a un a\u00f1o de la desaparici\u00f3n de los 43 normalistas de Ayotzinapa Guerrero. Los manifestantes que se encuentran a las afueras del Palacio de Gobierno empiezan a\u2026","rel":"","context":"En &quot;CINTILLO&quot;","block_context":{"text":"CINTILLO","link":"https:\/\/www.grieta.org.mx\/index.php\/category\/cintillo\/"},"img":{"alt_text":"","src":"https:\/\/i0.wp.com\/www.grieta.org.mx\/wp-content\/uploads\/2018\/03\/14524434_1106112876131411_958039263622046936_o.jpg?resize=350%2C200&ssl=1","width":350,"height":200,"srcset":"https:\/\/i0.wp.com\/www.grieta.org.mx\/wp-content\/uploads\/2018\/03\/14524434_1106112876131411_958039263622046936_o.jpg?resize=350%2C200&ssl=1 1x, https:\/\/i0.wp.com\/www.grieta.org.mx\/wp-content\/uploads\/2018\/03\/14524434_1106112876131411_958039263622046936_o.jpg?resize=525%2C300&ssl=1 1.5x, https:\/\/i0.wp.com\/www.grieta.org.mx\/wp-content\/uploads\/2018\/03\/14524434_1106112876131411_958039263622046936_o.jpg?resize=700%2C400&ssl=1 2x"},"classes":[]}],"_links":{"self":[{"href":"https:\/\/www.grieta.org.mx\/index.php\/wp-json\/wp\/v2\/posts\/8931","targetHints":{"allow":["GET"]}}],"collection":[{"href":"https:\/\/www.grieta.org.mx\/index.php\/wp-json\/wp\/v2\/posts"}],"about":[{"href":"https:\/\/www.grieta.org.mx\/index.php\/wp-json\/wp\/v2\/types\/post"}],"author":[{"embeddable":true,"href":"https:\/\/www.grieta.org.mx\/index.php\/wp-json\/wp\/v2\/users\/1"}],"replies":[{"embeddable":true,"href":"https:\/\/www.grieta.org.mx\/index.php\/wp-json\/wp\/v2\/comments?post=8931"}],"version-history":[{"count":1,"href":"https:\/\/www.grieta.org.mx\/index.php\/wp-json\/wp\/v2\/posts\/8931\/revisions"}],"predecessor-version":[{"id":8961,"href":"https:\/\/www.grieta.org.mx\/index.php\/wp-json\/wp\/v2\/posts\/8931\/revisions\/8961"}],"wp:featuredmedia":[{"embeddable":true,"href":"https:\/\/www.grieta.org.mx\/index.php\/wp-json\/wp\/v2\/media\/21928"}],"wp:attachment":[{"href":"https:\/\/www.grieta.org.mx\/index.php\/wp-json\/wp\/v2\/media?parent=8931"}],"wp:term":[{"taxonomy":"category","embeddable":true,"href":"https:\/\/www.grieta.org.mx\/index.php\/wp-json\/wp\/v2\/categories?post=8931"},{"taxonomy":"post_tag","embeddable":true,"href":"https:\/\/www.grieta.org.mx\/index.php\/wp-json\/wp\/v2\/tags?post=8931"}],"curies":[{"name":"wp","href":"https:\/\/api.w.org\/{rel}","templated":true}]}}