{"id":8918,"date":"2015-08-03T05:33:21","date_gmt":"2015-08-03T05:33:21","guid":{"rendered":"http:\/\/50.22.11.12\/~grietaor\/?p=8918"},"modified":"2016-03-31T05:34:25","modified_gmt":"2016-03-31T05:34:25","slug":"repudian-periodistas-michoacanos-el-asesinato-de-ruben-espinosa","status":"publish","type":"post","link":"https:\/\/www.grieta.org.mx\/index.php\/2015\/08\/03\/repudian-periodistas-michoacanos-el-asesinato-de-ruben-espinosa\/","title":{"rendered":"Repudian periodistas michoacanos el asesinato de Rub\u00e9n Espinosa"},"content":{"rendered":"<blockquote><p>Tanto reporteros gr\u00e1ficos, as\u00ed como escritos exigieron adem\u00e1s un alto definitivo a las agresiones y asesinatos contra periodistas<\/p><\/blockquote>\n<p>Por Carlos Arrieta<br \/>\nCorresponsal<\/p>\n<p>Michoac\u00e1n.- De espaldas hacia la clase pol\u00edtica en los eventos convocados para este lunes y con pancartas, fue la manera en la que levantaron la voz los periodistas de Michoac\u00e1n, en repudio, condena y exigencia de justicia, luego de la muerte del periodista de Veracruz, Rub\u00e9n Espinosa.<\/p>\n<p>De acuerdo a la convocatoria, \u00a1NI UNO M\u00c0S!, dirigida a reporteros, camar\u00f3grafos, fot\u00f3grafos, editores, columnistas y sociedad civil, este martes se realizar\u00e1 una marcha vestidos de negro, con pancartas y claveles, a fin de hacer una ofrenda p\u00fablica en memoria de nuestros colegas que ya no est\u00e1n. La salida ser\u00e1 del Jard\u00edn de Villalong\u00edn a las 9:30 rumbo a la plaza Melchor Ocampo.<\/p>\n<p>Lo anterior es parte de las acciones de protesta por el asesinato del fotoperiodista Rub\u00e9n Espinoza, que se han venido realizando a nivel nacional y en diferentes estados de la Rep\u00fablica.<\/p>\n<p>\u201cPorque en Michoac\u00e1n tambi\u00e9n tenemos historias de compa\u00f1eros asesinados o desaparecidos que permanecen en la impunidad, porque atentar contra un periodista es hacerlo contra la posibilidad del saber y el conocimiento de la sociedad\u201d, advierte la misiva.<br \/>\n<a href=\"http:\/\/www.wradio.com.mx\/noticias\/actualidad\/8203repudian-periodistas-michoacanos-el-asesinato-de-ruben-espinosa\/20150803\/nota\/2878813.aspx\" target=\"_blank\">http:\/\/www.wradio.com.mx\/noticias\/actualidad\/8203repudian-periodistas-michoacanos-el-asesinato-de-ruben-espinosa\/20150803\/nota\/2878813.aspx<\/a><\/p>\n","protected":false},"excerpt":{"rendered":"<p>Tanto reporteros gr\u00e1ficos, as\u00ed como escritos exigieron adem\u00e1s un alto definitivo a las agresiones y asesinatos contra periodistas Por Carlos Arrieta Corresponsal Michoac\u00e1n.- De espaldas hacia la clase pol\u00edtica en &hellip; <a href=\"https:\/\/www.grieta.org.mx\/index.php\/2015\/08\/03\/repudian-periodistas-michoacanos-el-asesinato-de-ruben-espinosa\/\" class=\"more-link\">Leer m\u00e1s<\/a><\/p>\n","protected":false},"author":1,"featured_media":21928,"comment_status":"closed","ping_status":"open","sticky":false,"template":"","format":"standard","meta":{"ngg_post_thumbnail":0,"_jetpack_newsletter_access":"","_jetpack_dont_email_post_to_subs":false,"_jetpack_newsletter_tier_id":0,"_jetpack_memberships_contains_paywalled_content":false,"_jetpack_memberships_contains_paid_content":false,"footnotes":""},"categories":[80,82],"tags":[373,120],"class_list":["post-8918","post","type-post","status-publish","format-standard","has-post-thumbnail","hentry","category-cintillo","category-michoacan","tag-ruben-espinosa","tag-violencia-contra-periodistas","entry"],"jetpack_featured_media_url":"https:\/\/www.grieta.org.mx\/wp-content\/uploads\/2018\/03\/14524434_1106112876131411_958039263622046936_o.jpg","jetpack_sharing_enabled":true,"jetpack_shortlink":"https:\/\/wp.me\/p7ZJR4-2jQ","jetpack_likes_enabled":false,"jetpack-related-posts":[{"id":8916,"url":"https:\/\/www.grieta.org.mx\/index.php\/2015\/08\/03\/se-unen-en-morelia-a-protestas-por-el-asesinato-de-ruben-espinosa-becerril\/","url_meta":{"origin":8918,"position":0},"title":"Se unen en Morelia a protestas por el asesinato de Rub\u00e9n Espinosa Becerril","author":"Admin","date":"3 agosto, 2015","format":false,"excerpt":"\u201cNo m\u00e1s asesinatos de periodistas\u201d, se lee en la cartulina que se expuso en un evento del CMIC Morelia, Michoac\u00e1n (MiMorelia.com).- Reporteros de Michoac\u00e1n se suman a las protestas por el asesinato del fotoperiodista Rub\u00e9n Espinosa Becerril, quien fue encontrado muerto el pasado viernes junto con otras cuatro personas en\u2026","rel":"","context":"En &quot;CINTILLO&quot;","block_context":{"text":"CINTILLO","link":"https:\/\/www.grieta.org.mx\/index.php\/category\/cintillo\/"},"img":{"alt_text":"","src":"https:\/\/i0.wp.com\/www.grieta.org.mx\/wp-content\/uploads\/2018\/03\/14524434_1106112876131411_958039263622046936_o.jpg?resize=350%2C200&ssl=1","width":350,"height":200,"srcset":"https:\/\/i0.wp.com\/www.grieta.org.mx\/wp-content\/uploads\/2018\/03\/14524434_1106112876131411_958039263622046936_o.jpg?resize=350%2C200&ssl=1 1x, https:\/\/i0.wp.com\/www.grieta.org.mx\/wp-content\/uploads\/2018\/03\/14524434_1106112876131411_958039263622046936_o.jpg?resize=525%2C300&ssl=1 1.5x, https:\/\/i0.wp.com\/www.grieta.org.mx\/wp-content\/uploads\/2018\/03\/14524434_1106112876131411_958039263622046936_o.jpg?resize=700%2C400&ssl=1 2x"},"classes":[]},{"id":8915,"url":"https:\/\/www.grieta.org.mx\/index.php\/2015\/08\/03\/protestan-en-michoacan-por-el-multihomicidio-en-la-narvarte\/","url_meta":{"origin":8918,"position":1},"title":"Protestan en Michoac\u00e1n por el multihomicidio en la Narvarte","author":"Admin","date":"3 agosto, 2015","format":false,"excerpt":"03\/08\/15. Se unen en Morelia a protestas por el asesinato de Rub\u00e9n Espinosa Becerril Mi Morelia 03\/08\/15. Repudian periodistas michoacanos el asesinato de Rub\u00e9n Espinosa W Radio","rel":"","context":"En &quot;Michoac\u00e1n&quot;","block_context":{"text":"Michoac\u00e1n","link":"https:\/\/www.grieta.org.mx\/index.php\/category\/noticias-nacionales\/michoacan\/"},"img":{"alt_text":"","src":"https:\/\/i0.wp.com\/www.grieta.org.mx\/wp-content\/uploads\/2018\/03\/14524434_1106112876131411_958039263622046936_o.jpg?resize=350%2C200&ssl=1","width":350,"height":200,"srcset":"https:\/\/i0.wp.com\/www.grieta.org.mx\/wp-content\/uploads\/2018\/03\/14524434_1106112876131411_958039263622046936_o.jpg?resize=350%2C200&ssl=1 1x, https:\/\/i0.wp.com\/www.grieta.org.mx\/wp-content\/uploads\/2018\/03\/14524434_1106112876131411_958039263622046936_o.jpg?resize=525%2C300&ssl=1 1.5x, https:\/\/i0.wp.com\/www.grieta.org.mx\/wp-content\/uploads\/2018\/03\/14524434_1106112876131411_958039263622046936_o.jpg?resize=700%2C400&ssl=1 2x"},"classes":[]},{"id":7552,"url":"https:\/\/www.grieta.org.mx\/index.php\/2015\/08\/05\/protestaran-periodistas-de-tlaxcala-por-asesinato-de-ruben-espinosa\/","url_meta":{"origin":8918,"position":2},"title":"Protestar\u00e1n periodistas de Tlaxcala por asesinato de Rub\u00e9n Espinosa","author":"grieta","date":"5 agosto, 2015","format":false,"excerpt":"Alex G\u00f3mez\/Monitor Tlaxcala La Confederaci\u00f3n de Periodistas convoc\u00f3 a todos los integrantes del gremio en la entidad para llevar a cabo un acto de protesta por el asesinato del fotoperiodista Ruben Espinosa este 5 de agosto frente Palacio de Gobierno de Tlaxcala a las 18:30 hrs. Asimismo, la organizaci\u00f3n de\u2026","rel":"","context":"En &quot;CINTILLO&quot;","block_context":{"text":"CINTILLO","link":"https:\/\/www.grieta.org.mx\/index.php\/category\/cintillo\/"},"img":{"alt_text":"","src":"https:\/\/i0.wp.com\/www.grieta.org.mx\/wp-content\/uploads\/2018\/03\/14524434_1106112876131411_958039263622046936_o.jpg?resize=350%2C200&ssl=1","width":350,"height":200,"srcset":"https:\/\/i0.wp.com\/www.grieta.org.mx\/wp-content\/uploads\/2018\/03\/14524434_1106112876131411_958039263622046936_o.jpg?resize=350%2C200&ssl=1 1x, https:\/\/i0.wp.com\/www.grieta.org.mx\/wp-content\/uploads\/2018\/03\/14524434_1106112876131411_958039263622046936_o.jpg?resize=525%2C300&ssl=1 1.5x, https:\/\/i0.wp.com\/www.grieta.org.mx\/wp-content\/uploads\/2018\/03\/14524434_1106112876131411_958039263622046936_o.jpg?resize=700%2C400&ssl=1 2x"},"classes":[]},{"id":402,"url":"https:\/\/www.grieta.org.mx\/index.php\/2015\/08\/06\/reporteros-del-valle-de-mexico-realizan-velada-en-protesta-por-el-asesinato-de-ruben-espinosa\/","url_meta":{"origin":8918,"position":3},"title":"Reporteros del Valle de M\u00e9xico realizan velada en protesta por el asesinato de Rub\u00e9n Espinosa","author":"grieta","date":"6 agosto, 2015","format":false,"excerpt":"Ecatepec, Edomex.- Reporteros de la zona metropolitana lanzaron un exhorto a las autoridades federales y de las diversas entidades del pa\u00eds a trabajar en el esclarecimiento de los m\u00e1s de 88 cr\u00edmenes que se ha cometido en contra de periodistas en M\u00e9xico del a\u00f1o 2000 a la fecha, y que\u2026","rel":"","context":"En &quot;CINTILLO&quot;","block_context":{"text":"CINTILLO","link":"https:\/\/www.grieta.org.mx\/index.php\/category\/cintillo\/"},"img":{"alt_text":"","src":"https:\/\/i0.wp.com\/www.grieta.org.mx\/wp-content\/uploads\/2018\/03\/14524434_1106112876131411_958039263622046936_o.jpg?resize=350%2C200&ssl=1","width":350,"height":200,"srcset":"https:\/\/i0.wp.com\/www.grieta.org.mx\/wp-content\/uploads\/2018\/03\/14524434_1106112876131411_958039263622046936_o.jpg?resize=350%2C200&ssl=1 1x, https:\/\/i0.wp.com\/www.grieta.org.mx\/wp-content\/uploads\/2018\/03\/14524434_1106112876131411_958039263622046936_o.jpg?resize=525%2C300&ssl=1 1.5x, https:\/\/i0.wp.com\/www.grieta.org.mx\/wp-content\/uploads\/2018\/03\/14524434_1106112876131411_958039263622046936_o.jpg?resize=700%2C400&ssl=1 2x"},"classes":[]},{"id":6701,"url":"https:\/\/www.grieta.org.mx\/index.php\/2015\/08\/08\/periodistas-en-aguascalientes-exigen-justicia-a-osorio-chong-por-el-asesinato-de-ruben-espinosa\/","url_meta":{"origin":8918,"position":4},"title":"Periodistas en Aguascalientes exigen justicia a Osorio Chong por el asesinato de Rub\u00e9n Espinosa","author":"grieta","date":"8 agosto, 2015","format":false,"excerpt":"Redacci\u00f3n Sin Embargo. Ciudad de M\u00e9xico, 8 de agosto (SinEmbargo).\u2013 Periodistas protestaron por segundo d\u00eda consecutivo en Aguascalientes ante el Secretario de Gobernaci\u00f3n Miguel \u00c1ngel Osorio Chong por el asesinato del fot\u00f3grafo Rub\u00e9n Espinosa Becerril. Los representantes de los medios de comunicaci\u00f3n se colocaron una mascara con la imagen del\u2026","rel":"","context":"En &quot;aguascalientes&quot;","block_context":{"text":"aguascalientes","link":"https:\/\/www.grieta.org.mx\/index.php\/category\/aguascalientes\/"},"img":{"alt_text":"","src":"https:\/\/i0.wp.com\/www.grieta.org.mx\/wp-content\/uploads\/2018\/03\/14524434_1106112876131411_958039263622046936_o.jpg?resize=350%2C200&ssl=1","width":350,"height":200,"srcset":"https:\/\/i0.wp.com\/www.grieta.org.mx\/wp-content\/uploads\/2018\/03\/14524434_1106112876131411_958039263622046936_o.jpg?resize=350%2C200&ssl=1 1x, https:\/\/i0.wp.com\/www.grieta.org.mx\/wp-content\/uploads\/2018\/03\/14524434_1106112876131411_958039263622046936_o.jpg?resize=525%2C300&ssl=1 1.5x, https:\/\/i0.wp.com\/www.grieta.org.mx\/wp-content\/uploads\/2018\/03\/14524434_1106112876131411_958039263622046936_o.jpg?resize=700%2C400&ssl=1 2x"},"classes":[]},{"id":6692,"url":"https:\/\/www.grieta.org.mx\/index.php\/2015\/08\/08\/violencia-contra-periodistas-en-aguascalientes\/","url_meta":{"origin":8918,"position":5},"title":"Violencia contra periodistas en Aguascalientes","author":"grieta","date":"8 agosto, 2015","format":false,"excerpt":"08\/08\/15. Periodistas en Aguascalientes exigen justicia a Osorio Chong por el asesinato de Rub\u00e9n Espinosa Sin embargo 07\/08\/15. Reporteros piden Ni Uno M\u00e1s, Ni Una Menos Hidroc\u00e1lido digital","rel":"","context":"En &quot;Aguascalientes&quot;","block_context":{"text":"Aguascalientes","link":"https:\/\/www.grieta.org.mx\/index.php\/category\/noticias-nacionales\/aguascalientes\/"},"img":{"alt_text":"","src":"https:\/\/i0.wp.com\/www.grieta.org.mx\/wp-content\/uploads\/2018\/03\/14524434_1106112876131411_958039263622046936_o.jpg?resize=350%2C200&ssl=1","width":350,"height":200,"srcset":"https:\/\/i0.wp.com\/www.grieta.org.mx\/wp-content\/uploads\/2018\/03\/14524434_1106112876131411_958039263622046936_o.jpg?resize=350%2C200&ssl=1 1x, https:\/\/i0.wp.com\/www.grieta.org.mx\/wp-content\/uploads\/2018\/03\/14524434_1106112876131411_958039263622046936_o.jpg?resize=525%2C300&ssl=1 1.5x, https:\/\/i0.wp.com\/www.grieta.org.mx\/wp-content\/uploads\/2018\/03\/14524434_1106112876131411_958039263622046936_o.jpg?resize=700%2C400&ssl=1 2x"},"classes":[]}],"_links":{"self":[{"href":"https:\/\/www.grieta.org.mx\/index.php\/wp-json\/wp\/v2\/posts\/8918","targetHints":{"allow":["GET"]}}],"collection":[{"href":"https:\/\/www.grieta.org.mx\/index.php\/wp-json\/wp\/v2\/posts"}],"about":[{"href":"https:\/\/www.grieta.org.mx\/index.php\/wp-json\/wp\/v2\/types\/post"}],"author":[{"embeddable":true,"href":"https:\/\/www.grieta.org.mx\/index.php\/wp-json\/wp\/v2\/users\/1"}],"replies":[{"embeddable":true,"href":"https:\/\/www.grieta.org.mx\/index.php\/wp-json\/wp\/v2\/comments?post=8918"}],"version-history":[{"count":1,"href":"https:\/\/www.grieta.org.mx\/index.php\/wp-json\/wp\/v2\/posts\/8918\/revisions"}],"predecessor-version":[{"id":8919,"href":"https:\/\/www.grieta.org.mx\/index.php\/wp-json\/wp\/v2\/posts\/8918\/revisions\/8919"}],"wp:featuredmedia":[{"embeddable":true,"href":"https:\/\/www.grieta.org.mx\/index.php\/wp-json\/wp\/v2\/media\/21928"}],"wp:attachment":[{"href":"https:\/\/www.grieta.org.mx\/index.php\/wp-json\/wp\/v2\/media?parent=8918"}],"wp:term":[{"taxonomy":"category","embeddable":true,"href":"https:\/\/www.grieta.org.mx\/index.php\/wp-json\/wp\/v2\/categories?post=8918"},{"taxonomy":"post_tag","embeddable":true,"href":"https:\/\/www.grieta.org.mx\/index.php\/wp-json\/wp\/v2\/tags?post=8918"}],"curies":[{"name":"wp","href":"https:\/\/api.w.org\/{rel}","templated":true}]}}