{"id":8916,"date":"2015-08-03T05:31:59","date_gmt":"2015-08-03T05:31:59","guid":{"rendered":"http:\/\/50.22.11.12\/~grietaor\/?p=8916"},"modified":"2016-03-31T05:33:07","modified_gmt":"2016-03-31T05:33:07","slug":"se-unen-en-morelia-a-protestas-por-el-asesinato-de-ruben-espinosa-becerril","status":"publish","type":"post","link":"https:\/\/www.grieta.org.mx\/index.php\/2015\/08\/03\/se-unen-en-morelia-a-protestas-por-el-asesinato-de-ruben-espinosa-becerril\/","title":{"rendered":"Se unen en Morelia a protestas por el asesinato de Rub\u00e9n Espinosa Becerril"},"content":{"rendered":"<blockquote><p>\u201cNo m\u00e1s asesinatos de periodistas\u201d, se lee en la cartulina que se expuso en un evento del CMIC<\/p><\/blockquote>\n<p>Morelia, Michoac\u00e1n (MiMorelia.com).- Reporteros de Michoac\u00e1n se suman a las protestas por el asesinato del fotoperiodista Rub\u00e9n Espinosa Becerril, quien fue encontrado muerto el pasado viernes junto con otras cuatro personas en la colonia Narvarte, de la Ciudad de M\u00e9xico.<\/p>\n<p>Durante un evento en la delegaci\u00f3n Michoac\u00e1n de la C\u00e1mara Mexicana de la Industria de la Construcci\u00f3n (CMIC), una reportera se coloc\u00f3 de pie con una cartulina en las manos que dice: \u201cNo m\u00e1s asesinatos de periodistas\u201d.<\/p>\n<p>Se espera que en varios eventos, los comunicadores se manifiesten, para exigir a las autoridades un alto a las agresiones y homicidios de los reporteros.<\/p>\n<p>A nivel nacional, desde el pasado domingo hay movilizaciones del gremio period\u00edstico y social.<\/p>\n<p>De acuerdo organizaciones civiles, en los \u00faltimos 15 a\u00f1os han sido asesinados 88 periodistas en M\u00e9xico, mientras que del 2011 a la fecha van 15 periodistas ultimados en Veracruz.<\/p>\n<p>Tan solo en lo que va del a\u00f1o, han sido ejecutados Mois\u00e9s S\u00e1nchez, Armando Salda\u00f1a y Juan Mendoza, en Veracruz; Abel Bautista y Filadelfo S\u00e1nchez, en Oaxaca; Gerardo Nieto, en Guanajuato; y Rub\u00e9n Espinosa Becerril, este \u00faltimo en la Ciudad de M\u00e9xico.<br \/>\n<a href=\"http:\/\/www.mimorelia.com\/noticias\/michoacan\/se-unen-en-morelia-a-protestas-por-el-asesinato-de-ruben-espinosa-becerril\/176107\" target=\"_blank\">http:\/\/www.mimorelia.com\/noticias\/michoacan\/se-unen-en-morelia-a-protestas-por-el-asesinato-de-ruben-espinosa-becerril\/176107<\/a><\/p>\n","protected":false},"excerpt":{"rendered":"<p>\u201cNo m\u00e1s asesinatos de periodistas\u201d, se lee en la cartulina que se expuso en un evento del CMIC Morelia, Michoac\u00e1n (MiMorelia.com).- Reporteros de Michoac\u00e1n se suman a las protestas por &hellip; <a href=\"https:\/\/www.grieta.org.mx\/index.php\/2015\/08\/03\/se-unen-en-morelia-a-protestas-por-el-asesinato-de-ruben-espinosa-becerril\/\" class=\"more-link\">Leer m\u00e1s<\/a><\/p>\n","protected":false},"author":1,"featured_media":21928,"comment_status":"closed","ping_status":"open","sticky":false,"template":"","format":"standard","meta":{"ngg_post_thumbnail":0,"_jetpack_newsletter_access":"","_jetpack_dont_email_post_to_subs":false,"_jetpack_newsletter_tier_id":0,"_jetpack_memberships_contains_paywalled_content":false,"_jetpack_memberships_contains_paid_content":false,"footnotes":""},"categories":[80,82],"tags":[373,120],"class_list":["post-8916","post","type-post","status-publish","format-standard","has-post-thumbnail","hentry","category-cintillo","category-michoacan","tag-ruben-espinosa","tag-violencia-contra-periodistas","entry"],"jetpack_featured_media_url":"https:\/\/www.grieta.org.mx\/wp-content\/uploads\/2018\/03\/14524434_1106112876131411_958039263622046936_o.jpg","jetpack_sharing_enabled":true,"jetpack_shortlink":"https:\/\/wp.me\/p7ZJR4-2jO","jetpack_likes_enabled":false,"jetpack-related-posts":[{"id":8915,"url":"https:\/\/www.grieta.org.mx\/index.php\/2015\/08\/03\/protestan-en-michoacan-por-el-multihomicidio-en-la-narvarte\/","url_meta":{"origin":8916,"position":0},"title":"Protestan en Michoac\u00e1n por el multihomicidio en la Narvarte","author":"Admin","date":"3 agosto, 2015","format":false,"excerpt":"03\/08\/15. Se unen en Morelia a protestas por el asesinato de Rub\u00e9n Espinosa Becerril Mi Morelia 03\/08\/15. Repudian periodistas michoacanos el asesinato de Rub\u00e9n Espinosa W Radio","rel":"","context":"En &quot;Michoac\u00e1n&quot;","block_context":{"text":"Michoac\u00e1n","link":"https:\/\/www.grieta.org.mx\/index.php\/category\/noticias-nacionales\/michoacan\/"},"img":{"alt_text":"","src":"https:\/\/i0.wp.com\/www.grieta.org.mx\/wp-content\/uploads\/2018\/03\/14524434_1106112876131411_958039263622046936_o.jpg?resize=350%2C200&ssl=1","width":350,"height":200,"srcset":"https:\/\/i0.wp.com\/www.grieta.org.mx\/wp-content\/uploads\/2018\/03\/14524434_1106112876131411_958039263622046936_o.jpg?resize=350%2C200&ssl=1 1x, https:\/\/i0.wp.com\/www.grieta.org.mx\/wp-content\/uploads\/2018\/03\/14524434_1106112876131411_958039263622046936_o.jpg?resize=525%2C300&ssl=1 1.5x, https:\/\/i0.wp.com\/www.grieta.org.mx\/wp-content\/uploads\/2018\/03\/14524434_1106112876131411_958039263622046936_o.jpg?resize=700%2C400&ssl=1 2x"},"classes":[]},{"id":8918,"url":"https:\/\/www.grieta.org.mx\/index.php\/2015\/08\/03\/repudian-periodistas-michoacanos-el-asesinato-de-ruben-espinosa\/","url_meta":{"origin":8916,"position":1},"title":"Repudian periodistas michoacanos el asesinato de Rub\u00e9n Espinosa","author":"Admin","date":"3 agosto, 2015","format":false,"excerpt":"Tanto reporteros gr\u00e1ficos, as\u00ed como escritos exigieron adem\u00e1s un alto definitivo a las agresiones y asesinatos contra periodistas Por Carlos Arrieta Corresponsal Michoac\u00e1n.- De espaldas hacia la clase pol\u00edtica en los eventos convocados para este lunes y con pancartas, fue la manera en la que levantaron la voz los periodistas\u2026","rel":"","context":"En &quot;CINTILLO&quot;","block_context":{"text":"CINTILLO","link":"https:\/\/www.grieta.org.mx\/index.php\/category\/cintillo\/"},"img":{"alt_text":"","src":"https:\/\/i0.wp.com\/www.grieta.org.mx\/wp-content\/uploads\/2018\/03\/14524434_1106112876131411_958039263622046936_o.jpg?resize=350%2C200&ssl=1","width":350,"height":200,"srcset":"https:\/\/i0.wp.com\/www.grieta.org.mx\/wp-content\/uploads\/2018\/03\/14524434_1106112876131411_958039263622046936_o.jpg?resize=350%2C200&ssl=1 1x, https:\/\/i0.wp.com\/www.grieta.org.mx\/wp-content\/uploads\/2018\/03\/14524434_1106112876131411_958039263622046936_o.jpg?resize=525%2C300&ssl=1 1.5x, https:\/\/i0.wp.com\/www.grieta.org.mx\/wp-content\/uploads\/2018\/03\/14524434_1106112876131411_958039263622046936_o.jpg?resize=700%2C400&ssl=1 2x"},"classes":[]},{"id":402,"url":"https:\/\/www.grieta.org.mx\/index.php\/2015\/08\/06\/reporteros-del-valle-de-mexico-realizan-velada-en-protesta-por-el-asesinato-de-ruben-espinosa\/","url_meta":{"origin":8916,"position":2},"title":"Reporteros del Valle de M\u00e9xico realizan velada en protesta por el asesinato de Rub\u00e9n Espinosa","author":"grieta","date":"6 agosto, 2015","format":false,"excerpt":"Ecatepec, Edomex.- Reporteros de la zona metropolitana lanzaron un exhorto a las autoridades federales y de las diversas entidades del pa\u00eds a trabajar en el esclarecimiento de los m\u00e1s de 88 cr\u00edmenes que se ha cometido en contra de periodistas en M\u00e9xico del a\u00f1o 2000 a la fecha, y que\u2026","rel":"","context":"En &quot;CINTILLO&quot;","block_context":{"text":"CINTILLO","link":"https:\/\/www.grieta.org.mx\/index.php\/category\/cintillo\/"},"img":{"alt_text":"","src":"https:\/\/i0.wp.com\/www.grieta.org.mx\/wp-content\/uploads\/2018\/03\/14524434_1106112876131411_958039263622046936_o.jpg?resize=350%2C200&ssl=1","width":350,"height":200,"srcset":"https:\/\/i0.wp.com\/www.grieta.org.mx\/wp-content\/uploads\/2018\/03\/14524434_1106112876131411_958039263622046936_o.jpg?resize=350%2C200&ssl=1 1x, https:\/\/i0.wp.com\/www.grieta.org.mx\/wp-content\/uploads\/2018\/03\/14524434_1106112876131411_958039263622046936_o.jpg?resize=525%2C300&ssl=1 1.5x, https:\/\/i0.wp.com\/www.grieta.org.mx\/wp-content\/uploads\/2018\/03\/14524434_1106112876131411_958039263622046936_o.jpg?resize=700%2C400&ssl=1 2x"},"classes":[]},{"id":6701,"url":"https:\/\/www.grieta.org.mx\/index.php\/2015\/08\/08\/periodistas-en-aguascalientes-exigen-justicia-a-osorio-chong-por-el-asesinato-de-ruben-espinosa\/","url_meta":{"origin":8916,"position":3},"title":"Periodistas en Aguascalientes exigen justicia a Osorio Chong por el asesinato de Rub\u00e9n Espinosa","author":"grieta","date":"8 agosto, 2015","format":false,"excerpt":"Redacci\u00f3n Sin Embargo. Ciudad de M\u00e9xico, 8 de agosto (SinEmbargo).\u2013 Periodistas protestaron por segundo d\u00eda consecutivo en Aguascalientes ante el Secretario de Gobernaci\u00f3n Miguel \u00c1ngel Osorio Chong por el asesinato del fot\u00f3grafo Rub\u00e9n Espinosa Becerril. Los representantes de los medios de comunicaci\u00f3n se colocaron una mascara con la imagen del\u2026","rel":"","context":"En &quot;aguascalientes&quot;","block_context":{"text":"aguascalientes","link":"https:\/\/www.grieta.org.mx\/index.php\/category\/aguascalientes\/"},"img":{"alt_text":"","src":"https:\/\/i0.wp.com\/www.grieta.org.mx\/wp-content\/uploads\/2018\/03\/14524434_1106112876131411_958039263622046936_o.jpg?resize=350%2C200&ssl=1","width":350,"height":200,"srcset":"https:\/\/i0.wp.com\/www.grieta.org.mx\/wp-content\/uploads\/2018\/03\/14524434_1106112876131411_958039263622046936_o.jpg?resize=350%2C200&ssl=1 1x, https:\/\/i0.wp.com\/www.grieta.org.mx\/wp-content\/uploads\/2018\/03\/14524434_1106112876131411_958039263622046936_o.jpg?resize=525%2C300&ssl=1 1.5x, https:\/\/i0.wp.com\/www.grieta.org.mx\/wp-content\/uploads\/2018\/03\/14524434_1106112876131411_958039263622046936_o.jpg?resize=700%2C400&ssl=1 2x"},"classes":[]},{"id":8353,"url":"https:\/\/www.grieta.org.mx\/index.php\/2015\/08\/04\/video-periodistas-de-sonora-reclaman-justicia-para-ruben-espinosa\/","url_meta":{"origin":8916,"position":4},"title":"VIDEO: Periodistas de Sonora reclaman justicia para Rub\u00e9n Espinosa","author":"grieta","date":"4 agosto, 2015","format":false,"excerpt":"Por: Alan Rubio Periodistas de Sonora se manifestaron afuera de la delegaci\u00f3n de la PGR en la entidad, en apoyo a las protestas de colegas nacionales para exigir que se acelere la investigaci\u00f3n sobre la muerte del periodista Rub\u00e9n Manuel Espinosa Becerril. Rafael Cano, presidente del Foro Nacional de Periodistas,\u2026","rel":"","context":"En &quot;CINTILLO&quot;","block_context":{"text":"CINTILLO","link":"https:\/\/www.grieta.org.mx\/index.php\/category\/cintillo\/"},"img":{"alt_text":"","src":"https:\/\/i0.wp.com\/www.grieta.org.mx\/wp-content\/uploads\/2018\/03\/14524434_1106112876131411_958039263622046936_o.jpg?resize=350%2C200&ssl=1","width":350,"height":200,"srcset":"https:\/\/i0.wp.com\/www.grieta.org.mx\/wp-content\/uploads\/2018\/03\/14524434_1106112876131411_958039263622046936_o.jpg?resize=350%2C200&ssl=1 1x, https:\/\/i0.wp.com\/www.grieta.org.mx\/wp-content\/uploads\/2018\/03\/14524434_1106112876131411_958039263622046936_o.jpg?resize=525%2C300&ssl=1 1.5x, https:\/\/i0.wp.com\/www.grieta.org.mx\/wp-content\/uploads\/2018\/03\/14524434_1106112876131411_958039263622046936_o.jpg?resize=700%2C400&ssl=1 2x"},"classes":[]},{"id":7552,"url":"https:\/\/www.grieta.org.mx\/index.php\/2015\/08\/05\/protestaran-periodistas-de-tlaxcala-por-asesinato-de-ruben-espinosa\/","url_meta":{"origin":8916,"position":5},"title":"Protestar\u00e1n periodistas de Tlaxcala por asesinato de Rub\u00e9n Espinosa","author":"grieta","date":"5 agosto, 2015","format":false,"excerpt":"Alex G\u00f3mez\/Monitor Tlaxcala La Confederaci\u00f3n de Periodistas convoc\u00f3 a todos los integrantes del gremio en la entidad para llevar a cabo un acto de protesta por el asesinato del fotoperiodista Ruben Espinosa este 5 de agosto frente Palacio de Gobierno de Tlaxcala a las 18:30 hrs. Asimismo, la organizaci\u00f3n de\u2026","rel":"","context":"En &quot;CINTILLO&quot;","block_context":{"text":"CINTILLO","link":"https:\/\/www.grieta.org.mx\/index.php\/category\/cintillo\/"},"img":{"alt_text":"","src":"https:\/\/i0.wp.com\/www.grieta.org.mx\/wp-content\/uploads\/2018\/03\/14524434_1106112876131411_958039263622046936_o.jpg?resize=350%2C200&ssl=1","width":350,"height":200,"srcset":"https:\/\/i0.wp.com\/www.grieta.org.mx\/wp-content\/uploads\/2018\/03\/14524434_1106112876131411_958039263622046936_o.jpg?resize=350%2C200&ssl=1 1x, https:\/\/i0.wp.com\/www.grieta.org.mx\/wp-content\/uploads\/2018\/03\/14524434_1106112876131411_958039263622046936_o.jpg?resize=525%2C300&ssl=1 1.5x, https:\/\/i0.wp.com\/www.grieta.org.mx\/wp-content\/uploads\/2018\/03\/14524434_1106112876131411_958039263622046936_o.jpg?resize=700%2C400&ssl=1 2x"},"classes":[]}],"_links":{"self":[{"href":"https:\/\/www.grieta.org.mx\/index.php\/wp-json\/wp\/v2\/posts\/8916","targetHints":{"allow":["GET"]}}],"collection":[{"href":"https:\/\/www.grieta.org.mx\/index.php\/wp-json\/wp\/v2\/posts"}],"about":[{"href":"https:\/\/www.grieta.org.mx\/index.php\/wp-json\/wp\/v2\/types\/post"}],"author":[{"embeddable":true,"href":"https:\/\/www.grieta.org.mx\/index.php\/wp-json\/wp\/v2\/users\/1"}],"replies":[{"embeddable":true,"href":"https:\/\/www.grieta.org.mx\/index.php\/wp-json\/wp\/v2\/comments?post=8916"}],"version-history":[{"count":1,"href":"https:\/\/www.grieta.org.mx\/index.php\/wp-json\/wp\/v2\/posts\/8916\/revisions"}],"predecessor-version":[{"id":8917,"href":"https:\/\/www.grieta.org.mx\/index.php\/wp-json\/wp\/v2\/posts\/8916\/revisions\/8917"}],"wp:featuredmedia":[{"embeddable":true,"href":"https:\/\/www.grieta.org.mx\/index.php\/wp-json\/wp\/v2\/media\/21928"}],"wp:attachment":[{"href":"https:\/\/www.grieta.org.mx\/index.php\/wp-json\/wp\/v2\/media?parent=8916"}],"wp:term":[{"taxonomy":"category","embeddable":true,"href":"https:\/\/www.grieta.org.mx\/index.php\/wp-json\/wp\/v2\/categories?post=8916"},{"taxonomy":"post_tag","embeddable":true,"href":"https:\/\/www.grieta.org.mx\/index.php\/wp-json\/wp\/v2\/tags?post=8916"}],"curies":[{"name":"wp","href":"https:\/\/api.w.org\/{rel}","templated":true}]}}