{"id":8915,"date":"2015-08-03T05:31:29","date_gmt":"2015-08-03T05:31:29","guid":{"rendered":"http:\/\/50.22.11.12\/~grietaor\/?p=8915"},"modified":"2016-03-31T05:35:04","modified_gmt":"2016-03-31T05:35:04","slug":"protestan-en-michoacan-por-el-multihomicidio-en-la-narvarte","status":"publish","type":"post","link":"https:\/\/www.grieta.org.mx\/index.php\/2015\/08\/03\/protestan-en-michoacan-por-el-multihomicidio-en-la-narvarte\/","title":{"rendered":"Protestan en Michoac\u00e1n por el multihomicidio en la Narvarte"},"content":{"rendered":"<p><strong>03\/08\/15. <\/strong><a href=\"http:\/\/grieta.org.mx\/index.php\/2015\/08\/03\/se-unen-en-morelia-a-protestas-por-el-asesinato-de-ruben-espinosa-becerril\/\">Se unen en Morelia a protestas por el asesinato de Rub\u00e9n Espinosa Becerril<\/a><br \/>\n<em>Mi Morelia<\/em><\/p>\n<p><strong>03\/08\/15. <\/strong><a href=\"http:\/\/grieta.org.mx\/index.php\/2015\/08\/03\/repudian-periodistas-michoacanos-el-asesinato-de-ruben-espinosa\/\">Repudian periodistas michoacanos el asesinato de Rub\u00e9n Espinosa<\/a><br \/>\n<em>W Radio<\/em><\/p>\n","protected":false},"excerpt":{"rendered":"<p>03\/08\/15. Se unen en Morelia a protestas por el asesinato de Rub\u00e9n Espinosa Becerril Mi Morelia 03\/08\/15. Repudian periodistas michoacanos el asesinato de Rub\u00e9n Espinosa W Radio<\/p>\n","protected":false},"author":1,"featured_media":21928,"comment_status":"closed","ping_status":"open","sticky":false,"template":"","format":"standard","meta":{"ngg_post_thumbnail":0,"_jetpack_newsletter_access":"","_jetpack_dont_email_post_to_subs":false,"_jetpack_newsletter_tier_id":0,"_jetpack_memberships_contains_paywalled_content":false,"_jetpack_memberships_contains_paid_content":false,"footnotes":""},"categories":[21,88],"tags":[],"class_list":["post-8915","post","type-post","status-publish","format-standard","has-post-thumbnail","hentry","category-michoacan","category-violencia-contra-periodistas","entry"],"jetpack_featured_media_url":"https:\/\/www.grieta.org.mx\/wp-content\/uploads\/2018\/03\/14524434_1106112876131411_958039263622046936_o.jpg","jetpack_sharing_enabled":true,"jetpack_shortlink":"https:\/\/wp.me\/p7ZJR4-2jN","jetpack_likes_enabled":false,"jetpack-related-posts":[{"id":8916,"url":"https:\/\/www.grieta.org.mx\/index.php\/2015\/08\/03\/se-unen-en-morelia-a-protestas-por-el-asesinato-de-ruben-espinosa-becerril\/","url_meta":{"origin":8915,"position":0},"title":"Se unen en Morelia a protestas por el asesinato de Rub\u00e9n Espinosa Becerril","author":"Admin","date":"3 agosto, 2015","format":false,"excerpt":"\u201cNo m\u00e1s asesinatos de periodistas\u201d, se lee en la cartulina que se expuso en un evento del CMIC Morelia, Michoac\u00e1n (MiMorelia.com).- Reporteros de Michoac\u00e1n se suman a las protestas por el asesinato del fotoperiodista Rub\u00e9n Espinosa Becerril, quien fue encontrado muerto el pasado viernes junto con otras cuatro personas en\u2026","rel":"","context":"En &quot;CINTILLO&quot;","block_context":{"text":"CINTILLO","link":"https:\/\/www.grieta.org.mx\/index.php\/category\/cintillo\/"},"img":{"alt_text":"","src":"https:\/\/i0.wp.com\/www.grieta.org.mx\/wp-content\/uploads\/2018\/03\/14524434_1106112876131411_958039263622046936_o.jpg?resize=350%2C200&ssl=1","width":350,"height":200,"srcset":"https:\/\/i0.wp.com\/www.grieta.org.mx\/wp-content\/uploads\/2018\/03\/14524434_1106112876131411_958039263622046936_o.jpg?resize=350%2C200&ssl=1 1x, https:\/\/i0.wp.com\/www.grieta.org.mx\/wp-content\/uploads\/2018\/03\/14524434_1106112876131411_958039263622046936_o.jpg?resize=525%2C300&ssl=1 1.5x, https:\/\/i0.wp.com\/www.grieta.org.mx\/wp-content\/uploads\/2018\/03\/14524434_1106112876131411_958039263622046936_o.jpg?resize=700%2C400&ssl=1 2x"},"classes":[]},{"id":8918,"url":"https:\/\/www.grieta.org.mx\/index.php\/2015\/08\/03\/repudian-periodistas-michoacanos-el-asesinato-de-ruben-espinosa\/","url_meta":{"origin":8915,"position":1},"title":"Repudian periodistas michoacanos el asesinato de Rub\u00e9n Espinosa","author":"Admin","date":"3 agosto, 2015","format":false,"excerpt":"Tanto reporteros gr\u00e1ficos, as\u00ed como escritos exigieron adem\u00e1s un alto definitivo a las agresiones y asesinatos contra periodistas Por Carlos Arrieta Corresponsal Michoac\u00e1n.- De espaldas hacia la clase pol\u00edtica en los eventos convocados para este lunes y con pancartas, fue la manera en la que levantaron la voz los periodistas\u2026","rel":"","context":"En &quot;CINTILLO&quot;","block_context":{"text":"CINTILLO","link":"https:\/\/www.grieta.org.mx\/index.php\/category\/cintillo\/"},"img":{"alt_text":"","src":"https:\/\/i0.wp.com\/www.grieta.org.mx\/wp-content\/uploads\/2018\/03\/14524434_1106112876131411_958039263622046936_o.jpg?resize=350%2C200&ssl=1","width":350,"height":200,"srcset":"https:\/\/i0.wp.com\/www.grieta.org.mx\/wp-content\/uploads\/2018\/03\/14524434_1106112876131411_958039263622046936_o.jpg?resize=350%2C200&ssl=1 1x, https:\/\/i0.wp.com\/www.grieta.org.mx\/wp-content\/uploads\/2018\/03\/14524434_1106112876131411_958039263622046936_o.jpg?resize=525%2C300&ssl=1 1.5x, https:\/\/i0.wp.com\/www.grieta.org.mx\/wp-content\/uploads\/2018\/03\/14524434_1106112876131411_958039263622046936_o.jpg?resize=700%2C400&ssl=1 2x"},"classes":[]},{"id":7552,"url":"https:\/\/www.grieta.org.mx\/index.php\/2015\/08\/05\/protestaran-periodistas-de-tlaxcala-por-asesinato-de-ruben-espinosa\/","url_meta":{"origin":8915,"position":2},"title":"Protestar\u00e1n periodistas de Tlaxcala por asesinato de Rub\u00e9n Espinosa","author":"grieta","date":"5 agosto, 2015","format":false,"excerpt":"Alex G\u00f3mez\/Monitor Tlaxcala La Confederaci\u00f3n de Periodistas convoc\u00f3 a todos los integrantes del gremio en la entidad para llevar a cabo un acto de protesta por el asesinato del fotoperiodista Ruben Espinosa este 5 de agosto frente Palacio de Gobierno de Tlaxcala a las 18:30 hrs. Asimismo, la organizaci\u00f3n de\u2026","rel":"","context":"En &quot;CINTILLO&quot;","block_context":{"text":"CINTILLO","link":"https:\/\/www.grieta.org.mx\/index.php\/category\/cintillo\/"},"img":{"alt_text":"","src":"https:\/\/i0.wp.com\/www.grieta.org.mx\/wp-content\/uploads\/2018\/03\/14524434_1106112876131411_958039263622046936_o.jpg?resize=350%2C200&ssl=1","width":350,"height":200,"srcset":"https:\/\/i0.wp.com\/www.grieta.org.mx\/wp-content\/uploads\/2018\/03\/14524434_1106112876131411_958039263622046936_o.jpg?resize=350%2C200&ssl=1 1x, https:\/\/i0.wp.com\/www.grieta.org.mx\/wp-content\/uploads\/2018\/03\/14524434_1106112876131411_958039263622046936_o.jpg?resize=525%2C300&ssl=1 1.5x, https:\/\/i0.wp.com\/www.grieta.org.mx\/wp-content\/uploads\/2018\/03\/14524434_1106112876131411_958039263622046936_o.jpg?resize=700%2C400&ssl=1 2x"},"classes":[]},{"id":6701,"url":"https:\/\/www.grieta.org.mx\/index.php\/2015\/08\/08\/periodistas-en-aguascalientes-exigen-justicia-a-osorio-chong-por-el-asesinato-de-ruben-espinosa\/","url_meta":{"origin":8915,"position":3},"title":"Periodistas en Aguascalientes exigen justicia a Osorio Chong por el asesinato de Rub\u00e9n Espinosa","author":"grieta","date":"8 agosto, 2015","format":false,"excerpt":"Redacci\u00f3n Sin Embargo. Ciudad de M\u00e9xico, 8 de agosto (SinEmbargo).\u2013 Periodistas protestaron por segundo d\u00eda consecutivo en Aguascalientes ante el Secretario de Gobernaci\u00f3n Miguel \u00c1ngel Osorio Chong por el asesinato del fot\u00f3grafo Rub\u00e9n Espinosa Becerril. Los representantes de los medios de comunicaci\u00f3n se colocaron una mascara con la imagen del\u2026","rel":"","context":"En &quot;aguascalientes&quot;","block_context":{"text":"aguascalientes","link":"https:\/\/www.grieta.org.mx\/index.php\/category\/aguascalientes\/"},"img":{"alt_text":"","src":"https:\/\/i0.wp.com\/www.grieta.org.mx\/wp-content\/uploads\/2018\/03\/14524434_1106112876131411_958039263622046936_o.jpg?resize=350%2C200&ssl=1","width":350,"height":200,"srcset":"https:\/\/i0.wp.com\/www.grieta.org.mx\/wp-content\/uploads\/2018\/03\/14524434_1106112876131411_958039263622046936_o.jpg?resize=350%2C200&ssl=1 1x, https:\/\/i0.wp.com\/www.grieta.org.mx\/wp-content\/uploads\/2018\/03\/14524434_1106112876131411_958039263622046936_o.jpg?resize=525%2C300&ssl=1 1.5x, https:\/\/i0.wp.com\/www.grieta.org.mx\/wp-content\/uploads\/2018\/03\/14524434_1106112876131411_958039263622046936_o.jpg?resize=700%2C400&ssl=1 2x"},"classes":[]},{"id":7545,"url":"https:\/\/www.grieta.org.mx\/index.php\/2015\/08\/06\/protestan-en-tlaxcala-por-el-multihomicidio-en-la-colonia-narvarte\/","url_meta":{"origin":8915,"position":4},"title":"Protestan en Tlaxcala por el multihomicidio en la colonia Narvarte","author":"grieta","date":"6 agosto, 2015","format":false,"excerpt":"06\/08\/15. Protestan periodistas tlaxcaltecas por el crimen del periodista Rub\u00e9n Espinosa \u00c1gora Plural 06\/08\/. Periodistas de Tlaxcala se unen y exigen justicia para Rub\u00e9n Espinosa La Polila 05\/08\/15. Protestar\u00e1n periodistas de Tlaxcala por asesinato de Rub\u00e9n Espinosa Monitor Tlaxcala","rel":"","context":"En &quot;tlaxcala&quot;","block_context":{"text":"tlaxcala","link":"https:\/\/www.grieta.org.mx\/index.php\/category\/tlaxcala\/"},"img":{"alt_text":"","src":"https:\/\/i0.wp.com\/www.grieta.org.mx\/wp-content\/uploads\/2018\/03\/14524434_1106112876131411_958039263622046936_o.jpg?resize=350%2C200&ssl=1","width":350,"height":200,"srcset":"https:\/\/i0.wp.com\/www.grieta.org.mx\/wp-content\/uploads\/2018\/03\/14524434_1106112876131411_958039263622046936_o.jpg?resize=350%2C200&ssl=1 1x, https:\/\/i0.wp.com\/www.grieta.org.mx\/wp-content\/uploads\/2018\/03\/14524434_1106112876131411_958039263622046936_o.jpg?resize=525%2C300&ssl=1 1.5x, https:\/\/i0.wp.com\/www.grieta.org.mx\/wp-content\/uploads\/2018\/03\/14524434_1106112876131411_958039263622046936_o.jpg?resize=700%2C400&ssl=1 2x"},"classes":[]},{"id":60808,"url":"https:\/\/www.grieta.org.mx\/index.php\/2021\/07\/19\/matan-al-periodista-y-locutor-abraham-mendoza-en-morelia-michoacan\/","url_meta":{"origin":8915,"position":5},"title":"Matan al periodista y locutor Abraham Mendoza en Morelia (Michoac\u00e1n)","author":"grieta","date":"19 julio, 2021","format":false,"excerpt":"La Universidad Vasco de Quiroga lament\u00f3 el asesinato del tambi\u00e9n locutor, quien fue exalumno de la facultad de Ciencias de la Comunicaci\u00f3n y colaborador de la UVAQ. Francisco Castellanos, Proceso, lunes 19 de julio de 2021. MORELIA, Mich., (apro).- El periodista Abraham Mendoza Mendoza fue asesinado este lunes en el\u2026","rel":"","context":"En &quot;CINTILLO&quot;","block_context":{"text":"CINTILLO","link":"https:\/\/www.grieta.org.mx\/index.php\/category\/cintillo\/"},"img":{"alt_text":"","src":"https:\/\/i0.wp.com\/www.grieta.org.mx\/wp-content\/uploads\/2021\/07\/https-_www.proceso.com_.mx_u_fotografias_fotosnoticias_2021_7_19_139040.jpg?resize=350%2C200&ssl=1","width":350,"height":200,"srcset":"https:\/\/i0.wp.com\/www.grieta.org.mx\/wp-content\/uploads\/2021\/07\/https-_www.proceso.com_.mx_u_fotografias_fotosnoticias_2021_7_19_139040.jpg?resize=350%2C200&ssl=1 1x, https:\/\/i0.wp.com\/www.grieta.org.mx\/wp-content\/uploads\/2021\/07\/https-_www.proceso.com_.mx_u_fotografias_fotosnoticias_2021_7_19_139040.jpg?resize=525%2C300&ssl=1 1.5x, https:\/\/i0.wp.com\/www.grieta.org.mx\/wp-content\/uploads\/2021\/07\/https-_www.proceso.com_.mx_u_fotografias_fotosnoticias_2021_7_19_139040.jpg?resize=700%2C400&ssl=1 2x, https:\/\/i0.wp.com\/www.grieta.org.mx\/wp-content\/uploads\/2021\/07\/https-_www.proceso.com_.mx_u_fotografias_fotosnoticias_2021_7_19_139040.jpg?resize=1050%2C600&ssl=1 3x"},"classes":[]}],"_links":{"self":[{"href":"https:\/\/www.grieta.org.mx\/index.php\/wp-json\/wp\/v2\/posts\/8915","targetHints":{"allow":["GET"]}}],"collection":[{"href":"https:\/\/www.grieta.org.mx\/index.php\/wp-json\/wp\/v2\/posts"}],"about":[{"href":"https:\/\/www.grieta.org.mx\/index.php\/wp-json\/wp\/v2\/types\/post"}],"author":[{"embeddable":true,"href":"https:\/\/www.grieta.org.mx\/index.php\/wp-json\/wp\/v2\/users\/1"}],"replies":[{"embeddable":true,"href":"https:\/\/www.grieta.org.mx\/index.php\/wp-json\/wp\/v2\/comments?post=8915"}],"version-history":[{"count":1,"href":"https:\/\/www.grieta.org.mx\/index.php\/wp-json\/wp\/v2\/posts\/8915\/revisions"}],"predecessor-version":[{"id":8921,"href":"https:\/\/www.grieta.org.mx\/index.php\/wp-json\/wp\/v2\/posts\/8915\/revisions\/8921"}],"wp:featuredmedia":[{"embeddable":true,"href":"https:\/\/www.grieta.org.mx\/index.php\/wp-json\/wp\/v2\/media\/21928"}],"wp:attachment":[{"href":"https:\/\/www.grieta.org.mx\/index.php\/wp-json\/wp\/v2\/media?parent=8915"}],"wp:term":[{"taxonomy":"category","embeddable":true,"href":"https:\/\/www.grieta.org.mx\/index.php\/wp-json\/wp\/v2\/categories?post=8915"},{"taxonomy":"post_tag","embeddable":true,"href":"https:\/\/www.grieta.org.mx\/index.php\/wp-json\/wp\/v2\/tags?post=8915"}],"curies":[{"name":"wp","href":"https:\/\/api.w.org\/{rel}","templated":true}]}}