{"id":8910,"date":"2015-09-06T05:28:08","date_gmt":"2015-09-06T05:28:08","guid":{"rendered":"http:\/\/50.22.11.12\/~grietaor\/?p=8910"},"modified":"2016-03-31T05:28:50","modified_gmt":"2016-03-31T05:28:50","slug":"dieron-fox-y-calderon-la-sexta-parte-de-michoacan-a-mineras","status":"publish","type":"post","link":"https:\/\/www.grieta.org.mx\/index.php\/2015\/09\/06\/dieron-fox-y-calderon-la-sexta-parte-de-michoacan-a-mineras\/","title":{"rendered":"Dieron Fox y Calder\u00f3n la sexta parte de Michoac\u00e1n a mineras"},"content":{"rendered":"<p>Entre los gobiernos de Vicente Fox Quesada y Felipe Calder\u00f3n Hinojosa otorgaron en concesi\u00f3n a empresas mineras privadas una sexta parte del territorio del estado de Michoac\u00e1n. De 2004 a 2011 los dos ex presidentes panistas autorizaron, a trav\u00e9s de la Secretar\u00eda de Econom\u00eda, la entrega de un mill\u00f3n 278 mil 444 hect\u00e1reas a empresas nacionales y extranjeras.<\/p>\n<p>La Comisi\u00f3n para el Di\u00e1logo con los Pueblos Ind\u00edgenas de M\u00e9xico, encabezada por Jaime Mart\u00ednez Veloz, elabor\u00f3 un panorama socioecon\u00f3mico de Michoac\u00e1n. Encontr\u00f3, con informaci\u00f3n de la Direcci\u00f3n de Control Documental e Indicadores Estrat\u00e9gicos, de la Secretar\u00eda de Econom\u00eda, que mientras en 2004 el territorio michoacano se encontraba protegido y el 6.01 por ciento de su extensi\u00f3n estaba concesionado a mineras, en 2011 las \u00e1reas controladas por las extractoras de productos mineros se increment\u00f3 en 18.49 por ciento.<\/p>\n<p>Concesiones a mineras privadas<\/p>\n<p>Para 2012, de los 5 millones 986 mil 400 hect\u00e1reas que conforman el territorio de Michoac\u00e1n, las concesiones mineras \u2013en poder de empresas privadas\u2013 sumaban un mill\u00f3n 377 mil 464 hect\u00e1reas.<\/p>\n<p>Los t\u00edtulos y superficies concesionadas en Michoac\u00e1n, en materia minera, se otorgaron en la subdirecci\u00f3n de Miner\u00eda de la Secretar\u00eda de Econom\u00eda, ubicada en la ciudad de Quer\u00e9taro. Y de acuerdo con las modificaciones a la ley minera (publicadas en el Diario Oficial de la Federaci\u00f3n, el 21 de abril de 2005), actualmente se considera el modelo de concesi\u00f3n \u00fanica.<\/p>\n<p>A la fecha, en Michoac\u00e1n existen 23 proyectos mineros de capital extranjero. Las empresas beneficiarias son originarias de Estados Unidos, Canad\u00e1, India, China, Australia y Argentina-Italia.<\/p>\n<p>Las empresas extranjeras que operan en Michoac\u00e1n son Amarium Mineral Inc, ArcelorMittal Steel Company, Bell Copper Corporation, Canasia, Catalyst, China Minerals Resources Group, Cotton Western Mining, Geologix Explorations Inc, Rome Resources, Silver Shield Resources, Termium, Terra Nova Gold Corporation, Tianjin Binjai Harbor Port, y US Presious.<\/p>\n<p>De acuerdo con informaci\u00f3n del Sistema de Administraci\u00f3n Minera (Siam), en Michoac\u00e1n existen un total de mil 109 t\u00edtulos de concesi\u00f3n, equivalentes a un mill\u00f3n 377 mil 464 hect\u00e1reas.<\/p>\n<p>La entrega en concesi\u00f3n de esos territorios ocurri\u00f3 desde 1940, cuando en la administraci\u00f3n del general L\u00e1zaro C\u00e1rdenas del R\u00edo se entregaron 20 hect\u00e1reas en concesi\u00f3n. A\u00f1os m\u00e1s tarde, en el gobierno de Gustavo D\u00edaz Ordaz, se concesionaron 240 hect\u00e1reas. En el sexenio de Luis Echeverr\u00eda \u00c1lvarez tambi\u00e9n se concesionaron 248 hect\u00e1reas. Le sigui\u00f3 la administraci\u00f3n de Jos\u00e9 L\u00f3pez Portillo, 704. Miguel de la Madrid concesion\u00f3 mil 14, y Carlos Salinas de Gortari, 7 mil 54 hect\u00e1reas.<\/p>\n<p>En la administraci\u00f3n de Ernesto Zedillo se concesionaron 19 mil 206 hect\u00e1reas. El panista Vicente Fox entreg\u00f3 380 mil 709, y su correligionario Felipe Calder\u00f3n Hinojosa, 897 mil 735. Datos de la Secretar\u00eda de Energ\u00eda tambi\u00e9n se\u00f1alan que en lo que va de la administraci\u00f3n del presidente Enrique Pe\u00f1a Nieto las hect\u00e1reas concesionadas a empresas mineras suman 70 mil 530.<\/p>\n<p>http:\/\/www.jornada.unam.mx\/2015\/09\/06\/politica\/005n1pol<\/p>\n","protected":false},"excerpt":{"rendered":"<p>Entre los gobiernos de Vicente Fox Quesada y Felipe Calder\u00f3n Hinojosa otorgaron en concesi\u00f3n a empresas mineras privadas una sexta parte del territorio del estado de Michoac\u00e1n. De 2004 a &hellip; <a href=\"https:\/\/www.grieta.org.mx\/index.php\/2015\/09\/06\/dieron-fox-y-calderon-la-sexta-parte-de-michoacan-a-mineras\/\" class=\"more-link\">Leer m\u00e1s<\/a><\/p>\n","protected":false},"author":1,"featured_media":21928,"comment_status":"closed","ping_status":"open","sticky":false,"template":"","format":"standard","meta":{"ngg_post_thumbnail":0,"_jetpack_newsletter_access":"","_jetpack_dont_email_post_to_subs":false,"_jetpack_newsletter_tier_id":0,"_jetpack_memberships_contains_paywalled_content":false,"_jetpack_memberships_contains_paid_content":false,"footnotes":""},"categories":[80],"tags":[528,109],"class_list":["post-8910","post","type-post","status-publish","format-standard","has-post-thumbnail","hentry","category-cintillo","tag-michoaca","tag-mineria","entry"],"jetpack_featured_media_url":"https:\/\/www.grieta.org.mx\/wp-content\/uploads\/2018\/03\/14524434_1106112876131411_958039263622046936_o.jpg","jetpack_sharing_enabled":true,"jetpack_shortlink":"https:\/\/wp.me\/p7ZJR4-2jI","jetpack_likes_enabled":false,"jetpack-related-posts":[{"id":8880,"url":"https:\/\/www.grieta.org.mx\/index.php\/2015\/09\/06\/conflictos-mineros-en-michoacan\/","url_meta":{"origin":8910,"position":0},"title":"Conflictos mineros en Michoac\u00e1n","author":"Admin","date":"6 septiembre, 2015","format":false,"excerpt":"Concesiones mineras despojan territorios en Michoac\u00e1n 06\/09\/15. Dieron Fox y Calder\u00f3n la sexta parte de Michoac\u00e1n a mineras La Jornada Regi\u00f3n minera de Michoac\u00e1n se ha convertido en zona de muerte 22\/07\/15. Michoac\u00e1n: Regi\u00f3n minera, zona de muerte Siempre 21\/07\/15. Techint y su crisis social El Horizonte Comuneros de Aquila\u2026","rel":"","context":"En &quot;MEGAPROYECTOS&quot;","block_context":{"text":"MEGAPROYECTOS","link":"https:\/\/www.grieta.org.mx\/index.php\/category\/megaproyectos\/"},"img":{"alt_text":"","src":"https:\/\/i0.wp.com\/www.grieta.org.mx\/wp-content\/uploads\/2018\/03\/14524434_1106112876131411_958039263622046936_o.jpg?resize=350%2C200&ssl=1","width":350,"height":200,"srcset":"https:\/\/i0.wp.com\/www.grieta.org.mx\/wp-content\/uploads\/2018\/03\/14524434_1106112876131411_958039263622046936_o.jpg?resize=350%2C200&ssl=1 1x, https:\/\/i0.wp.com\/www.grieta.org.mx\/wp-content\/uploads\/2018\/03\/14524434_1106112876131411_958039263622046936_o.jpg?resize=525%2C300&ssl=1 1.5x, https:\/\/i0.wp.com\/www.grieta.org.mx\/wp-content\/uploads\/2018\/03\/14524434_1106112876131411_958039263622046936_o.jpg?resize=700%2C400&ssl=1 2x"},"classes":[]},{"id":6678,"url":"https:\/\/www.grieta.org.mx\/index.php\/2015\/09\/07\/media-ensenada-de-mineras-y-empresas-de-energia-eolica\/","url_meta":{"origin":8910,"position":1},"title":"Media Ensenada, de mineras y empresas de energ\u00eda e\u00f3lica","author":"grieta","date":"7 septiembre, 2015","format":false,"excerpt":"Antonio Heras, Ensenada, B.C. Pr\u00e1cticamente la mitad del territorio de Ensenada, el municipio m\u00e1s grande del mundo, se encuentra concesionado a empresas privadas para la explotaci\u00f3n minera y de generaci\u00f3n de energ\u00eda e\u00f3lica, destacando entre los inversionistas Carlos Slim, Germ\u00e1n Larrea y Alberto Bailleres. De manera gradual, durante un siglo\u2026","rel":"","context":"En &quot;CINTILLO&quot;","block_context":{"text":"CINTILLO","link":"https:\/\/www.grieta.org.mx\/index.php\/category\/cintillo\/"},"img":{"alt_text":"","src":"https:\/\/i0.wp.com\/www.grieta.org.mx\/wp-content\/uploads\/2018\/03\/14524434_1106112876131411_958039263622046936_o.jpg?resize=350%2C200&ssl=1","width":350,"height":200,"srcset":"https:\/\/i0.wp.com\/www.grieta.org.mx\/wp-content\/uploads\/2018\/03\/14524434_1106112876131411_958039263622046936_o.jpg?resize=350%2C200&ssl=1 1x, https:\/\/i0.wp.com\/www.grieta.org.mx\/wp-content\/uploads\/2018\/03\/14524434_1106112876131411_958039263622046936_o.jpg?resize=525%2C300&ssl=1 1.5x, https:\/\/i0.wp.com\/www.grieta.org.mx\/wp-content\/uploads\/2018\/03\/14524434_1106112876131411_958039263622046936_o.jpg?resize=700%2C400&ssl=1 2x"},"classes":[]},{"id":62709,"url":"https:\/\/www.grieta.org.mx\/index.php\/2021\/11\/11\/pueblos-chontales-denuncian-que-la-secretaria-de-economia-federal-litiga-contra-los-pueblos-originarios-y-a-favor-de-empresas-mineras-oaxaca\/","url_meta":{"origin":8910,"position":2},"title":"Pueblos Chontales denuncian que la Secretar\u00eda de Econom\u00eda Federal litiga contra los pueblos originarios y a favor de empresas mineras (Oaxaca)","author":"grieta","date":"11 noviembre, 2021","format":false,"excerpt":"P\u00e1gina 3 \/ Pedro Mat\u00edas. Foto: cuartaplana.com Autoridades agrarias y asamblea de los Pueblos Chontales para la defensa del territorio, denuncian una \u201cestrategia de mala fe\u201d de las empresas mineras y de la propia Secretar\u00eda de Econom\u00eda. Oaxaca, Oax.- A unas horas de que el Segundo Tribunal Colegiado en Materias\u2026","rel":"","context":"En &quot;CINTILLO&quot;","block_context":{"text":"CINTILLO","link":"https:\/\/www.grieta.org.mx\/index.php\/category\/cintillo\/"},"img":{"alt_text":"","src":"https:\/\/i0.wp.com\/www.grieta.org.mx\/wp-content\/uploads\/2021\/11\/a.jpg?resize=350%2C200&ssl=1","width":350,"height":200,"srcset":"https:\/\/i0.wp.com\/www.grieta.org.mx\/wp-content\/uploads\/2021\/11\/a.jpg?resize=350%2C200&ssl=1 1x, https:\/\/i0.wp.com\/www.grieta.org.mx\/wp-content\/uploads\/2021\/11\/a.jpg?resize=525%2C300&ssl=1 1.5x"},"classes":[]},{"id":31353,"url":"https:\/\/www.grieta.org.mx\/index.php\/2019\/03\/26\/mineras-e-hidroelectricas-ya-funcionan-en-puebla-con-aval-federal\/","url_meta":{"origin":8910,"position":3},"title":"Mineras e hidroel\u00e9ctricas ya funcionan en Puebla con aval federal","author":"grieta","date":"26 marzo, 2019","format":false,"excerpt":"Samuel Vera Cort\u00e9s \/ Megal\u00f3polis Los municipios en que se ubican esas transnacionales son: Ixtacamaxtitl\u00e1n, Libres, Cuyoaco, Tepeyahualco, Tlatlauquitepec y Tetela de Ocampo. A pesar de que el Presidente de la Rep\u00fablica, Andr\u00e9s Manuel L\u00f3pez Obrador, asegur\u00f3 que solo el 40 por ciento del territorio mexicano est\u00e1 concesionado, el representante\u2026","rel":"","context":"En &quot;26. Sierra Puebla&quot;","block_context":{"text":"26. Sierra Puebla","link":"https:\/\/www.grieta.org.mx\/index.php\/category\/espejos-de-la-resistencia\/26-sierra-puebla\/"},"img":{"alt_text":"","src":"https:\/\/i0.wp.com\/www.grieta.org.mx\/wp-content\/uploads\/2019\/03\/mineras-e-hidroelectricas-ya-funcionan-en-puebla-con-aval-federal.jpg?resize=350%2C200&ssl=1","width":350,"height":200,"srcset":"https:\/\/i0.wp.com\/www.grieta.org.mx\/wp-content\/uploads\/2019\/03\/mineras-e-hidroelectricas-ya-funcionan-en-puebla-con-aval-federal.jpg?resize=350%2C200&ssl=1 1x, https:\/\/i0.wp.com\/www.grieta.org.mx\/wp-content\/uploads\/2019\/03\/mineras-e-hidroelectricas-ya-funcionan-en-puebla-con-aval-federal.jpg?resize=525%2C300&ssl=1 1.5x, https:\/\/i0.wp.com\/www.grieta.org.mx\/wp-content\/uploads\/2019\/03\/mineras-e-hidroelectricas-ya-funcionan-en-puebla-con-aval-federal.jpg?resize=700%2C400&ssl=1 2x, https:\/\/i0.wp.com\/www.grieta.org.mx\/wp-content\/uploads\/2019\/03\/mineras-e-hidroelectricas-ya-funcionan-en-puebla-con-aval-federal.jpg?resize=1050%2C600&ssl=1 3x"},"classes":[]},{"id":8901,"url":"https:\/\/www.grieta.org.mx\/index.php\/2015\/03\/18\/se-arman-contra-mineras\/","url_meta":{"origin":8910,"position":4},"title":"Se arman contra mineras","author":"Admin","date":"18 marzo, 2015","format":false,"excerpt":"Comuneros de Santa Mar\u00eda Ostula reclaman la propiedad de casi mil hect\u00e1reas de terrenos ocupados por empresas extranjeras. La mayor\u00eda de los terrenos est\u00e1n ocupados por Ternium Por J. Jes\u00fas Lemus La primera empresa en desalojar a los ind\u00edgenas de los terrenos con yacimientos de hierro fue la denominada Hylsa.\u2026","rel":"","context":"En &quot;CINTILLO&quot;","block_context":{"text":"CINTILLO","link":"https:\/\/www.grieta.org.mx\/index.php\/category\/cintillo\/"},"img":{"alt_text":"","src":"https:\/\/i0.wp.com\/www.grieta.org.mx\/wp-content\/uploads\/2018\/03\/14524434_1106112876131411_958039263622046936_o.jpg?resize=350%2C200&ssl=1","width":350,"height":200,"srcset":"https:\/\/i0.wp.com\/www.grieta.org.mx\/wp-content\/uploads\/2018\/03\/14524434_1106112876131411_958039263622046936_o.jpg?resize=350%2C200&ssl=1 1x, https:\/\/i0.wp.com\/www.grieta.org.mx\/wp-content\/uploads\/2018\/03\/14524434_1106112876131411_958039263622046936_o.jpg?resize=525%2C300&ssl=1 1.5x, https:\/\/i0.wp.com\/www.grieta.org.mx\/wp-content\/uploads\/2018\/03\/14524434_1106112876131411_958039263622046936_o.jpg?resize=700%2C400&ssl=1 2x"},"classes":[]},{"id":60274,"url":"https:\/\/www.grieta.org.mx\/index.php\/2021\/07\/06\/pueblo-zapoteco-de-quiatoni-dejo-su-comunidad-en-rechazo-a-las-empresas-mineras-de-gold-resource-corp-oaxaca\/","url_meta":{"origin":8910,"position":5},"title":"Pueblo zapoteco de Quiatoni dej\u00f3 su comunidad en rechazo a las empresas mineras de Gold Resource Corp (Oaxaca)","author":"grieta","date":"6 julio, 2021","format":false,"excerpt":"P\u00e1gina 3 \/ Pedro Mat\u00edas. *Realizaron una marcha al Poder Judicial Federal en rechazo a las mineras. | *Exigen acelerar su proceso judicial para expulsar a las empresas mineras de su territorio. | *Piden al gobierno federal deje de entorpecer el proceso judicial. OAXACA, Oax. (pagina3.mx).- Por acuerdo de la\u2026","rel":"","context":"En &quot;CINTILLO&quot;","block_context":{"text":"CINTILLO","link":"https:\/\/www.grieta.org.mx\/index.php\/category\/cintillo\/"},"img":{"alt_text":"","src":"https:\/\/i0.wp.com\/www.grieta.org.mx\/wp-content\/uploads\/2021\/07\/1-1.jpeg?resize=350%2C200&ssl=1","width":350,"height":200,"srcset":"https:\/\/i0.wp.com\/www.grieta.org.mx\/wp-content\/uploads\/2021\/07\/1-1.jpeg?resize=350%2C200&ssl=1 1x, https:\/\/i0.wp.com\/www.grieta.org.mx\/wp-content\/uploads\/2021\/07\/1-1.jpeg?resize=525%2C300&ssl=1 1.5x, https:\/\/i0.wp.com\/www.grieta.org.mx\/wp-content\/uploads\/2021\/07\/1-1.jpeg?resize=700%2C400&ssl=1 2x"},"classes":[]}],"_links":{"self":[{"href":"https:\/\/www.grieta.org.mx\/index.php\/wp-json\/wp\/v2\/posts\/8910","targetHints":{"allow":["GET"]}}],"collection":[{"href":"https:\/\/www.grieta.org.mx\/index.php\/wp-json\/wp\/v2\/posts"}],"about":[{"href":"https:\/\/www.grieta.org.mx\/index.php\/wp-json\/wp\/v2\/types\/post"}],"author":[{"embeddable":true,"href":"https:\/\/www.grieta.org.mx\/index.php\/wp-json\/wp\/v2\/users\/1"}],"replies":[{"embeddable":true,"href":"https:\/\/www.grieta.org.mx\/index.php\/wp-json\/wp\/v2\/comments?post=8910"}],"version-history":[{"count":1,"href":"https:\/\/www.grieta.org.mx\/index.php\/wp-json\/wp\/v2\/posts\/8910\/revisions"}],"predecessor-version":[{"id":8911,"href":"https:\/\/www.grieta.org.mx\/index.php\/wp-json\/wp\/v2\/posts\/8910\/revisions\/8911"}],"wp:featuredmedia":[{"embeddable":true,"href":"https:\/\/www.grieta.org.mx\/index.php\/wp-json\/wp\/v2\/media\/21928"}],"wp:attachment":[{"href":"https:\/\/www.grieta.org.mx\/index.php\/wp-json\/wp\/v2\/media?parent=8910"}],"wp:term":[{"taxonomy":"category","embeddable":true,"href":"https:\/\/www.grieta.org.mx\/index.php\/wp-json\/wp\/v2\/categories?post=8910"},{"taxonomy":"post_tag","embeddable":true,"href":"https:\/\/www.grieta.org.mx\/index.php\/wp-json\/wp\/v2\/tags?post=8910"}],"curies":[{"name":"wp","href":"https:\/\/api.w.org\/{rel}","templated":true}]}}