{"id":8908,"date":"2015-07-21T05:26:11","date_gmt":"2015-07-21T05:26:11","guid":{"rendered":"http:\/\/50.22.11.12\/~grietaor\/?p=8908"},"modified":"2016-03-31T05:27:11","modified_gmt":"2016-03-31T05:27:11","slug":"techint-y-su-crisis-social","status":"publish","type":"post","link":"https:\/\/www.grieta.org.mx\/index.php\/2015\/07\/21\/techint-y-su-crisis-social\/","title":{"rendered":"Techint y su crisis social"},"content":{"rendered":"<p>En Aquila, Michoac\u00e1n, los derechos por la explotaci\u00f3n del mineral de hierro en una mina enclavada en la comunidad han sido tema de una constante confrontaci\u00f3n con la empresa Techint, cuyo capital es de origen italiano y argentino.<\/p>\n<p>\u2022 A 430 kil\u00f3metros de la ciudad de Morelia, Aquila es una comunidad concentrada en la actividad agr\u00edcola, pero que lleg\u00f3 a un acuerdo con los accionistas y directivos de Techint \u2013que controla Ternium\u2013 para entregar regal\u00edas a la comunidad y sembrar \u00e1rboles en las zonas afectadas por la actividad minera. Hace tres a\u00f1os se incumpli\u00f3 el convenio con las autoridades tradicionales y comunitarias, los comuneros se manifestaron, los acuerdos se cumplieron y no hubo nada que lamentar.<\/p>\n<p>\u2022 En Techint se han preocupado por la operaci\u00f3n de una gerencia social, en ser una Empresa Socialmente Responsable (ESR), de esas que se hacen acreedoras a premios y reconocimientos. No puede ser de otra forma, pues necesitan el mineral de hierro que se encuentra en estas comunidades. Paolo Rocca, presidente de la Organizaci\u00f3n Techint, est\u00e1 orgulloso de los logros de la empresa.<\/p>\n<p>\u2022 En Aquila se realizaron donaciones para renovar las aulas en las que estudian los ni\u00f1os de la zona. Para atender problemas de salud, Techint firm\u00f3 un acuerdo con el IMSS para construir una cl\u00ednica hospital en la que se brindan consultas m\u00e9dicas de primer contacto y prescripci\u00f3n de medicamentos que benefician a 5,250 habitantes de la zona y los alrededores de esta zona minera.<\/p>\n<p>\u2022 En esa cl\u00ednica se atienden emergencias y Techint se preocup\u00f3 de que se contara con un servicio de ambulancias.<\/p>\n<p>\u2022 En fin, el reporte de Responsabilidad Social de Techint describe con mucho detalle las actividades en la zona.<\/p>\n<p>\u2022 Sin embargo, la relaci\u00f3n con los comuneros no ha sido sencilla. En 2013, como dec\u00edamos, las actividades de la mina se suspendieron debido a las exigencias de la comunidad.<\/p>\n<p>CONFRONTACIONES Y CRISIS<\/p>\n<p>\u2022 El Movimiento Separatista Auton\u00f3mico de Michoac\u00e1n ha sido una piedra en el zapato para Techint. Las guardias aut\u00f3nomas, los asambleas comunitarias y, por supuesto, la constante amenaza del crimen organizado sobre la estabilidad de la zona, son peligros para la operaci\u00f3n de esta multinacional. En Ostula, la peque\u00f1a comunidad del municipio de Aquila, hab\u00edan sido frecuentes los enfrentamientos entre comuneros y autoridades; a veces tambi\u00e9n con el Ej\u00e9rcito, que hab\u00eda insistido en desarmar a las guardias comunitarias con el prop\u00f3sito de que los comuneros no utilizaran este recurso como un elemento de presi\u00f3n frente a Techint.<\/p>\n<p>\u00bfQU\u00c9 SUCEDI\u00d3 EL 19 DE JULIO?<\/p>\n<p>\u2022 Dos ni\u00f1os y una persona de 60 a\u00f1os perdieron la vida en un enfrentamiento entre comuneros y el Ej\u00e9rcito. Aparentemente, una vez m\u00e1s la comunidad buscaba incrementar regal\u00edas y que la empresa cumpliera con la reforestaci\u00f3n prometida en la zona afectada por la explotaci\u00f3n minera.<\/p>\n<p>\u2022 Otro problema que enfrent\u00f3 la multinacional es que, ante los problemas que encara el mercado del acero \u2013aderezado por el supuesto dumping en las importaciones de productos sider\u00fargicos chinos\u2013, decidi\u00f3 suspender las actividades temporalmente para reducir p\u00e9rdidas. Esa situaci\u00f3n habr\u00eda puesto en jaque a la comunidad, que depende en gran medida de los ingresos que obtienen por cada cami\u00f3n que sale con mineral de hierro.<\/p>\n<p>\u2022 La multinacional del acero no ten\u00eda una escenario sencillo.<\/p>\n<p>\u2022 \u00bfQui\u00e9n orden\u00f3 disparar contra civiles, contra comuneros? Ayer, la compa\u00f1\u00eda guard\u00f3 silencio; la cobertura sobre esta grave situaci\u00f3n pas\u00f3 desapercibida, al menos para la prensa de negocios.<\/p>\n<p>\u2022 \u00c9sta se concentr\u00f3 en las p\u00e1ginas de sociedad y pol\u00edtica. Techint, sin embargo, deber\u00e1 preparar un posicionamiento sobre esta crisis.<\/p>\n<p>\u2022 La situaci\u00f3n tambi\u00e9n representa un p\u00e9simo antecedente para la apertura del sector de la energ\u00eda, porque la relaci\u00f3n con las comunidades es, precisamente, uno de los puntos delicados de esta fase. Pemex ha invertido miles de millones de pesos en planes de mitigaci\u00f3n para compensar a las comunidades; leyes nacionales y disposiciones de organismos multilaterales as\u00ed lo establecen. Sin embargo, cuando los mercados ofrecen mayores dividendos siempre se tiene la tentaci\u00f3n de cortar el hilo por lo m\u00e1s delgado: los intereses de las comunidades. Es cierto que en este lamentable hecho, que le cost\u00f3 la vida a dos ni\u00f1os, no est\u00e1n ausentes los intereses pol\u00edticos y del crimen organizado, pero ahora el desarrollo de un negocio qued\u00f3 atrapado y con graves consecuencias.<\/p>\n<p><a href=\"http:\/\/elhorizonte.mx\/opinion\/claudia-villegas\/claudia-villegas\/9855\/techint-y-su-crisis-social\" target=\"_blank\">http:\/\/elhorizonte.mx\/opinion\/claudia-villegas\/claudia-villegas\/9855\/techint-y-su-crisis-social<\/a><\/p>\n","protected":false},"excerpt":{"rendered":"<p>En Aquila, Michoac\u00e1n, los derechos por la explotaci\u00f3n del mineral de hierro en una mina enclavada en la comunidad han sido tema de una constante confrontaci\u00f3n con la empresa Techint, &hellip; <a href=\"https:\/\/www.grieta.org.mx\/index.php\/2015\/07\/21\/techint-y-su-crisis-social\/\" class=\"more-link\">Leer m\u00e1s<\/a><\/p>\n","protected":false},"author":1,"featured_media":21928,"comment_status":"closed","ping_status":"open","sticky":false,"template":"","format":"standard","meta":{"ngg_post_thumbnail":0,"_jetpack_newsletter_access":"","_jetpack_dont_email_post_to_subs":false,"_jetpack_newsletter_tier_id":0,"_jetpack_memberships_contains_paywalled_content":false,"_jetpack_memberships_contains_paid_content":false,"footnotes":""},"categories":[80,82],"tags":[109],"class_list":["post-8908","post","type-post","status-publish","format-standard","has-post-thumbnail","hentry","category-cintillo","category-michoacan","tag-mineria","entry"],"jetpack_featured_media_url":"https:\/\/www.grieta.org.mx\/wp-content\/uploads\/2018\/03\/14524434_1106112876131411_958039263622046936_o.jpg","jetpack_sharing_enabled":true,"jetpack_shortlink":"https:\/\/wp.me\/p7ZJR4-2jG","jetpack_likes_enabled":false,"jetpack-related-posts":[{"id":31105,"url":"https:\/\/www.grieta.org.mx\/index.php\/2019\/03\/18\/el-oscuro-historial-de-techint-una-de-las-trasnacionales-que-va-por-dos-bocas-tabasco\/","url_meta":{"origin":8908,"position":0},"title":"El oscuro historial de Techint, una de las trasnacionales que va por Dos Bocas (Tabasco)","author":"grieta","date":"18 marzo, 2019","format":false,"excerpt":"Arturo Rodr\u00edguez Garc\u00eda \/ Proceso CIUDAD DE M\u00c9XICO (apro).- La trasnacional \u00edtalo-argentina Techint, de oscuras operaciones en territorio nacional, es una de las cuatro empresas que competir\u00e1 para construir la refiner\u00eda de Dos Bocas, en Tabasco, la obra emblem\u00e1tica del sexenio en el sector energ\u00e9tico. Techint es una compa\u00f1\u00eda que\u2026","rel":"","context":"En &quot;CINTILLO&quot;","block_context":{"text":"CINTILLO","link":"https:\/\/www.grieta.org.mx\/index.php\/category\/cintillo\/"},"img":{"alt_text":"","src":"https:\/\/i0.wp.com\/www.grieta.org.mx\/wp-content\/uploads\/2019\/03\/pesqueria-702x468.png?resize=350%2C200&ssl=1","width":350,"height":200,"srcset":"https:\/\/i0.wp.com\/www.grieta.org.mx\/wp-content\/uploads\/2019\/03\/pesqueria-702x468.png?resize=350%2C200&ssl=1 1x, https:\/\/i0.wp.com\/www.grieta.org.mx\/wp-content\/uploads\/2019\/03\/pesqueria-702x468.png?resize=525%2C300&ssl=1 1.5x, https:\/\/i0.wp.com\/www.grieta.org.mx\/wp-content\/uploads\/2019\/03\/pesqueria-702x468.png?resize=700%2C400&ssl=1 2x"},"classes":[]},{"id":8880,"url":"https:\/\/www.grieta.org.mx\/index.php\/2015\/09\/06\/conflictos-mineros-en-michoacan\/","url_meta":{"origin":8908,"position":1},"title":"Conflictos mineros en Michoac\u00e1n","author":"Admin","date":"6 septiembre, 2015","format":false,"excerpt":"Concesiones mineras despojan territorios en Michoac\u00e1n 06\/09\/15. Dieron Fox y Calder\u00f3n la sexta parte de Michoac\u00e1n a mineras La Jornada Regi\u00f3n minera de Michoac\u00e1n se ha convertido en zona de muerte 22\/07\/15. Michoac\u00e1n: Regi\u00f3n minera, zona de muerte Siempre 21\/07\/15. Techint y su crisis social El Horizonte Comuneros de Aquila\u2026","rel":"","context":"En &quot;MEGAPROYECTOS&quot;","block_context":{"text":"MEGAPROYECTOS","link":"https:\/\/www.grieta.org.mx\/index.php\/category\/megaproyectos\/"},"img":{"alt_text":"","src":"https:\/\/i0.wp.com\/www.grieta.org.mx\/wp-content\/uploads\/2018\/03\/14524434_1106112876131411_958039263622046936_o.jpg?resize=350%2C200&ssl=1","width":350,"height":200,"srcset":"https:\/\/i0.wp.com\/www.grieta.org.mx\/wp-content\/uploads\/2018\/03\/14524434_1106112876131411_958039263622046936_o.jpg?resize=350%2C200&ssl=1 1x, https:\/\/i0.wp.com\/www.grieta.org.mx\/wp-content\/uploads\/2018\/03\/14524434_1106112876131411_958039263622046936_o.jpg?resize=525%2C300&ssl=1 1.5x, https:\/\/i0.wp.com\/www.grieta.org.mx\/wp-content\/uploads\/2018\/03\/14524434_1106112876131411_958039263622046936_o.jpg?resize=700%2C400&ssl=1 2x"},"classes":[]},{"id":66138,"url":"https:\/\/www.grieta.org.mx\/index.php\/2023\/01\/19\/familiares-responsabilizan-a-minera-ternium-de-la-desaparicion-de-los-defensores-ricardo-lagunes-y-antonio-diaz-michoacan\/","url_meta":{"origin":8908,"position":2},"title":"Familiares responsabilizan a minera Ternium de la desaparici\u00f3n de los defensores Ricardo Lagunes y Antonio D\u00edaz (Michoac\u00e1n)","author":"grieta","date":"19 enero, 2023","format":false,"excerpt":"Familiares exigieron la aparici\u00f3n con vida de Ricardo y Antonio, adem\u00e1s de la intervenci\u00f3n de la Fiscal\u00eda General de la Rep\u00fablica ante la inacci\u00f3n y limitaci\u00f3n de las fiscal\u00edas de Colima y Michoac\u00e1n. Redacci\u00f3n Animal Pol\u00edtico, 19 de enero, 2023 Familiares de Ricardo Lagunes, defensor de derechos humanos; y Antonio\u2026","rel":"","context":"En &quot;CINTILLO&quot;","block_context":{"text":"CINTILLO","link":"https:\/\/www.grieta.org.mx\/index.php\/category\/cintillo\/"},"img":{"alt_text":"","src":"https:\/\/i0.wp.com\/www.grieta.org.mx\/wp-content\/uploads\/2023\/01\/defensores-desaparecidos-michoacan-ternium.webp?resize=350%2C200&ssl=1","width":350,"height":200,"srcset":"https:\/\/i0.wp.com\/www.grieta.org.mx\/wp-content\/uploads\/2023\/01\/defensores-desaparecidos-michoacan-ternium.webp?resize=350%2C200&ssl=1 1x, https:\/\/i0.wp.com\/www.grieta.org.mx\/wp-content\/uploads\/2023\/01\/defensores-desaparecidos-michoacan-ternium.webp?resize=525%2C300&ssl=1 1.5x, https:\/\/i0.wp.com\/www.grieta.org.mx\/wp-content\/uploads\/2023\/01\/defensores-desaparecidos-michoacan-ternium.webp?resize=700%2C400&ssl=1 2x"},"classes":[]},{"id":66685,"url":"https:\/\/www.grieta.org.mx\/index.php\/2023\/02\/12\/san-miguel-aquila-derechos-y-vidas-a-merced-de-las-mineras-michoacan\/","url_meta":{"origin":8908,"position":3},"title":"San Miguel Aquila: Derechos y vidas a merced de las mineras (Michoac\u00e1n)","author":"grieta","date":"12 febrero, 2023","format":false,"excerpt":"Familiares del l\u00edder comunal Antonio D\u00edaz y del abogado Ricardo Lagunes exigen al gobierno federal que se aceleren las investigaciones sobre el paradero de ambos, desaparecidos el pasado 15 de enero en Aquila, Michoac\u00e1n. Ellos se enfrentaban al Poder Judicial de Colima y a la empresa Ternium en una zona\u2026","rel":"","context":"En &quot;CINTILLO&quot;","block_context":{"text":"CINTILLO","link":"https:\/\/www.grieta.org.mx\/index.php\/category\/cintillo\/"},"img":{"alt_text":"","src":"https:\/\/i0.wp.com\/www.grieta.org.mx\/wp-content\/uploads\/2023\/03\/f800x450-169044_220490_5545.jpg?resize=350%2C200&ssl=1","width":350,"height":200,"srcset":"https:\/\/i0.wp.com\/www.grieta.org.mx\/wp-content\/uploads\/2023\/03\/f800x450-169044_220490_5545.jpg?resize=350%2C200&ssl=1 1x, https:\/\/i0.wp.com\/www.grieta.org.mx\/wp-content\/uploads\/2023\/03\/f800x450-169044_220490_5545.jpg?resize=525%2C300&ssl=1 1.5x, https:\/\/i0.wp.com\/www.grieta.org.mx\/wp-content\/uploads\/2023\/03\/f800x450-169044_220490_5545.jpg?resize=700%2C400&ssl=1 2x"},"classes":[]},{"id":30213,"url":"https:\/\/www.grieta.org.mx\/index.php\/2019\/03\/01\/ostula-en-alerta-ante-hostigamientos-michoacan\/","url_meta":{"origin":8908,"position":4},"title":"Ostula en alerta ante hostigamientos (Michoac\u00e1n)","author":"grieta","date":"1 marzo, 2019","format":false,"excerpt":"Agencia Subversiones, 1 de marzo de 2019. El martes 26 de febrero, habitantes de La Placita de Morelos, en el municipio de Aquila, convocaron a una \u00abreuni\u00f3n urgente\u00bb ante el bloqueo que mantiene la comunidad ind\u00edgena de Santa Mar\u00eda Ostula en el crucero conocido como \u00abTriques\u00bb demandando garant\u00edas para continuar\u2026","rel":"","context":"En &quot;CINTILLO&quot;","block_context":{"text":"CINTILLO","link":"https:\/\/www.grieta.org.mx\/index.php\/category\/cintillo\/"},"img":{"alt_text":"","src":"https:\/\/i0.wp.com\/www.grieta.org.mx\/wp-content\/uploads\/2019\/03\/blokmural.png?resize=350%2C200&ssl=1","width":350,"height":200},"classes":[]},{"id":8893,"url":"https:\/\/www.grieta.org.mx\/index.php\/2015\/05\/17\/comuneros-cumplen-un-mes-con-su-planton-fuera-de-la-mina-de-aquila-michoacan\/","url_meta":{"origin":8908,"position":5},"title":"Comuneros cumplen un mes con su plant\u00f3n fuera de la mina de Aquila, Michoac\u00e1n","author":"Admin","date":"17 mayo, 2015","format":false,"excerpt":"A un mes de haberse instalado fuera de la mina de Aquila, los comuneros contin\u00fana su exigencia de que la empresa \u201cTernium\u201d reforeste las casi 400 hect\u00e1reas de \u00e1rboles que ha talado Por: MiMorelia.com \u2013 15 de Mayo de 2015 \u2013 Morelia, Michoac\u00e1n (MiMorelia.com).-Este viernes los comuneros de Aquila cumplen\u2026","rel":"","context":"En &quot;CINTILLO&quot;","block_context":{"text":"CINTILLO","link":"https:\/\/www.grieta.org.mx\/index.php\/category\/cintillo\/"},"img":{"alt_text":"","src":"https:\/\/i0.wp.com\/www.grieta.org.mx\/wp-content\/uploads\/2018\/03\/14524434_1106112876131411_958039263622046936_o.jpg?resize=350%2C200&ssl=1","width":350,"height":200,"srcset":"https:\/\/i0.wp.com\/www.grieta.org.mx\/wp-content\/uploads\/2018\/03\/14524434_1106112876131411_958039263622046936_o.jpg?resize=350%2C200&ssl=1 1x, https:\/\/i0.wp.com\/www.grieta.org.mx\/wp-content\/uploads\/2018\/03\/14524434_1106112876131411_958039263622046936_o.jpg?resize=525%2C300&ssl=1 1.5x, https:\/\/i0.wp.com\/www.grieta.org.mx\/wp-content\/uploads\/2018\/03\/14524434_1106112876131411_958039263622046936_o.jpg?resize=700%2C400&ssl=1 2x"},"classes":[]}],"_links":{"self":[{"href":"https:\/\/www.grieta.org.mx\/index.php\/wp-json\/wp\/v2\/posts\/8908","targetHints":{"allow":["GET"]}}],"collection":[{"href":"https:\/\/www.grieta.org.mx\/index.php\/wp-json\/wp\/v2\/posts"}],"about":[{"href":"https:\/\/www.grieta.org.mx\/index.php\/wp-json\/wp\/v2\/types\/post"}],"author":[{"embeddable":true,"href":"https:\/\/www.grieta.org.mx\/index.php\/wp-json\/wp\/v2\/users\/1"}],"replies":[{"embeddable":true,"href":"https:\/\/www.grieta.org.mx\/index.php\/wp-json\/wp\/v2\/comments?post=8908"}],"version-history":[{"count":1,"href":"https:\/\/www.grieta.org.mx\/index.php\/wp-json\/wp\/v2\/posts\/8908\/revisions"}],"predecessor-version":[{"id":8909,"href":"https:\/\/www.grieta.org.mx\/index.php\/wp-json\/wp\/v2\/posts\/8908\/revisions\/8909"}],"wp:featuredmedia":[{"embeddable":true,"href":"https:\/\/www.grieta.org.mx\/index.php\/wp-json\/wp\/v2\/media\/21928"}],"wp:attachment":[{"href":"https:\/\/www.grieta.org.mx\/index.php\/wp-json\/wp\/v2\/media?parent=8908"}],"wp:term":[{"taxonomy":"category","embeddable":true,"href":"https:\/\/www.grieta.org.mx\/index.php\/wp-json\/wp\/v2\/categories?post=8908"},{"taxonomy":"post_tag","embeddable":true,"href":"https:\/\/www.grieta.org.mx\/index.php\/wp-json\/wp\/v2\/tags?post=8908"}],"curies":[{"name":"wp","href":"https:\/\/api.w.org\/{rel}","templated":true}]}}