{"id":8881,"date":"2015-10-08T04:56:14","date_gmt":"2015-10-08T04:56:14","guid":{"rendered":"http:\/\/50.22.11.12\/~grietaor\/?p=8881"},"modified":"2016-03-31T05:08:45","modified_gmt":"2016-03-31T05:08:45","slug":"comuneros-denuncian-tala-clandestina-en-zitacuaro","status":"publish","type":"post","link":"https:\/\/www.grieta.org.mx\/index.php\/2015\/10\/08\/comuneros-denuncian-tala-clandestina-en-zitacuaro\/","title":{"rendered":"Comuneros denuncian tala clandestina en Zit\u00e1cuaro"},"content":{"rendered":"<p>Zit\u00e1cuaro, Mich.- Comuneros de la tenencia de Nicol\u00e1s Romero denuncian que la tala contin\u00faa en su comunidad, aseguran que han presentado denuncias ante autoridades sin tener respuesta, por lo que sigue la tala. Si las autoridades contin\u00faan sin realizar acciones a favor, amenazan con tomar la  presidencia o las carreteras, dijeron, sin dar a conocer sus nombres, por temor a que les pase algo. \u201cQueremos que los talamontes dejen de arrasar con nuestros bosques, porque nos dejan sin el beneficio que nos proveen\u201d, especificaron.<\/p>\n<p>Los comuneros que se est\u00e1n quejando, son los vecinos de la Cuarta Manzana de la tenencia de Nicol\u00e1s Romero, quienes denuncian que sigue la tala clandestina, misma que no ha sido atendida por las autoridades correspondientes. Esto, a pesar de que han presentado varias denuncias respectivas en la Procuradur\u00eda Agraria, Subprocuradur\u00eda Regional de Justicia y m\u00e1s,  sin tener respuesta.<\/p>\n<p>Recalcaron que el saqueo de sus bosques ya lo denunciaron con las autoridades que estuvieron antes en Ecolog\u00eda Municipal, quienes los mandaron a Profepa, por ser la dependencia que les puede solucionar; sin embargo, \u00e9stos han hecho caso omiso.<\/p>\n<p><a href=\"http:\/\/www.lavozdemichoacan.com.mx\/comuneros-denuncian-tala-clandestina-en-zitacuaro\/\" target=\"_blank\">http:\/\/www.lavozdemichoacan.com.mx\/comuneros-denuncian-tala-clandestina-en-zitacuaro\/<\/a><\/p>\n","protected":false},"excerpt":{"rendered":"<p>Zit\u00e1cuaro, Mich.- Comuneros de la tenencia de Nicol\u00e1s Romero denuncian que la tala contin\u00faa en su comunidad, aseguran que han presentado denuncias ante autoridades sin tener respuesta, por lo que &hellip; <a href=\"https:\/\/www.grieta.org.mx\/index.php\/2015\/10\/08\/comuneros-denuncian-tala-clandestina-en-zitacuaro\/\" class=\"more-link\">Leer m\u00e1s<\/a><\/p>\n","protected":false},"author":1,"featured_media":21928,"comment_status":"closed","ping_status":"open","sticky":false,"template":"","format":"standard","meta":{"ngg_post_thumbnail":0,"_jetpack_newsletter_access":"","_jetpack_dont_email_post_to_subs":false,"_jetpack_newsletter_tier_id":0,"_jetpack_memberships_contains_paywalled_content":false,"_jetpack_memberships_contains_paid_content":false,"footnotes":""},"categories":[80,82],"tags":[520,527],"class_list":["post-8881","post","type-post","status-publish","format-standard","has-post-thumbnail","hentry","category-cintillo","category-michoacan","tag-tala-de-bosques","tag-zitacuaro","entry"],"jetpack_featured_media_url":"https:\/\/www.grieta.org.mx\/wp-content\/uploads\/2018\/03\/14524434_1106112876131411_958039263622046936_o.jpg","jetpack_sharing_enabled":true,"jetpack_shortlink":"https:\/\/wp.me\/p7ZJR4-2jf","jetpack_likes_enabled":false,"jetpack-related-posts":[{"id":8825,"url":"https:\/\/www.grieta.org.mx\/index.php\/2016\/05\/17\/tala-ilegal-de-bosques-y-robo-de-maderas-preciosas-en-michoacan\/","url_meta":{"origin":8881,"position":0},"title":"Tala ilegal de bosques y robo de maderas preciosas en Michoac\u00e1n","author":"Admin","date":"17 mayo, 2016","format":false,"excerpt":"Comuneros denuncian tala clandestina en Zit\u00e1cuaro 17\/05\/16. Brigadas comunitarias han logrado reducir 80% la tala de bosques Quadrat\u00edn 08\/10\/15. Comuneros denuncian tala clandestina en Zit\u00e1cuaro La Voz de Michoac\u00e1n Ejidatarios denuncian tala clandestina en el Santuario de Sierra Chincua 19\/01\/16. En 4 meses desaparecen 10 hect\u00e1reas de la Reserva de\u2026","rel":"","context":"En &quot;ESPEJOS DE LA RESISTENCIA&quot;","block_context":{"text":"ESPEJOS DE LA RESISTENCIA","link":"https:\/\/www.grieta.org.mx\/index.php\/category\/espejos-de-la-resistencia\/"},"img":{"alt_text":"","src":"https:\/\/i0.wp.com\/www.grieta.org.mx\/wp-content\/uploads\/2018\/03\/14524434_1106112876131411_958039263622046936_o.jpg?resize=350%2C200&ssl=1","width":350,"height":200,"srcset":"https:\/\/i0.wp.com\/www.grieta.org.mx\/wp-content\/uploads\/2018\/03\/14524434_1106112876131411_958039263622046936_o.jpg?resize=350%2C200&ssl=1 1x, https:\/\/i0.wp.com\/www.grieta.org.mx\/wp-content\/uploads\/2018\/03\/14524434_1106112876131411_958039263622046936_o.jpg?resize=525%2C300&ssl=1 1.5x, https:\/\/i0.wp.com\/www.grieta.org.mx\/wp-content\/uploads\/2018\/03\/14524434_1106112876131411_958039263622046936_o.jpg?resize=700%2C400&ssl=1 2x"},"classes":[]},{"id":12939,"url":"https:\/\/www.grieta.org.mx\/index.php\/2016\/05\/17\/brigadas-comunitarias-han-logrado-reducir-80-la-tala-de-bosques\/","url_meta":{"origin":8881,"position":1},"title":"Brigadas comunitarias han logrado reducir 80% la tala de bosques","author":"grieta","date":"17 mayo, 2016","format":false,"excerpt":"Juan Bustos ZITACUARO, Mich., 17 de mayo de 2016.- Se ha detenido el 80 por ciento del fen\u00f3meno de la tala ilegal mediante la organizaci\u00f3n de brigadas comunitarias que trabajan para frenar un fen\u00f3meno multifactorial, externaron autoridades comunales de Nicol\u00e1s Romero de Zit\u00e1cuaro. Este mi\u00e9rcoles la comunidad comenz\u00f3 con las\u2026","rel":"","context":"En &quot;CINTILLO&quot;","block_context":{"text":"CINTILLO","link":"https:\/\/www.grieta.org.mx\/index.php\/category\/cintillo\/"},"img":{"alt_text":"","src":"https:\/\/i0.wp.com\/www.grieta.org.mx\/wp-content\/uploads\/2018\/03\/14524434_1106112876131411_958039263622046936_o.jpg?resize=350%2C200&ssl=1","width":350,"height":200,"srcset":"https:\/\/i0.wp.com\/www.grieta.org.mx\/wp-content\/uploads\/2018\/03\/14524434_1106112876131411_958039263622046936_o.jpg?resize=350%2C200&ssl=1 1x, https:\/\/i0.wp.com\/www.grieta.org.mx\/wp-content\/uploads\/2018\/03\/14524434_1106112876131411_958039263622046936_o.jpg?resize=525%2C300&ssl=1 1.5x, https:\/\/i0.wp.com\/www.grieta.org.mx\/wp-content\/uploads\/2018\/03\/14524434_1106112876131411_958039263622046936_o.jpg?resize=700%2C400&ssl=1 2x"},"classes":[]},{"id":8837,"url":"https:\/\/www.grieta.org.mx\/index.php\/2015\/05\/04\/comuneros-de-aquila-denuncian-tala-ilegal-de-sus-bosques-gobierno-les-ofrece-proyectos-productivos\/","url_meta":{"origin":8881,"position":2},"title":"Comuneros de Aquila denuncian tala ilegal de sus bosques. Gobierno les ofrece proyectos productivos","author":"Admin","date":"4 mayo, 2015","format":false,"excerpt":"Redacci\u00f3n GEORGINA GASCA L\u00c1ZARO C\u00c1RDENAS, Mich.- Comuneros N\u00e1huatl de Coire, en su lucha por la defensa de sus recursos naturales, demandan intervenci\u00f3n pronta y expedita por la clara opacidad en aplicaci\u00f3n de la Ley ante las denuncias de robo de madera de su comunidad. \u201cNos est\u00e1n obligando a radicalizar nuestras\u2026","rel":"","context":"En &quot;CINTILLO&quot;","block_context":{"text":"CINTILLO","link":"https:\/\/www.grieta.org.mx\/index.php\/category\/cintillo\/"},"img":{"alt_text":"","src":"https:\/\/i0.wp.com\/www.grieta.org.mx\/wp-content\/uploads\/2018\/03\/14524434_1106112876131411_958039263622046936_o.jpg?resize=350%2C200&ssl=1","width":350,"height":200,"srcset":"https:\/\/i0.wp.com\/www.grieta.org.mx\/wp-content\/uploads\/2018\/03\/14524434_1106112876131411_958039263622046936_o.jpg?resize=350%2C200&ssl=1 1x, https:\/\/i0.wp.com\/www.grieta.org.mx\/wp-content\/uploads\/2018\/03\/14524434_1106112876131411_958039263622046936_o.jpg?resize=525%2C300&ssl=1 1.5x, https:\/\/i0.wp.com\/www.grieta.org.mx\/wp-content\/uploads\/2018\/03\/14524434_1106112876131411_958039263622046936_o.jpg?resize=700%2C400&ssl=1 2x"},"classes":[]},{"id":44409,"url":"https:\/\/www.grieta.org.mx\/index.php\/2020\/02\/15\/tala-en-los-bosques-de-ocuilan-a-punta-de-armas-largas-y-con-toda-impunidad\/","url_meta":{"origin":8881,"position":3},"title":"Tala en los bosques de Ocuilan: a punta de armas largas y con toda impunidad","author":"grieta","date":"15 febrero, 2020","format":false,"excerpt":"Tala ilegal a mano armada. Los pobladores denuncian y denuncian. Pero ninguna autoridad federal, estatal o municipal, interviene. El corte clandestino de \u00e1rboles en esta regi\u00f3n est\u00e1 acabando con los bosques que nutren los mantos acu\u00edferos de tres estados Texto: Arturo Contreras Camero; Fotos: Duilio Rodr\u00edguez\/ PIE DE P\u00c1GINA OCUIL\u00c1N.\u2026","rel":"","context":"En &quot;CINTILLO&quot;","block_context":{"text":"CINTILLO","link":"https:\/\/www.grieta.org.mx\/index.php\/category\/cintillo\/"},"img":{"alt_text":"","src":"https:\/\/i0.wp.com\/www.grieta.org.mx\/wp-content\/uploads\/2020\/02\/Bosques_ocuilan_talaClandestina_Duilio_Rodriguez.jpg?resize=350%2C200&ssl=1","width":350,"height":200,"srcset":"https:\/\/i0.wp.com\/www.grieta.org.mx\/wp-content\/uploads\/2020\/02\/Bosques_ocuilan_talaClandestina_Duilio_Rodriguez.jpg?resize=350%2C200&ssl=1 1x, https:\/\/i0.wp.com\/www.grieta.org.mx\/wp-content\/uploads\/2020\/02\/Bosques_ocuilan_talaClandestina_Duilio_Rodriguez.jpg?resize=525%2C300&ssl=1 1.5x, https:\/\/i0.wp.com\/www.grieta.org.mx\/wp-content\/uploads\/2020\/02\/Bosques_ocuilan_talaClandestina_Duilio_Rodriguez.jpg?resize=700%2C400&ssl=1 2x, https:\/\/i0.wp.com\/www.grieta.org.mx\/wp-content\/uploads\/2020\/02\/Bosques_ocuilan_talaClandestina_Duilio_Rodriguez.jpg?resize=1050%2C600&ssl=1 3x"},"classes":[]},{"id":60903,"url":"https:\/\/www.grieta.org.mx\/index.php\/2021\/07\/21\/denuncian-tala-inmoderada-de-bosque-en-valle-de-bravo-edomex\/","url_meta":{"origin":8881,"position":4},"title":"Denuncian tala inmoderada de bosque en Valle de Bravo (EdoMex)","author":"grieta","date":"21 julio, 2021","format":false,"excerpt":"Foto: Cortes\u00eda Comuneros de Acatl\u00e1n Rodrigo Miranda \/ El Sol de Toluca Comuneros de Acatitl\u00e1n denuncian que varios \u00e1rboles ubicados en una zona protegida, han sido derribados debido a varias obras que se realizan en la zona Comuneros de Acatitl\u00e1n, en Valle de Bravo, denunciaron una incontrolable tala de \u00e1rboles\u2026","rel":"","context":"En &quot;CINTILLO&quot;","block_context":{"text":"CINTILLO","link":"https:\/\/www.grieta.org.mx\/index.php\/category\/cintillo\/"},"img":{"alt_text":"","src":"https:\/\/i0.wp.com\/www.grieta.org.mx\/wp-content\/uploads\/2021\/08\/Denuncian-tala-inmoderada-de-bosque-en-Valle-de-Bravo-edomex-ago.jpg?resize=350%2C200&ssl=1","width":350,"height":200,"srcset":"https:\/\/i0.wp.com\/www.grieta.org.mx\/wp-content\/uploads\/2021\/08\/Denuncian-tala-inmoderada-de-bosque-en-Valle-de-Bravo-edomex-ago.jpg?resize=350%2C200&ssl=1 1x, https:\/\/i0.wp.com\/www.grieta.org.mx\/wp-content\/uploads\/2021\/08\/Denuncian-tala-inmoderada-de-bosque-en-Valle-de-Bravo-edomex-ago.jpg?resize=525%2C300&ssl=1 1.5x, https:\/\/i0.wp.com\/www.grieta.org.mx\/wp-content\/uploads\/2021\/08\/Denuncian-tala-inmoderada-de-bosque-en-Valle-de-Bravo-edomex-ago.jpg?resize=700%2C400&ssl=1 2x"},"classes":[]},{"id":13403,"url":"https:\/\/www.grieta.org.mx\/index.php\/2016\/05\/26\/tala-clandestina-tiene-la-sierra-tarahumara-en-situacion-de-riesgo\/","url_meta":{"origin":8881,"position":5},"title":"Tala clandestina tiene la sierra Tarahumara en situaci\u00f3n de riesgo","author":"grieta","date":"26 mayo, 2016","format":false,"excerpt":"La Di\u00f3cesis de la Tarahumara env\u00edo una carta donde denuncia la cr\u00edtica situaci\u00f3n que est\u00e1n viviendo los bosques de la Sierra Tarahumara al enfrentarse a la tala ilegal y a la impunidad respaldada por las autoridades que no castigan a los responsables. Anteriormente hab\u00eda se\u00f1alado que desde el a\u00f1o 2000,\u2026","rel":"","context":"En &quot;chihuahua&quot;","block_context":{"text":"chihuahua","link":"https:\/\/www.grieta.org.mx\/index.php\/category\/chihuahua\/"},"img":{"alt_text":"","src":"https:\/\/i0.wp.com\/www.grieta.org.mx\/wp-content\/uploads\/2018\/03\/14524434_1106112876131411_958039263622046936_o.jpg?resize=350%2C200&ssl=1","width":350,"height":200,"srcset":"https:\/\/i0.wp.com\/www.grieta.org.mx\/wp-content\/uploads\/2018\/03\/14524434_1106112876131411_958039263622046936_o.jpg?resize=350%2C200&ssl=1 1x, https:\/\/i0.wp.com\/www.grieta.org.mx\/wp-content\/uploads\/2018\/03\/14524434_1106112876131411_958039263622046936_o.jpg?resize=525%2C300&ssl=1 1.5x, https:\/\/i0.wp.com\/www.grieta.org.mx\/wp-content\/uploads\/2018\/03\/14524434_1106112876131411_958039263622046936_o.jpg?resize=700%2C400&ssl=1 2x"},"classes":[]}],"_links":{"self":[{"href":"https:\/\/www.grieta.org.mx\/index.php\/wp-json\/wp\/v2\/posts\/8881","targetHints":{"allow":["GET"]}}],"collection":[{"href":"https:\/\/www.grieta.org.mx\/index.php\/wp-json\/wp\/v2\/posts"}],"about":[{"href":"https:\/\/www.grieta.org.mx\/index.php\/wp-json\/wp\/v2\/types\/post"}],"author":[{"embeddable":true,"href":"https:\/\/www.grieta.org.mx\/index.php\/wp-json\/wp\/v2\/users\/1"}],"replies":[{"embeddable":true,"href":"https:\/\/www.grieta.org.mx\/index.php\/wp-json\/wp\/v2\/comments?post=8881"}],"version-history":[{"count":1,"href":"https:\/\/www.grieta.org.mx\/index.php\/wp-json\/wp\/v2\/posts\/8881\/revisions"}],"predecessor-version":[{"id":8889,"href":"https:\/\/www.grieta.org.mx\/index.php\/wp-json\/wp\/v2\/posts\/8881\/revisions\/8889"}],"wp:featuredmedia":[{"embeddable":true,"href":"https:\/\/www.grieta.org.mx\/index.php\/wp-json\/wp\/v2\/media\/21928"}],"wp:attachment":[{"href":"https:\/\/www.grieta.org.mx\/index.php\/wp-json\/wp\/v2\/media?parent=8881"}],"wp:term":[{"taxonomy":"category","embeddable":true,"href":"https:\/\/www.grieta.org.mx\/index.php\/wp-json\/wp\/v2\/categories?post=8881"},{"taxonomy":"post_tag","embeddable":true,"href":"https:\/\/www.grieta.org.mx\/index.php\/wp-json\/wp\/v2\/tags?post=8881"}],"curies":[{"name":"wp","href":"https:\/\/api.w.org\/{rel}","templated":true}]}}