{"id":8880,"date":"2015-09-06T04:56:10","date_gmt":"2015-09-06T04:56:10","guid":{"rendered":"http:\/\/50.22.11.12\/~grietaor\/?p=8880"},"modified":"2016-03-31T05:31:20","modified_gmt":"2016-03-31T05:31:20","slug":"conflictos-mineros-en-michoacan","status":"publish","type":"post","link":"https:\/\/www.grieta.org.mx\/index.php\/2015\/09\/06\/conflictos-mineros-en-michoacan\/","title":{"rendered":"Conflictos mineros en Michoac\u00e1n"},"content":{"rendered":"<hr \/>\n<p><subtit>Concesiones mineras despojan territorios en Michoac\u00e1n<br \/>\n<\/subtit><\/p>\n<hr \/>\n<p><strong>06\/09\/15. <\/strong><a href=\"http:\/\/grieta.org.mx\/index.php\/2015\/09\/06\/dieron-fox-y-calderon-la-sexta-parte-de-michoacan-a-mineras\/\">Dieron Fox y Calder\u00f3n la sexta parte de Michoac\u00e1n a mineras<\/a><br \/>\n<em>La Jornada<\/em><\/p>\n<hr \/>\n<p><subtit>Regi\u00f3n minera de Michoac\u00e1n se ha convertido en zona de muerte<br \/>\n<\/subtit><\/p>\n<hr \/>\n<p><strong>22\/07\/15. <\/strong><a href=\"http:\/\/grieta.org.mx\/index.php\/2015\/07\/22\/michoacan-region-minera-zona-de-muerte\/\">Michoac\u00e1n: Regi\u00f3n minera, zona de muerte<\/a><br \/>\n<em>Siempre<\/em><\/p>\n<p><strong>21\/07\/15. <\/strong><a href=\"http:\/\/grieta.org.mx\/index.php\/2015\/07\/21\/techint-y-su-crisis-social\/\">Techint y su crisis social<\/a><br \/>\n<em>El Horizonte<\/em><\/p>\n<hr \/>\n<p><subtit>Comuneros de Aquila reclaman la propiedad de territorios ocupados por mineras extranjeras<br \/>\n<\/subtit><\/p>\n<hr \/>\n<p><strong>17\/05\/15. <\/strong><a href=\"http:\/\/grieta.org.mx\/index.php\/2015\/05\/17\/comuneros-cumplen-un-mes-con-su-planton-fuera-de-la-mina-de-aquila-michoacan\/\">Comuneros cumplen un mes con su plant\u00f3n fuera de la mina de Aquila, Michoac\u00e1n<\/a><br \/>\n<em>Mi Michoac\u00e1n<\/em><\/p>\n<p><strong>13\/05\/15. <\/strong><a href=\"http:\/\/grieta.org.mx\/index.php\/2015\/05\/13\/inminente-paro-tecnico-en-la-mina-de-aquila\/\">Inminente paro t\u00e9cnico en la mina de Aquila<\/a><br \/>\n<em>Quadrat\u00edn<\/em><\/p>\n<p><strong>06\/05\/15. <\/strong><a href=\"http:\/\/grieta.org.mx\/index.php\/2015\/05\/06\/comuneros-de-la-costa-preparan-pliego-petitorio-para-exigir-respuesta-del-gobierno-del-estado\/\">Comuneros de la Costa preparan pliego petitorio para exigir respuesta del Gobierno del Estado<\/a><br \/>\n<em>Revoluci\u00f3n 3.0<\/em><\/p>\n<p><strong>15\/04\/15. <\/strong><a href=\"http:\/\/grieta.org.mx\/index.php\/2015\/04\/15\/bloquean-indigenas-acceso-a-mina-de-aquila\/\">Bloquean ind\u00edgenas acceso a mina de Aquila <\/a><br \/>\n<em>Quadrat\u00edn<\/em><\/p>\n<p><strong>18\/03\/15. <\/strong><a href=\"http:\/\/grieta.org.mx\/index.php\/2015\/03\/18\/se-arman-contra-mineras\/\">Se arman contra mineras<\/a><br \/>\n<em>Reporte Indigo<\/em><\/p>\n","protected":false},"excerpt":{"rendered":"<p>Concesiones mineras despojan territorios en Michoac\u00e1n 06\/09\/15. Dieron Fox y Calder\u00f3n la sexta parte de Michoac\u00e1n a mineras La Jornada Regi\u00f3n minera de Michoac\u00e1n se ha convertido en zona de &hellip; <a href=\"https:\/\/www.grieta.org.mx\/index.php\/2015\/09\/06\/conflictos-mineros-en-michoacan\/\" class=\"more-link\">Leer m\u00e1s<\/a><\/p>\n","protected":false},"author":1,"featured_media":21928,"comment_status":"closed","ping_status":"open","sticky":false,"template":"","format":"standard","meta":{"ngg_post_thumbnail":0,"_jetpack_newsletter_access":"","_jetpack_dont_email_post_to_subs":false,"_jetpack_newsletter_tier_id":0,"_jetpack_memberships_contains_paywalled_content":false,"_jetpack_memberships_contains_paid_content":false,"footnotes":""},"categories":[3,21,6],"tags":[],"class_list":["post-8880","post","type-post","status-publish","format-standard","has-post-thumbnail","hentry","category-megaproyectos","category-michoacan","category-mineria","entry"],"jetpack_featured_media_url":"https:\/\/www.grieta.org.mx\/wp-content\/uploads\/2018\/03\/14524434_1106112876131411_958039263622046936_o.jpg","jetpack_sharing_enabled":true,"jetpack_shortlink":"https:\/\/wp.me\/p7ZJR4-2je","jetpack_likes_enabled":false,"jetpack-related-posts":[{"id":8910,"url":"https:\/\/www.grieta.org.mx\/index.php\/2015\/09\/06\/dieron-fox-y-calderon-la-sexta-parte-de-michoacan-a-mineras\/","url_meta":{"origin":8880,"position":0},"title":"Dieron Fox y Calder\u00f3n la sexta parte de Michoac\u00e1n a mineras","author":"Admin","date":"6 septiembre, 2015","format":false,"excerpt":"Entre los gobiernos de Vicente Fox Quesada y Felipe Calder\u00f3n Hinojosa otorgaron en concesi\u00f3n a empresas mineras privadas una sexta parte del territorio del estado de Michoac\u00e1n. De 2004 a 2011 los dos ex presidentes panistas autorizaron, a trav\u00e9s de la Secretar\u00eda de Econom\u00eda, la entrega de un mill\u00f3n 278\u2026","rel":"","context":"En &quot;CINTILLO&quot;","block_context":{"text":"CINTILLO","link":"https:\/\/www.grieta.org.mx\/index.php\/category\/cintillo\/"},"img":{"alt_text":"","src":"https:\/\/i0.wp.com\/www.grieta.org.mx\/wp-content\/uploads\/2018\/03\/14524434_1106112876131411_958039263622046936_o.jpg?resize=350%2C200&ssl=1","width":350,"height":200,"srcset":"https:\/\/i0.wp.com\/www.grieta.org.mx\/wp-content\/uploads\/2018\/03\/14524434_1106112876131411_958039263622046936_o.jpg?resize=350%2C200&ssl=1 1x, https:\/\/i0.wp.com\/www.grieta.org.mx\/wp-content\/uploads\/2018\/03\/14524434_1106112876131411_958039263622046936_o.jpg?resize=525%2C300&ssl=1 1.5x, https:\/\/i0.wp.com\/www.grieta.org.mx\/wp-content\/uploads\/2018\/03\/14524434_1106112876131411_958039263622046936_o.jpg?resize=700%2C400&ssl=1 2x"},"classes":[]},{"id":8901,"url":"https:\/\/www.grieta.org.mx\/index.php\/2015\/03\/18\/se-arman-contra-mineras\/","url_meta":{"origin":8880,"position":1},"title":"Se arman contra mineras","author":"Admin","date":"18 marzo, 2015","format":false,"excerpt":"Comuneros de Santa Mar\u00eda Ostula reclaman la propiedad de casi mil hect\u00e1reas de terrenos ocupados por empresas extranjeras. La mayor\u00eda de los terrenos est\u00e1n ocupados por Ternium Por J. Jes\u00fas Lemus La primera empresa en desalojar a los ind\u00edgenas de los terrenos con yacimientos de hierro fue la denominada Hylsa.\u2026","rel":"","context":"En &quot;CINTILLO&quot;","block_context":{"text":"CINTILLO","link":"https:\/\/www.grieta.org.mx\/index.php\/category\/cintillo\/"},"img":{"alt_text":"","src":"https:\/\/i0.wp.com\/www.grieta.org.mx\/wp-content\/uploads\/2018\/03\/14524434_1106112876131411_958039263622046936_o.jpg?resize=350%2C200&ssl=1","width":350,"height":200,"srcset":"https:\/\/i0.wp.com\/www.grieta.org.mx\/wp-content\/uploads\/2018\/03\/14524434_1106112876131411_958039263622046936_o.jpg?resize=350%2C200&ssl=1 1x, https:\/\/i0.wp.com\/www.grieta.org.mx\/wp-content\/uploads\/2018\/03\/14524434_1106112876131411_958039263622046936_o.jpg?resize=525%2C300&ssl=1 1.5x, https:\/\/i0.wp.com\/www.grieta.org.mx\/wp-content\/uploads\/2018\/03\/14524434_1106112876131411_958039263622046936_o.jpg?resize=700%2C400&ssl=1 2x"},"classes":[]},{"id":8905,"url":"https:\/\/www.grieta.org.mx\/index.php\/2015\/07\/22\/michoacan-region-minera-zona-de-muerte\/","url_meta":{"origin":8880,"position":2},"title":"Michoac\u00e1n: Regi\u00f3n minera, zona de muerte","author":"Admin","date":"22 julio, 2015","format":false,"excerpt":"Carlos \u00c1ngel Arrieta Llanas Los municipios de Arteaga, Aguililla, Coalcom\u00e1n, Coahuayana y Aquila, conforman la franja m\u00e1s importante de la zona minera de Michoac\u00e1n, que desemboca en el traslado del producto en el Puerto de L\u00e1zaro C\u00e1rdenas, de donde salen las embarcaciones al extranjero, y en el que se encuentran\u2026","rel":"","context":"En &quot;CINTILLO&quot;","block_context":{"text":"CINTILLO","link":"https:\/\/www.grieta.org.mx\/index.php\/category\/cintillo\/"},"img":{"alt_text":"","src":"https:\/\/i0.wp.com\/www.grieta.org.mx\/wp-content\/uploads\/2018\/03\/14524434_1106112876131411_958039263622046936_o.jpg?resize=350%2C200&ssl=1","width":350,"height":200,"srcset":"https:\/\/i0.wp.com\/www.grieta.org.mx\/wp-content\/uploads\/2018\/03\/14524434_1106112876131411_958039263622046936_o.jpg?resize=350%2C200&ssl=1 1x, https:\/\/i0.wp.com\/www.grieta.org.mx\/wp-content\/uploads\/2018\/03\/14524434_1106112876131411_958039263622046936_o.jpg?resize=525%2C300&ssl=1 1.5x, https:\/\/i0.wp.com\/www.grieta.org.mx\/wp-content\/uploads\/2018\/03\/14524434_1106112876131411_958039263622046936_o.jpg?resize=700%2C400&ssl=1 2x"},"classes":[]},{"id":66685,"url":"https:\/\/www.grieta.org.mx\/index.php\/2023\/02\/12\/san-miguel-aquila-derechos-y-vidas-a-merced-de-las-mineras-michoacan\/","url_meta":{"origin":8880,"position":3},"title":"San Miguel Aquila: Derechos y vidas a merced de las mineras (Michoac\u00e1n)","author":"grieta","date":"12 febrero, 2023","format":false,"excerpt":"Familiares del l\u00edder comunal Antonio D\u00edaz y del abogado Ricardo Lagunes exigen al gobierno federal que se aceleren las investigaciones sobre el paradero de ambos, desaparecidos el pasado 15 de enero en Aquila, Michoac\u00e1n. Ellos se enfrentaban al Poder Judicial de Colima y a la empresa Ternium en una zona\u2026","rel":"","context":"En &quot;CINTILLO&quot;","block_context":{"text":"CINTILLO","link":"https:\/\/www.grieta.org.mx\/index.php\/category\/cintillo\/"},"img":{"alt_text":"","src":"https:\/\/i0.wp.com\/www.grieta.org.mx\/wp-content\/uploads\/2023\/03\/f800x450-169044_220490_5545.jpg?resize=350%2C200&ssl=1","width":350,"height":200,"srcset":"https:\/\/i0.wp.com\/www.grieta.org.mx\/wp-content\/uploads\/2023\/03\/f800x450-169044_220490_5545.jpg?resize=350%2C200&ssl=1 1x, https:\/\/i0.wp.com\/www.grieta.org.mx\/wp-content\/uploads\/2023\/03\/f800x450-169044_220490_5545.jpg?resize=525%2C300&ssl=1 1.5x, https:\/\/i0.wp.com\/www.grieta.org.mx\/wp-content\/uploads\/2023\/03\/f800x450-169044_220490_5545.jpg?resize=700%2C400&ssl=1 2x"},"classes":[]},{"id":8893,"url":"https:\/\/www.grieta.org.mx\/index.php\/2015\/05\/17\/comuneros-cumplen-un-mes-con-su-planton-fuera-de-la-mina-de-aquila-michoacan\/","url_meta":{"origin":8880,"position":4},"title":"Comuneros cumplen un mes con su plant\u00f3n fuera de la mina de Aquila, Michoac\u00e1n","author":"Admin","date":"17 mayo, 2015","format":false,"excerpt":"A un mes de haberse instalado fuera de la mina de Aquila, los comuneros contin\u00fana su exigencia de que la empresa \u201cTernium\u201d reforeste las casi 400 hect\u00e1reas de \u00e1rboles que ha talado Por: MiMorelia.com \u2013 15 de Mayo de 2015 \u2013 Morelia, Michoac\u00e1n (MiMorelia.com).-Este viernes los comuneros de Aquila cumplen\u2026","rel":"","context":"En &quot;CINTILLO&quot;","block_context":{"text":"CINTILLO","link":"https:\/\/www.grieta.org.mx\/index.php\/category\/cintillo\/"},"img":{"alt_text":"","src":"https:\/\/i0.wp.com\/www.grieta.org.mx\/wp-content\/uploads\/2018\/03\/14524434_1106112876131411_958039263622046936_o.jpg?resize=350%2C200&ssl=1","width":350,"height":200,"srcset":"https:\/\/i0.wp.com\/www.grieta.org.mx\/wp-content\/uploads\/2018\/03\/14524434_1106112876131411_958039263622046936_o.jpg?resize=350%2C200&ssl=1 1x, https:\/\/i0.wp.com\/www.grieta.org.mx\/wp-content\/uploads\/2018\/03\/14524434_1106112876131411_958039263622046936_o.jpg?resize=525%2C300&ssl=1 1.5x, https:\/\/i0.wp.com\/www.grieta.org.mx\/wp-content\/uploads\/2018\/03\/14524434_1106112876131411_958039263622046936_o.jpg?resize=700%2C400&ssl=1 2x"},"classes":[]},{"id":61530,"url":"https:\/\/www.grieta.org.mx\/index.php\/2021\/08\/23\/ostula-se-mantiene-en-la-lucha-por-la-defensa-y-reconocimiento-de-su-territorio\/","url_meta":{"origin":8880,"position":5},"title":"Ostula se mantiene en la lucha por la defensa y reconocimiento de su territorio","author":"grieta","date":"23 agosto, 2021","format":false,"excerpt":"Desde el siglo pasado, los pobladores de Ostula buscan el reconocimiento de sus tierras, las cuales son amenazas por la riqueza natural que poseen. Jos\u00e9 Luis Ceja \/ Colaborador La Voz de Michoac\u00e1n, 23 de agosto de 2021 Jiquilpan, Michoac\u00e1n. El tema de Ostula no solamente es importante para el\u2026","rel":"","context":"En &quot;1. Ostula&quot;","block_context":{"text":"1. Ostula","link":"https:\/\/www.grieta.org.mx\/index.php\/category\/espejos-de-la-resistencia\/1-ostula\/"},"img":{"alt_text":"","src":"https:\/\/i0.wp.com\/www.grieta.org.mx\/wp-content\/uploads\/2021\/09\/Ostula-1.jpg?resize=350%2C200&ssl=1","width":350,"height":200,"srcset":"https:\/\/i0.wp.com\/www.grieta.org.mx\/wp-content\/uploads\/2021\/09\/Ostula-1.jpg?resize=350%2C200&ssl=1 1x, https:\/\/i0.wp.com\/www.grieta.org.mx\/wp-content\/uploads\/2021\/09\/Ostula-1.jpg?resize=525%2C300&ssl=1 1.5x, https:\/\/i0.wp.com\/www.grieta.org.mx\/wp-content\/uploads\/2021\/09\/Ostula-1.jpg?resize=700%2C400&ssl=1 2x"},"classes":[]}],"_links":{"self":[{"href":"https:\/\/www.grieta.org.mx\/index.php\/wp-json\/wp\/v2\/posts\/8880","targetHints":{"allow":["GET"]}}],"collection":[{"href":"https:\/\/www.grieta.org.mx\/index.php\/wp-json\/wp\/v2\/posts"}],"about":[{"href":"https:\/\/www.grieta.org.mx\/index.php\/wp-json\/wp\/v2\/types\/post"}],"author":[{"embeddable":true,"href":"https:\/\/www.grieta.org.mx\/index.php\/wp-json\/wp\/v2\/users\/1"}],"replies":[{"embeddable":true,"href":"https:\/\/www.grieta.org.mx\/index.php\/wp-json\/wp\/v2\/comments?post=8880"}],"version-history":[{"count":1,"href":"https:\/\/www.grieta.org.mx\/index.php\/wp-json\/wp\/v2\/posts\/8880\/revisions"}],"predecessor-version":[{"id":8914,"href":"https:\/\/www.grieta.org.mx\/index.php\/wp-json\/wp\/v2\/posts\/8880\/revisions\/8914"}],"wp:featuredmedia":[{"embeddable":true,"href":"https:\/\/www.grieta.org.mx\/index.php\/wp-json\/wp\/v2\/media\/21928"}],"wp:attachment":[{"href":"https:\/\/www.grieta.org.mx\/index.php\/wp-json\/wp\/v2\/media?parent=8880"}],"wp:term":[{"taxonomy":"category","embeddable":true,"href":"https:\/\/www.grieta.org.mx\/index.php\/wp-json\/wp\/v2\/categories?post=8880"},{"taxonomy":"post_tag","embeddable":true,"href":"https:\/\/www.grieta.org.mx\/index.php\/wp-json\/wp\/v2\/tags?post=8880"}],"curies":[{"name":"wp","href":"https:\/\/api.w.org\/{rel}","templated":true}]}}