{"id":8868,"date":"2016-03-19T04:47:01","date_gmt":"2016-03-19T04:47:01","guid":{"rendered":"http:\/\/50.22.11.12\/~grietaor\/?p=8868"},"modified":"2016-03-31T04:49:13","modified_gmt":"2016-03-31T04:49:13","slug":"acusa-consejo-indigena-campana-de-criminalizacion-en-contra-de-comuneros","status":"publish","type":"post","link":"https:\/\/www.grieta.org.mx\/index.php\/2016\/03\/19\/acusa-consejo-indigena-campana-de-criminalizacion-en-contra-de-comuneros\/","title":{"rendered":"Acusa Consejo Ind\u00edgena campa\u00f1a de criminalizaci\u00f3n en contra de comuneros"},"content":{"rendered":"<p>MORELIA, Mich., 19 de marzo de 2016.- A trav\u00e9s de una carta, el Consejo Supremo Ind\u00edgena de Michoac\u00e1n denunci\u00f3 una campa\u00f1a de criminalizaci\u00f3n en contra de algunos de sus integrantes y asesores, por lo que exigieron se frenen estas agresiones.     <\/p>\n<p>A continuaci\u00f3n el texto \u00edntegro del documento:   <\/p>\n<p>El Consejo Supremo Ind\u00edgena de Michoac\u00e1n, movimiento ind\u00edgena estatal conformado por las comunidades originarias de Santa Fe de la Laguna, Naranja de Tapia, Caltzontzin, Pich\u00e1taro, Zirahu\u00e9n, Sevina, Cap\u00e1cuaro, Tir\u00edndaro, Tur\u00edcuaro, Urapicho,  Angahuan, Uricho, Pamat\u00e1cuaro, San \u00c1ngel Zurumucapio, Zopoco, Cuanajo, Comachu\u00e9n, Cocucho, San Felipe de los Herreros, Sicuicho, Cherato, Cheratillo, Oruscato, 18 de Marzo, Apo del Rosario, San Lorenzo, Comunidades del Sur, Tacuro, Corupo, Nuevo Zirosto y Ostula, declaramos lo siguiente:   <\/p>\n<p>a)Los pueblos originarios de Michoac\u00e1n mantienen una larga historia de resistencia y lucha por hacer respetar sus derechos. En tiempos contempor\u00e1neos, la lucha de nuestras comunidades ha sido por los derechos constitucionales de libre determinaci\u00f3n y autonom\u00eda, bajo este marco. Queremos denunciar que se ha emprendido una campa\u00f1a de criminalizaci\u00f3n de nuestros compa\u00f1eros, pues recordemos que, en noviembre del 2015, fue detenido arbitrariamente el comunero de Santa Fe de la Laguna, Nicol\u00e1s Bautista Ram\u00edrez, mismo que posteriormente, gracias a la movilizaci\u00f3n social, fue liberado y absuelto de los cargos que injustamente se le imputaban.   <\/p>\n<p>b)En este contexto, el domingo 13 de marzo del presente a\u00f1o, a las 17:00 horas, el comunero Rigoberto Francisco Reyes de 35 a\u00f1os de edad y Jorge Luis Jacobo Francisco de 11 a\u00f1os, ambos de la comunidad ind\u00edgena de Cocucho, fueron agredidos por elementos de la Fuerza Rural de Charapan en terrenos de la propia comunidad de Cocucho, lo anterior en represalia, porque la comunidad exige la entrega y administraci\u00f3n del presupuesto directo y la conformaci\u00f3n de un gobierno comunal. Actualmente, el menor se encuentra en situaci\u00f3n m\u00e9dica grave. Ante ello se puso la denuncia correspondiente y una queja en la Comisi\u00f3n Estatal de los Derechos Humanos y en la Comisi\u00f3n Ejecutiva Estatal de Atenci\u00f3n a Victimas   <\/p>\n<p>c)Por otro lado, nuestro asesor, el historiador Pavel Uli\u00e1nov Guzm\u00e1n, ha recibido diversas llamadas telef\u00f3nicas donde ha sido amenazado en su integridad f\u00edsica, por asesorar a nuestras comunidades.   <\/p>\n<p>d)Por lo anterior, demandamos cesen los actos de represi\u00f3n y hostigamiento, y se brinde una justicia pronta y expedita a nuestros compa\u00f1eros agredidos con arma de fuego, de lo contrario, hacemos responsable al Gobierno del Estado de Michoac\u00e1n y al Gobierno Municipal de Charapan de cualquier situaci\u00f3n que pudiera presentarse. La larga resistencia de los pueblos originarios de Michoac\u00e1n continua.   <\/p>\n<p>\u00a1Juch\u00e1ri Uin\u00e1pekua!<\/p>\n<p><a href=\"https:\/\/www.quadratin.com.mx\/sucesos\/Acusa-Consejo-Indigena-campana-criminalizacion-comuneros\/\" target=\"_blank\">https:\/\/www.quadratin.com.mx\/sucesos\/Acusa-Consejo-Indigena-campana-criminalizacion-comuneros\/<\/a><\/p>\n","protected":false},"excerpt":{"rendered":"<p>MORELIA, Mich., 19 de marzo de 2016.- A trav\u00e9s de una carta, el Consejo Supremo Ind\u00edgena de Michoac\u00e1n denunci\u00f3 una campa\u00f1a de criminalizaci\u00f3n en contra de algunos de sus integrantes &hellip; <a href=\"https:\/\/www.grieta.org.mx\/index.php\/2016\/03\/19\/acusa-consejo-indigena-campana-de-criminalizacion-en-contra-de-comuneros\/\" class=\"more-link\">Leer m\u00e1s<\/a><\/p>\n","protected":false},"author":1,"featured_media":21928,"comment_status":"closed","ping_status":"open","sticky":false,"template":"","format":"standard","meta":{"ngg_post_thumbnail":0,"_jetpack_newsletter_access":"","_jetpack_dont_email_post_to_subs":false,"_jetpack_newsletter_tier_id":0,"_jetpack_memberships_contains_paywalled_content":false,"_jetpack_memberships_contains_paid_content":false,"footnotes":""},"categories":[80,82],"tags":[465,526],"class_list":["post-8868","post","type-post","status-publish","format-standard","has-post-thumbnail","hentry","category-cintillo","category-michoacan","tag-autodefensas","tag-consejo-supremo-indigena-de-michoacan","entry"],"jetpack_featured_media_url":"https:\/\/www.grieta.org.mx\/wp-content\/uploads\/2018\/03\/14524434_1106112876131411_958039263622046936_o.jpg","jetpack_sharing_enabled":true,"jetpack_shortlink":"https:\/\/wp.me\/p7ZJR4-2j2","jetpack_likes_enabled":false,"jetpack-related-posts":[{"id":8841,"url":"https:\/\/www.grieta.org.mx\/index.php\/2016\/05\/20\/resistencia-de-las-autodefensas-rurales-en-michoacan\/","url_meta":{"origin":8868,"position":0},"title":"Resistencia y construcci\u00f3n de autonom\u00eda de las comunidades rurales en Michoac\u00e1n","author":"Admin","date":"20 mayo, 2016","format":false,"excerpt":"Lucha de la comunidad ind\u00edgena de Pich\u00e1taro por su autonom\u00eda financiera 20\/05\/16. Pich\u00e1taro tendr\u00e1 gobierno comunal, ordena TEPJF La Voz de Michoac\u00e1n 05\/05\/16. La resistencia en v\u00edas de expandirse en la meseta El Despertar 26\/04\/16. Pich\u00e1taro escribir\u00e1 historia como Cher\u00e1n de obtener fallo favorable del TEPJF Michoac\u00e1n 3.0 El Consejo\u2026","rel":"","context":"En &quot;Michoac\u00e1n&quot;","block_context":{"text":"Michoac\u00e1n","link":"https:\/\/www.grieta.org.mx\/index.php\/category\/noticias-nacionales\/michoacan\/"},"img":{"alt_text":"","src":"https:\/\/i0.wp.com\/www.grieta.org.mx\/wp-content\/uploads\/2018\/03\/14524434_1106112876131411_958039263622046936_o.jpg?resize=350%2C200&ssl=1","width":350,"height":200,"srcset":"https:\/\/i0.wp.com\/www.grieta.org.mx\/wp-content\/uploads\/2018\/03\/14524434_1106112876131411_958039263622046936_o.jpg?resize=350%2C200&ssl=1 1x, https:\/\/i0.wp.com\/www.grieta.org.mx\/wp-content\/uploads\/2018\/03\/14524434_1106112876131411_958039263622046936_o.jpg?resize=525%2C300&ssl=1 1.5x, https:\/\/i0.wp.com\/www.grieta.org.mx\/wp-content\/uploads\/2018\/03\/14524434_1106112876131411_958039263622046936_o.jpg?resize=700%2C400&ssl=1 2x"},"classes":[]},{"id":43140,"url":"https:\/\/www.grieta.org.mx\/index.php\/2019\/12\/19\/consejo-supremo-indigena-se-une-al-congreso-nacional-indigena-michoacan\/","url_meta":{"origin":8868,"position":1},"title":"Consejo Supremo Ind\u00edgena se une al Congreso Nacional Ind\u00edgena (Michoac\u00e1n)","author":"grieta","date":"19 diciembre, 2019","format":false,"excerpt":"Por: Redacci\u00f3n Monitor Expreso. 19 de diciembre de 2019 M\u00e9xico.- El Consejo Supremo Ind\u00edgena de Michoac\u00e1n (CSIM), solicit\u00f3 su incorporaci\u00f3n formal al Congreso Nacional Ind\u00edgena (CNI). Manifestando en su misiva que fue una decisi\u00f3n de la Asamblea General de Autoridades de comunidades originarias entre las que se encuentran, Jefes de\u2026","rel":"","context":"En &quot;CINTILLO&quot;","block_context":{"text":"CINTILLO","link":"https:\/\/www.grieta.org.mx\/index.php\/category\/cintillo\/"},"img":{"alt_text":"","src":"https:\/\/i0.wp.com\/www.grieta.org.mx\/wp-content\/uploads\/2020\/01\/consejo-supremo-indigena.png?resize=350%2C200&ssl=1","width":350,"height":200,"srcset":"https:\/\/i0.wp.com\/www.grieta.org.mx\/wp-content\/uploads\/2020\/01\/consejo-supremo-indigena.png?resize=350%2C200&ssl=1 1x, https:\/\/i0.wp.com\/www.grieta.org.mx\/wp-content\/uploads\/2020\/01\/consejo-supremo-indigena.png?resize=525%2C300&ssl=1 1.5x, https:\/\/i0.wp.com\/www.grieta.org.mx\/wp-content\/uploads\/2020\/01\/consejo-supremo-indigena.png?resize=700%2C400&ssl=1 2x"},"classes":[]},{"id":43137,"url":"https:\/\/www.grieta.org.mx\/index.php\/2020\/01\/15\/consejo-supremo-indigena-de-michoacan-denuncia-represion-y-amenazas-de-muerte-en-contra-de-concejos-comunales-de-comachuen-sevina-y-nahuatzen\/","url_meta":{"origin":8868,"position":2},"title":"Consejo Supremo Ind\u00edgena de Michoac\u00e1n denuncia represi\u00f3n y amenazas de muerte en contra de Concejos Comunales de Comachu\u00e9n, Sevina y Nahuatzen","author":"grieta","date":"15 enero, 2020","format":false,"excerpt":"Por:Patricia Torres \/ Noventa Grados, 15 de Enero de 2020 Comunidades P`urh\u00e9pecha a 15 de enero del 2020. A trav\u00e9s de un comunicado, el Consejo Supremo Ind\u00edgena de Michoac\u00e1n (CSIM), consejo de autoridades civiles, comunales y tradicionales que agrupa alrededor de 60 comunidades, denunci\u00f3 la represi\u00f3n de comuneros, mujeres y\u2026","rel":"","context":"En &quot;CINTILLO&quot;","block_context":{"text":"CINTILLO","link":"https:\/\/www.grieta.org.mx\/index.php\/category\/cintillo\/"},"img":{"alt_text":"","src":"https:\/\/i0.wp.com\/www.grieta.org.mx\/wp-content\/uploads\/2020\/01\/0-grande.jpg?resize=350%2C200&ssl=1","width":350,"height":200,"srcset":"https:\/\/i0.wp.com\/www.grieta.org.mx\/wp-content\/uploads\/2020\/01\/0-grande.jpg?resize=350%2C200&ssl=1 1x, https:\/\/i0.wp.com\/www.grieta.org.mx\/wp-content\/uploads\/2020\/01\/0-grande.jpg?resize=525%2C300&ssl=1 1.5x, https:\/\/i0.wp.com\/www.grieta.org.mx\/wp-content\/uploads\/2020\/01\/0-grande.jpg?resize=700%2C400&ssl=1 2x"},"classes":[]},{"id":22773,"url":"https:\/\/www.grieta.org.mx\/index.php\/2018\/04\/24\/consejo-supremo-indigena-de-michoacan-llama-al-autogobierno-por-division-provocada-por-partidos\/","url_meta":{"origin":8868,"position":3},"title":"Consejo Supremo Ind\u00edgena de Michoac\u00e1n llama al autogobierno por divisi\u00f3n provocada por partidos","author":"Admin","date":"24 abril, 2018","format":false,"excerpt":"Morelia, Michoac\u00e1n.- Por medio de un comunicado de prensa el Consejo Supremo Ind\u00edgena, conformado por m\u00e1s de 30 comunidades originarias que luchan por la autodeterminaci\u00f3n, el autogobierno y la autonom\u00eda, expresaron lo siguiente: Los pueblos originarios somos sujetos de derecho, sujetos hist\u00f3ricos y sujetos de conocimiento, mantenemos el derecho a\u2026","rel":"","context":"En &quot;CINTILLO&quot;","block_context":{"text":"CINTILLO","link":"https:\/\/www.grieta.org.mx\/index.php\/category\/cintillo\/"},"img":{"alt_text":"","src":"https:\/\/i0.wp.com\/www.grieta.org.mx\/wp-content\/uploads\/2018\/04\/Foto-Purepecha-MX-704x387.jpg?resize=350%2C200&ssl=1","width":350,"height":200,"srcset":"https:\/\/i0.wp.com\/www.grieta.org.mx\/wp-content\/uploads\/2018\/04\/Foto-Purepecha-MX-704x387.jpg?resize=350%2C200&ssl=1 1x, https:\/\/i0.wp.com\/www.grieta.org.mx\/wp-content\/uploads\/2018\/04\/Foto-Purepecha-MX-704x387.jpg?resize=525%2C300&ssl=1 1.5x, https:\/\/i0.wp.com\/www.grieta.org.mx\/wp-content\/uploads\/2018\/04\/Foto-Purepecha-MX-704x387.jpg?resize=700%2C400&ssl=1 2x"},"classes":[]},{"id":32933,"url":"https:\/\/www.grieta.org.mx\/index.php\/2019\/05\/05\/el-consejo-supremo-indigena-de-michoacan-exige-la-presentacion-con-vida-de-la-estudiante-nilda-rosario-francisco-de-la-cruz\/","url_meta":{"origin":8868,"position":4},"title":"El Consejo Supremo Ind\u00edgena de Michoac\u00e1n exige la presentaci\u00f3n con vida de la estudiante Nilda Rosario Francisco de la Cruz","author":"grieta","date":"5 mayo, 2019","format":false,"excerpt":"Colectivo Grieta, 05 de mayo de 2019 Morelia, Michoac\u00e1n.- Ante la desaparici\u00f3n desde el pasado 25 de marzo de Nilda Rosario Francisco dela Cruz, estudiante de 9\u00ba semestre de Veterinaria en la Universidad Michoacana de San Nicol\u00e1s de Hidalgo, el 30 de abril de 2019 el Consejo Supremo Ind\u00edgena de\u2026","rel":"","context":"En &quot;CINTILLO&quot;","block_context":{"text":"CINTILLO","link":"https:\/\/www.grieta.org.mx\/index.php\/category\/cintillo\/"},"img":{"alt_text":"","src":"https:\/\/i0.wp.com\/www.grieta.org.mx\/wp-content\/uploads\/2018\/03\/14524434_1106112876131411_958039263622046936_o.jpg?resize=350%2C200&ssl=1","width":350,"height":200,"srcset":"https:\/\/i0.wp.com\/www.grieta.org.mx\/wp-content\/uploads\/2018\/03\/14524434_1106112876131411_958039263622046936_o.jpg?resize=350%2C200&ssl=1 1x, https:\/\/i0.wp.com\/www.grieta.org.mx\/wp-content\/uploads\/2018\/03\/14524434_1106112876131411_958039263622046936_o.jpg?resize=525%2C300&ssl=1 1.5x, https:\/\/i0.wp.com\/www.grieta.org.mx\/wp-content\/uploads\/2018\/03\/14524434_1106112876131411_958039263622046936_o.jpg?resize=700%2C400&ssl=1 2x"},"classes":[]},{"id":51826,"url":"https:\/\/www.grieta.org.mx\/index.php\/2020\/06\/26\/consejo-supremo-indigena-bloquea-carreteras-ante-visita-al-estado-de-amlo-michoacan\/","url_meta":{"origin":8868,"position":5},"title":"Consejo Supremo Ind\u00edgena bloquea carreteras ante visita al estado de AMLO (Michoac\u00e1n)","author":"grieta","date":"26 junio, 2020","format":false,"excerpt":"Ren\u00e9 Serrano Garc\u00eda \/Informativo La Regi\u00f3n, viernes de 26 junio de 2020 Durante la visita del Presidente de la Rep\u00fablica a Michoac\u00e1n, mediante lo que denominaron S\u00e9ptima Jornada de Lucha: Respeto a los Derechos de los Pueblos Originarios, el Consejo Supremo Ind\u00edgena de Michoac\u00e1n, consejo conformado por autoridades ind\u00edgenas de\u2026","rel":"","context":"En &quot;CINTILLO&quot;","block_context":{"text":"CINTILLO","link":"https:\/\/www.grieta.org.mx\/index.php\/category\/cintillo\/"},"img":{"alt_text":"","src":"https:\/\/i0.wp.com\/www.grieta.org.mx\/wp-content\/uploads\/2020\/07\/ConsejoSupremoIndigena779x450.jpg?resize=350%2C200&ssl=1","width":350,"height":200,"srcset":"https:\/\/i0.wp.com\/www.grieta.org.mx\/wp-content\/uploads\/2020\/07\/ConsejoSupremoIndigena779x450.jpg?resize=350%2C200&ssl=1 1x, https:\/\/i0.wp.com\/www.grieta.org.mx\/wp-content\/uploads\/2020\/07\/ConsejoSupremoIndigena779x450.jpg?resize=525%2C300&ssl=1 1.5x, https:\/\/i0.wp.com\/www.grieta.org.mx\/wp-content\/uploads\/2020\/07\/ConsejoSupremoIndigena779x450.jpg?resize=700%2C400&ssl=1 2x"},"classes":[]}],"_links":{"self":[{"href":"https:\/\/www.grieta.org.mx\/index.php\/wp-json\/wp\/v2\/posts\/8868","targetHints":{"allow":["GET"]}}],"collection":[{"href":"https:\/\/www.grieta.org.mx\/index.php\/wp-json\/wp\/v2\/posts"}],"about":[{"href":"https:\/\/www.grieta.org.mx\/index.php\/wp-json\/wp\/v2\/types\/post"}],"author":[{"embeddable":true,"href":"https:\/\/www.grieta.org.mx\/index.php\/wp-json\/wp\/v2\/users\/1"}],"replies":[{"embeddable":true,"href":"https:\/\/www.grieta.org.mx\/index.php\/wp-json\/wp\/v2\/comments?post=8868"}],"version-history":[{"count":1,"href":"https:\/\/www.grieta.org.mx\/index.php\/wp-json\/wp\/v2\/posts\/8868\/revisions"}],"predecessor-version":[{"id":8872,"href":"https:\/\/www.grieta.org.mx\/index.php\/wp-json\/wp\/v2\/posts\/8868\/revisions\/8872"}],"wp:featuredmedia":[{"embeddable":true,"href":"https:\/\/www.grieta.org.mx\/index.php\/wp-json\/wp\/v2\/media\/21928"}],"wp:attachment":[{"href":"https:\/\/www.grieta.org.mx\/index.php\/wp-json\/wp\/v2\/media?parent=8868"}],"wp:term":[{"taxonomy":"category","embeddable":true,"href":"https:\/\/www.grieta.org.mx\/index.php\/wp-json\/wp\/v2\/categories?post=8868"},{"taxonomy":"post_tag","embeddable":true,"href":"https:\/\/www.grieta.org.mx\/index.php\/wp-json\/wp\/v2\/tags?post=8868"}],"curies":[{"name":"wp","href":"https:\/\/api.w.org\/{rel}","templated":true}]}}