{"id":8807,"date":"2015-06-05T03:47:20","date_gmt":"2015-06-05T03:47:20","guid":{"rendered":"http:\/\/50.22.11.12\/~grietaor\/?p=8807"},"modified":"2016-03-31T03:48:21","modified_gmt":"2016-03-31T03:48:21","slug":"el-pueblo-que-dijo-no-a-politicos-campanas-y-elecciones","status":"publish","type":"post","link":"https:\/\/www.grieta.org.mx\/index.php\/2015\/06\/05\/el-pueblo-que-dijo-no-a-politicos-campanas-y-elecciones\/","title":{"rendered":"El pueblo que dijo no a pol\u00edticos, campa\u00f1as y elecciones"},"content":{"rendered":"<p>\u00c9rika Flores<br \/>\nCHER\u00c1N, Mich.- En plena agitaci\u00f3n electoral, la comunidad de Cher\u00e1n, Michoac\u00e1n, es un municipio peculiar. Aqu\u00ed ya no existen los pol\u00edticos; al \u00faltimo de ellos, el exalcalde Roberto Bautista, no se le vio m\u00e1s desde 2007, por lo que desde ese a\u00f1o se inici\u00f3 su extinci\u00f3n.<\/p>\n<p>Regido por el sistema de usos y costumbres, Cher\u00e1n, en la zona de la meseta pur\u00e9pecha, es el \u00fanico municipio del estado donde no habr\u00e1 elecciones el pr\u00f3ximo domingo. Por eso, recorrer sus calles y avenidas principales es un deleite a la vista: sin propaganda, sin candidatos, sin partidos pol\u00edticos. Los mensajes inscritos en las bardas p\u00fablicas son tajantes. \u201cPartidos ojetes, Cher\u00e1n no es un juguete\u201d.<\/p>\n<p>Los cheranenses fundamentan sus resoluciones: en 2007 sus pol\u00edticos se coludieron con el crimen organizado, permitiendo extorsiones y la entrada de talamontes que, clandestinamente, afectaron los bosques, que consideran sagrados. Pidieron ayuda al alcalde y al gobernador, pero nadie lleg\u00f3. Por eso, desde abril de 2011 determinaron regresar al sistema de usos y costumbres, con el que se rigen hasta hoy, solucionando de manera colectiva todo lo relacionado con seguridad, econom\u00eda y obra p\u00fablica, etc\u00e9tera.<\/p>\n<p>\u201cLa democracia no es exclusiva de los partidos pol\u00edticos, es del pueblo; as\u00ed lo dice el art\u00edculo 39 constitucional\u201d, refiere Salvador Torres, profesor e integrante de la comisi\u00f3n de enlace de Cher\u00e1n con el Instituto Electoral de Michoac\u00e1n. \u201cNo se van a instalar las urnas el d\u00eda 7. No es que no queramos a los partidos definitivamente, sino que la democracia est\u00e1 en crisis\u201d, argumenta.<\/p>\n<p>A\u00fan recuerdan c\u00f3mo viv\u00edan en el sistema de partidos. \u201cEran muy convenencieros, solo los militantes ten\u00edan derecho de pedir y nos alejaban de nuestras costumbres. Por aqu\u00ed estuvieron Cuauht\u00e9moc C\u00e1rdenas, Silvano (Aureoles), Crist\u00f3bal Arias\u2026 mucha gente que ven\u00eda \u00a1y se les atend\u00eda muy bien! Porque la gente echaba la casa por la ventana\u201d, recuerda Sebasti\u00e1n, profesor de educaci\u00f3n f\u00edsica que tambi\u00e9n pertenece a la comisi\u00f3n.<\/p>\n<p>Adelante, pero sin propaganda<br \/>\nAhora son m\u00e1s unidos en Cher\u00e1n, dicen, porque eligen qui\u00e9n los gu\u00eda como comunidad. Describen una vida tranquila en la que se terminaron las extorsiones, robos a casa, amenazas, incendios y despojos del bosque. \u201cAhora puedes andar todo el d\u00eda en la calle gracias a que la comunidad lleg\u00f3 al acuerdo de retomar la ronda tradicional de seguridad\u201d. Y eso incluye prohibir el paso a pol\u00edticos y propaganda.<\/p>\n<p>Miguel \u00c1ngel Aguilar Avil\u00e9s, candidato panista a s\u00edndico suplente en Nahuatzin, lo vivi\u00f3 en carne propia cuando el lunes pasado \u2014a la entrada del pueblo\u2014 la guardia comunitaria le impidi\u00f3 el paso porque su veh\u00edculo llevaba propaganda de Acci\u00f3n Nacional en el medall\u00f3n trasero.<\/p>\n<p>\u201cLes dije que no les afecta porque es de Nahuatzin, no traigo propaganda del gobierno ni nada; les expliqu\u00e9 que yo vengo solo a promover algunas cosas de mi negocio, pero dicen que no\u201d, resume el aspirante.<\/p>\n<p>Pese a ello, los guardias acceden, siempre y cuando cubra el anuncio blanquiazul. Pero Miguel \u00c1ngel no lo pudo despegar. Por eso el candidato rompi\u00f3 una bolsa de pl\u00e1stico, la peg\u00f3 sobre el vidrio y entonces la pluma se levant\u00f3 en se\u00f1al de aprobaci\u00f3n. \u201cSe les respeta porque aqu\u00ed es donde se ve la unidad del pueblo\u201d, dice el candidato antes de irse.<\/p>\n<p>Ante usos y costumbres<br \/>\nElvia Higuera, consejera electoral del IEM, enlista las medidas que el instituto debi\u00f3 tomar en apego al gobierno de usos y costumbres en Cher\u00e1n, mismo que fue respaldado por el Tribunal Electoral Federal.<\/p>\n<p>\u201cAqu\u00ed el padr\u00f3n es de 12 mil a 13 mil personas, de las cuales solo votaba la tercera parte; es decir, poco menos de cinco mil. Este n\u00famero de votos en realidad no impactan en el resultado de la elecci\u00f3n. Este a\u00f1o la papeler\u00eda electoral para Cher\u00e1n fue destruida hace unos d\u00edas; incluso los habitantes dejaron de usar credencial de elector, porque en realidad no la utilizan, todos se conocen y saben quienes son\u201d, explica.<\/p>\n<p>Otros municipios han expresado su deseo de seguir el ejemplo de Cher\u00e1n, aunque formalmente solo lo logr\u00f3 Pichataro, una comunidad adscrita a Tingambato. Este mi\u00e9rcoles el IEM inform\u00f3 oficialmente que no se instalar\u00e1n all\u00ed las casillas, que recabar\u00edan un promedio de dos mil 500 votos.<\/p>\n<p>Parad\u00f3jicamente, en Cher\u00e1n un peque\u00f1o grupo de 400 habitantes solicit\u00f3 por escrito regresar al sistema de partidos pol\u00edticos para celebrar elecciones. Pensando en ellos, el IEM eval\u00faa colocar una casilla especial afuera de Cher\u00e1n, en la poblaci\u00f3n de Santa Cruz Tanaco.<\/p>\n<p>\u201cEs que no podemos imponerles una casilla, porque eso causar\u00eda un conflicto social innecesario. Y la realidad es que Cher\u00e1n se resiste determinantemente al sistema de partidos pol\u00edticos y candidatos, argumentando que est\u00e1n relacionados con la delincuencia organizada. En mi opini\u00f3n, los partidos deben revisar por qu\u00e9 ese rechazo de la sociedad y preguntarse cu\u00e1ndo dejaron de atender la confianza ciudadana para responder a intereses pol\u00edticos\u201d, consider\u00f3 Higuera.<\/p>\n<p>El profe Sebasti\u00e1n se muestra abierto. \u201cSi alguien quiere salir a votar el domingo, lo puede hacer. Pero aqu\u00ed no, no en la comunidad\u201d, responde tajante. Y precisa que, aunque todav\u00eda hay en Cher\u00e1n quien desea convertirse en pol\u00edtico, la realidad es que el aspirante termina y\u00e9ndose de la comunidad para lograr su meta en otro lado, o bien, abandona su anhelo para dedicarse a otra profesi\u00f3n.<\/p>\n<p>Los cheranenses saben que no tienen representaci\u00f3n ante el congreso ni en el gobierno estatales, pero eso no les preocupa. \u201cNo existen los pol\u00edticos, pero s\u00ed la pol\u00edtica para querer organizar, construir y tener la posibilidad de decidir con esa participaci\u00f3n, las peque\u00f1as acciones que pueden ser mucho para todos\u201d, resume el profe Salvador.<\/p>\n<p>A la salida de Cher\u00e1n inicia el camino a la pol\u00edtica. Y es f\u00e1cil identificarlo, porque solo hay que seguir los innumerables pendones, mantas y bardas de propaganda que inundan el camino de los poblados vecinos.<\/p>\n<p><a href=\"http:\/\/sipse.com\/mexico\/cheran-pueblo-michoacano-donde-extinguieron-politicos-154915.html\" target=\"_blank\">http:\/\/sipse.com\/mexico\/cheran-pueblo-michoacano-donde-extinguieron-politicos-154915.html<\/a><\/p>\n","protected":false},"excerpt":{"rendered":"<p>\u00c9rika Flores CHER\u00c1N, Mich.- En plena agitaci\u00f3n electoral, la comunidad de Cher\u00e1n, Michoac\u00e1n, es un municipio peculiar. Aqu\u00ed ya no existen los pol\u00edticos; al \u00faltimo de ellos, el exalcalde Roberto &hellip; <a href=\"https:\/\/www.grieta.org.mx\/index.php\/2015\/06\/05\/el-pueblo-que-dijo-no-a-politicos-campanas-y-elecciones\/\" class=\"more-link\">Leer m\u00e1s<\/a><\/p>\n","protected":false},"author":1,"featured_media":21928,"comment_status":"closed","ping_status":"open","sticky":false,"template":"","format":"standard","meta":{"ngg_post_thumbnail":0,"_jetpack_newsletter_access":"","_jetpack_dont_email_post_to_subs":false,"_jetpack_newsletter_tier_id":0,"_jetpack_memberships_contains_paywalled_content":false,"_jetpack_memberships_contains_paid_content":false,"footnotes":""},"categories":[80,82],"tags":[474,476],"class_list":["post-8807","post","type-post","status-publish","format-standard","has-post-thumbnail","hentry","category-cintillo","category-michoacan","tag-autonomia","tag-cheran","entry"],"jetpack_featured_media_url":"https:\/\/www.grieta.org.mx\/wp-content\/uploads\/2018\/03\/14524434_1106112876131411_958039263622046936_o.jpg","jetpack_sharing_enabled":true,"jetpack_shortlink":"https:\/\/wp.me\/p7ZJR4-2i3","jetpack_likes_enabled":false,"jetpack-related-posts":[{"id":7825,"url":"https:\/\/www.grieta.org.mx\/index.php\/2016\/05\/24\/lucha-y-resistencia-del-pueblo-de-purhepecha-de-cheran\/","url_meta":{"origin":8807,"position":0},"title":"Lucha y resistencia del pueblo p&#8217;urh\u00e9pecha de Cher\u00e1n","author":"Admin","date":"24 mayo, 2016","format":false,"excerpt":"Tercer aniversario de la autonom\u00eda del pueblo de Cher\u00e1n 24\/05\/16. Cher\u00e1n: lo importante no es llegar sino mantenerse Subversiones 19\/04\/16. Cher\u00e1n, tres a\u00f1os sin partidos, sin gobierno y sin violencia Quadrat\u00edn 16\/04\/16. Cher\u00e1n conmemor\u00f3 su 3\u00ba Aniversario del levantamiento en contra del crimen organizado Michoac\u00e1n 3.0 Las comunidades de Cher\u00e1n\u2026","rel":"","context":"En &quot;15. Cher\u00e1n&quot;","block_context":{"text":"15. Cher\u00e1n","link":"https:\/\/www.grieta.org.mx\/index.php\/category\/espejos-de-la-resistencia\/15-cheran\/"},"img":{"alt_text":"","src":"https:\/\/i0.wp.com\/www.grieta.org.mx\/wp-content\/uploads\/2018\/03\/14524434_1106112876131411_958039263622046936_o.jpg?resize=350%2C200&ssl=1","width":350,"height":200,"srcset":"https:\/\/i0.wp.com\/www.grieta.org.mx\/wp-content\/uploads\/2018\/03\/14524434_1106112876131411_958039263622046936_o.jpg?resize=350%2C200&ssl=1 1x, https:\/\/i0.wp.com\/www.grieta.org.mx\/wp-content\/uploads\/2018\/03\/14524434_1106112876131411_958039263622046936_o.jpg?resize=525%2C300&ssl=1 1.5x, https:\/\/i0.wp.com\/www.grieta.org.mx\/wp-content\/uploads\/2018\/03\/14524434_1106112876131411_958039263622046936_o.jpg?resize=700%2C400&ssl=1 2x"},"classes":[]},{"id":8810,"url":"https:\/\/www.grieta.org.mx\/index.php\/2015\/06\/02\/cheran-reitera-no-se-instalaran-casillas-electorales-por-relacion-entre-narco-y-partidos-politicos\/","url_meta":{"origin":8807,"position":1},"title":"Cher\u00e1n reitera: \u2018no se instalar\u00e1n casillas electorales por relaci\u00f3n entre narco y partidos pol\u00edticos\u2019","author":"Admin","date":"2 junio, 2015","format":false,"excerpt":"Los partidos pol\u00edticos dividen e intimidan, dominan y amenazan: \u201cY no estamos en condiciones para recibir ese tipo de agravios\u201d, cuenta Salvador Campanur a M\u00e1sde131, miembro de la comisi\u00f3n de enlace del pueblo P\u2019urh\u00e9pecha de Cher\u00e1n. Esta es la posici\u00f3n que por escrito mand\u00f3 el pueblo de Cher\u00e1n al Instituto\u2026","rel":"","context":"En &quot;CINTILLO&quot;","block_context":{"text":"CINTILLO","link":"https:\/\/www.grieta.org.mx\/index.php\/category\/cintillo\/"},"img":{"alt_text":"","src":"https:\/\/i0.wp.com\/www.grieta.org.mx\/wp-content\/uploads\/2018\/03\/14524434_1106112876131411_958039263622046936_o.jpg?resize=350%2C200&ssl=1","width":350,"height":200,"srcset":"https:\/\/i0.wp.com\/www.grieta.org.mx\/wp-content\/uploads\/2018\/03\/14524434_1106112876131411_958039263622046936_o.jpg?resize=350%2C200&ssl=1 1x, https:\/\/i0.wp.com\/www.grieta.org.mx\/wp-content\/uploads\/2018\/03\/14524434_1106112876131411_958039263622046936_o.jpg?resize=525%2C300&ssl=1 1.5x, https:\/\/i0.wp.com\/www.grieta.org.mx\/wp-content\/uploads\/2018\/03\/14524434_1106112876131411_958039263622046936_o.jpg?resize=700%2C400&ssl=1 2x"},"classes":[]},{"id":25580,"url":"https:\/\/www.grieta.org.mx\/index.php\/2018\/08\/15\/cheran-michoacan-nombra-su-tercer-consejo-mayor-de-su-gobierno-comunal\/","url_meta":{"origin":8807,"position":2},"title":"Cher\u00e1n Michoac\u00e1n nombra su tercer Consejo Mayor de su gobierno comunal","author":"grieta","date":"15 agosto, 2018","format":false,"excerpt":"TV Cher\u00e1n\/ El enemigo com\u00fan El domingo 27 de mayo de 2018, el municipio ind\u00edgena pur\u00e9pecha de Cher\u00e1n Michoac\u00e1n nombr\u00f3 su tercer Consejo de Ancianos (Consejo Mayor, Consejo de Keris) para el gobierno comunal de su comunidad. El domingo 27 de mayo de 2018, el municipio ind\u00edgena pur\u00e9pecha de Cher\u00e1n\u2026","rel":"","context":"En &quot;CINTILLO&quot;","block_context":{"text":"CINTILLO","link":"https:\/\/www.grieta.org.mx\/index.php\/category\/cintillo\/"},"img":{"alt_text":"","src":"https:\/\/i0.wp.com\/www.grieta.org.mx\/wp-content\/uploads\/2018\/08\/pueblo-Cheran.jpg?resize=350%2C200&ssl=1","width":350,"height":200,"srcset":"https:\/\/i0.wp.com\/www.grieta.org.mx\/wp-content\/uploads\/2018\/08\/pueblo-Cheran.jpg?resize=350%2C200&ssl=1 1x, https:\/\/i0.wp.com\/www.grieta.org.mx\/wp-content\/uploads\/2018\/08\/pueblo-Cheran.jpg?resize=525%2C300&ssl=1 1.5x, https:\/\/i0.wp.com\/www.grieta.org.mx\/wp-content\/uploads\/2018\/08\/pueblo-Cheran.jpg?resize=700%2C400&ssl=1 2x"},"classes":[]},{"id":8032,"url":"https:\/\/www.grieta.org.mx\/index.php\/2015\/03\/25\/habitantes-de-cheran-el-3-de-mayo-decidiran-sus-autoridades-sin-partidos-politicos-sin-campanas-y-sin-urnas-el-iem-sin-argumentos\/","url_meta":{"origin":8807,"position":3},"title":"Habitantes de Cher\u00e1n el 3 de mayo decidir\u00e1n sus autoridades, sin partidos pol\u00edticos, sin campa\u00f1as, y sin urnas. El IEM sin argumentos","author":"Admin","date":"25 marzo, 2015","format":false,"excerpt":"Por J. Jes\u00fas Lemus A todas las personas viables a un cargo de mando se les ha pedido no hacer promoci\u00f3n personal ni difundir propuestas de trabajo ni formas de hacer mejor las cosas desde el gobierno para que la sociedad \u2018no se contamine\u2019 al momento de emitir su voto.\u2026","rel":"","context":"En &quot;CINTILLO&quot;","block_context":{"text":"CINTILLO","link":"https:\/\/www.grieta.org.mx\/index.php\/category\/cintillo\/"},"img":{"alt_text":"","src":"https:\/\/i0.wp.com\/www.grieta.org.mx\/wp-content\/uploads\/2018\/03\/14524434_1106112876131411_958039263622046936_o.jpg?resize=350%2C200&ssl=1","width":350,"height":200,"srcset":"https:\/\/i0.wp.com\/www.grieta.org.mx\/wp-content\/uploads\/2018\/03\/14524434_1106112876131411_958039263622046936_o.jpg?resize=350%2C200&ssl=1 1x, https:\/\/i0.wp.com\/www.grieta.org.mx\/wp-content\/uploads\/2018\/03\/14524434_1106112876131411_958039263622046936_o.jpg?resize=525%2C300&ssl=1 1.5x, https:\/\/i0.wp.com\/www.grieta.org.mx\/wp-content\/uploads\/2018\/03\/14524434_1106112876131411_958039263622046936_o.jpg?resize=700%2C400&ssl=1 2x"},"classes":[]},{"id":11944,"url":"https:\/\/www.grieta.org.mx\/index.php\/2016\/04\/19\/cheran-tres-anos-sin-partidos-sin-gobierno-y-sin-violencia\/","url_meta":{"origin":8807,"position":4},"title":"Cher\u00e1n, tres a\u00f1os sin partidos, sin gobierno y sin violencia","author":"grieta","date":"19 abril, 2016","format":false,"excerpt":"Michoac\u00e1n ha demostrado que es posible constituir una sociedad fuerte y s\u00f3lida, impenetrable a las acciones de la delincuencia organizada, s\u00f3lo que esa prueba irrefutable no ha sido obra del Gobierno Federal ni, mucho menos, del estatal. Miguel \u00c1ngel S\u00e1nchez Mich., 19 de abril de 2014.- Apenas el pasado 15\u2026","rel":"","context":"En &quot;CINTILLO&quot;","block_context":{"text":"CINTILLO","link":"https:\/\/www.grieta.org.mx\/index.php\/category\/cintillo\/"},"img":{"alt_text":"","src":"https:\/\/i0.wp.com\/www.grieta.org.mx\/wp-content\/uploads\/2018\/03\/14524434_1106112876131411_958039263622046936_o.jpg?resize=350%2C200&ssl=1","width":350,"height":200,"srcset":"https:\/\/i0.wp.com\/www.grieta.org.mx\/wp-content\/uploads\/2018\/03\/14524434_1106112876131411_958039263622046936_o.jpg?resize=350%2C200&ssl=1 1x, https:\/\/i0.wp.com\/www.grieta.org.mx\/wp-content\/uploads\/2018\/03\/14524434_1106112876131411_958039263622046936_o.jpg?resize=525%2C300&ssl=1 1.5x, https:\/\/i0.wp.com\/www.grieta.org.mx\/wp-content\/uploads\/2018\/03\/14524434_1106112876131411_958039263622046936_o.jpg?resize=700%2C400&ssl=1 2x"},"classes":[]},{"id":71908,"url":"https:\/\/www.grieta.org.mx\/index.php\/2025\/07\/02\/cheran-resiste-ataque-armado-rompe-14-anos-de-paz-en-la-comunidad-purepecha-michoacan\/","url_meta":{"origin":8807,"position":5},"title":"Cher\u00e1n resiste: ataque armado rompe 14 a\u00f1os de paz en la comunidad pur\u00e9pecha (Michoac\u00e1n)","author":"grieta","date":"2 julio, 2025","format":false,"excerpt":"Texto y fotos: Heriberto Paredes \/ Fabrica de periodismo Rondas comunitarias de Cher\u00e1n, Michoac\u00e1n, repelen ataque armado del CJNG: hay un muerto y un herido; responsabilizan al Estado por omisi\u00f3n. La comunidad de\u00a0Cher\u00e1n K\u2019eri, localizada en el coraz\u00f3n de la Meseta P\u2019urh\u00e9pecha, Michoac\u00e1n, sufri\u00f3 un ataque la ma\u00f1ana de este\u2026","rel":"","context":"En &quot;15. Cher\u00e1n&quot;","block_context":{"text":"15. Cher\u00e1n","link":"https:\/\/www.grieta.org.mx\/index.php\/category\/espejos-de-la-resistencia\/15-cheran\/"},"img":{"alt_text":"","src":"https:\/\/i0.wp.com\/www.grieta.org.mx\/wp-content\/uploads\/2025\/07\/Captura-de-pantalla-2025-07-03-231611.png?resize=350%2C200&ssl=1","width":350,"height":200,"srcset":"https:\/\/i0.wp.com\/www.grieta.org.mx\/wp-content\/uploads\/2025\/07\/Captura-de-pantalla-2025-07-03-231611.png?resize=350%2C200&ssl=1 1x, https:\/\/i0.wp.com\/www.grieta.org.mx\/wp-content\/uploads\/2025\/07\/Captura-de-pantalla-2025-07-03-231611.png?resize=525%2C300&ssl=1 1.5x, https:\/\/i0.wp.com\/www.grieta.org.mx\/wp-content\/uploads\/2025\/07\/Captura-de-pantalla-2025-07-03-231611.png?resize=700%2C400&ssl=1 2x, https:\/\/i0.wp.com\/www.grieta.org.mx\/wp-content\/uploads\/2025\/07\/Captura-de-pantalla-2025-07-03-231611.png?resize=1050%2C600&ssl=1 3x"},"classes":[]}],"_links":{"self":[{"href":"https:\/\/www.grieta.org.mx\/index.php\/wp-json\/wp\/v2\/posts\/8807","targetHints":{"allow":["GET"]}}],"collection":[{"href":"https:\/\/www.grieta.org.mx\/index.php\/wp-json\/wp\/v2\/posts"}],"about":[{"href":"https:\/\/www.grieta.org.mx\/index.php\/wp-json\/wp\/v2\/types\/post"}],"author":[{"embeddable":true,"href":"https:\/\/www.grieta.org.mx\/index.php\/wp-json\/wp\/v2\/users\/1"}],"replies":[{"embeddable":true,"href":"https:\/\/www.grieta.org.mx\/index.php\/wp-json\/wp\/v2\/comments?post=8807"}],"version-history":[{"count":1,"href":"https:\/\/www.grieta.org.mx\/index.php\/wp-json\/wp\/v2\/posts\/8807\/revisions"}],"predecessor-version":[{"id":8809,"href":"https:\/\/www.grieta.org.mx\/index.php\/wp-json\/wp\/v2\/posts\/8807\/revisions\/8809"}],"wp:featuredmedia":[{"embeddable":true,"href":"https:\/\/www.grieta.org.mx\/index.php\/wp-json\/wp\/v2\/media\/21928"}],"wp:attachment":[{"href":"https:\/\/www.grieta.org.mx\/index.php\/wp-json\/wp\/v2\/media?parent=8807"}],"wp:term":[{"taxonomy":"category","embeddable":true,"href":"https:\/\/www.grieta.org.mx\/index.php\/wp-json\/wp\/v2\/categories?post=8807"},{"taxonomy":"post_tag","embeddable":true,"href":"https:\/\/www.grieta.org.mx\/index.php\/wp-json\/wp\/v2\/tags?post=8807"}],"curies":[{"name":"wp","href":"https:\/\/api.w.org\/{rel}","templated":true}]}}