{"id":8804,"date":"2015-06-07T03:46:15","date_gmt":"2015-06-07T03:46:15","guid":{"rendered":"http:\/\/50.22.11.12\/~grietaor\/?p=8804"},"modified":"2016-03-31T03:47:05","modified_gmt":"2016-03-31T03:47:05","slug":"permite-cheran-instalacion-de-6-casillas-especiales","status":"publish","type":"post","link":"https:\/\/www.grieta.org.mx\/index.php\/2015\/06\/07\/permite-cheran-instalacion-de-6-casillas-especiales\/","title":{"rendered":"Permite Cher\u00e1n instalaci\u00f3n de 6 casillas especiales"},"content":{"rendered":"<p>CHER\u00c1N, Mich., 7 de junio de 2015.- A pesar de las reticencias de los cheranenses para participar en las elecciones de gobernador y diputados local y federal ya se instalaron las seis casillas especiales programadas. Sin incidente alguno, fueron armadas las casillas y abiertas a los ciudadados que deseen emitir su voto. Las casillas especiales fueron instaladas en Aranza, Nahuatzen, Paracho, Quiroga, Los Reyes y Zacapu.<\/p>\n<p>En este municipio se llevaron a cabo elecciones por usos y costumbres el pasado 3 de mayo, lo mismo que en la tenencia de Santa Cruz Tanaco donde se llev\u00f3 la elecci\u00f3n el pasado 26 de abril. Cher\u00e1n es el \u00fanico municipio que no participa en la jornada electoral por el ayuntamiento.<\/p>\n<p><a href=\"http:\/\/www.quadratin.com.mx\/elecciones-2015\/Permite-Cheran-instalacion-de-6-casillas-especiales\/\" target=\"_blank\">http:\/\/www.quadratin.com.mx\/elecciones-2015\/Permite-Cheran-instalacion-de-6-casillas-especiales\/<\/a><\/p>\n","protected":false},"excerpt":{"rendered":"<p>CHER\u00c1N, Mich., 7 de junio de 2015.- A pesar de las reticencias de los cheranenses para participar en las elecciones de gobernador y diputados local y federal ya se instalaron &hellip; <a href=\"https:\/\/www.grieta.org.mx\/index.php\/2015\/06\/07\/permite-cheran-instalacion-de-6-casillas-especiales\/\" class=\"more-link\">Leer m\u00e1s<\/a><\/p>\n","protected":false},"author":1,"featured_media":21928,"comment_status":"closed","ping_status":"open","sticky":false,"template":"","format":"standard","meta":{"ngg_post_thumbnail":0,"_jetpack_newsletter_access":"","_jetpack_dont_email_post_to_subs":false,"_jetpack_newsletter_tier_id":0,"_jetpack_memberships_contains_paywalled_content":false,"_jetpack_memberships_contains_paid_content":false,"footnotes":""},"categories":[80,82],"tags":[474,476],"class_list":["post-8804","post","type-post","status-publish","format-standard","has-post-thumbnail","hentry","category-cintillo","category-michoacan","tag-autonomia","tag-cheran","entry"],"jetpack_featured_media_url":"https:\/\/www.grieta.org.mx\/wp-content\/uploads\/2018\/03\/14524434_1106112876131411_958039263622046936_o.jpg","jetpack_sharing_enabled":true,"jetpack_shortlink":"https:\/\/wp.me\/p7ZJR4-2i0","jetpack_likes_enabled":false,"jetpack-related-posts":[{"id":22776,"url":"https:\/\/www.grieta.org.mx\/index.php\/2018\/04\/24\/cheran-ratifica-al-ine-su-negativa-a-instalar-casillas-electorales\/","url_meta":{"origin":8804,"position":0},"title":"Cher\u00e1n ratifica al INE su negativa a instalar casillas electorales","author":"Admin","date":"24 abril, 2018","format":false,"excerpt":"POR FRANCISCO CASTELLANOS J. CHER\u00c1N, Mich. (apro).- El Consejo Mayor de esta comunidad, a trav\u00e9s de su presidente Pedro Ch\u00e1vez, ratific\u00f3 al Instituto Nacional Electoral (INE) su negativa a que se instalen casillas para votar por autoridades federales. Ch\u00e1vez S\u00e1nchez explic\u00f3 que, en d\u00edas pasados, recibi\u00f3 un documento del INE,\u2026","rel":"","context":"En &quot;CINTILLO&quot;","block_context":{"text":"CINTILLO","link":"https:\/\/www.grieta.org.mx\/index.php\/category\/cintillo\/"},"img":{"alt_text":"","src":"https:\/\/i0.wp.com\/www.grieta.org.mx\/wp-content\/uploads\/2018\/04\/pedro-chavez-1078x675.jpg?resize=350%2C200&ssl=1","width":350,"height":200,"srcset":"https:\/\/i0.wp.com\/www.grieta.org.mx\/wp-content\/uploads\/2018\/04\/pedro-chavez-1078x675.jpg?resize=350%2C200&ssl=1 1x, https:\/\/i0.wp.com\/www.grieta.org.mx\/wp-content\/uploads\/2018\/04\/pedro-chavez-1078x675.jpg?resize=525%2C300&ssl=1 1.5x, https:\/\/i0.wp.com\/www.grieta.org.mx\/wp-content\/uploads\/2018\/04\/pedro-chavez-1078x675.jpg?resize=700%2C400&ssl=1 2x, https:\/\/i0.wp.com\/www.grieta.org.mx\/wp-content\/uploads\/2018\/04\/pedro-chavez-1078x675.jpg?resize=1050%2C600&ssl=1 3x"},"classes":[]},{"id":8812,"url":"https:\/\/www.grieta.org.mx\/index.php\/2015\/05\/23\/cheran-rechaza-casillas-en-los-comicios-del-7-de-junio\/","url_meta":{"origin":8804,"position":1},"title":"Cher\u00e1n rechaza casillas en los comicios del 7 de junio","author":"Admin","date":"23 mayo, 2015","format":false,"excerpt":"ESCRITO POR: JAVIER RUEDA \u2013 23 MAYO, 2015 La comunidad de Cher\u00e1n oficializ\u00f3 por escrito y en notificaci\u00f3n a la Junta Local del Instituto Nacional Electoral (INE) y al Instituto Electoral de Michoac\u00e1n (IEM) que no quiere la instalaci\u00f3n de casillas para la jornada electoral del 7 de junio del\u2026","rel":"","context":"En &quot;CINTILLO&quot;","block_context":{"text":"CINTILLO","link":"https:\/\/www.grieta.org.mx\/index.php\/category\/cintillo\/"},"img":{"alt_text":"","src":"https:\/\/i0.wp.com\/www.grieta.org.mx\/wp-content\/uploads\/2018\/03\/14524434_1106112876131411_958039263622046936_o.jpg?resize=350%2C200&ssl=1","width":350,"height":200,"srcset":"https:\/\/i0.wp.com\/www.grieta.org.mx\/wp-content\/uploads\/2018\/03\/14524434_1106112876131411_958039263622046936_o.jpg?resize=350%2C200&ssl=1 1x, https:\/\/i0.wp.com\/www.grieta.org.mx\/wp-content\/uploads\/2018\/03\/14524434_1106112876131411_958039263622046936_o.jpg?resize=525%2C300&ssl=1 1.5x, https:\/\/i0.wp.com\/www.grieta.org.mx\/wp-content\/uploads\/2018\/03\/14524434_1106112876131411_958039263622046936_o.jpg?resize=700%2C400&ssl=1 2x"},"classes":[]},{"id":8810,"url":"https:\/\/www.grieta.org.mx\/index.php\/2015\/06\/02\/cheran-reitera-no-se-instalaran-casillas-electorales-por-relacion-entre-narco-y-partidos-politicos\/","url_meta":{"origin":8804,"position":2},"title":"Cher\u00e1n reitera: \u2018no se instalar\u00e1n casillas electorales por relaci\u00f3n entre narco y partidos pol\u00edticos\u2019","author":"Admin","date":"2 junio, 2015","format":false,"excerpt":"Los partidos pol\u00edticos dividen e intimidan, dominan y amenazan: \u201cY no estamos en condiciones para recibir ese tipo de agravios\u201d, cuenta Salvador Campanur a M\u00e1sde131, miembro de la comisi\u00f3n de enlace del pueblo P\u2019urh\u00e9pecha de Cher\u00e1n. Esta es la posici\u00f3n que por escrito mand\u00f3 el pueblo de Cher\u00e1n al Instituto\u2026","rel":"","context":"En &quot;CINTILLO&quot;","block_context":{"text":"CINTILLO","link":"https:\/\/www.grieta.org.mx\/index.php\/category\/cintillo\/"},"img":{"alt_text":"","src":"https:\/\/i0.wp.com\/www.grieta.org.mx\/wp-content\/uploads\/2018\/03\/14524434_1106112876131411_958039263622046936_o.jpg?resize=350%2C200&ssl=1","width":350,"height":200,"srcset":"https:\/\/i0.wp.com\/www.grieta.org.mx\/wp-content\/uploads\/2018\/03\/14524434_1106112876131411_958039263622046936_o.jpg?resize=350%2C200&ssl=1 1x, https:\/\/i0.wp.com\/www.grieta.org.mx\/wp-content\/uploads\/2018\/03\/14524434_1106112876131411_958039263622046936_o.jpg?resize=525%2C300&ssl=1 1.5x, https:\/\/i0.wp.com\/www.grieta.org.mx\/wp-content\/uploads\/2018\/03\/14524434_1106112876131411_958039263622046936_o.jpg?resize=700%2C400&ssl=1 2x"},"classes":[]},{"id":56568,"url":"https:\/\/www.grieta.org.mx\/index.php\/2021\/01\/18\/comunidades-defenderan-en-tribunales-la-no-instalacion-de-casillas-michoacan\/","url_meta":{"origin":8804,"position":3},"title":"Comunidades defender\u00e1n en tribunales la no instalaci\u00f3n de casillas  (Michoac\u00e1n)","author":"grieta","date":"18 enero, 2021","format":false,"excerpt":"Las poblaciones ind\u00edgenas de Arantepacua, San Felipe de los Herreros, Pichataro y Cher\u00e1n le notificaron al INE su negativa ante las presiones \u00d3scar Guerrero | El Sol de Morelia, 18 de enero de 2021 Morelia, Michoac\u00e1n-(OEM-Infomex).-Las comunidades ind\u00edgenas de Arantepacua, San Felipe de los Herreros, Pichataro y Cher\u00e1n le notificaron\u2026","rel":"","context":"En &quot;CINTILLO&quot;","block_context":{"text":"CINTILLO","link":"https:\/\/www.grieta.org.mx\/index.php\/category\/cintillo\/"},"img":{"alt_text":"","src":"https:\/\/i0.wp.com\/www.grieta.org.mx\/wp-content\/uploads\/2021\/01\/INE.jpg?resize=350%2C200&ssl=1","width":350,"height":200,"srcset":"https:\/\/i0.wp.com\/www.grieta.org.mx\/wp-content\/uploads\/2021\/01\/INE.jpg?resize=350%2C200&ssl=1 1x, https:\/\/i0.wp.com\/www.grieta.org.mx\/wp-content\/uploads\/2021\/01\/INE.jpg?resize=525%2C300&ssl=1 1.5x, https:\/\/i0.wp.com\/www.grieta.org.mx\/wp-content\/uploads\/2021\/01\/INE.jpg?resize=700%2C400&ssl=1 2x"},"classes":[]},{"id":7825,"url":"https:\/\/www.grieta.org.mx\/index.php\/2016\/05\/24\/lucha-y-resistencia-del-pueblo-de-purhepecha-de-cheran\/","url_meta":{"origin":8804,"position":4},"title":"Lucha y resistencia del pueblo p&#8217;urh\u00e9pecha de Cher\u00e1n","author":"Admin","date":"24 mayo, 2016","format":false,"excerpt":"Tercer aniversario de la autonom\u00eda del pueblo de Cher\u00e1n 24\/05\/16. Cher\u00e1n: lo importante no es llegar sino mantenerse Subversiones 19\/04\/16. Cher\u00e1n, tres a\u00f1os sin partidos, sin gobierno y sin violencia Quadrat\u00edn 16\/04\/16. Cher\u00e1n conmemor\u00f3 su 3\u00ba Aniversario del levantamiento en contra del crimen organizado Michoac\u00e1n 3.0 Las comunidades de Cher\u00e1n\u2026","rel":"","context":"En &quot;15. Cher\u00e1n&quot;","block_context":{"text":"15. Cher\u00e1n","link":"https:\/\/www.grieta.org.mx\/index.php\/category\/espejos-de-la-resistencia\/15-cheran\/"},"img":{"alt_text":"","src":"https:\/\/i0.wp.com\/www.grieta.org.mx\/wp-content\/uploads\/2018\/03\/14524434_1106112876131411_958039263622046936_o.jpg?resize=350%2C200&ssl=1","width":350,"height":200,"srcset":"https:\/\/i0.wp.com\/www.grieta.org.mx\/wp-content\/uploads\/2018\/03\/14524434_1106112876131411_958039263622046936_o.jpg?resize=350%2C200&ssl=1 1x, https:\/\/i0.wp.com\/www.grieta.org.mx\/wp-content\/uploads\/2018\/03\/14524434_1106112876131411_958039263622046936_o.jpg?resize=525%2C300&ssl=1 1.5x, https:\/\/i0.wp.com\/www.grieta.org.mx\/wp-content\/uploads\/2018\/03\/14524434_1106112876131411_958039263622046936_o.jpg?resize=700%2C400&ssl=1 2x"},"classes":[]},{"id":8638,"url":"https:\/\/www.grieta.org.mx\/index.php\/2015\/06\/15\/nos-reservamos-el-derecho-a-votar-el-ejemplo-de-cheran-en-las-comunidades-purepechas\/","url_meta":{"origin":8804,"position":5},"title":"\u201cNos reservamos el derecho a votar\u201d, el ejemplo de Cher\u00e1n en las comunidades p\u2019urepechas","author":"Admin","date":"15 junio, 2015","format":false,"excerpt":"Por: Daliri Oropeza y Aldabi Olvera \/ Con informaci\u00f3n de Nora Hinojo, Celso Alvarado y Mayra Terrones (Cher\u00e1n K\u2019eri, Michoac\u00e1n).- As\u00ed como Cher\u00e1n expuls\u00f3 al crimen organizado y a los partidos pol\u00edticos hace cuatro a\u00f1os, siete pueblos p\u2019urepecha se atrincheraron durante las elecciones del pasado 7 de junio para impedir\u2026","rel":"","context":"En &quot;CINTILLO&quot;","block_context":{"text":"CINTILLO","link":"https:\/\/www.grieta.org.mx\/index.php\/category\/cintillo\/"},"img":{"alt_text":"","src":"https:\/\/i0.wp.com\/www.grieta.org.mx\/wp-content\/uploads\/2018\/03\/14524434_1106112876131411_958039263622046936_o.jpg?resize=350%2C200&ssl=1","width":350,"height":200,"srcset":"https:\/\/i0.wp.com\/www.grieta.org.mx\/wp-content\/uploads\/2018\/03\/14524434_1106112876131411_958039263622046936_o.jpg?resize=350%2C200&ssl=1 1x, https:\/\/i0.wp.com\/www.grieta.org.mx\/wp-content\/uploads\/2018\/03\/14524434_1106112876131411_958039263622046936_o.jpg?resize=525%2C300&ssl=1 1.5x, https:\/\/i0.wp.com\/www.grieta.org.mx\/wp-content\/uploads\/2018\/03\/14524434_1106112876131411_958039263622046936_o.jpg?resize=700%2C400&ssl=1 2x"},"classes":[]}],"_links":{"self":[{"href":"https:\/\/www.grieta.org.mx\/index.php\/wp-json\/wp\/v2\/posts\/8804","targetHints":{"allow":["GET"]}}],"collection":[{"href":"https:\/\/www.grieta.org.mx\/index.php\/wp-json\/wp\/v2\/posts"}],"about":[{"href":"https:\/\/www.grieta.org.mx\/index.php\/wp-json\/wp\/v2\/types\/post"}],"author":[{"embeddable":true,"href":"https:\/\/www.grieta.org.mx\/index.php\/wp-json\/wp\/v2\/users\/1"}],"replies":[{"embeddable":true,"href":"https:\/\/www.grieta.org.mx\/index.php\/wp-json\/wp\/v2\/comments?post=8804"}],"version-history":[{"count":1,"href":"https:\/\/www.grieta.org.mx\/index.php\/wp-json\/wp\/v2\/posts\/8804\/revisions"}],"predecessor-version":[{"id":8806,"href":"https:\/\/www.grieta.org.mx\/index.php\/wp-json\/wp\/v2\/posts\/8804\/revisions\/8806"}],"wp:featuredmedia":[{"embeddable":true,"href":"https:\/\/www.grieta.org.mx\/index.php\/wp-json\/wp\/v2\/media\/21928"}],"wp:attachment":[{"href":"https:\/\/www.grieta.org.mx\/index.php\/wp-json\/wp\/v2\/media?parent=8804"}],"wp:term":[{"taxonomy":"category","embeddable":true,"href":"https:\/\/www.grieta.org.mx\/index.php\/wp-json\/wp\/v2\/categories?post=8804"},{"taxonomy":"post_tag","embeddable":true,"href":"https:\/\/www.grieta.org.mx\/index.php\/wp-json\/wp\/v2\/tags?post=8804"}],"curies":[{"name":"wp","href":"https:\/\/api.w.org\/{rel}","templated":true}]}}